{"id":29995,"date":"2019-08-13T19:14:46","date_gmt":"2019-08-14T00:14:46","guid":{"rendered":"http:\/\/www.oscarhumbertogomez.com\/?p=29995"},"modified":"2024-05-01T21:15:06","modified_gmt":"2024-05-02T02:15:06","slug":"bolivar-en-zipaquira-por-oscar-humberto-gomez-gomez-miembro-de-la-academia-de-historia-de-santander-del-colegio-nacional-de-periodistas-y-de-la-sociedad-de-autores-y-compositores-de-colombia","status":"publish","type":"post","link":"https:\/\/oscarhumbertogomez.com\/?p=29995","title":{"rendered":"Bol\u00edvar en Zipaquir\u00e1. Por \u00d3scar Humberto G\u00f3mez G\u00f3mez"},"content":{"rendered":"<p><img loading=\"lazy\" decoding=\"async\" class=\"aligncenter size-full wp-image-30009\" src=\"https:\/\/lapiedrafilosofal.com\/wp-content\/uploads\/2019\/08\/zipaquira.jpg\" alt=\"\" width=\"800\" height=\"533\" srcset=\"https:\/\/oscarhumbertogomez.com\/wp-content\/uploads\/2019\/08\/zipaquira.jpg 800w, https:\/\/oscarhumbertogomez.com\/wp-content\/uploads\/2019\/08\/zipaquira-300x200.jpg 300w, https:\/\/oscarhumbertogomez.com\/wp-content\/uploads\/2019\/08\/zipaquira-768x512.jpg 768w\" sizes=\"auto, (max-width: 800px) 100vw, 800px\" \/><\/p>\n<p>&nbsp;<\/p>\n<p>Hemos tenido conocimiento de que, con ocasi\u00f3n del Bicentenario de la Independencia Nacional, Zipaquir\u00e1 rendir\u00e1 homenaje al Libertador de Colombia, general Sim\u00f3n Bol\u00edvar, con una escultura o monumento a trav\u00e9s del cual se perpetuar\u00e1 la presencia del ilustre pr\u00f3cer latinoamericano en aquella ciudad.<\/p>\n<p>&nbsp;<\/p>\n<p>La noticia tiene una especial significaci\u00f3n tambi\u00e9n para los santandereanos, no solo por los naturales lazos de fraternidad que deben existir siempre entre todas las regiones y entre todos los municipios de nuestro pa\u00eds, porque en \u00faltimas Colombia es una sola, sino porque el artista que est\u00e1 esculpiendo aquella obra es el escultor bumangu\u00e9s Antonio Fr\u00edo, desde hace muchos a\u00f1os hu\u00e9sped ilustre de esa ciudad cundinamarquesa, que por estos d\u00edas tanto nos alegr\u00f3 a los colombianos con el resonante triunfo de uno de sus hijos en las carreteras de Europa.<\/p>\n<p>Antonio Fr\u00edo, en efecto, naci\u00f3 en Bucaramanga, la capital del departamento de Santander, en el seno de la familia Adarme. Bautizado con el nombre de \u00c9dgar, fue alumno del Instituto T\u00e9cnico Superior D\u00e1maso Zapata (Instituto Tecnol\u00f3gico Santandereano) y de la Universidad Industrial de Santander (UIS). Finalmente se inclin\u00f3 por la vida art\u00edstica a trav\u00e9s de la m\u00fasica, la pintura y la escultura, y adopt\u00f3 el pseud\u00f3nimo con el cual se le termin\u00f3 identificando en todas partes y en todas las circunstancias, no solamente las art\u00edsticas.<\/p>\n<p>En la m\u00fasica, descoll\u00f3 con la grabaci\u00f3n y profusa difusi\u00f3n radial que tuvo su canci\u00f3n &#8220;Pistolero siglo XX&#8221; en los a\u00f1os 70, tema prensado en un disco de 45 revoluciones por minuto, t\u00edpicos de la \u00e9poca, que enseguida pas\u00f3 a formar parte de un acetato de larga duraci\u00f3n, esto es, de un &#8220;long play&#8221;, como se les denominaba a los discos de 33 1\/3 revoluciones por minuto.<\/p>\n<p>En la pintura, se especializ\u00f3 en el dibujo de una imagen humana y sencilla del Libertador Sim\u00f3n Bol\u00edvar, a quien llama simplemente &#8220;Don Sim\u00f3n&#8221;, aunque tambi\u00e9n ha producido hermosos retratos y otra clase de obras pict\u00f3ricas.<\/p>\n<p>Y en la escultura, tambi\u00e9n se ha orientado hacia los personajes y hechos hist\u00f3ricos.<\/p>\n<p>&nbsp;<\/p>\n<p><img loading=\"lazy\" decoding=\"async\" class=\"aligncenter size-full wp-image-30016\" src=\"https:\/\/lapiedrafilosofal.com\/wp-content\/uploads\/2019\/08\/RETRATO-.jpg\" alt=\"\" width=\"800\" height=\"956\" srcset=\"https:\/\/oscarhumbertogomez.com\/wp-content\/uploads\/2019\/08\/RETRATO-.jpg 800w, https:\/\/oscarhumbertogomez.com\/wp-content\/uploads\/2019\/08\/RETRATO--251x300.jpg 251w, https:\/\/oscarhumbertogomez.com\/wp-content\/uploads\/2019\/08\/RETRATO--768x918.jpg 768w\" sizes=\"auto, (max-width: 800px) 100vw, 800px\" \/><\/p>\n<p>&nbsp;<\/p>\n<p>El que sea Antonio Fr\u00edo el escultor de la obra con la que Zipaquir\u00e1 rendir\u00e1 tributo al Libertador \u2014y a trav\u00e9s suyo, a nuestros patriotas de la Guerra de Independencia Nacional\u2014 tiene, de inmediato, una consecuencia: la de que, de seguro, en esta oportunidad no se perpetuar\u00e1 con el arte escult\u00f3rico la memoria del Sim\u00f3n Bol\u00edvar de uniforme de gala, el Bol\u00edvar de las charreteras en los hombros, de la casaca reluciente y de la espada refulgente que adorna las oficinas p\u00fablicas \u2014en muchas de las cuales, por cierto, los bur\u00f3cratas olvidan la conducta \u00e9tica que el gran patriota que est\u00e1 a sus espaldas espera de todo funcionario\u2014, sino la del otro Bol\u00edvar, el hombre sencillo, el de traje campesino, el de sombrero y ruana, que se aproxima m\u00e1s, en su calidez, al pueblo colombiano que lo tiene como su Libertador, as\u00ed se hayan arreciado los dardos venenosos en contra de su papel colosal en la formaci\u00f3n de esta naci\u00f3n dentro de la cual nacimos.<\/p>\n<p>&nbsp;<\/p>\n<p><img loading=\"lazy\" decoding=\"async\" class=\"aligncenter size-full wp-image-30010\" src=\"https:\/\/lapiedrafilosofal.com\/wp-content\/uploads\/2019\/08\/DON-SIMON-DESPUES-DE-LA-GUERRA.jpg\" alt=\"\" width=\"394\" height=\"492\" srcset=\"https:\/\/oscarhumbertogomez.com\/wp-content\/uploads\/2019\/08\/DON-SIMON-DESPUES-DE-LA-GUERRA.jpg 394w, https:\/\/oscarhumbertogomez.com\/wp-content\/uploads\/2019\/08\/DON-SIMON-DESPUES-DE-LA-GUERRA-240x300.jpg 240w\" sizes=\"auto, (max-width: 394px) 100vw, 394px\" \/><\/p>\n<p>&nbsp;<\/p>\n<p>Lamentablemente, el sentido de pertenencia, el esp\u00edritu patri\u00f3tico, el sentimiento nacionalista, el compromiso que como colombiano se tiene para con Colombia, en fin, las virtudes c\u00edvicas que enaltec\u00edan al ciudadano de esta rep\u00fablica y de las cuales se honraban los hombres y las mujeres decentes de este pa\u00eds, se han ido difuminando \u2014para utilizar una expresi\u00f3n pict\u00f3rica\u2014y hoy por hoy ya ni siquiera sabemos qui\u00e9nes somos, ni de d\u00f3nde vinimos, ni hacia d\u00f3nde vamos.<\/p>\n<p>Si lo supi\u00e9ramos, si tuvi\u00e9semos una conciencia di\u00e1fana de nuestra identidad nacional, de nuestra historia y de nuestras metas, har\u00eda rato que hubi\u00e9semos desterrado las verg\u00fcenzas que nos agobian, sobre todo la verg\u00fcenza y la desverg\u00fcenza de la corrupci\u00f3n en el Estado.<\/p>\n<p>Porque una naci\u00f3n que es consciente del sacrificio de sus pr\u00f3ceres por construirla, de su origen hist\u00f3rico y de toda la lucha, de toda la sangre y todas las l\u00e1grimas que cost\u00f3 el que naciera, no elegir\u00eda a p\u00edcaros redomados y c\u00ednicos para ocupar los cargos p\u00fablicos, ni mucho menos las altas dignidades del Estado, porque sentir\u00eda, desde el fondo de su coraz\u00f3n, hacia todo empleo p\u00fablico y hacia toda dignidad p\u00fablica el inmenso respeto que se deriva de conocer su procedencia.<\/p>\n<p>Por ello, tenemos que registrar con alegr\u00eda que, de tarde en tarde, o, como se dice m\u00e1s com\u00fanmente, que de vez en cuando, una que otra noticia como esta venga a reconfortar nuestro esp\u00edritu y a indicarnos que no todo est\u00e1 perdido y que todav\u00eda quedan por ah\u00ed retazos de esperanza.<\/p>\n<p>&nbsp;<\/p>\n<p><img loading=\"lazy\" decoding=\"async\" class=\"aligncenter size-large wp-image-29435\" src=\"https:\/\/lapiedrafilosofal.com\/wp-content\/uploads\/2019\/07\/bandera--1024x576.jpg\" alt=\"\" width=\"640\" height=\"360\" srcset=\"https:\/\/oscarhumbertogomez.com\/wp-content\/uploads\/2019\/07\/bandera-.jpg 1024w, https:\/\/oscarhumbertogomez.com\/wp-content\/uploads\/2019\/07\/bandera--300x169.jpg 300w, https:\/\/oscarhumbertogomez.com\/wp-content\/uploads\/2019\/07\/bandera--768x432.jpg 768w\" sizes=\"auto, (max-width: 640px) 100vw, 640px\" \/><\/p>\n<p>&nbsp;<\/p>\n<p>Pues bien; adentr\u00e1ndonos en el contexto f\u00e1ctico e hist\u00f3rico, hemos de rememorar que, despu\u00e9s de la Batalla de Boyac\u00e1, las tropas del Ej\u00e9rcito Libertador se encaminaron hacia la capital del reino, o sea hacia Santaf\u00e9, a donde, efectivamente, ingresaron el d\u00eda 11, d\u00eda en que tambi\u00e9n ingres\u00f3 el general Francisco de Paula Santander (el general Bol\u00edvar hab\u00eda hecho lo propio el d\u00eda inmediatamente anterior, esto es, el 10) y, entonces, los comandantes militares victoriosos procedieron \u2014como dec\u00edan en el colegio y en la universidad nuestros l\u00edderes estudiantiles\u2014 a la toma del poder.<\/p>\n<p>Pero fue hasta el d\u00eda 20 del mes siguiente, esto es, hasta el d\u00eda 20 de septiembre, que se llev\u00f3 a cabo la apote\u00f3sica manifestaci\u00f3n popular de congratulaci\u00f3n a las tropas patriotas por la espl\u00e9ndida victoria militar obtenida. Homenaje al que se procedi\u00f3 luego de haberse verificado sobre el terreno las consecuencias liberadoras de aquel combate, empezando por la huida del virrey hacia la Costa Atl\u00e1ntica, tierras donde todav\u00eda se manten\u00eda vigente el dominio de autoridades espa\u00f1olas y de las que solamente se obtendr\u00eda la Independencia unos a\u00f1os despu\u00e9s, gracias, entre otros, al patriota colombiano Jos\u00e9 Prudencio Padilla, oriundo de La Guajira y , por cierto, al que menos se le ha dado el cr\u00e9dito.<\/p>\n<p>&nbsp;<\/p>\n<p><img loading=\"lazy\" decoding=\"async\" class=\"aligncenter size-full wp-image-30011\" src=\"https:\/\/lapiedrafilosofal.com\/wp-content\/uploads\/2019\/08\/Bicentenario-Batalla-de-Boyaca.png\" alt=\"\" width=\"1023\" height=\"548\" srcset=\"https:\/\/oscarhumbertogomez.com\/wp-content\/uploads\/2019\/08\/Bicentenario-Batalla-de-Boyaca.png 1023w, https:\/\/oscarhumbertogomez.com\/wp-content\/uploads\/2019\/08\/Bicentenario-Batalla-de-Boyaca-300x161.png 300w, https:\/\/oscarhumbertogomez.com\/wp-content\/uploads\/2019\/08\/Bicentenario-Batalla-de-Boyaca-768x411.png 768w\" sizes=\"auto, (max-width: 1023px) 100vw, 1023px\" \/><\/p>\n<p>&nbsp;<\/p>\n<p>Retomando el hilo, las tropas libertadoras llegaron, pues, a Santaf\u00e9 el 11 de agosto y el 15 se celebr\u00f3 una misa cantada y un <em>Te Deum<\/em> en acci\u00f3n de gracias al Supremo Hacedor por la libertad alcanzada en los campos de batalla.<\/p>\n<p>El 21 de agosto se cumpli\u00f3 la ceremonia de ascenso de los generales patriotas Francisco de Paula Santander, granadino, y Jos\u00e9 Antonio Anzo\u00e1tegui, venezolano, a generales de divisi\u00f3n.<\/p>\n<p>El 24 de agosto se llev\u00f3 a cabo la ceremonia de exequias solemnes en memoria de todos los patriotas muertos en los combates.<\/p>\n<p>El 26 de agosto el pueblo zipaquire\u00f1o recibi\u00f3 a su pr\u00f3cer, el coronel Camilo Pe\u00f1a, patriota que regresaba a casa despu\u00e9s de mucho tiempo de ausencia debido a la guerra.<\/p>\n<p>El 20 de septiembre se llev\u00f3 a cabo en la capital el apote\u00f3sico homenaje a los h\u00e9roes de la Batalla de Boyac\u00e1.<\/p>\n<p>Pues bien: al d\u00eda siguiente, esto es, el 21 de setiembre de 1819, el Presidente de la Rep\u00fablica, general Sim\u00f3n Bol\u00edvar, ya estaba en Zipaquir\u00e1 y all\u00ed expidi\u00f3 el decreto por medio del cual remov\u00eda de su cargo al fiel de las salinas. (&#8220;Fiel&#8221; era el &#8220;empleado p\u00fablico que contrastaba pesos y medidas&#8221;, nos recuerda el DRAE, advirtiendo que hoy en d\u00eda es una palabra en desuso).<\/p>\n<p>&nbsp;<\/p>\n<p>Sobre si lleg\u00f3 a Zipaquir\u00e1 el mismo 21 o si ya hab\u00eda llegado desde el d\u00eda inmediatamente anterior, esto es, el 20, no hay unificaci\u00f3n de criterio.<\/p>\n<p>&nbsp;<\/p>\n<p>Leamos al connotado historiador y sacerdote antioque\u00f1o Roberto Mar\u00eda Tisn\u00e9s en su famosa obra <em>Cap\u00edtulos de Historia Zipaquire\u00f1a<\/em>:<\/p>\n<p>&#8220;El 10 de agosto lleg\u00f3 a Santaf\u00e9 sin pasar por Zipaquir\u00e1, &#8220;pues sigui\u00f3 el camino recto hacia la capital (la actual carretera central&#8221;, relata Tisn\u00e9s.<\/p>\n<p>&#8220;(&#8230;), mas no pas\u00f3 por Zipaquir\u00e1&#8221;, dice textualmente enseguida. [Recordemos que la palabra &#8220;mas&#8221; sin tilde significa &#8220;pero&#8221;. Por eso, si se quiere indicar el signo de suma o adici\u00f3n o la agregaci\u00f3n de una cantidad, se le debe poner la tilde). Lo que dice Tisn\u00e9s es, entonces, que Bol\u00edvar &#8220;sigui\u00f3 el camino (&#8230;) hacia la capital, pero no pas\u00f3 por Zipaquir\u00e1&#8221;.<\/p>\n<p>&nbsp;<\/p>\n<p>Leamos a Tisn\u00e9s:<\/p>\n<p>&#8220;El 20 sali\u00f3 Bol\u00edvar hacia el Norte (&#8230;). En este viaje, el 21 estaba Bol\u00edvar en Zipaquir\u00e1 (&#8230;)&#8221;.<\/p>\n<p>O sea, que sali\u00f3 de Santaf\u00e9 el d\u00eda 20 de septiembre y estaba en Zipaquir\u00e1 al d\u00eda siguiente.<\/p>\n<p>&nbsp;<\/p>\n<p>Ese mismo d\u00eda 21 ocurrieron dos cosas: Francisco de Paula Santander comenz\u00f3 a ejercer la Vicepresidencia y Sim\u00f3n Bol\u00edvar revoc\u00f3 el nombramiento de Francisco Benito como fiel de las minas de Zipaquir\u00e1 y dict\u00f3 el nombramiento, en su reemplazo, de Francisco Fern\u00e1ndez.<\/p>\n<p>El documento que lo prueba es la comunicaci\u00f3n dirigida al Vicepresidente Francisco de Paula Santander haci\u00e9ndole saber la remoci\u00f3n del fiel y el nombramiento de su reemplazo, documento que aparece fechado en Zipaquir\u00e1 el 21 de septiembre de 1819 y cuyo encabezamiento es el siguiente:<\/p>\n<p>&nbsp;<\/p>\n<p>&#8220;<strong>Cuartel General de Zipaquir\u00e1, a 21 de septiembre de 1819<\/strong> (&#8230;)&#8221;.<\/p>\n<p>&nbsp;<\/p>\n<p>Sim\u00f3n Bol\u00edvar estuvo en Zipaquir\u00e1 doce (12) veces. Su presencia en Zipaquir\u00e1 se dio entre los a\u00f1os 1819 y 1828. &#8220;En varias ocasiones se demor\u00f3 algunos d\u00edas&#8221;, precisa Tisn\u00e9s.<\/p>\n<p>Infortunadamente, las placas conmemorativas que recordaban a la posteridad el paso del Libertador por Zipaquir\u00e1, como suele ocurrir en un pa\u00eds donde se da silvestre, adem\u00e1s de la envidia, el vandalismo, desaparecieron.<\/p>\n<p>No obstante, queda el testimonio de la Historia, que da fe de su existencia:<\/p>\n<p>&#8220;Dec\u00edamos \u2014se lee, en efecto, en la obra de Tisn\u00e9s\u2014 que desde el 21 se hallaba Bol\u00edvar en Zipaquir\u00e1.<br \/>\nExisten en esta ciudad tres piedras conmemorativas de los diversos tr\u00e1nsitos del Libertador por la ciudad.<br \/>\nUna est\u00e1 situada en la calle 8a con carrera 10a, inmediatamente antes del paso-nivel y frente al Liceo Nacional de Varones y tiene la siguiente inscripci\u00f3n:<br \/>\nPASO EL LIBERTADOR<br \/>\nSEPTIEMBRE 22 DE 1819<br \/>\nMARZO 22 DE 1820<br \/>\nZIPAQUIRA A LA MEMORIA DEL LIBERTADOR<br \/>\nDICIEMBRE 17 DE 1830&#8221;.<\/p>\n<p>Y contin\u00faa Tisn\u00e9s:<\/p>\n<p>&#8220;Otra se halla en la carretera que lleva a la poblaci\u00f3n de Cogua, poco antes del ret\u00e9n y en la actualidad a mano derecha (antes lo estaba a la izquierda) seg\u00fan se sube. La leyenda de la misma dice as\u00ed:<\/p>\n<p>&#8220;PASO EL LIBERTADOR<br \/>\nENERO 4 DE 1821<br \/>\nSEPTIEMBRE 9 DE 1827<br \/>\nJUNIO 21 DE 1828<br \/>\nZIPAQUIRA A LA MEMORIA DEL LIBERTADOR<br \/>\nDICIEMBRE 17 DE 1830&#8221;.<\/p>\n<p>Y remata Tisn\u00e9s:<\/p>\n<p>&#8220;La tercera piedra conmemorativa se halla junto al ret\u00e9n a la salida para Bogot\u00e1. En ella se lee lo siguiente:<\/p>\n<p>&#8220;PASO EL LIBERTADOR<br \/>\nSEPTIEMBRE 20 DE 1819<br \/>\nMARZO 21 1820<br \/>\nENERO 5 1821<br \/>\nSEPTIEMBRE 10 1827<br \/>\nDICIEMBRE 26 1827<br \/>\nDICIEMBRE 31 1827<br \/>\nJUNIO 23 1827<br \/>\nZIPAQUIRA A LA MEMORIA DEL LIBERTADOR<br \/>\nDICIEMBRE 17 DE 1830&#8221;.<\/p>\n<p>&nbsp;<\/p>\n<p>En las desaparecidas piedras conmemorativas estaba indicado con flechas el sentido en que el Libertador se dirig\u00eda, hacia el Norte o hacia Bogot\u00e1, seg\u00fan el caso.<\/p>\n<p>&nbsp;<\/p>\n<p>Como se observa, en cuanto a la primera llegada a Zipaquir\u00e1 del general Bol\u00edvar con posterioridad a la Batalla de Boyac\u00e1, cada una de las piedras conmemorativas da una fecha que difiere por un d\u00eda. Por ello, queda la duda de si lleg\u00f3 el mismo d\u00eda 21 en que decret\u00f3 la remoci\u00f3n del fiel, o hab\u00eda llegado el d\u00eda inmediatamente anterior, esto es, el 20. En todo caso, sali\u00f3 de Santaf\u00e9 el 20 y el 21 se encontraba en Zipaquir\u00e1, por la fecha en que est\u00e1 datada la comunicaci\u00f3n al Vicepresidente Santander.<\/p>\n<p>&nbsp;<\/p>\n<p><img loading=\"lazy\" decoding=\"async\" class=\"aligncenter size-large wp-image-29329\" src=\"https:\/\/lapiedrafilosofal.com\/wp-content\/uploads\/2019\/07\/BOLIVAR-Y-SANTANDER-EN-LOS-LLANOS-JESUS-MARIA-ZAMORA-MUSEO-NACIONAL-1024x744.jpg\" alt=\"\" width=\"640\" height=\"465\" srcset=\"https:\/\/oscarhumbertogomez.com\/wp-content\/uploads\/2019\/07\/BOLIVAR-Y-SANTANDER-EN-LOS-LLANOS-JESUS-MARIA-ZAMORA-MUSEO-NACIONAL.jpg 1024w, https:\/\/oscarhumbertogomez.com\/wp-content\/uploads\/2019\/07\/BOLIVAR-Y-SANTANDER-EN-LOS-LLANOS-JESUS-MARIA-ZAMORA-MUSEO-NACIONAL-300x218.jpg 300w, https:\/\/oscarhumbertogomez.com\/wp-content\/uploads\/2019\/07\/BOLIVAR-Y-SANTANDER-EN-LOS-LLANOS-JESUS-MARIA-ZAMORA-MUSEO-NACIONAL-768x558.jpg 768w\" sizes=\"auto, (max-width: 640px) 100vw, 640px\" \/><\/p>\n<p>&nbsp;<\/p>\n<p>Ineludible, dentro del contexto hist\u00f3rico de la lucha por la Independencia Nacional de Colombia, resulta hacer referencia a la importancia que las minas de sal de Zipaquir\u00e1 tuvieron, por supuesto desde el punto de vista econ\u00f3mico.<\/p>\n<p>En este punto debemos remontarnos a los antecedentes mediatos de la llegada del ya Presidente Bol\u00edvar a Zipaquir\u00e1 con posterioridad a la Batalla de Boyac\u00e1. Y en esos antecedentes nos encontramos con la figura del precursor Antonio Nari\u00f1o y del ciudadano alem\u00e1n Jacobo Benjam\u00edn Wiesner. Nari\u00f1o era el Presidente del Estado Soberano de Cundinamarca.<\/p>\n<p>&nbsp;<\/p>\n<p><img loading=\"lazy\" decoding=\"async\" class=\"aligncenter size-full wp-image-30028\" src=\"https:\/\/lapiedrafilosofal.com\/wp-content\/uploads\/2019\/08\/NARINO-ESPINOSA.jpg\" alt=\"\" width=\"447\" height=\"600\" srcset=\"https:\/\/oscarhumbertogomez.com\/wp-content\/uploads\/2019\/08\/NARINO-ESPINOSA.jpg 447w, https:\/\/oscarhumbertogomez.com\/wp-content\/uploads\/2019\/08\/NARINO-ESPINOSA-224x300.jpg 224w\" sizes=\"auto, (max-width: 447px) 100vw, 447px\" \/><\/p>\n<p>&nbsp;<\/p>\n<p>&#8220;Estaba convencido Nari\u00f1o \u2014escribe Alberto Corradine Angulo\u2014 de que la conservaci\u00f3n de la libertad no se pod\u00eda sostener, dejando trascurrir la vida nacional sin el apropiado control del territorio y la adopci\u00f3n de serias medidas dirigidas a organizar el pa\u00eds, bajo un gobierno central, de manera que se pudiera establecer el dominio real del territorio con posibilidades de defensa de eventuales enemigos.<\/p>\n<p>Pero el principal inter\u00e9s del Precursor era contar principalmente con abastecimientos propios de plomo, indispensable en toda lucha armada, como poco tiempo despu\u00e9s se pudo apreciar por la sociedad neogranadina, al sufrir el proceso doloroso de la reconquista, con todas sus amargas consecuencias. Para satisfacer esa previsible necesidad hizo bien en encargar al mineralogista alem\u00e1n Jacobo Benjam\u00edn Wiesner, radicado por entonces en Zipaquir\u00e1, para que emprendiera la b\u00fasqueda de ese importante mineral, puesto que deseaba comenzar una campa\u00f1a contra los realistas que rodeaban a Cundinamarca, sobre todo los situados al sur del pa\u00eds. Jacobo Benjam\u00edn inici\u00f3 la b\u00fasqueda por los alrededores de Pacho y encontr\u00f3 minas de ese mineral, pero adicionalmente hall\u00f3 valiosas formaciones de mineral de hierro, para lo cual construy\u00f3 una forja de medianas dimensiones con piedra donde realiz\u00f3 sus primeros ensayos con las muestras de los minerales que hab\u00eda encontrado. Esa primera forja, de rancia tradici\u00f3n medieval, es del tipo de la denominada forja catalana , la cual a\u00fan subsiste totalmente abandonada y sin que amerite ning\u00fan inter\u00e9s para su adecuada conservaci\u00f3n&#8221;. (Alberto Corradine Angulo. <em>De las ferreter\u00edas a la siderurgia<\/em>. Banrepcultural, Red Cultural del Banco de la Rep\u00fablica en Colombia).<\/p>\n<p>&nbsp;<\/p>\n<p>Concretamente, &#8220;En 1814, Wiesner descubri\u00f3 grandes yacimientos no s\u00f3lo de plomo, sino de hierro y cobre, cerca de los sectores de Algodonales y San Miguel, donde fue creada la primera f\u00e1brica sider\u00fargica del pa\u00eds y una de las m\u00e1s importantes de Latinoam\u00e9rica en el siglo XIX: la Ferrer\u00eda de Pacho&#8221;. (Javier Gonz\u00e1lez Penagos. <em>Una industria de hierro<\/em>. El Espectador. Bogot\u00e1, 8 de mayo de 2014).<\/p>\n<p>&nbsp;<\/p>\n<p>Pues bien: Wiesner hab\u00eda nacido el 20 de junio de 1763 en Freiberg, Sajonia, y en Gir\u00f3n, la hermosa villa colonial de Santander, se hab\u00eda casado con Juana Dorotea Hacker.<\/p>\n<p>&nbsp;<\/p>\n<p>Pero, y \u00bfc\u00f3mo lleg\u00f3 al pa\u00eds este ciudadano alem\u00e1n experto en mineralog\u00eda?<\/p>\n<p>&nbsp;<\/p>\n<p>En 1874, &#8220;Espa\u00f1a decide enviar hacia la Nueva Granada dos ingenieros de minas para evaluar el potencial econ\u00f3mico y t\u00e9cnico de dos yacimientos de plata en la provincia de Mariquita.<br \/>\nEstas minas eran las de Manta y Santa Ana, localizadas entre la ciudad de Mariquita y la villa de Honda. Los ingenieros encargados de estimar el potencial econ\u00f3mico de estos yacimientos no eran simples funcionarios de la corona o aventureros que ven\u00edan a probar suerte. Ellos eran Don Juan Jos\u00e9 D&#8217;Elhuyar y Don Angel D\u00edaz&#8221;. (Diego Escobar D\u00edaz. Los trabajadores del metal en Colombia. Revista Colombiana de Sociolog\u00eda, vol. 3, No. 2, 1997, p. 52.).<\/p>\n<p>&nbsp;<\/p>\n<p>D&#8217;Elhuyar hab\u00eda estudiado en el Instituto Metal\u00fargico de Freiberg, Sajonia. Esto es, en la ciudad natal de Wiesner.<\/p>\n<p>&nbsp;<\/p>\n<p>Despu\u00e9s de intentar poner en marcha sus planes con grandes adversidades, determinadas por el hecho de no encontrar personal comprometido con el trabajo que se requer\u00eda para poner a producir las minas, &#8220;D&#8217;Elhuyar hace venir por cuenta y costo de la real hacienda a ocho mineralogistas alemanes, entre ellos Jacobo Benjam\u00edn Wiesner. Todos los ocho &#8220;eran alemanes y de religi\u00f3n protestante&#8221;. (Diego Escobar D\u00edaz, loc. cit., p. 54).<\/p>\n<p>&nbsp;<\/p>\n<p>&#8220;Jacobo Benjam\u00edn Wiesner tendr\u00eda posteriormente una influencia preponderante en los or\u00edgenes de los talleres metalmec\u00e1nicos colombianos del siglo XIX, primero trabajando en las minas de Mariquita, despu\u00e9s en las de Pamplona, posteriormente en las salinas de Zipaquir\u00e1, para luego ser comisionado hacia 1814 por Antonio Nari\u00f1o para buscar plomo cerca de Pacho, donde no solo encuentra plomo sino que por primera vez se encuentran ricos yacimientos de hierro.<br \/>\nAll\u00ed mismo en Pacho hacia 1822, Wiesner emprender\u00eda la explotaci\u00f3n del mineral, instalando un mediano taller donde a la postre iniciar\u00eda la Ferrer\u00eda de Pacho.<br \/>\nCon la creaci\u00f3n de este taller se dar\u00eda un nuevo rumbo a la historia de los trabajadores del metal en Colombia&#8221;. (Diego Escobar D\u00edaz, loc. cit., ib\u00eddem).<\/p>\n<p>&nbsp;<\/p>\n<p>Zipaquir\u00e1 resultaba de capital importancia para quienes ejercieran el poder pol\u00edtico y militar, por el poder econ\u00f3mico que giraba alrededor de las minas de sal.<\/p>\n<p>Leamos a Arthur von Scott:<\/p>\n<p>&#8220;La villa de Zipaquir\u00e1 mostraba una importancia regional notable por la posesi\u00f3n que ten\u00eda de los manantiales salinos, los que adem\u00e1s de representar la principal fuente de riqueza del lugar, le confer\u00eda cierta particularidad a su organizaci\u00f3n social.<br \/>\nCon una fuente de recursos tan notable, es l\u00f3gico que la corona se preocupara por su correcta administraci\u00f3n, por lo que desde comienzos del siglo XVIII se cre\u00f3 el cargo de Administrador de Salinas, funcionario que depend\u00eda directamente de la Real Hacienda y quien deb\u00eda encargarse de la correcta asignaci\u00f3n de los hornos para la cocci\u00f3n de la sal, as\u00ed como de los turnos para la explotaci\u00f3n de los manantiales salinos . Como es de suponerse, con un control tan amplio sobre los recursos de la villa, las autoridades locales sent\u00edan que este funcionario pose\u00eda mas facultades de las que deb\u00eda, malestar que se deriva a no dudarlo, del hecho de que con la presencia del administrador de las salinas, la capacidad que ten\u00edan tanto el corregidor como los alcaldes de intervenir en los negocios relacionados con la explotaci\u00f3n de la sal se ve\u00eda recortada dr\u00e1sticamente, entre otras cosas, porque con el precio de la sal fijado por orden del administrador, la posibilidad de especular con el precio era mucho menor.<br \/>\nNo es de extra\u00f1ar entonces que todo el vecindario de Zipaquir\u00e1 estuviera involucrado directa o indirectamente en el proceso de extracci\u00f3n y elaboraci\u00f3n de la sal, pues incluso aquellos que no contaban con los medios para poseer hornos, s\u00ed laboraban en<br \/>\nlas minas como jornaleros, tal es el caso de los indios&#8221;. (Arthur von Scott. <em>Historia de una independencia. Sociedad y poder local, Zipaquir\u00e1 1810 &#8211; 1826<\/em>, p. 8).<\/p>\n<p>Y prosigue von Scott:<\/p>\n<p>&#8220;Es l\u00f3gico pensar que en una poblaci\u00f3n que cuenta con un elemento que produce grandes riquezas, las disputas por el dominio pol\u00edtico son tan intensas como las que se llevan a cabo por el predominio econ\u00f3mico y a no dudarlo, en Zipaquir\u00e1 los dos poderes est\u00e1n<br \/>\ntan estrechamente relacionados que es l\u00f3gico suponer que quien domina (o quienes dominan) las fuentes de producci\u00f3n de capitales sean los mismos que aspiren a apoderarse de la administraci\u00f3n p\u00fablica del lugar. De la explotaci\u00f3n de la sal se derivan no solo las condiciones econ\u00f3micas del lugar, sino tambi\u00e9n la enmara\u00f1ada red<br \/>\nde relaciones sociales que se presentan entre lo que podemos entender aqu\u00ed como una \u00e9lite (con control pol\u00edtico) y un sector de la poblaci\u00f3n o subalterno, que a pesar de no contar con el dominio administrativo de la \u00e9lite, es el grupo m\u00e1s numeroso de la<br \/>\ncomunidad y el que puede alterar el orden establecido desde arriba a trav\u00e9s de su movilizaci\u00f3n.<br \/>\nEn Zipaquir\u00e1, como en muchas otras poblaciones de Colombia, la independencia es mucho mas compleja de lo que se suele pensar. Adem\u00e1s de la presencia de blancos e indios, no podemos olvidarnos de ese enorme elemento mestizo que, aunque sea dif\u00edcil de precisar, no puede ni debe obviarse. Dentro de esos grupos subalternos que<br \/>\nencontramos en Zipaquir\u00e1 se hallan tambi\u00e9n cientos de mestizos que no aceptan del todo el dominio absoluto de las \u00e9lites y que aunque no entienden su ideolog\u00eda pol\u00edtica, tratan de movilizarse a favor de su tradici\u00f3n y su propio beneficio. En esta villa, los sectores subalternos de la poblaci\u00f3n se vieron sometidos y aislados del juego pol\u00edtico por corregidores y alcaldes que con sus decisiones y manejo de los manantiales salines, relegaron a los individuos dedicados a las labores de extracci\u00f3n y producci\u00f3n a ser agentes pasivos de sus actuaciones. Sin embargo, esta situaci\u00f3n estallar\u00eda en 1810, momento en el que las diferencias entre grupos alcanzaron un punto tal, que la relativa quietud que hab\u00eda mantenido el pueblo desde la revuelta de los comuneros en 1781 se derrumbar\u00eda en cuesti\u00f3n de meses&#8221;. (loc. cit., p. 9).<\/p>\n<p>&#8220;En lo que se refiere a Zipaquir\u00e1 los sucesos de 1810 constituyeron esa chispa que el pueblo necesitaba para explotar. Las agrias confrontaciones entre los diversos grupos de la poblaci\u00f3n, que se<br \/>\nven\u00edan gestando desde tiempo atr\u00e1s no pudieron sostenerse ante un hecho que marcar\u00eda el rumbo del acontecer zipaquire\u00f1o en los a\u00f1os de la independencia que fue, a no dudarlo, la creaci\u00f3n del cabildo&#8221;. (loc. cit., ib\u00eddem).<\/p>\n<p>&#8220;Los documentos aqu\u00ed citados son una muestra de lo que era la cultura pol\u00edtica zipaquire\u00f1a para esos a\u00f1os. A trav\u00e9s de ellos hemos podido establecer que en esta sociedad la posici\u00f3n social tiene una relaci\u00f3n directa con el papel que un individuo desempe\u00f1a en el proceso de producci\u00f3n de la sal y que no hay suceso en Zipaquir\u00e1<br \/>\nque no involucre directa o indirectamente el manejo o la apropiaci\u00f3n de los recursos derivados de la explotaci\u00f3n salinera. Elites y subalternos se ven envueltos en esa interminable lucha por el control pol\u00edtico y el poder econ\u00f3mico de la villa. Sumado a<br \/>\nesto, se encuentra la tradici\u00f3n de enfrentamientos personales entre sujetos que han tenido disputas en el pasado y que sin importar la causa de estas se van mezclando con las luchas pol\u00edticas del momento, lo que va haciendo cada vez m\u00e1s compleja la situaci\u00f3n.<br \/>\nEn medio de todo este enmara\u00f1ado escenario la villa de Zipaquir\u00e1 se encuentra de cara con la guerra civil de 1812, un momento en la historia de Colombia que si se estudia desde una perspectiva local, puede resultar revelador por cuento demuestra que m\u00e1s all\u00e1 de la trillada retah\u00edla de la lucha entre centralistas y federalistas hay una serie de hechos que dejan ver como vivi\u00f3 la sociedad de la \u00e9poca la primera de tantas guerras civiles que ha vivido nuestro pa\u00eds&#8221;. (loc. cit., p. 16).<\/p>\n<p>&nbsp;<\/p>\n<p>Zipaquir\u00e1 ha sido y seguir\u00e1 siendo una de los principales abastecedores de sal de nuestro pa\u00eds por lo que ha sido llamada Capital Salinera de Colombia. En esta ciudad se puso en marcha la primera explotaci\u00f3n minera de las salinas en 1817 en cabeza del sabio Alexander Von Humboldt, convirti\u00e9ndose en el lugar y a\u00f1o en el que se empez\u00f3 a ver la transformaci\u00f3n de la sal como un proceso industrial.<\/p>\n<p>Una vez se conoce el triunfo patriota en Boyac\u00e1, las autoridades espa\u00f1olas dan apresurado inicio a su fuga. Y, como era natural que ocurriera, la huida comienza con el propio virrey y se prolonga r\u00e1pidamente a quienes detentan el poder, no solo pol\u00edtico y militar, sino econ\u00f3mico: el inmenso poder del manejo de las astron\u00f3micas finanzas derivadas de la explotaci\u00f3n de las minas, y particularmente de las minas de sal; en otras palabras, huyen de Zipaquir\u00e1 las autoridades espa\u00f1olas.<\/p>\n<p>Y, \u00bfa qui\u00e9n le dejan las minas tiradas y, con ellas, las cuentas y colosales dineros producto de su administraci\u00f3n? Al miner\u00f3logo alem\u00e1n Wiesner, precisamente.<\/p>\n<p>Leamos a Tisn\u00e9s:<\/p>\n<p>&#8220;En 1819 al vencer Boli\u0301var en Boyaca\u0301, los espan\u0303oles que teni\u0301an a su cargo las salinas zipaquiren\u0303as, huyeron dejando en poder de Wiesner las oficinas y dineros de la salina, junto con otros enseres, armas y objetos valiosos. El honrado alema\u0301n los entrego\u0301 a Boli\u0301var a su paso por Zipaquira\u0301. Bello rasgo de honradez e\u0301ste, justamente recordado por los historiadores Scarpetta y Vergara y por su bio\u0301grafo D. Domingo Pen\u0303a.<\/p>\n<p>El Libertador recibio\u0301, como no podi\u0301a ser menos, los mejores informes acerca de la conducta y cualidades de Wiesner, por lo que el 17 de septiembre de 1819 le nombro\u0301 director general de minas. An\u0303os despue\u0301s Santander le nombro\u0301 para el mismo puesto en Zipaquira\u0301.<\/p>\n<p>La vida de Wiesner transcurrio\u0301 en lo que a lo material se refiere, en una a\u0301urea mediocritas. Lo que le sobraba lo daba a los pobres. A quienes le indicaban que debi\u0301a ahorrar por si llegaba cualquiera acontecimiento imprevisto, les recordaba que no falta la Providencia, a quienes en ella esperan. Termina su bio\u0301grafo diciendo que la ancianidad de Wiesner fue una de aquellas que pudie\u0301ramos llamar envidiables: aunque octogenario, reuni\u0301a en su casa a sus amistades con las que conversaba y a las que atendi\u0301a. No faltaban los cantos y bailes: uno de los mu\u0301sicos era el propio Wiesner quien manejaba diestramente la guitarra.<br \/>\nMurio\u0301 el 12 de agosto de 1842 en Zipaquira\u0301, a los 84 an\u0303os de su edad&#8221;. (Tisn\u00e9s, ob. cit., p. 217. Ver: Domingo Pe\u00f1a, <em>Biograf\u00eda de don Jacob Benjam\u00edn Wiesner<\/em>. Bolet\u00edn de Historia y Antig\u00fcedades. Tomo XV, p. 733. Leonidas Scarpetta y Saturnino Vergara. <em>Diccionario biogr\u00e1fico de los h\u00e9roes de la libertad.<\/em> Bogot\u00e1. 1879).<\/p>\n<p>&nbsp;<\/p>\n<p><em>\u00c1urea mediocritas<\/em> quiere decir \u2014no sobra aclararlo\u2014 dorado t\u00e9rmino medio o dorada median\u00eda. &#8220;El que se contenta con su dorada median\u00eda \u2014dice Horacio en sus Odas\u2014 no padece intranquilo las miserias de un techo que se desmorona, ni habita palacios fastuosos que provoquen la envidia&#8221;.<\/p>\n<p>&nbsp;<\/p>\n<p>Scarpetta y Vergara dicen lo que copiamos a continuaci\u00f3n, tomado de manera directa y reproducido textualmente de la edici\u00f3n de su libro del a\u00f1o 1879, con la ortograf\u00eda de la \u00e9poca y de los autores:<\/p>\n<p>&#8220;WIESNER, JACOBO\u2014 Miembro de una familia notable, naci\u00f3 en Freiberg, Alemania. H\u00e1bil mineralojista, injeniero y personificaci\u00f3n de muchas virtudes. Vino a Nueva Granada en 1788 i diriji\u00f3 con acierto admirable los trabajos de las minas de oro, plata y fierro en Santana, Pamplona, Jiron y Pacho. Sus trabajos en las salinas de Cipaquir\u00e1 fueron tan acertados que mereci\u00f3 honros\u00edsimas recomendaciones de Humbold; Wiesner se hallaba en aquellas salinas cuando lleg\u00f3 a Cipaquir\u00e1 la noticia del triunfo de Bol\u00edvar en Boyac\u00e1 (1819). Los espa\u00f1oles que estaban empleados en ellas abandonaron sus puestos, dejando en poder de Wiesner la oficina de venta de sales con la caja fuerte llena de dinero, varios enseres, algunas armas i objetos mui valiosos. El acrisolado aleman conserv\u00f3 intacto aquel tesoro i se lo present\u00f3 al Libertador a su paso por Cipaquir\u00e1&#8221;. (Diccionario biogr\u00e1fico de los campeones de la libertad de Nueva Granada, Venezuela, Ecuador i Per\u00fa, que comprende sus servicios, haza\u00f1as i virtudes. Por M. Leonidas Scarpetta i Saturnino Vergara. Publicado con el apoyo del gobierno de los Estados Unidos de Colombia, siendo Presidente el Jeneral Juli\u00e1n Trujillo. Bogot\u00e1. 1879. Imprenta de Zalamea, por M. D\u00edaz, p. 705. NOTA: El t\u00edtulo anotado antes es el que Tisn\u00e9s da en la bibliograf\u00eda de su libro. Es posible que haya tomado el dato de la tapa de la obra y que en esta estuviese resumido, como suele ocurrir. Suele suceder tambi\u00e9n que a las obras de t\u00edtulo largo \u2014lo cual era lo acostumbrado antiguamente\u2014, se les terminara editando con uno abreviado, tal y como sucedi\u00f3, por ejemplo, con el famoso libro de Luis Per\u00fa de Lacroix, que termin\u00f3 titul\u00e1ndose &#8220;Diario de Bucaramanga&#8221; cuando, realmente, su t\u00edtulo era mucho m\u00e1s largo).<\/p>\n<p>&nbsp;<\/p>\n<p>&#8220;Jacobo Wiesner \u2014escriben Lars Scharnholz y Alexandra Toro\u2014 fue un mineralogista e ingeniero alem\u00e1n que estudi\u00f3 Minas y Metalurgia en la escuela de Minas de Freiberg. Descubri\u00f3 minerales de hierro en Pacho y por orden de Antonio Nari\u00f1o busc\u00f3 y encontr\u00f3 all\u00ed mismo una mina de plomo.<br \/>\nConstruy\u00f3 t\u00faneles subterr\u00e1neos para conseguir el mineral m\u00e1s puro en las salinas de Zipaquir\u00e1; tambi\u00e9n hizo la cartograf\u00eda de la mina de sal de Sesquil\u00e9, por lo que Bol\u00edvar lo nombr\u00f3 Director General de Salinas (Valencia, 2010, p. 4). Es tambi\u00e9n conocido por dirigir entre 1822 y el 1823 los trabajos de ingenier\u00eda para desaguar la laguna de Guatavita (Valencia, 2010, p. 4).<br \/>\nEn 1824 mont\u00f3 la ferrer\u00eda de Pacho. A\u00f1os m\u00e1s tarde el vicepresidente Santander le confiri\u00f3 el cargo de director de mina y f\u00e1brica de sal de Zipaquir\u00e1, donde se mantuvo hasta su jubilaci\u00f3n.<br \/>\nEn la ferrer\u00eda de Pacho y luego en las de Pradera, Samac\u00e1 y Amag\u00e1 los t\u00e9cnicos colombianos tomaron contacto con la Revoluci\u00f3n Industrial. Esta ferrer\u00eda, con Jacobo Wiesner y los ingenieros franceses que lo sucedieron, fue escuela pr\u00e1ctica de siderurgia, qu\u00edmica f\u00e9rrea, mineralog\u00eda y t\u00e9cnicas de combusti\u00f3n (Valencia, 2010, p. 4)&#8221;.(Lars Scharnholz y Alexandra Toro. La influencia alemana en el proceso de industrializaci\u00f3n en Colombia&#8221;. Universidad Javeriana. Apuntes. Vol. 27. No. 2. Bogot\u00e1. Julio &#8211; diciembre de 2014).<\/p>\n<p>&nbsp;<\/p>\n<p>Y es que, como explican los mismos autores, &#8220;Con el proceso de independencia de Colombia, iniciado en 1810, y con la autonom\u00eda en aumento de otros pa\u00edses latinoamericanos, las relaciones comerciales con Alemania ganaban un nuevo significado. Los derechos especiales espa\u00f1oles ya no determinaban el mercado y las corrientes econ\u00f3micas liberales posibilitaban nuevas sociedades de comercio exterior con Europa y los Estados Unidos. La flexibilizaci\u00f3n de la libertad de opini\u00f3n, la liberalizaci\u00f3n de los mercados y las atractivas oportunidades econ\u00f3micas fomentaron el movimiento migratorio (V\u00e9ase, por ejemplo, Fischer, 2007, p. 167). En este contexto los empresarios alemanes pudieron ampliar en Colombia su propia presencia econ\u00f3mica. El historiador Thomas Fischer reconoce en este desarrollo, el cual se mantuvo hasta los a\u00f1os 1930, \u201cun papel sobresaliente (de los alemanes) en el negocio de las importaciones y exportaciones\u201d (Fischer, 1997 pp. 52-53 y 206). Por lo visto, los alemanes pudieron utilizar a su favor el reconocible atraso de Colombia&#8221;.(Lars Scharnholz y Alexandra Toro, loc. cit.).<\/p>\n<p>&nbsp;<\/p>\n<p>Obs\u00e9rvese que mientras Scarpetta y Vergara no dan fecha exacta alguna, Tisn\u00e9s da la del d\u00eda 17 de septiembre como aquella en el cual Bol\u00edvar design\u00f3 a Wiesner director de las minas de sal zipaquire\u00f1as y la del d\u00eda 21 como aquel en el que removi\u00f3 al fiel para designar su reemplazo. Esta diferencia de fechas podr\u00eda interpretarse como que existe una contradicci\u00f3n en cuanto a la fecha en que Bol\u00edvar por primera vez lleg\u00f3 a Zipaquir\u00e1 despu\u00e9s de la Batalla de Boyac\u00e1, pues no se sabr\u00eda si fue el 17 o el 21 (o el 20, incluso, si es que desde el d\u00eda anterior hab\u00eda llegado, como sugiere una de las piedras conmemorativas).<\/p>\n<p>Mas, si repasamos desprevenidamente el texto, es probable que esa aparente contradicci\u00f3n desaparezca. Dice, en efecto, Tisn\u00e9s que &#8220;El Libertador recibio\u0301, como no podi\u0301a ser menos, los mejores informes acerca de la conducta y cualidades de Wiesner, por lo que el 17 de septiembre de 1819 le nombro\u0301 director general de minas&#8221;.<\/p>\n<p>Ello significa que bien pudo recibir los informes en la Presidencia de la Rep\u00fablica, esto es, en Santaf\u00e9, y que, basado en esos informes, desde all\u00ed, desde la capital, hizo la designaci\u00f3n. Ello permitir\u00eda concluir que el 21 recibi\u00f3, ya personalmente en Zipaquir\u00e1, los elementos que Wiesner le entregaba, ya investido de su condici\u00f3n de director de las minas.<\/p>\n<p>Otra lectura es la de que si Wiesner le entreg\u00f3 al Libertador esos elementos en Zipaquir\u00e1, y adem\u00e1s all\u00ed mismo, en Zipaquir\u00e1, Bol\u00edvar recibi\u00f3 los elogiosos informes sobre este ciudadano alem\u00e1n, haya procedido a hacer el nombramiento en esa misma ciudad, caso en el cual habr\u00eda que concluir que el 17 de septiembre el Libertador estuvo en Zipaquir\u00e1, y esta ser\u00eda, entonces, la primera fecha inmediatamente posterior a la Batalla de Boyac\u00e1 en la que estuvo.<\/p>\n<p>Ninguna de las piedras conmemorativas \u2014lamentablemente desaparecidas\u2014 da el 17 de septiembre de 1819 como fecha en la que el Libertador hubiese pasado por Zipaquir\u00e1.<\/p>\n<p>Lo que s\u00ed queda claro es que los cargos de fiel y de director de las minas eran diferentes y que este era de mayor categor\u00eda que aquel.<\/p>\n<p>Y obs\u00e9rvese tambi\u00e9n que el que hubiese elaborado los planos cartogr\u00e1ficos de las minas de Sesquil\u00e9 determin\u00f3 el nombramiento de Wiesner, por parte de Bol\u00edvar, como Director General de Salinas.<\/p>\n<p>&nbsp;<\/p>\n<p>En fin, lo importante es que, al igual que en las grandes naciones del mundo civilizado, en Colombia, y concretamente en Zipaquir\u00e1, se exaltan los hechos y los personajes hist\u00f3ricos en el bronce, siempre m\u00e1s perdurable que la fr\u00e1gil memoria humana.<\/p>\n<p>De esa manera, gracias al cincel, al martillo y al talento escult\u00f3rico, las nuevas generaciones de colombianos no perder\u00e1n su sentido de identidad y de pertenencia.<\/p>\n<p>Total, hay sentimientos colectivos que, en \u00faltimas, como anota Ernest Ren\u00e1n en su c\u00e9lebre conferencia de La Sorbona (Par\u00eds, 11 de marzo de 1882), constituyen los elementos que hacen que una naci\u00f3n exista: la conciencia de un pasado hist\u00f3rico com\u00fan es uno de ellos.<\/p>\n<p>&nbsp;<\/p>\n<p>\u00a1Que le quede bien linda, maestro!<\/p>\n<p>Y \u00a1Felicitaciones, Zipaquir\u00e1!<\/p>\n<p>&nbsp;<\/p>\n<p><img loading=\"lazy\" decoding=\"async\" class=\"aligncenter size-full wp-image-26149\" src=\"https:\/\/lapiedrafilosofal.com\/wp-content\/uploads\/2011\/07\/ANTONIO-FRIO-2.jpg\" alt=\"\" width=\"500\" height=\"540\" srcset=\"https:\/\/oscarhumbertogomez.com\/wp-content\/uploads\/2011\/07\/ANTONIO-FRIO-2.jpg 500w, https:\/\/oscarhumbertogomez.com\/wp-content\/uploads\/2011\/07\/ANTONIO-FRIO-2-278x300.jpg 278w\" sizes=\"auto, (max-width: 500px) 100vw, 500px\" \/><\/p>\n<p>&nbsp;<\/p>\n<p><em>Mesa de las Tempestades, \u00c1rea Metropolitana de Bucaramanga, martes 13 de agosto de 2019.<\/em><\/p>\n<p>&nbsp;<\/p>\n<p><strong>FOTOGRAF\u00cdAS:<\/strong> (1) Zipaquir\u00e1. Centro de Negocios Casa de los virreyes.<\/p>\n<p>(2) <em>Retrato<\/em>. Antonio Fr\u00edo.<\/p>\n<p>(3) <em>Don Sim\u00f3n despu\u00e9s de la guerra<\/em>. Antonio Fr\u00edo.<\/p>\n<p>(4) Bandera nacional de Colombia.<\/p>\n<p>(5) <em>Batalla de Boyac\u00e1<\/em>. Tr\u00edptico al \u00f3leo. Andr\u00e9s de Santa Mar\u00eda. 1926. Casa de Nari\u00f1o. Bogot\u00e1.<\/p>\n<p>(6) <em>Bol\u00edvar y Santander en los llanos<\/em>. Jes\u00fas Mar\u00eda Zamora. Museo Nacional. Bogot\u00e1.<\/p>\n<p>(7) <em>Antonio Nari\u00f1o<\/em>. Jos\u00e9 Mar\u00eda Espinosa. Museo Nacional. Bogot\u00e1.<\/p>\n<p>(8) Antonio Fr\u00edo.<\/p>\n<p>&nbsp;<\/p>\n<p><strong>\u00d3SCAR HUMBERTO G\u00d3MEZ G\u00d3MEZ<\/strong>: Miembro de la Academia de Historia de Santander y del Colegio Nacional de Periodistas (CNP).<\/p>\n<p>&nbsp;<\/p>\n","protected":false},"excerpt":{"rendered":"<p>&nbsp; Hemos tenido conocimiento de que, con ocasi\u00f3n del Bicentenario de la Independencia Nacional, Zipaquir\u00e1 rendir\u00e1 homenaje al Libertador de Colombia, general Sim\u00f3n Bol\u00edvar, con una escultura o monumento a trav\u00e9s del cual se perpetuar\u00e1 la presencia del ilustre pr\u00f3cer &hellip; <a href=\"https:\/\/oscarhumbertogomez.com\/?p=29995\">Sigue leyendo <span class=\"meta-nav\">&rarr;<\/span><\/a><\/p>\n<div class='heateorSssClear'><\/div><div  class='heateor_sss_sharing_container heateor_sss_horizontal_sharing' heateor-sss-data-href='https:\/\/oscarhumbertogomez.com\/?p=29995'><div class='heateor_sss_sharing_title' style=\"font-weight:bold\" >\u00a1Gracias por compartirla!<\/div><ul class=\"heateor_sss_sharing_ul\"><li class=\"heateorSssSharingRound\"><i style=\"width:35px;height:35px;border-radius:999px;\" alt=\"Facebook\" Title=\"Facebook\" class=\"heateorSssSharing heateorSssFacebookBackground\" onclick='heateorSssPopup(\"https:\/\/www.facebook.com\/sharer\/sharer.php?u=https%3A%2F%2Foscarhumbertogomez.com%2Findex.php%3Frest_route%3D%252Fwp%252Fv2%252Fposts%252F29995\")'><ss style=\"display:block;border-radius:999px;\" class=\"heateorSssSharingSvg heateorSssFacebookSvg\"><\/ss><\/i><\/li><li class=\"heateorSssSharingRound\"><i style=\"width:35px;height:35px;border-radius:999px;\" alt=\"Twitter\" Title=\"Twitter\" class=\"heateorSssSharing heateorSssTwitterBackground\" onclick='heateorSssPopup(\"http:\/\/twitter.com\/intent\/tweet?text=Bol%C3%ADvar%20en%20Zipaquir%C3%A1.%20Por%20%C3%93scar%20Humberto%20G%C3%B3mez%20G%C3%B3mez&url=https%3A%2F%2Foscarhumbertogomez.com%2Findex.php%3Frest_route%3D%252Fwp%252Fv2%252Fposts%252F29995\")'><ss style=\"display:block;border-radius:999px;\" class=\"heateorSssSharingSvg heateorSssTwitterSvg\"><\/ss><\/i><\/li><li class=\"heateorSssSharingRound\"><i style=\"width:35px;height:35px;border-radius:999px;\" alt=\"Whatsapp\" Title=\"Whatsapp\" class=\"heateorSssSharing heateorSssWhatsappBackground\" onclick='heateorSssPopup(\"https:\/\/web.whatsapp.com\/send?text=Bol%C3%ADvar%20en%20Zipaquir%C3%A1.%20Por%20%C3%93scar%20Humberto%20G%C3%B3mez%20G%C3%B3mez https%3A%2F%2Foscarhumbertogomez.com%2Findex.php%3Frest_route%3D%252Fwp%252Fv2%252Fposts%252F29995\")'><ss style=\"display:block\" class=\"heateorSssSharingSvg heateorSssWhatsappSvg\"><\/ss><\/i><\/li><li class=\"heateorSssSharingRound\"><i style=\"width:35px;height:35px;border-radius:999px;\" alt=\"Pinterest\" Title=\"Pinterest\" class=\"heateorSssSharing heateorSssPinterestBackground\" onclick=\"javascript:void( (function() {var e=document.createElement('script' );e.setAttribute('type','text\/javascript' );e.setAttribute('charset','UTF-8' );e.setAttribute('src','\/\/assets.pinterest.com\/js\/pinmarklet.js?r='+Math.random()*99999999);document.body.appendChild(e)})());\"><ss style=\"display:block;border-radius:999px;\" class=\"heateorSssSharingSvg heateorSssPinterestSvg\"><\/ss><\/i><\/li><li class=\"heateorSssSharingRound\"><i style=\"width:35px;height:35px;border-radius:999px;\" alt=\"Google Gmail\" Title=\"Google Gmail\" class=\"heateorSssSharing heateorSssGoogleGmailBackground\" onclick='heateorSssPopup(\"https:\/\/mail.google.com\/mail\/?ui=2&view=cm&fs=1&tf=1&su=Bol%C3%ADvar%20en%20Zipaquir%C3%A1.%20Por%20%C3%93scar%20Humberto%20G%C3%B3mez%20G%C3%B3mez&body=Link:https%3A%2F%2Foscarhumbertogomez.com%2Findex.php%3Frest_route%3D%252Fwp%252Fv2%252Fposts%252F29995\")'><ss style=\"display:block;border-radius:999px;\" class=\"heateorSssSharingSvg heateorSssGoogleGmailSvg\"><\/ss><\/i><\/li><li class=\"heateorSssSharingRound\"><i style=\"width:35px;height:35px;border-radius:999px;\" title=\"More\" alt=\"More\" class=\"heateorSssSharing heateorSssMoreBackground\" onclick=\"heateorSssMoreSharingPopup(this, 'https:\/\/oscarhumbertogomez.com\/index.php?rest_route=%2Fwp%2Fv2%2Fposts%2F29995', 'Bol%C3%ADvar%20en%20Zipaquir%C3%A1.%20Por%20%C3%93scar%20Humberto%20G%C3%B3mez%20G%C3%B3mez', '' )\" ><ss style=\"display:block\" class=\"heateorSssSharingSvg heateorSssMoreSvg\"><\/ss><\/i><\/li><\/ul><div class=\"heateorSssClear\"><\/div><\/div><div class='heateorSssClear'><\/div>","protected":false},"author":2,"featured_media":0,"comment_status":"closed","ping_status":"closed","sticky":false,"template":"","format":"standard","meta":{"spay_email":"","footnotes":""},"categories":[71],"tags":[],"class_list":["post-29995","post","type-post","status-publish","format-standard","hentry","category-pintura-y-escultura"],"jetpack_featured_media_url":"","jetpack_shortlink":"https:\/\/wp.me\/p1FYrr-7NN","_links":{"self":[{"href":"https:\/\/oscarhumbertogomez.com\/index.php?rest_route=\/wp\/v2\/posts\/29995","targetHints":{"allow":["GET"]}}],"collection":[{"href":"https:\/\/oscarhumbertogomez.com\/index.php?rest_route=\/wp\/v2\/posts"}],"about":[{"href":"https:\/\/oscarhumbertogomez.com\/index.php?rest_route=\/wp\/v2\/types\/post"}],"author":[{"embeddable":true,"href":"https:\/\/oscarhumbertogomez.com\/index.php?rest_route=\/wp\/v2\/users\/2"}],"replies":[{"embeddable":true,"href":"https:\/\/oscarhumbertogomez.com\/index.php?rest_route=%2Fwp%2Fv2%2Fcomments&post=29995"}],"version-history":[{"count":5,"href":"https:\/\/oscarhumbertogomez.com\/index.php?rest_route=\/wp\/v2\/posts\/29995\/revisions"}],"predecessor-version":[{"id":47847,"href":"https:\/\/oscarhumbertogomez.com\/index.php?rest_route=\/wp\/v2\/posts\/29995\/revisions\/47847"}],"wp:attachment":[{"href":"https:\/\/oscarhumbertogomez.com\/index.php?rest_route=%2Fwp%2Fv2%2Fmedia&parent=29995"}],"wp:term":[{"taxonomy":"category","embeddable":true,"href":"https:\/\/oscarhumbertogomez.com\/index.php?rest_route=%2Fwp%2Fv2%2Fcategories&post=29995"},{"taxonomy":"post_tag","embeddable":true,"href":"https:\/\/oscarhumbertogomez.com\/index.php?rest_route=%2Fwp%2Fv2%2Ftags&post=29995"}],"curies":[{"name":"wp","href":"https:\/\/api.w.org\/{rel}","templated":true}]}}