{"id":30057,"date":"2019-08-16T11:46:53","date_gmt":"2019-08-16T16:46:53","guid":{"rendered":"http:\/\/www.oscarhumbertogomez.com\/?p=30057"},"modified":"2025-04-04T21:03:13","modified_gmt":"2025-04-05T02:03:13","slug":"miguel-angel-alarcon-nivia-diserto-anoche-en-la-academia-de-historia-de-santander-el-efecto-domino-en-la-independencia-de-america-fue-el-titulo-de-su-conferencia-por-oscar-humberto-gomez-gomez","status":"publish","type":"post","link":"https:\/\/oscarhumbertogomez.com\/?p=30057","title":{"rendered":"MIGUEL \u00c1NGEL ALARC\u00d3N NIVIA DISERT\u00d3 ANOCHE EN LA ACADEMIA DE HISTORIA DE SANTANDER. &#8220;El efecto domin\u00f3 en la Independencia de Am\u00e9rica&#8221; fue el t\u00edtulo de su conferencia. Por \u00d3scar Humberto G\u00f3mez G\u00f3mez"},"content":{"rendered":"<div id=\"attachment_30059\" style=\"width: 910px\" class=\"wp-caption aligncenter\"><img decoding=\"async\" aria-describedby=\"caption-attachment-30059\" class=\"size-full wp-image-30059\" src=\"https:\/\/lapiedrafilosofal.com\/wp-content\/uploads\/2019\/08\/MIGUEL-ANGEL-ALARCON-NIVIA.jpg\" alt=\"\" width=\"500\" height=\"\" srcset=\"https:\/\/oscarhumbertogomez.com\/wp-content\/uploads\/2019\/08\/MIGUEL-ANGEL-ALARCON-NIVIA.jpg 900w, https:\/\/oscarhumbertogomez.com\/wp-content\/uploads\/2019\/08\/MIGUEL-ANGEL-ALARCON-NIVIA-150x150.jpg 150w, https:\/\/oscarhumbertogomez.com\/wp-content\/uploads\/2019\/08\/MIGUEL-ANGEL-ALARCON-NIVIA-300x300.jpg 300w, https:\/\/oscarhumbertogomez.com\/wp-content\/uploads\/2019\/08\/MIGUEL-ANGEL-ALARCON-NIVIA-768x768.jpg 768w\" sizes=\"(max-width: 900px) 100vw, 900px\" \/><p id=\"caption-attachment-30059\" class=\"wp-caption-text\">DR. MIGUEL \u00c1NGEL ALARC\u00d3N NIVIA, M.D.<\/p><\/div>\n<p>&nbsp;<\/p>\n<p>Una amena, did\u00e1ctica y muy completa exposici\u00f3n acerca del tema &#8220;<strong>EL EFECTO DOMIN\u00d3 EN LA INDEPENDENCIA DE AM\u00c9RICA<\/strong>&#8221; hizo anoche en la Academia de Historia de Santander Don Miguel \u00c1ngel Alarc\u00f3n Nivia, Miembro de N\u00famero de la Instituci\u00f3n y distinguido m\u00e9dico ginec\u00f3logo y obstetra santandereano.<\/p>\n<p>&nbsp;<\/p>\n<div id=\"attachment_19573\" style=\"width: 810px\" class=\"wp-caption aligncenter\"><img loading=\"lazy\" decoding=\"async\" aria-describedby=\"caption-attachment-19573\" class=\"size-full wp-image-19573\" src=\"https:\/\/lapiedrafilosofal.com\/wp-content\/uploads\/2016\/05\/CasaBolivar13.jpg\" alt=\"\" width=\"800\" height=\"532\" srcset=\"https:\/\/oscarhumbertogomez.com\/wp-content\/uploads\/2016\/05\/CasaBolivar13.jpg 800w, https:\/\/oscarhumbertogomez.com\/wp-content\/uploads\/2016\/05\/CasaBolivar13-300x200.jpg 300w, https:\/\/oscarhumbertogomez.com\/wp-content\/uploads\/2016\/05\/CasaBolivar13-768x511.jpg 768w\" sizes=\"auto, (max-width: 800px) 100vw, 800px\" \/><p id=\"caption-attachment-19573\" class=\"wp-caption-text\">CASA DE BOL\u00cdVAR, SEDE DE LA ACADEMIA DE HISTORIA DE SANTANDER<\/p><\/div>\n<p>&nbsp;<\/p>\n<p>Abri\u00f3 el acto el Presidente de la Academia, el ingeniero e historiador giron\u00e9s Don Miguel Jos\u00e9 Pinilla Guti\u00e9rrez, quien resalt\u00f3 la pertinencia del tema de la charla dentro del contexto de la celebraci\u00f3n del Bicentenario de la Independencia Nacional. Resumi\u00f3 que el proceso independentista se remontaba, cuando menos, a la Insurrecci\u00f3n de los Comuneros en 1781, pasaba por el Grito de Independencia del 20 de julio de 1810, continuaba con la Campa\u00f1a Libertadora, las batallas de G\u00e1meza, T\u00f3paga, etc\u00e9tera, luego la Batalla de Boyac\u00e1 el 7 de agosto de 1819, hasta el nacimiento de la Gran Colombia en 1821. Manifest\u00f3, finalmente, que dejaba a los asistentes con la intervenci\u00f3n del expositor, el acad\u00e9mico de n\u00famero Don Miguel \u00c1ngel Alarc\u00f3n Nivia.<\/p>\n<p>&nbsp;<\/p>\n<div id=\"attachment_24995\" style=\"width: 650px\" class=\"wp-caption aligncenter\"><img loading=\"lazy\" decoding=\"async\" aria-describedby=\"caption-attachment-24995\" class=\"size-full wp-image-24995\" src=\"https:\/\/lapiedrafilosofal.com\/wp-content\/uploads\/2018\/02\/Miguel-Jose-Pinilla.jpg\" alt=\"\" width=\"640\" height=\"480\" srcset=\"https:\/\/oscarhumbertogomez.com\/wp-content\/uploads\/2018\/02\/Miguel-Jose-Pinilla.jpg 640w, https:\/\/oscarhumbertogomez.com\/wp-content\/uploads\/2018\/02\/Miguel-Jose-Pinilla-300x225.jpg 300w\" sizes=\"auto, (max-width: 640px) 100vw, 640px\" \/><p id=\"caption-attachment-24995\" class=\"wp-caption-text\">DR. MIGUEL JOS\u00c9 PINILLA GUTI\u00c9RREZ, PRESIDENTE DE LA ACADEMIA<\/p><\/div>\n<p>&nbsp;<\/p>\n<p>El reputado facultativo, en apenas una hora, y con el apoyo ilustrativo del &#8220;video beam&#8221;, sintetiz\u00f3 magistralmente lo que fue el complejo decurso hist\u00f3rico de la llegada de los extranjeros, particularmente los ingleses, los espa\u00f1oles y los portugueses a Am\u00e9rica, y el surgimiento y desarrollo de las luchas independentistas a lo largo y ancho del continente hasta que, en diferentes a\u00f1os, y como en un efecto domin\u00f3, se desencadenaron, uno tras otro, los resultados emancipadores y el logro de la independencia nacional de los diversos pa\u00edses americanos.<\/p>\n<p>Rememor\u00f3 el conferencista la trata de esclavos negros, que eran capturados en el \u00c1frica, situaci\u00f3n que asombrosamente a\u00fan se denunciaba como de ocurrencia actual, y exalt\u00f3 la figura egregia de Pedro Claver, un catal\u00e1n que vino a vivir y a morir en Cartagena de Indias, luego de haberse convertido en el defensor de la dignidad de los negros.<\/p>\n<p>Sorprendi\u00f3 a la audiencia el expositor con la informaci\u00f3n hist\u00f3rica de que dos papas intentaron elevar a los altares a Crist\u00f3bal Col\u00f3n, precisando, de paso, cu\u00e1l era el verdadero nombre del marinero que, en busca de un camino m\u00e1s breve para llegar a las Indias en busca de especias, termin\u00f3 descubriendo a Am\u00e9rica en 1492. Estos intentos de beatificaci\u00f3n de Crist\u00f3foro Colombo \u2014verdadero nombre del navegante italiano\u2014 sucedieron en el siglo XVIII y en el siglo XIX, este \u00faltimo por parte del papa Le\u00f3n XIII.<\/p>\n<p>Habl\u00f3 de la simbolog\u00eda de los monumentos y de c\u00f3mo se estaban desmontando en diversas partes de la tierra monumentos que encerraban un significado equ\u00edvoco como el de San Francisco de As\u00eds en los Estados Unidos de Am\u00e9rica, que parec\u00eda justificar el trato que los misioneros le dieron al nativo americano.<\/p>\n<p>Explic\u00f3 que el rey de Espa\u00f1a Fernando VII hab\u00eda aceptado la propuesta de Napole\u00f3n Bonaparte, emperador de Francia, de que permitiera el ingreso de su ej\u00e9rcito a territorio espa\u00f1ol para, de ah\u00ed, pasar a invadir a Portugal, y que tal aceptaci\u00f3n obedeci\u00f3 a que el invasor le plante\u00f3 dividirse ese pa\u00eds entre espa\u00f1oles y franceses, pero que despu\u00e9s el emperador franc\u00e9s result\u00f3 poniendo en evidencia que su proyecto era el de quedarse en Espa\u00f1a, y, entonces, se produjo el apresamiento del rey espa\u00f1ol. Rememor\u00f3 que este rey fue recluido en territorio franc\u00e9s rodeado de comodidades, mientras su pueblo padec\u00eda v\u00edctima del hambre. Por eso, \u2014explic\u00f3\u2014 a Fernando VII, as\u00ed como se le conoc\u00eda con el sobrenombre de &#8220;El deseado&#8221;, tambi\u00e9n se le llamaba &#8220;El rey fel\u00f3n&#8221;.<\/p>\n<p>Abord\u00f3 el punto de la influencia de Francia en el proceso de Independencia americana y record\u00f3 que aqu\u00ed mismo Antonio Nari\u00f1o hab\u00eda traducido &#8220;Los derechos del hombre&#8221;. Empero, enfatiz\u00f3 en que cuando en la Revoluci\u00f3n Francesa se habl\u00f3 de los derechos &#8220;del hombre&#8221; realmente se circunscribi\u00f3 todo a los derechos del var\u00f3n, excluyendo a la mujer. Explic\u00f3 que fue otro personaje, Olympia de Gouges, quien redact\u00f3 &#8220;Los derechos de la mujer&#8221; y que el haberlo hecho termin\u00f3 cost\u00e1ndole la vida, pues fue ejecutada en la guillotina.<\/p>\n<p>Acerca de los factores que confluyeron en el proceso de la Independencia americana dijo que deb\u00eda citarse, entre otros, la influencia de la masoner\u00eda, pues patriotas como Francisco de Paula Santander y Antonio Nari\u00f1o eran masones. Excluy\u00f3 a Sim\u00f3n Bol\u00edvar, pues aunque hab\u00eda sido mas\u00f3n, termin\u00f3 en contra de la masoner\u00eda.<\/p>\n<p>Tambi\u00e9n deb\u00eda citarse la aparici\u00f3n de la Declaraci\u00f3n de los Derechos del Hombre (con la salvedad ya anotada), el apresamiento de Fernando VII por parte de los franceses, y otros factores m\u00e1s.<\/p>\n<p>Se introdujo en el tema del Grito de Independencia que se dio en los diversos pa\u00edses, exponiendo las fechas de cada uno, para poner de relieve que solamente en Argentina la fecha del Grito de Independencia coincidi\u00f3 con la efectiva independencia nacional del pa\u00eds, pues en el resto de pa\u00edses una fue la fecha del Grito de Independencia y otra fue la fecha en que, efectivamente, el pa\u00eds se independiz\u00f3, y que, por ejemplo, Ecuador solo se independiz\u00f3 13 a\u00f1os despu\u00e9s del Grito de Independencia mientras que Cuba solamente vino a independizarse 91 a\u00f1os despu\u00e9s del Grito.<\/p>\n<p>De manera tangencial toc\u00f3 el tema de la m\u00fasica y rememor\u00f3 que la contradanza <em>La vencedora<\/em> hab\u00eda sido nuestro primer Himno Nacional, ilustrando que el nombre de &#8220;contradanza&#8221; proven\u00eda de una deformaci\u00f3n de la expresi\u00f3n francesa con la que se designaba ese aire musical.<\/p>\n<p>Hizo, finalmente, una exaltaci\u00f3n del papel protag\u00f3nico de la mujer en la Guerra de Independencia y, en general, en todo el proceso emancipador y remat\u00f3 con una oda de su propia autor\u00eda que escribi\u00f3 para homenajear ese importante papel de la mujer en las luchas independentistas.<\/p>\n<p>Al cierre de su interesante disertaci\u00f3n, el conferenciante, sonriente, solicit\u00f3 que los asistentes tomaran parte con sus observaciones y preguntas, pues la idea de la conferencia no era la de que hablara solamente el expositor y terminara &#8220;durmiendo&#8221; a la audiencia. Advirti\u00f3 que, en todo caso, se trataba de un tema que, por su gran extensi\u00f3n, era imposible tocarlo a fondo en apenas una hora, que el tema proporcionaba material suficiente para una maestr\u00eda.<\/p>\n<p>&nbsp;<\/p>\n<div id=\"attachment_30060\" style=\"width: 739px\" class=\"wp-caption aligncenter\"><img loading=\"lazy\" decoding=\"async\" aria-describedby=\"caption-attachment-30060\" class=\"size-full wp-image-30060\" src=\"https:\/\/lapiedrafilosofal.com\/wp-content\/uploads\/2019\/08\/miguel-angel-alarcon.jpg\" alt=\"\" width=\"729\" height=\"484\" srcset=\"https:\/\/oscarhumbertogomez.com\/wp-content\/uploads\/2019\/08\/miguel-angel-alarcon.jpg 729w, https:\/\/oscarhumbertogomez.com\/wp-content\/uploads\/2019\/08\/miguel-angel-alarcon-300x199.jpg 300w\" sizes=\"auto, (max-width: 729px) 100vw, 729px\" \/><p id=\"caption-attachment-30060\" class=\"wp-caption-text\">EL DR. MIGUEL \u00c1NGEL ALARC\u00d3N NIVIA EL D\u00cdA DE SU POSESI\u00d3N COMO NUEVO DIRECTOR DE GINECOLOG\u00cdA Y OBSTETRICIA DE LA UIS<\/p><\/div>\n<p>&nbsp;<\/p>\n<p>Intervinieron, entonces, algunos de los asistentes. As\u00ed, el acad\u00e9mico Rafael Saavedra Hern\u00e1ndez, luego de poner de presente la gran importancia del tema tratado en la conferencia y la imposibilidad de agotarlo en apenas una hora, enfatiz\u00f3 en que, de todos modos, algunos t\u00f3picos era necesario precisarlos en aras de la objetividad, pues de lo contrario podr\u00edan quedar en el aire interpretaciones equivocadas. El principal punto tocado por el interviniente fue el del &#8220;encuentro de culturas&#8221; que hubo realmente en el llamado proceso de conquista.<\/p>\n<p>El acad\u00e9mico \u00d3scar Humberto G\u00f3mez G\u00f3mez exalt\u00f3 a otra figura de la Iglesia que, as\u00ed como Pedro Claver hab\u00eda defendido a los negros, hab\u00eda hecho lo propio con los ind\u00edgenas, como lo era Bartolom\u00e9 de las Casas, adem\u00e1s de otras figuras del catolicismo como Montesinos, con lo cual era claro que la Iglesia se dividi\u00f3 en sus posiciones durante aquella \u00e9poca hist\u00f3rica.<\/p>\n<p>Record\u00f3 que en su novela <em>La vor\u00e1gine<\/em>, Jos\u00e9 Eustasio Rivera hab\u00eda denunciado la situaci\u00f3n de los ind\u00edgenas caucheros del Putumayo, sometidos a la esclavitud por la Casa Arana.<\/p>\n<p>Dijo, adem\u00e1s, que era importante resaltar el papel de los negros y de los ni\u00f1os en el proceso independentista y cit\u00f3 los casos del almirante Jos\u00e9 prudencio Padilla y de los menores Helena Santos y Pedro Pascasio Mart\u00ednez.<\/p>\n<p>Manifest\u00f3 que, en todo caso, como amante del idioma, quer\u00eda resaltar lo expresado por Pablo Neruda en su obra <em>Confieso que he vivido<\/em> cuando escribi\u00f3 que los espa\u00f1oles &#8220;se llevaron el oro y nos dejaron el oro: nos dejaron las palabras&#8221;.<\/p>\n<p>Se\u00f1al\u00f3, finalmente, que la esclavitud segu\u00eda siendo una realidad a\u00fan hoy en d\u00eda, como se evidenciaba con la situaci\u00f3n de las mujeres trabajadoras de Ju\u00e1rez, M\u00e9xico, que producen los pantalones que nos ponemos aqu\u00ed y a quienes no se les permite siquiera ir al ba\u00f1o.<\/p>\n<p>El acad\u00e9mico Rafael Saavedra Hern\u00e1ndez acot\u00f3 que, en efecto, se trata de las mujeres que trabajan en las maquilas.<\/p>\n<p>El conferencista dijo que&nbsp; ni siquiera era necesario irse hasta Ju\u00e1rez, porque aqu\u00ed no m\u00e1s, en Piedecuesta, las mujeres trabajadoras estaban siendo obligadas a trabajar en condiciones de esclavitud.<\/p>\n<p>Habl\u00f3 otro de los asistentes, de quien no anotamos el nombre y cuando quisimos pregunt\u00e1rselo \u2014al caer en la cuenta de que no lo ten\u00edamos\u2014 ya se hab\u00eda retirado. Hizo una extensa exposici\u00f3n acerca de los desarrollos hist\u00f3ricos a los que se hab\u00eda referido el conferencista.<\/p>\n<p>En aras de que otros de los asistentes alcanzaran a intervenir, el conferenciante solicit\u00f3 la mayor brevedad posible, petici\u00f3n que fue respaldada por el acad\u00e9mico Miguel Jos\u00e9 Pinilla Guti\u00e9rrez, quien record\u00f3 que, en \u00faltimas, se trataba de una conferencia.<\/p>\n<p>M\u00e1s all\u00e1 de lo acertada de la observaci\u00f3n, sin embargo, la exposici\u00f3n del asistente fue \u2014hay que reconocerlo\u2014 bastante ilustrativa e interesante, aunque s\u00ed resultaba, ciertamente, inconveniente su extensi\u00f3n en aquel momento.<\/p>\n<p>El acad\u00e9mico Gustavo Galvis Arenas intervino para subrayar que lo m\u00e1s importante de la charla era que pon\u00eda de presente que la Independencia fue un proceso, que no hab\u00eda sido una iluminaci\u00f3n de nadie, ni se hab\u00eda obtenido en una o dos batallas; que eso ten\u00eda que quedar perfectamente claro. Dijo, adem\u00e1s, que la influencia extranjera comprend\u00eda incluso a los Estados Unidos, pues, por ejemplo, Camilo Torres era federalista, y lo era porque hab\u00eda conocido ese sistema como el adoptado por los independentistas norteamericanos.<\/p>\n<p>Intervino, finalmente, la asistente Ang\u00e9lica Alarc\u00f3n, joven historiadora egresada de la Escuela de Historia de la Universidad Industrial de Santander (UIS), quien refut\u00f3 la idea de que la conquista hubiese sido un simple &#8220;encuentro de culturas&#8221;, pues lo que hubo fue la invasi\u00f3n violenta de los territorios americanos por parte de extranjeros poderosos que arrasaron con la cultura invadida y despojaron a los nativos de estas tierras del oro y de sus riquezas naturales. Dijo que, m\u00e1s all\u00e1 de los casos particulares que se mencionaron, como el de Bartolom\u00e9 de las Casas, lo que nos ten\u00edamos que preguntar era: &#8220;\u00bfEstamos siendo hoy independientes?&#8221;. Resalt\u00f3 que hoy, por ejemplo, nos quieren volver a quitar el oro, se lo quieren llevar otra vez los extranjeros.<\/p>\n<p>El Presidente de la Academia, Don Miguel Jos\u00e9 Pinilla Guti\u00e9rrez, cerr\u00f3 el acto acad\u00e9mico e invit\u00f3 al vino de honor ofrecido por el conferenciante, quien fue c\u00e1lidamente aplaudido y felicitado por los asistentes.<\/p>\n<p>Se sirvi\u00f3, entonces, un exquisito vino tinto acompa\u00f1ado de unas delicias gastron\u00f3micas.<\/p>\n<p>&nbsp;<\/p>\n<div id=\"attachment_29216\" style=\"width: 650px\" class=\"wp-caption aligncenter\"><img loading=\"lazy\" decoding=\"async\" aria-describedby=\"caption-attachment-29216\" class=\"size-large wp-image-29216\" src=\"https:\/\/lapiedrafilosofal.com\/wp-content\/uploads\/2019\/07\/CASA-DE-BOLIVAR-SALON-PRINCIPAL-1024x713.jpg\" alt=\"\" width=\"640\" height=\"446\" srcset=\"https:\/\/oscarhumbertogomez.com\/wp-content\/uploads\/2019\/07\/CASA-DE-BOLIVAR-SALON-PRINCIPAL-1024x713.jpg 1024w, https:\/\/oscarhumbertogomez.com\/wp-content\/uploads\/2019\/07\/CASA-DE-BOLIVAR-SALON-PRINCIPAL-300x209.jpg 300w, https:\/\/oscarhumbertogomez.com\/wp-content\/uploads\/2019\/07\/CASA-DE-BOLIVAR-SALON-PRINCIPAL-768x535.jpg 768w, https:\/\/oscarhumbertogomez.com\/wp-content\/uploads\/2019\/07\/CASA-DE-BOLIVAR-SALON-PRINCIPAL.jpg 2000w\" sizes=\"auto, (max-width: 640px) 100vw, 640px\" \/><p id=\"caption-attachment-29216\" class=\"wp-caption-text\">SAL\u00d3N PRINCIPAL DE LA CASA DE BOL\u00cdVAR DONDE SE LLEV\u00d3 A CABO LA DISERTACI\u00d3N ANOCHE<\/p><\/div>\n<p>&nbsp;<\/p>\n<p>El Dr. Miguel \u00c1ngel Alarc\u00f3n Nivia es m\u00e9dico y cirujano de la Universidad Nacional de Colombia, de Bogot\u00e1, donde se gradu\u00f3 en el a\u00f1o 1982. Especialista en Ginecolog\u00eda y Obstetricia de la Universidad Industrial de Santander, alma mater donde, igualmente, se especializ\u00f3 en Docencia Universitaria, es, adem\u00e1s, mag\u00edster en Epidemiolog\u00eda Cl\u00ednica de la Pontificia Universidad Javeriana. Se desempe\u00f1a como Director de Ginecolog\u00eda y Obstetricia en la Universidad Industrial de Santander, y como Magistrado del Tribunal de \u00c9tica M\u00e9dica. Es autor de numerosos art\u00edculos cient\u00edficos, publicados por la Revista Colombiana de Ginecolog\u00eda y Obstetricia, entre otros medios, y coautor del libro <em>Anatom\u00eda cl\u00ednica del aparato genital femenino<\/em>. Como historiador, ha publicado sus art\u00edculos en la revista Estudio, \u00f3rgano de la Academia de Historia de Santander.<\/p>\n<p>&nbsp;<\/p>\n<p>Queremos agradecerle p\u00fablicamente al ilustre expositor por todas las ense\u00f1anzas que anoche nos imparti\u00f3, la claridad de su disertaci\u00f3n, su inter\u00e9s en apoyarla con im\u00e1genes y textos orientadores, y las atenciones que nos dispens\u00f3 a los asistentes.<\/p>\n<p>\u00a1Felicitaciones, doctor!<\/p>\n<p>Y quedamos listos para la pr\u00f3xima.<\/p>\n<p>&nbsp;<\/p>\n","protected":false},"excerpt":{"rendered":"<p>&nbsp; Una amena, did\u00e1ctica y muy completa exposici\u00f3n acerca del tema &#8220;EL EFECTO DOMIN\u00d3 EN LA INDEPENDENCIA DE AM\u00c9RICA&#8221; hizo anoche en la Academia de Historia de Santander Don Miguel \u00c1ngel Alarc\u00f3n Nivia, Miembro de N\u00famero de la Instituci\u00f3n y &hellip; <a href=\"https:\/\/oscarhumbertogomez.com\/?p=30057\">Sigue leyendo <span class=\"meta-nav\">&rarr;<\/span><\/a><\/p>\n<div class='heateorSssClear'><\/div><div  class='heateor_sss_sharing_container heateor_sss_horizontal_sharing' heateor-sss-data-href='https:\/\/oscarhumbertogomez.com\/?p=30057'><div class='heateor_sss_sharing_title' style=\"font-weight:bold\" >\u00a1Gracias por compartirla!<\/div><ul class=\"heateor_sss_sharing_ul\"><li class=\"heateorSssSharingRound\"><i style=\"width:35px;height:35px;border-radius:999px;\" alt=\"Facebook\" Title=\"Facebook\" class=\"heateorSssSharing heateorSssFacebookBackground\" onclick='heateorSssPopup(\"https:\/\/www.facebook.com\/sharer\/sharer.php?u=https%3A%2F%2Foscarhumbertogomez.com%2Findex.php%3Frest_route%3D%252Fwp%252Fv2%252Fposts%252F30057\")'><ss style=\"display:block;border-radius:999px;\" class=\"heateorSssSharingSvg heateorSssFacebookSvg\"><\/ss><\/i><\/li><li class=\"heateorSssSharingRound\"><i style=\"width:35px;height:35px;border-radius:999px;\" alt=\"Twitter\" Title=\"Twitter\" class=\"heateorSssSharing heateorSssTwitterBackground\" onclick='heateorSssPopup(\"http:\/\/twitter.com\/intent\/tweet?text=MIGUEL%20%C3%81NGEL%20ALARC%C3%93N%20NIVIA%20DISERT%C3%93%20ANOCHE%20EN%20LA%20ACADEMIA%20DE%20HISTORIA%20DE%20SANTANDER.%20%22El%20efecto%20domin%C3%B3%20en%20la%20Independencia%20de%20Am%C3%A9rica%22%20fue%20el%20t%C3%ADtulo%20de%20su%20conferencia.%20Por%20%C3%93scar%20Humberto%20G%C3%B3mez%20G%C3%B3mez&url=https%3A%2F%2Foscarhumbertogomez.com%2Findex.php%3Frest_route%3D%252Fwp%252Fv2%252Fposts%252F30057\")'><ss style=\"display:block;border-radius:999px;\" class=\"heateorSssSharingSvg heateorSssTwitterSvg\"><\/ss><\/i><\/li><li class=\"heateorSssSharingRound\"><i style=\"width:35px;height:35px;border-radius:999px;\" alt=\"Whatsapp\" Title=\"Whatsapp\" class=\"heateorSssSharing heateorSssWhatsappBackground\" onclick='heateorSssPopup(\"https:\/\/web.whatsapp.com\/send?text=MIGUEL%20%C3%81NGEL%20ALARC%C3%93N%20NIVIA%20DISERT%C3%93%20ANOCHE%20EN%20LA%20ACADEMIA%20DE%20HISTORIA%20DE%20SANTANDER.%20%22El%20efecto%20domin%C3%B3%20en%20la%20Independencia%20de%20Am%C3%A9rica%22%20fue%20el%20t%C3%ADtulo%20de%20su%20conferencia.%20Por%20%C3%93scar%20Humberto%20G%C3%B3mez%20G%C3%B3mez https%3A%2F%2Foscarhumbertogomez.com%2Findex.php%3Frest_route%3D%252Fwp%252Fv2%252Fposts%252F30057\")'><ss style=\"display:block\" class=\"heateorSssSharingSvg heateorSssWhatsappSvg\"><\/ss><\/i><\/li><li class=\"heateorSssSharingRound\"><i style=\"width:35px;height:35px;border-radius:999px;\" alt=\"Pinterest\" Title=\"Pinterest\" class=\"heateorSssSharing heateorSssPinterestBackground\" onclick=\"javascript:void( (function() {var e=document.createElement('script' );e.setAttribute('type','text\/javascript' );e.setAttribute('charset','UTF-8' );e.setAttribute('src','\/\/assets.pinterest.com\/js\/pinmarklet.js?r='+Math.random()*99999999);document.body.appendChild(e)})());\"><ss style=\"display:block;border-radius:999px;\" class=\"heateorSssSharingSvg heateorSssPinterestSvg\"><\/ss><\/i><\/li><li class=\"heateorSssSharingRound\"><i style=\"width:35px;height:35px;border-radius:999px;\" alt=\"Google Gmail\" Title=\"Google Gmail\" class=\"heateorSssSharing heateorSssGoogleGmailBackground\" onclick='heateorSssPopup(\"https:\/\/mail.google.com\/mail\/?ui=2&view=cm&fs=1&tf=1&su=MIGUEL%20%C3%81NGEL%20ALARC%C3%93N%20NIVIA%20DISERT%C3%93%20ANOCHE%20EN%20LA%20ACADEMIA%20DE%20HISTORIA%20DE%20SANTANDER.%20%22El%20efecto%20domin%C3%B3%20en%20la%20Independencia%20de%20Am%C3%A9rica%22%20fue%20el%20t%C3%ADtulo%20de%20su%20conferencia.%20Por%20%C3%93scar%20Humberto%20G%C3%B3mez%20G%C3%B3mez&body=Link:https%3A%2F%2Foscarhumbertogomez.com%2Findex.php%3Frest_route%3D%252Fwp%252Fv2%252Fposts%252F30057\")'><ss style=\"display:block;border-radius:999px;\" class=\"heateorSssSharingSvg heateorSssGoogleGmailSvg\"><\/ss><\/i><\/li><li class=\"heateorSssSharingRound\"><i style=\"width:35px;height:35px;border-radius:999px;\" title=\"More\" alt=\"More\" class=\"heateorSssSharing heateorSssMoreBackground\" onclick=\"heateorSssMoreSharingPopup(this, 'https:\/\/oscarhumbertogomez.com\/index.php?rest_route=%2Fwp%2Fv2%2Fposts%2F30057', 'MIGUEL%20%C3%81NGEL%20ALARC%C3%93N%20NIVIA%20DISERT%C3%93%20ANOCHE%20EN%20LA%20ACADEMIA%20DE%20HISTORIA%20DE%20SANTANDER.%20%22El%20efecto%20domin%C3%B3%20en%20la%20Independencia%20de%20Am%C3%A9rica%22%20fue%20el%20t%C3%ADtulo%20de%20su%20conferencia.%20Por%20%C3%93scar%20Humberto%20G%C3%B3mez%20G%C3%B3mez', '' )\" ><ss style=\"display:block\" class=\"heateorSssSharingSvg heateorSssMoreSvg\"><\/ss><\/i><\/li><\/ul><div class=\"heateorSssClear\"><\/div><\/div><div class='heateorSssClear'><\/div>","protected":false},"author":2,"featured_media":0,"comment_status":"open","ping_status":"open","sticky":false,"template":"","format":"standard","meta":{"spay_email":"","footnotes":""},"categories":[1],"tags":[],"class_list":["post-30057","post","type-post","status-publish","format-standard","hentry","category-blog"],"jetpack_featured_media_url":"","jetpack_shortlink":"https:\/\/wp.me\/p1FYrr-7ON","_links":{"self":[{"href":"https:\/\/oscarhumbertogomez.com\/index.php?rest_route=\/wp\/v2\/posts\/30057","targetHints":{"allow":["GET"]}}],"collection":[{"href":"https:\/\/oscarhumbertogomez.com\/index.php?rest_route=\/wp\/v2\/posts"}],"about":[{"href":"https:\/\/oscarhumbertogomez.com\/index.php?rest_route=\/wp\/v2\/types\/post"}],"author":[{"embeddable":true,"href":"https:\/\/oscarhumbertogomez.com\/index.php?rest_route=\/wp\/v2\/users\/2"}],"replies":[{"embeddable":true,"href":"https:\/\/oscarhumbertogomez.com\/index.php?rest_route=%2Fwp%2Fv2%2Fcomments&post=30057"}],"version-history":[{"count":5,"href":"https:\/\/oscarhumbertogomez.com\/index.php?rest_route=\/wp\/v2\/posts\/30057\/revisions"}],"predecessor-version":[{"id":53562,"href":"https:\/\/oscarhumbertogomez.com\/index.php?rest_route=\/wp\/v2\/posts\/30057\/revisions\/53562"}],"wp:attachment":[{"href":"https:\/\/oscarhumbertogomez.com\/index.php?rest_route=%2Fwp%2Fv2%2Fmedia&parent=30057"}],"wp:term":[{"taxonomy":"category","embeddable":true,"href":"https:\/\/oscarhumbertogomez.com\/index.php?rest_route=%2Fwp%2Fv2%2Fcategories&post=30057"},{"taxonomy":"post_tag","embeddable":true,"href":"https:\/\/oscarhumbertogomez.com\/index.php?rest_route=%2Fwp%2Fv2%2Ftags&post=30057"}],"curies":[{"name":"wp","href":"https:\/\/api.w.org\/{rel}","templated":true}]}}