{"id":30119,"date":"2019-08-20T15:43:37","date_gmt":"2019-08-20T20:43:37","guid":{"rendered":"http:\/\/www.oscarhumbertogomez.com\/?p=30119"},"modified":"2019-09-17T22:16:06","modified_gmt":"2019-09-18T03:16:06","slug":"hoy-tertulia-en-la-academia-de-historia-de-santander-sobre-el-pais-de-la-canela-de-william-ospina","status":"publish","type":"post","link":"https:\/\/oscarhumbertogomez.com\/?p=30119","title":{"rendered":"HOY: TERTULIA EN LA ACADEMIA DE HISTORIA DE SANTANDER SOBRE &#8220;EL PA\u00cdS DE LA CANELA&#8221; DE WILLIAM OSPINA"},"content":{"rendered":"\n<ul class=\"wp-block-gallery columns-1 is-cropped wp-block-gallery-1 is-layout-flex wp-block-gallery-is-layout-flex\"><li class=\"blocks-gallery-item\"><figure><img loading=\"lazy\" decoding=\"async\" width=\"900\" height=\"616\" src=\"https:\/\/lapiedrafilosofal.com\/wp-content\/uploads\/2019\/07\/EL-PAIS-DE-LA-CANELA.jpg\" alt=\"\" data-id=\"29260\" data-link=\"http:\/\/www.oscarhumbertogomez.com\/?attachment_id=29260\" class=\"wp-image-29260\" srcset=\"https:\/\/oscarhumbertogomez.com\/wp-content\/uploads\/2019\/07\/EL-PAIS-DE-LA-CANELA.jpg 900w, https:\/\/oscarhumbertogomez.com\/wp-content\/uploads\/2019\/07\/EL-PAIS-DE-LA-CANELA-300x205.jpg 300w, https:\/\/oscarhumbertogomez.com\/wp-content\/uploads\/2019\/07\/EL-PAIS-DE-LA-CANELA-768x526.jpg 768w\" sizes=\"auto, (max-width: 900px) 100vw, 900px\" \/><\/figure><\/li><\/ul>\n\n\n<p>&nbsp;<\/p>\n\n\n<p>Bajo la direcci\u00f3n del acad\u00e9mico Rafael Saavedra Hern\u00e1ndez, Ph. en Literatura, a las 4:30 de la tarde de este martes 20 de agosto se dar\u00e1 inicio a la segunda tertulia literaria en desarrollo del nuevo proyecto creado en el seno de la Academia de Historia de Santander con el fin de retornar a la \u00e9poca en que se privilegiaba la conversaci\u00f3n y a trav\u00e9s de ella se fortalec\u00edan los lazos de amistad entre las personas que ya se conoc\u00edan y se generaban nuevos v\u00ednculos con personas que llegaban al c\u00edrculo de amigos, pero adem\u00e1s, de paso, se afianzaban y se compart\u00edan conocimientos sobre diversos temas. <\/p>\n\n\n<p>&nbsp;<\/p>\n\n\n<p>En esta ocasi\u00f3n la tertulia girar\u00e1 alrededor de la novela EL PA\u00cdS DE LA CANELA, escrita por William Ospina, y que recrea la dram\u00e1tica invasi\u00f3n militar y cultural al imperio inca del Per\u00fa por parte de los conquistadores espa\u00f1oles.<\/p>\n\n\n<p>&nbsp;<\/p>\n\n\n<figure class=\"wp-block-image\"><img loading=\"lazy\" decoding=\"async\" width=\"800\" height=\"532\" src=\"https:\/\/lapiedrafilosofal.com\/wp-content\/uploads\/2019\/07\/casa.jpg\" alt=\"\" class=\"wp-image-29220\" srcset=\"https:\/\/oscarhumbertogomez.com\/wp-content\/uploads\/2019\/07\/casa.jpg 800w, https:\/\/oscarhumbertogomez.com\/wp-content\/uploads\/2019\/07\/casa-300x200.jpg 300w, https:\/\/oscarhumbertogomez.com\/wp-content\/uploads\/2019\/07\/casa-768x511.jpg 768w\" sizes=\"auto, (max-width: 800px) 100vw, 800px\" \/><\/figure>\n\n\n<p>&nbsp;<\/p>\n\n\n<p>Se recuerda que, aunque la lectura de la obra es altamente conveniente, pues proporciona elementos de juicio para tomar parte en la tertulia, NO es requisito para asistir a ella, ni para participar, pues las reglas establecidas para la reuni\u00f3n se\u00f1alan que no se le formular\u00e1n preguntas a nadie, ni se sugerir\u00e1 que alguien hable, sino que cualquier participaci\u00f3n que se quiera hacer, bien sea haciendo alg\u00fan comentario, o aportando alg\u00fan dato, o formulando preguntas, tendr\u00e1 que ser ABSOLUTAMENTE VOLUNTARIA, por lo cual est\u00e1 prohibido sugerir siquiera que alguien tome la palabra, ya que solamente lo har\u00e1 quien, en forma enteramente espont\u00e1nea, manifieste que desea hacerlo.<\/p>\n\n\n<p>&nbsp;<\/p>\n\n\n<p>Ser\u00e1, pues, una oportunidad para descansar del traj\u00edn cotidiano, para rebelarse por una tarde \u2014o por un segmento de tarde\u2014 contra la rutina diaria, contra la esclavitud a la que termina someti\u00e9ndonos el trabajo del d\u00eda a d\u00eda (muchas veces sin que genere la m\u00e1s m\u00ednima muestra de agradecimiento), y para que, por un rato, pongamos a volar la imaginaci\u00f3n a trav\u00e9s del m\u00e1gico mundo de la literatura. <\/p>\n\n\n<p>&nbsp;<\/p>\n<p><img loading=\"lazy\" decoding=\"async\" class=\"aligncenter size-full wp-image-30104\" src=\"https:\/\/lapiedrafilosofal.com\/wp-content\/uploads\/2019\/08\/tertulia-.jpg\" alt=\"\" width=\"1170\" height=\"802\" srcset=\"https:\/\/oscarhumbertogomez.com\/wp-content\/uploads\/2019\/08\/tertulia-.jpg 1170w, https:\/\/oscarhumbertogomez.com\/wp-content\/uploads\/2019\/08\/tertulia--300x206.jpg 300w, https:\/\/oscarhumbertogomez.com\/wp-content\/uploads\/2019\/08\/tertulia--768x526.jpg 768w, https:\/\/oscarhumbertogomez.com\/wp-content\/uploads\/2019\/08\/tertulia--1024x702.jpg 1024w\" sizes=\"auto, (max-width: 1170px) 100vw, 1170px\" \/><\/p>\n<p>&nbsp;<\/p>\n\n\n<p>La Academia de Historia de Santander, que preside Don Miguel Jos\u00e9 Pinilla Guti\u00e9rrez, los espera con afecto en la Casa de Bol\u00edvar, calle 37 con carrera 12 esquina, hoy martes a las 4:30 p.m. Pueden llevar el libro, solamente si lo desean, pues eso tampoco es obligatorio. <\/p>\n\n\n<p>&nbsp;<\/p>\n\n\n<p><strong>ILUSTRACIONES<\/strong>: (1) William Ospina y la portada de su libro.<\/p>\n\n\n\n<p>(2) Casa de Bol\u00edvar.<\/p>\n\n\n\n<p>(3) Tertulia literaria. 1897. Christian Franzen. <\/p>\n\n\n<p>&nbsp;<\/p>","protected":false},"excerpt":{"rendered":"<p>&nbsp; Bajo la direcci\u00f3n del acad\u00e9mico Rafael Saavedra Hern\u00e1ndez, Ph. en Literatura, a las 4:30 de la tarde de este martes 20 de agosto se dar\u00e1 inicio a la segunda tertulia literaria en desarrollo del nuevo proyecto creado en el &hellip; <a href=\"https:\/\/oscarhumbertogomez.com\/?p=30119\">Sigue leyendo <span class=\"meta-nav\">&rarr;<\/span><\/a><\/p>\n<div class='heateorSssClear'><\/div><div  class='heateor_sss_sharing_container heateor_sss_horizontal_sharing' heateor-sss-data-href='https:\/\/oscarhumbertogomez.com\/?p=30119'><div class='heateor_sss_sharing_title' style=\"font-weight:bold\" >\u00a1Gracias por compartirla!<\/div><ul class=\"heateor_sss_sharing_ul\"><li class=\"heateorSssSharingRound\"><i style=\"width:35px;height:35px;border-radius:999px;\" alt=\"Facebook\" Title=\"Facebook\" class=\"heateorSssSharing heateorSssFacebookBackground\" onclick='heateorSssPopup(\"https:\/\/www.facebook.com\/sharer\/sharer.php?u=https%3A%2F%2Foscarhumbertogomez.com%2Findex.php%3Frest_route%3D%252Fwp%252Fv2%252Fposts%252F30119\")'><ss style=\"display:block;border-radius:999px;\" class=\"heateorSssSharingSvg heateorSssFacebookSvg\"><\/ss><\/i><\/li><li class=\"heateorSssSharingRound\"><i style=\"width:35px;height:35px;border-radius:999px;\" alt=\"Twitter\" Title=\"Twitter\" class=\"heateorSssSharing heateorSssTwitterBackground\" onclick='heateorSssPopup(\"http:\/\/twitter.com\/intent\/tweet?text=HOY%3A%20TERTULIA%20EN%20LA%20ACADEMIA%20DE%20HISTORIA%20DE%20SANTANDER%20SOBRE%20%22EL%20PA%C3%8DS%20DE%20LA%20CANELA%22%20DE%20WILLIAM%20OSPINA&url=https%3A%2F%2Foscarhumbertogomez.com%2Findex.php%3Frest_route%3D%252Fwp%252Fv2%252Fposts%252F30119\")'><ss style=\"display:block;border-radius:999px;\" class=\"heateorSssSharingSvg heateorSssTwitterSvg\"><\/ss><\/i><\/li><li class=\"heateorSssSharingRound\"><i style=\"width:35px;height:35px;border-radius:999px;\" alt=\"Whatsapp\" Title=\"Whatsapp\" class=\"heateorSssSharing heateorSssWhatsappBackground\" onclick='heateorSssPopup(\"https:\/\/web.whatsapp.com\/send?text=HOY%3A%20TERTULIA%20EN%20LA%20ACADEMIA%20DE%20HISTORIA%20DE%20SANTANDER%20SOBRE%20%22EL%20PA%C3%8DS%20DE%20LA%20CANELA%22%20DE%20WILLIAM%20OSPINA https%3A%2F%2Foscarhumbertogomez.com%2Findex.php%3Frest_route%3D%252Fwp%252Fv2%252Fposts%252F30119\")'><ss style=\"display:block\" class=\"heateorSssSharingSvg heateorSssWhatsappSvg\"><\/ss><\/i><\/li><li class=\"heateorSssSharingRound\"><i style=\"width:35px;height:35px;border-radius:999px;\" alt=\"Pinterest\" Title=\"Pinterest\" class=\"heateorSssSharing heateorSssPinterestBackground\" onclick=\"javascript:void( (function() {var e=document.createElement('script' );e.setAttribute('type','text\/javascript' );e.setAttribute('charset','UTF-8' );e.setAttribute('src','\/\/assets.pinterest.com\/js\/pinmarklet.js?r='+Math.random()*99999999);document.body.appendChild(e)})());\"><ss style=\"display:block;border-radius:999px;\" class=\"heateorSssSharingSvg heateorSssPinterestSvg\"><\/ss><\/i><\/li><li class=\"heateorSssSharingRound\"><i style=\"width:35px;height:35px;border-radius:999px;\" alt=\"Google Gmail\" Title=\"Google Gmail\" class=\"heateorSssSharing heateorSssGoogleGmailBackground\" onclick='heateorSssPopup(\"https:\/\/mail.google.com\/mail\/?ui=2&view=cm&fs=1&tf=1&su=HOY%3A%20TERTULIA%20EN%20LA%20ACADEMIA%20DE%20HISTORIA%20DE%20SANTANDER%20SOBRE%20%22EL%20PA%C3%8DS%20DE%20LA%20CANELA%22%20DE%20WILLIAM%20OSPINA&body=Link:https%3A%2F%2Foscarhumbertogomez.com%2Findex.php%3Frest_route%3D%252Fwp%252Fv2%252Fposts%252F30119\")'><ss style=\"display:block;border-radius:999px;\" class=\"heateorSssSharingSvg heateorSssGoogleGmailSvg\"><\/ss><\/i><\/li><li class=\"heateorSssSharingRound\"><i style=\"width:35px;height:35px;border-radius:999px;\" title=\"More\" alt=\"More\" class=\"heateorSssSharing heateorSssMoreBackground\" onclick=\"heateorSssMoreSharingPopup(this, 'https:\/\/oscarhumbertogomez.com\/index.php?rest_route=%2Fwp%2Fv2%2Fposts%2F30119', 'HOY%3A%20TERTULIA%20EN%20LA%20ACADEMIA%20DE%20HISTORIA%20DE%20SANTANDER%20SOBRE%20%22EL%20PA%C3%8DS%20DE%20LA%20CANELA%22%20DE%20WILLIAM%20OSPINA', '' )\" ><ss style=\"display:block\" class=\"heateorSssSharingSvg heateorSssMoreSvg\"><\/ss><\/i><\/li><\/ul><div class=\"heateorSssClear\"><\/div><\/div><div class='heateorSssClear'><\/div>","protected":false},"author":2,"featured_media":0,"comment_status":"open","ping_status":"open","sticky":false,"template":"","format":"standard","meta":{"spay_email":"","footnotes":""},"categories":[],"tags":[],"class_list":["post-30119","post","type-post","status-publish","format-standard","hentry"],"jetpack_featured_media_url":"","jetpack_shortlink":"https:\/\/wp.me\/p1FYrr-7PN","_links":{"self":[{"href":"https:\/\/oscarhumbertogomez.com\/index.php?rest_route=\/wp\/v2\/posts\/30119","targetHints":{"allow":["GET"]}}],"collection":[{"href":"https:\/\/oscarhumbertogomez.com\/index.php?rest_route=\/wp\/v2\/posts"}],"about":[{"href":"https:\/\/oscarhumbertogomez.com\/index.php?rest_route=\/wp\/v2\/types\/post"}],"author":[{"embeddable":true,"href":"https:\/\/oscarhumbertogomez.com\/index.php?rest_route=\/wp\/v2\/users\/2"}],"replies":[{"embeddable":true,"href":"https:\/\/oscarhumbertogomez.com\/index.php?rest_route=%2Fwp%2Fv2%2Fcomments&post=30119"}],"version-history":[{"count":1,"href":"https:\/\/oscarhumbertogomez.com\/index.php?rest_route=\/wp\/v2\/posts\/30119\/revisions"}],"predecessor-version":[{"id":30120,"href":"https:\/\/oscarhumbertogomez.com\/index.php?rest_route=\/wp\/v2\/posts\/30119\/revisions\/30120"}],"wp:attachment":[{"href":"https:\/\/oscarhumbertogomez.com\/index.php?rest_route=%2Fwp%2Fv2%2Fmedia&parent=30119"}],"wp:term":[{"taxonomy":"category","embeddable":true,"href":"https:\/\/oscarhumbertogomez.com\/index.php?rest_route=%2Fwp%2Fv2%2Fcategories&post=30119"},{"taxonomy":"post_tag","embeddable":true,"href":"https:\/\/oscarhumbertogomez.com\/index.php?rest_route=%2Fwp%2Fv2%2Ftags&post=30119"}],"curies":[{"name":"wp","href":"https:\/\/api.w.org\/{rel}","templated":true}]}}