{"id":31168,"date":"2019-11-28T07:00:55","date_gmt":"2019-11-28T12:00:55","guid":{"rendered":"http:\/\/www.oscarhumbertogomez.com\/?p=31168"},"modified":"2025-02-22T15:31:24","modified_gmt":"2025-02-22T20:31:24","slug":"el-reinicio-del-proyecto-el-campesino-embejucao-se-cancela-por-oscar-humberto-gomez-gomez-miembro-activo-de-la-sociedad-de-autores-y-compositores-de-colombia","status":"publish","type":"post","link":"https:\/\/oscarhumbertogomez.com\/?p=31168","title":{"rendered":"EL REINICIO DEL PROYECTO &#8220;EL CAMPESINO EMBEJUCAO&#8221; FUE CANCELADO. Por \u00d3scar Humberto G\u00f3mez G\u00f3mez"},"content":{"rendered":"<div id=\"attachment_22947\" style=\"width: 650px\" class=\"wp-caption aligncenter\"><img loading=\"lazy\" decoding=\"async\" aria-describedby=\"caption-attachment-22947\" class=\"size-large wp-image-22947\" src=\"https:\/\/oscarhumbertogomez.com\/wp-content\/uploads\/2017\/07\/20170401-170514-678x1024.jpg\" alt=\"\" width=\"640\" height=\"967\" srcset=\"https:\/\/oscarhumbertogomez.com\/wp-content\/uploads\/2017\/07\/20170401-170514-678x1024.jpg 678w, https:\/\/oscarhumbertogomez.com\/wp-content\/uploads\/2017\/07\/20170401-170514-199x300.jpg 199w, https:\/\/oscarhumbertogomez.com\/wp-content\/uploads\/2017\/07\/20170401-170514-768x1160.jpg 768w\" sizes=\"auto, (max-width: 640px) 100vw, 640px\" \/><p id=\"caption-attachment-22947\" class=\"wp-caption-text\">\u00d3SCAR HUMBERTO G\u00d3MEZ G\u00d3MEZ [Fotograf\u00eda: Fernando Rueda Villamizar]<\/p><\/div>\n<p>&nbsp;<\/p>\n\n\n<p>Queridas amigas:<\/p>\n\n\n\n<p>Queridos amigos:<\/p>\n\n\n\n<p>Como pudieron enterarse ayer al sintonizar la frecuencia 100.7 FM, el reinicio del suspendido proyecto art\u00edstico y cultural &#8220;El Campesino Embejucao&#8221; con la canci\u00f3n &#8220;El Capitanejano&#8221;, previsto para ayer mi\u00e9rcoles 27 de noviembre, tal y como lo estuvimos anunciando en este portal y a trav\u00e9s de mensaje promocional de la Emisora Cultural Luis Carlos Gal\u00e1n Sarmiento, fue cancelado.<\/p>\n\n\n\n<p>Quiero expresar mis sinceros agradecimientos a las personas que, tan pronto supieron de mi prop\u00f3sito, de inmediato me exteriorizaron su simpat\u00eda personal, me comunicaron su alegr\u00eda por la noticia y me ofrecieron su respaldo. De manera muy especial, agradezco a V\u00edctor Su\u00e1rez, y por su digno conducto a la Emisora Cultural Luis Carlos Gal\u00e1n Sarmiento, por su inmediato, incondicional y comprometido apoyo. As\u00ed mismo, va mi voz de gratitud hacia la cadena radial Caracol, en especial hacia los periodistas Juan Carlos Ord\u00f3\u00f1ez, director de Caracol Radio Bucaramanga y del programa &#8220;El personaje de la semana&#8221;, y Luis Carlos Pic\u00f3n, periodista cultural de esa cadena. Igualmente, un mill\u00f3n de gracias a la cadena radial RCN, de manera muy especial a don Fernando Ardila Plata, Gerente Regional de la cadena, y a don Timole\u00f3n Rueda, gerente de RCN San Gil y director de El Guane de Oro. Va tambi\u00e9n mi expresi\u00f3n de gratitud para el periodista Rafael Serrano Prada, el diario EL FRENTE y las emisoras Radio Lengerke, de Zapatoca, y Jos\u00e9 Antonio Gal\u00e1n, del Socorro, al igual que para las periodistas Laura Carolina Rueda y Paola Esteban de Vanguardia Liberal. En una palabra, expreso mi inmensa gratitud a los medios de comunicaci\u00f3n y personas de los medios que alcanzaron a manifestarme su respaldo y su inter\u00e9s en difundir mi nueva canci\u00f3n y llevar a cabo entrevistas conmigo a prop\u00f3sito de su lanzamiento. <\/p>\n\n\n\n<p>Nunca ser\u00e1 tarde para la m\u00fasica, ni para la composici\u00f3n de nuevas canciones, ni para la grabaci\u00f3n y la radiodifusi\u00f3n de las mismas, de suerte que, bajo estas perspectivas \u2014y \u00fanicamente bajo ellas\u2014 mi vinculaci\u00f3n de nuevo a la m\u00fasica colombiana, y, en general, a la m\u00fasica, aspiro a que se haga realidad, y ojal\u00e1 ello pueda suceder lo m\u00e1s pronto posible. <\/p>\n\n\n\n<p><em>Ruitoque, Mesa de las Tempestades, \u00c1rea Metropolitana de Bucaramanga, jueves 28 de noviembre de 2019.<\/em><\/p>\n\n\n\n<p><\/p>\n","protected":false},"excerpt":{"rendered":"<p>&nbsp; Queridas amigas: Queridos amigos: Como pudieron enterarse ayer al sintonizar la frecuencia 100.7 FM, el reinicio del suspendido proyecto art\u00edstico y cultural &#8220;El Campesino Embejucao&#8221; con la canci\u00f3n &#8220;El Capitanejano&#8221;, previsto para ayer mi\u00e9rcoles 27 de noviembre, tal y &hellip; <a href=\"https:\/\/oscarhumbertogomez.com\/?p=31168\">Sigue leyendo <span class=\"meta-nav\">&rarr;<\/span><\/a><\/p>\n<div class='heateorSssClear'><\/div><div  class='heateor_sss_sharing_container heateor_sss_horizontal_sharing' heateor-sss-data-href='https:\/\/oscarhumbertogomez.com\/?p=31168'><div class='heateor_sss_sharing_title' style=\"font-weight:bold\" >\u00a1Gracias por compartirla!<\/div><ul class=\"heateor_sss_sharing_ul\"><li class=\"heateorSssSharingRound\"><i style=\"width:35px;height:35px;border-radius:999px;\" alt=\"Facebook\" Title=\"Facebook\" class=\"heateorSssSharing heateorSssFacebookBackground\" onclick='heateorSssPopup(\"https:\/\/www.facebook.com\/sharer\/sharer.php?u=https%3A%2F%2Foscarhumbertogomez.com%2Findex.php%3Frest_route%3D%252Fwp%252Fv2%252Fposts%252F31168\")'><ss style=\"display:block;border-radius:999px;\" class=\"heateorSssSharingSvg heateorSssFacebookSvg\"><\/ss><\/i><\/li><li class=\"heateorSssSharingRound\"><i style=\"width:35px;height:35px;border-radius:999px;\" alt=\"Twitter\" Title=\"Twitter\" class=\"heateorSssSharing heateorSssTwitterBackground\" onclick='heateorSssPopup(\"http:\/\/twitter.com\/intent\/tweet?text=EL%20REINICIO%20DEL%20PROYECTO%20%22EL%20CAMPESINO%20EMBEJUCAO%22%20FUE%20CANCELADO.%20Por%20%C3%93scar%20Humberto%20G%C3%B3mez%20G%C3%B3mez&url=https%3A%2F%2Foscarhumbertogomez.com%2Findex.php%3Frest_route%3D%252Fwp%252Fv2%252Fposts%252F31168\")'><ss style=\"display:block;border-radius:999px;\" class=\"heateorSssSharingSvg heateorSssTwitterSvg\"><\/ss><\/i><\/li><li class=\"heateorSssSharingRound\"><i style=\"width:35px;height:35px;border-radius:999px;\" alt=\"Whatsapp\" Title=\"Whatsapp\" class=\"heateorSssSharing heateorSssWhatsappBackground\" onclick='heateorSssPopup(\"https:\/\/web.whatsapp.com\/send?text=EL%20REINICIO%20DEL%20PROYECTO%20%22EL%20CAMPESINO%20EMBEJUCAO%22%20FUE%20CANCELADO.%20Por%20%C3%93scar%20Humberto%20G%C3%B3mez%20G%C3%B3mez https%3A%2F%2Foscarhumbertogomez.com%2Findex.php%3Frest_route%3D%252Fwp%252Fv2%252Fposts%252F31168\")'><ss style=\"display:block\" class=\"heateorSssSharingSvg heateorSssWhatsappSvg\"><\/ss><\/i><\/li><li class=\"heateorSssSharingRound\"><i style=\"width:35px;height:35px;border-radius:999px;\" alt=\"Pinterest\" Title=\"Pinterest\" class=\"heateorSssSharing heateorSssPinterestBackground\" onclick=\"javascript:void( (function() {var e=document.createElement('script' );e.setAttribute('type','text\/javascript' );e.setAttribute('charset','UTF-8' );e.setAttribute('src','\/\/assets.pinterest.com\/js\/pinmarklet.js?r='+Math.random()*99999999);document.body.appendChild(e)})());\"><ss style=\"display:block;border-radius:999px;\" class=\"heateorSssSharingSvg heateorSssPinterestSvg\"><\/ss><\/i><\/li><li class=\"heateorSssSharingRound\"><i style=\"width:35px;height:35px;border-radius:999px;\" alt=\"Google Gmail\" Title=\"Google Gmail\" class=\"heateorSssSharing heateorSssGoogleGmailBackground\" onclick='heateorSssPopup(\"https:\/\/mail.google.com\/mail\/?ui=2&view=cm&fs=1&tf=1&su=EL%20REINICIO%20DEL%20PROYECTO%20%22EL%20CAMPESINO%20EMBEJUCAO%22%20FUE%20CANCELADO.%20Por%20%C3%93scar%20Humberto%20G%C3%B3mez%20G%C3%B3mez&body=Link:https%3A%2F%2Foscarhumbertogomez.com%2Findex.php%3Frest_route%3D%252Fwp%252Fv2%252Fposts%252F31168\")'><ss style=\"display:block;border-radius:999px;\" class=\"heateorSssSharingSvg heateorSssGoogleGmailSvg\"><\/ss><\/i><\/li><li class=\"heateorSssSharingRound\"><i style=\"width:35px;height:35px;border-radius:999px;\" title=\"More\" alt=\"More\" class=\"heateorSssSharing heateorSssMoreBackground\" onclick=\"heateorSssMoreSharingPopup(this, 'https:\/\/oscarhumbertogomez.com\/index.php?rest_route=%2Fwp%2Fv2%2Fposts%2F31168', 'EL%20REINICIO%20DEL%20PROYECTO%20%22EL%20CAMPESINO%20EMBEJUCAO%22%20FUE%20CANCELADO.%20Por%20%C3%93scar%20Humberto%20G%C3%B3mez%20G%C3%B3mez', '' )\" ><ss style=\"display:block\" class=\"heateorSssSharingSvg heateorSssMoreSvg\"><\/ss><\/i><\/li><\/ul><div class=\"heateorSssClear\"><\/div><\/div><div class='heateorSssClear'><\/div>","protected":false},"author":2,"featured_media":0,"comment_status":"closed","ping_status":"closed","sticky":false,"template":"","format":"standard","meta":{"spay_email":"","footnotes":""},"categories":[8],"tags":[],"class_list":["post-31168","post","type-post","status-publish","format-standard","hentry","category-musica"],"jetpack_featured_media_url":"","jetpack_shortlink":"https:\/\/wp.me\/p1FYrr-86I","_links":{"self":[{"href":"https:\/\/oscarhumbertogomez.com\/index.php?rest_route=\/wp\/v2\/posts\/31168","targetHints":{"allow":["GET"]}}],"collection":[{"href":"https:\/\/oscarhumbertogomez.com\/index.php?rest_route=\/wp\/v2\/posts"}],"about":[{"href":"https:\/\/oscarhumbertogomez.com\/index.php?rest_route=\/wp\/v2\/types\/post"}],"author":[{"embeddable":true,"href":"https:\/\/oscarhumbertogomez.com\/index.php?rest_route=\/wp\/v2\/users\/2"}],"replies":[{"embeddable":true,"href":"https:\/\/oscarhumbertogomez.com\/index.php?rest_route=%2Fwp%2Fv2%2Fcomments&post=31168"}],"version-history":[{"count":5,"href":"https:\/\/oscarhumbertogomez.com\/index.php?rest_route=\/wp\/v2\/posts\/31168\/revisions"}],"predecessor-version":[{"id":51150,"href":"https:\/\/oscarhumbertogomez.com\/index.php?rest_route=\/wp\/v2\/posts\/31168\/revisions\/51150"}],"wp:attachment":[{"href":"https:\/\/oscarhumbertogomez.com\/index.php?rest_route=%2Fwp%2Fv2%2Fmedia&parent=31168"}],"wp:term":[{"taxonomy":"category","embeddable":true,"href":"https:\/\/oscarhumbertogomez.com\/index.php?rest_route=%2Fwp%2Fv2%2Fcategories&post=31168"},{"taxonomy":"post_tag","embeddable":true,"href":"https:\/\/oscarhumbertogomez.com\/index.php?rest_route=%2Fwp%2Fv2%2Ftags&post=31168"}],"curies":[{"name":"wp","href":"https:\/\/api.w.org\/{rel}","templated":true}]}}