{"id":31192,"date":"2019-11-28T08:59:23","date_gmt":"2019-11-28T13:59:23","guid":{"rendered":"http:\/\/www.oscarhumbertogomez.com\/?p=31192"},"modified":"2025-04-04T21:14:31","modified_gmt":"2025-04-05T02:14:31","slug":"salvador-el-entrometido-por-oscar-humberto-gomez-gomez","status":"publish","type":"post","link":"https:\/\/oscarhumbertogomez.com\/?p=31192","title":{"rendered":"SALVADOR EL ENTROMETIDO. Por \u00d3scar Humberto G\u00f3mez G\u00f3mez"},"content":{"rendered":"<div id=\"attachment_22947\" style=\"width: 650px\" class=\"wp-caption aligncenter\"><img loading=\"lazy\" decoding=\"async\" aria-describedby=\"caption-attachment-22947\" class=\"size-large wp-image-22947\" src=\"https:\/\/oscarhumbertogomez.com\/wp-content\/uploads\/2017\/07\/20170401-170514-678x1024.jpg\" alt=\"\" width=\"640\" height=\"967\" srcset=\"https:\/\/oscarhumbertogomez.com\/wp-content\/uploads\/2017\/07\/20170401-170514-678x1024.jpg 678w, https:\/\/oscarhumbertogomez.com\/wp-content\/uploads\/2017\/07\/20170401-170514-199x300.jpg 199w, https:\/\/oscarhumbertogomez.com\/wp-content\/uploads\/2017\/07\/20170401-170514-768x1160.jpg 768w\" sizes=\"auto, (max-width: 640px) 100vw, 640px\" \/><p id=\"caption-attachment-22947\" class=\"wp-caption-text\">\u00d3SCAR HUMBERTO G\u00d3MEZ G\u00d3MEZ [Fotograf\u00eda: Fernando Rueda V.].<\/p><\/div>\n<p>&nbsp;<\/p>\n\n\n<p>Uno de los libros que m\u00e1s recuerdo con afecto y nostalgia es una cartilla que se llamaba &#8220;Lecturas escolares&#8221;, cuyo autor ten\u00eda el nombre de \u00c1lvaro Mar\u00edn. Se produjeron dos vol\u00famenes, uno para cuarto a\u00f1o de primaria y otro para quinto. Yo curs\u00e9 el cuarto en 1965 y el quinto, en 1966, y en ambos a\u00f1os la cartilla &#8220;Lecturas escolares&#8221; de \u00c1lvaro Mar\u00edn fue texto de obligatoria adquisici\u00f3n dentro de la lista de &#8220;\u00fatiles&#8221;. <\/p>\n\n\n\n<p>No logro ubicar en la memoria en cu\u00e1l de las dos, si en la cartilla de cuarto o en la cartilla de quinto estaba inserto un texto titulado &#8220;Salvador el entrometido&#8221; o solamente &#8220;El entrometido&#8221;; en todo caso, el personaje se llamaba Salvador. <\/p>\n\n\n\n<p>Haya sido en la una o en la otra, lo cierto s\u00ed es que me parece estar viendo el dibujo de aquel muchacho de nariz larga que aparec\u00eda, de  frente al lector, sentado en el piso, quiz\u00e1s en un and\u00e9n, mirando hacia abajo y sosteni\u00e9ndose la cabeza entre las manos. <\/p>\n\n\n\n<p>De \u00e9l se dec\u00eda, en s\u00edntesis, que era eso: un entrometido, esto es, un personaje que se met\u00eda en lo que no le importaba. Salvador era, en palabras m\u00e1s concretas, un perfecto lamb\u00f3n.<\/p>\n\n\n\n<p>Pues bien: de un tiempo para ac\u00e1 he observado \u2014en silencio, como la vida me ha ense\u00f1ado que se deben observar muchas veces las cosas en este pa\u00eds, pues, como dice un verso del poeta Federico Garc\u00eda Lorca, &#8220;la luz del entendimiento me hace ser comedido&#8221;\u2014 que los colombianos somos uno de los pocos pueblos del mundo que permiten que los for\u00e1neos entren a saco en sus asuntos internos y vuelvan ropa de trabajo hasta la integridad moral de sus compatriotas y su elemental derecho a profesar, en materia pol\u00edtica o religiosa, las ideas que libremente quieran tener. <\/p>\n\n\n\n<p>En efecto, andan por ah\u00ed hablando de nuestros asuntos internos y en contra de compatriotas nuestros ciertos personajes que no son de aqu\u00ed, que son extranjeros, y que, por serlo, debieran irse a meter, m\u00e1s bien, en los asuntos de sus pa\u00edses de origen.  <\/p>\n\n\n\n<p>Uno de esos Salvadores es un personaje del Per\u00fa que, d\u00e1ndoselas de irreverente, se da el lujo de irrespetar a colombianos de nacimiento solo por el hecho de que piensan distinto a como piensa \u00e9l. Este sujeto se mofa de la gente de aqu\u00ed, de la juventud de aqu\u00ed, de los l\u00edderes de aqu\u00ed, de los ind\u00edgenas de aqu\u00ed, de los pol\u00edticos de aqu\u00ed, de los maestros de aqu\u00ed, de los militares de aqu\u00ed, en fin, coge de mofa a cuanto colombiano le da la gana coger como objeto de sus burlas. <\/p>\n\n\n\n<p>El otro personaje lleg\u00f3 de m\u00e1s lejos, de Espa\u00f1a, e igual que el otro se siente con derecho a denigrar a sus anchas, con el mayor desparpajo, de colombianos que no simpatizan con sus gustos, generalmente pol\u00edticos. Este otro personaje, a diferencia del otro, no utiliza la burla, sino el denuesto, el lenguaje endurecido, la reprimenda directa y brusca. <\/p>\n\n\n\n<p>Y como estos hay m\u00e1s. Porque aqu\u00ed, por d\u00e1rnoslas de &#8220;universales&#8221;, de &#8220;abiertos&#8221;, de &#8220;liberales&#8221;, de &#8220;democr\u00e1ticos&#8221;, de &#8220;civilizados&#8221;, hemos terminado permiti\u00e9ndolo todo: la marginaci\u00f3n de nuestras expresiones culturales, la burla contra nuestras mujeres, el reforzamiento de los grupos violentos, y un largo etc\u00e9tera, por parte de extranjeros que, en cualquier otro pa\u00eds del orbe con mediano sentido de la dignidad nacional, habr\u00edan sido expulsados al d\u00eda siguiente del primer atropello en contra de un nacional.<\/p>\n\n\n\n<p>Bienvenidos sean siempre los extranjeros que nos traigan aportes en cualquier orden: en la ciencia, en la m\u00fasica, en el dise\u00f1o, en la cocina, en el deporte, en fin, en lo que sea, o que simplemente vengan a trabajar o a estudiar. Pero fuera de aqu\u00ed los que vengan a pretender convertirse en factores adicionales de m\u00e1s disociaci\u00f3n entre los ya suficientemente disociados colombianos. <\/p>\n\n\n\n<p>Y, como es obvio, a los que pretendan hacer lo mismo desde el exterior, con m\u00e1s veras cerr\u00e9mosles nuestros o\u00eddos y tranqu\u00e9mosles las puertas de nuestro coraz\u00f3n. <\/p>\n\n\n\n<p>No seamos idiotas \u00fatiles de nadie.  <\/p>\n\n\n<p>&nbsp;<\/p>","protected":false},"excerpt":{"rendered":"<p>&nbsp; Uno de los libros que m\u00e1s recuerdo con afecto y nostalgia es una cartilla que se llamaba &#8220;Lecturas escolares&#8221;, cuyo autor ten\u00eda el nombre de \u00c1lvaro Mar\u00edn. Se produjeron dos vol\u00famenes, uno para cuarto a\u00f1o de primaria y otro &hellip; <a href=\"https:\/\/oscarhumbertogomez.com\/?p=31192\">Sigue leyendo <span class=\"meta-nav\">&rarr;<\/span><\/a><\/p>\n<div class='heateorSssClear'><\/div><div  class='heateor_sss_sharing_container heateor_sss_horizontal_sharing' heateor-sss-data-href='https:\/\/oscarhumbertogomez.com\/?p=31192'><div class='heateor_sss_sharing_title' style=\"font-weight:bold\" >\u00a1Gracias por compartirla!<\/div><ul class=\"heateor_sss_sharing_ul\"><li class=\"heateorSssSharingRound\"><i style=\"width:35px;height:35px;border-radius:999px;\" alt=\"Facebook\" Title=\"Facebook\" class=\"heateorSssSharing heateorSssFacebookBackground\" onclick='heateorSssPopup(\"https:\/\/www.facebook.com\/sharer\/sharer.php?u=https%3A%2F%2Foscarhumbertogomez.com%2Findex.php%3Frest_route%3D%252Fwp%252Fv2%252Fposts%252F31192\")'><ss style=\"display:block;border-radius:999px;\" class=\"heateorSssSharingSvg heateorSssFacebookSvg\"><\/ss><\/i><\/li><li class=\"heateorSssSharingRound\"><i style=\"width:35px;height:35px;border-radius:999px;\" alt=\"Twitter\" Title=\"Twitter\" class=\"heateorSssSharing heateorSssTwitterBackground\" onclick='heateorSssPopup(\"http:\/\/twitter.com\/intent\/tweet?text=SALVADOR%20EL%20ENTROMETIDO.%20Por%20%C3%93scar%20Humberto%20G%C3%B3mez%20G%C3%B3mez&url=https%3A%2F%2Foscarhumbertogomez.com%2Findex.php%3Frest_route%3D%252Fwp%252Fv2%252Fposts%252F31192\")'><ss style=\"display:block;border-radius:999px;\" class=\"heateorSssSharingSvg heateorSssTwitterSvg\"><\/ss><\/i><\/li><li class=\"heateorSssSharingRound\"><i style=\"width:35px;height:35px;border-radius:999px;\" alt=\"Whatsapp\" Title=\"Whatsapp\" class=\"heateorSssSharing heateorSssWhatsappBackground\" onclick='heateorSssPopup(\"https:\/\/web.whatsapp.com\/send?text=SALVADOR%20EL%20ENTROMETIDO.%20Por%20%C3%93scar%20Humberto%20G%C3%B3mez%20G%C3%B3mez https%3A%2F%2Foscarhumbertogomez.com%2Findex.php%3Frest_route%3D%252Fwp%252Fv2%252Fposts%252F31192\")'><ss style=\"display:block\" class=\"heateorSssSharingSvg heateorSssWhatsappSvg\"><\/ss><\/i><\/li><li class=\"heateorSssSharingRound\"><i style=\"width:35px;height:35px;border-radius:999px;\" alt=\"Pinterest\" Title=\"Pinterest\" class=\"heateorSssSharing heateorSssPinterestBackground\" onclick=\"javascript:void( (function() {var e=document.createElement('script' );e.setAttribute('type','text\/javascript' );e.setAttribute('charset','UTF-8' );e.setAttribute('src','\/\/assets.pinterest.com\/js\/pinmarklet.js?r='+Math.random()*99999999);document.body.appendChild(e)})());\"><ss style=\"display:block;border-radius:999px;\" class=\"heateorSssSharingSvg heateorSssPinterestSvg\"><\/ss><\/i><\/li><li class=\"heateorSssSharingRound\"><i style=\"width:35px;height:35px;border-radius:999px;\" alt=\"Google Gmail\" Title=\"Google Gmail\" class=\"heateorSssSharing heateorSssGoogleGmailBackground\" onclick='heateorSssPopup(\"https:\/\/mail.google.com\/mail\/?ui=2&view=cm&fs=1&tf=1&su=SALVADOR%20EL%20ENTROMETIDO.%20Por%20%C3%93scar%20Humberto%20G%C3%B3mez%20G%C3%B3mez&body=Link:https%3A%2F%2Foscarhumbertogomez.com%2Findex.php%3Frest_route%3D%252Fwp%252Fv2%252Fposts%252F31192\")'><ss style=\"display:block;border-radius:999px;\" class=\"heateorSssSharingSvg heateorSssGoogleGmailSvg\"><\/ss><\/i><\/li><li class=\"heateorSssSharingRound\"><i style=\"width:35px;height:35px;border-radius:999px;\" title=\"More\" alt=\"More\" class=\"heateorSssSharing heateorSssMoreBackground\" onclick=\"heateorSssMoreSharingPopup(this, 'https:\/\/oscarhumbertogomez.com\/index.php?rest_route=%2Fwp%2Fv2%2Fposts%2F31192', 'SALVADOR%20EL%20ENTROMETIDO.%20Por%20%C3%93scar%20Humberto%20G%C3%B3mez%20G%C3%B3mez', '' )\" ><ss style=\"display:block\" class=\"heateorSssSharingSvg heateorSssMoreSvg\"><\/ss><\/i><\/li><\/ul><div class=\"heateorSssClear\"><\/div><\/div><div class='heateorSssClear'><\/div>","protected":false},"author":2,"featured_media":0,"comment_status":"closed","ping_status":"closed","sticky":false,"template":"","format":"standard","meta":{"spay_email":"","footnotes":""},"categories":[1,60],"tags":[],"class_list":["post-31192","post","type-post","status-publish","format-standard","hentry","category-blog","category-tribuna-de-opinion"],"jetpack_featured_media_url":"","jetpack_shortlink":"https:\/\/wp.me\/p1FYrr-876","_links":{"self":[{"href":"https:\/\/oscarhumbertogomez.com\/index.php?rest_route=\/wp\/v2\/posts\/31192","targetHints":{"allow":["GET"]}}],"collection":[{"href":"https:\/\/oscarhumbertogomez.com\/index.php?rest_route=\/wp\/v2\/posts"}],"about":[{"href":"https:\/\/oscarhumbertogomez.com\/index.php?rest_route=\/wp\/v2\/types\/post"}],"author":[{"embeddable":true,"href":"https:\/\/oscarhumbertogomez.com\/index.php?rest_route=\/wp\/v2\/users\/2"}],"replies":[{"embeddable":true,"href":"https:\/\/oscarhumbertogomez.com\/index.php?rest_route=%2Fwp%2Fv2%2Fcomments&post=31192"}],"version-history":[{"count":5,"href":"https:\/\/oscarhumbertogomez.com\/index.php?rest_route=\/wp\/v2\/posts\/31192\/revisions"}],"predecessor-version":[{"id":53568,"href":"https:\/\/oscarhumbertogomez.com\/index.php?rest_route=\/wp\/v2\/posts\/31192\/revisions\/53568"}],"wp:attachment":[{"href":"https:\/\/oscarhumbertogomez.com\/index.php?rest_route=%2Fwp%2Fv2%2Fmedia&parent=31192"}],"wp:term":[{"taxonomy":"category","embeddable":true,"href":"https:\/\/oscarhumbertogomez.com\/index.php?rest_route=%2Fwp%2Fv2%2Fcategories&post=31192"},{"taxonomy":"post_tag","embeddable":true,"href":"https:\/\/oscarhumbertogomez.com\/index.php?rest_route=%2Fwp%2Fv2%2Ftags&post=31192"}],"curies":[{"name":"wp","href":"https:\/\/api.w.org\/{rel}","templated":true}]}}