{"id":31224,"date":"2019-11-30T09:44:32","date_gmt":"2019-11-30T14:44:32","guid":{"rendered":"http:\/\/www.oscarhumbertogomez.com\/?p=31224"},"modified":"2025-03-21T11:24:00","modified_gmt":"2025-03-21T16:24:00","slug":"los-personajes-tipicos-por-oscar-humberto-gomez-gomez-miembro-de-numero-de-la-academia-de-historia-de-santander","status":"publish","type":"post","link":"https:\/\/oscarhumbertogomez.com\/?p=31224","title":{"rendered":"LOS PERSONAJES T\u00cdPICOS. Por \u00d3scar Humberto G\u00f3mez G\u00f3mez, Miembro de N\u00famero de la Academia de Historia de Santander y Miembro del Colegio Nacional de Periodistas"},"content":{"rendered":"<div id=\"attachment_22947\" style=\"width: 650px\" class=\"wp-caption aligncenter\"><img loading=\"lazy\" decoding=\"async\" aria-describedby=\"caption-attachment-22947\" class=\"size-large wp-image-22947\" src=\"https:\/\/oscarhumbertogomez.com\/wp-content\/uploads\/2017\/07\/20170401-170514-678x1024.jpg\" alt=\"\" width=\"640\" height=\"967\" srcset=\"https:\/\/oscarhumbertogomez.com\/wp-content\/uploads\/2017\/07\/20170401-170514-678x1024.jpg 678w, https:\/\/oscarhumbertogomez.com\/wp-content\/uploads\/2017\/07\/20170401-170514-199x300.jpg 199w, https:\/\/oscarhumbertogomez.com\/wp-content\/uploads\/2017\/07\/20170401-170514-768x1160.jpg 768w\" sizes=\"auto, (max-width: 640px) 100vw, 640px\" \/><p id=\"caption-attachment-22947\" class=\"wp-caption-text\">\u00d3SCAR HUMBERTO G\u00d3MEZ G\u00d3MEZ [Fotograf\u00eda: Fernando Rueda Villamizar]<\/p><\/div>\n<p>&nbsp;<\/p>\n\n\n<p>Una de las facetas que mejor retratan a la que fue la Bucaramanga antigua, aquella ciudad apenas en ciernes que poco a poco trataba de sobrepasar en su devenir hist\u00f3rico el pueblo apacible donde el acueducto municipal no eran sino las aguas que brotaban de sus pe\u00f1as y que, recogidas en barriles, eran llevadas hasta las casas por borricos conducidos por hombres de baja estatura y con evidente retardo mental \u2014por lo que se le llam\u00f3 m\u00e1s tarde &#8220;el acueducto de las tres B&#8221;: bobo, barril y burro\u2014, y donde apenas s\u00ed se vislumbraban los primeros atisbos de la modernidad con la reciente llegada del primer fogonazo de la luz el\u00e9ctrica, el asombroso milagro tra\u00eddo desde las tierras del septentri\u00f3n americano por los hermanos Goelkel y los hermanos Jones, socios prominentes del floreciente Club del Comercio \u2014 en el que se hab\u00eda convertido el antiguo Club de Soto, y m\u00e1s atr\u00e1s en el tiempo el Liceo de Soto\u2014, una de las facetas que mejor la retratan, digo, es la de aquellos hombres y aquellas mujeres, humildes todos y todos con evidentes perturbaciones mentales, que habr\u00edan de conocerse como sus &#8220;personajes t\u00edpicos&#8221;.<\/p>\n\n\n\n<p>Tambi\u00e9n los hubo en otras ciudades y pueblos de Colombia, como aconteci\u00f3, pongamos por caso, en la Bogot\u00e1 de anta\u00f1o, en esa Bogot\u00e1 peque\u00f1a y tambi\u00e9n en trance de crecimiento urbano donde la vida transcurr\u00eda alrededor de la Plaza de Bol\u00edvar y donde fueron famosos &#8220;Pomponio&#8221;, &#8220;La loca Margarita&#8221;, &#8220;El Doctor Goyeneche&#8221;, &#8220;El Negro Chivas&#8221;, &#8220;El bobo del tranv\u00eda&#8221; y &#8220;El Artista Colombiano&#8221;, o en la vieja Piedecuesta, donde fueron c\u00e9lebres &#8220;Las Mensul\u00ed&#8221;, o en el colonial Gir\u00f3n, donde pas\u00f3 a la historia &#8220;Cieneguero Mas\u00f3n&#8221;. <\/p>\n\n\n\n<p>En Bucaramanga fueron famosos no pocos &#8220;loquitos&#8221; y &#8220;bobitos&#8221; que fueron literalmente parte del paisaje lugare\u00f1o y cuya fama ya hubieran deseado las estrellas de aquellos tiempos. <\/p>\n\n\n\n<p>Y la hubiesen deseado inclusive las de hoy en d\u00eda, pues la fama de estos &#8220;personajes t\u00edpicos&#8221; no necesitaba de anuncios publicitarios, ni de entrevistas pagadas por productores adinerados, ni de la habilidad del &#8220;manager&#8221; de turno, ni de que las radiodifusoras, los peri\u00f3dicos o los canales de televisi\u00f3n \u2014que a\u00fan, dicho sea de paso, no llegaba todav\u00eda\u2014 los entrevistaran o los hicieran aparecer en sus presurosos noticieros, porque les bastaba y les sobraba el medio de comunicaci\u00f3n, eficaz, sereno y gratuito, del voz a voz. <\/p>\n\n\n\n<p>Entre los &#8220;personajes t\u00edpicos&#8221; de la remota Bucaramanga se destacaron \u2014seg\u00fan nos cuenta el historiador Roberto Harker Valdivieso\u2014 &#8220;Chocata&#8221;, &#8220;Pajarito&#8221;, &#8220;Manana&#8221;, &#8220;Mezclote&#8221;, &#8220;Chilacoa&#8221;, &#8220;Correo a\u00e9reo&#8221;, &#8220;Perdi\u00f3 Alemania&#8221;, &#8220;Loca Secoloca&#8221;, &#8220;La Loca Enriqueta&#8221;, &#8220;El Loco de los Gatos&#8221; y &#8220;La Cucaracha&#8221;. (HARKER VALDIVIESO, Roberto. <em>Y sucedi\u00f3 en Bucaramanga<\/em>. Biblioteca Santander. Volumen XXXI).<\/p>\n\n\n\n<p>Sin embargo, la lista de Harker se queda corta porque nuestra sola memoria, para no ir tan lejos, recuerda con facilidad a otros como &#8220;Mimimota&#8221;, &#8220;Sat\u00e9lite&#8221;, &#8220;Manuelito&#8221;, y &#8220;El doctor Campbell&#8221;, aunque de este \u00faltimo hay que aclarar que, en realidad, s\u00ed era m\u00e9dico y hab\u00eda ejercido la profesi\u00f3n en la Bucaramanga de entonces antes de entrar en los terrenos irreversibles de la insania y terminar sus d\u00edas sentado en el and\u00e9n del costado sur de la calle 35 entre carreras 21 y 22. <\/p>\n\n\n\n<p>El historiador Ernesto Valderrama Ben\u00edtez, por su parte, rememora a &#8220;El Pr\u00edncipe Celestial&#8221;, &#8220;Antonina&#8221; y &#8220;Cur\u00ed&#8221;. (VALDERRAMA BEN\u00cdTEZ, Ernesto. Real de Minas de Bucaramanga. Imprenta del Departamento. Bucaramanga, 1932).<\/p>\n\n\n\n<p>No obstante, hay que precisar que no todos nuestros &#8220;personajes t\u00edpicos&#8221; eran nativos de estas tierras, pues tambi\u00e9n los hubo procedentes del extranjero, como el italiano &#8220;Don Pepe Patatraca&#8221; y el sirio &#8220;Don Salvador Salah&#8221;, tra\u00eddos ambos a colaci\u00f3n por Valderrama Ben\u00edtez. (ob. cit.).<\/p>\n\n\n\n<p>Pues bien: de entre todos estos personajes, he querido destacar a uno en particular \u2014que hasta ahora no he mencionado\u2014, porque su recuerdo me trae, indirectamente, el de un poeta y cronista piedecuestano, al que s\u00ed alcanc\u00e9 a conocer: el escritor Vicente Arenas Mantilla. Se trata de &#8220;El General Far\u00edas&#8221;. <\/p>\n\n\n\n<p><strong>PR\u00d3XIMA ENTRADA<\/strong>: VICENTE ARENAS MANTILLA Y EL GENERAL FAR\u00cdAS. <\/p>\n","protected":false},"excerpt":{"rendered":"<p>&nbsp; Una de las facetas que mejor retratan a la que fue la Bucaramanga antigua, aquella ciudad apenas en ciernes que poco a poco trataba de sobrepasar en su devenir hist\u00f3rico el pueblo apacible donde el acueducto municipal no eran &hellip; <a href=\"https:\/\/oscarhumbertogomez.com\/?p=31224\">Sigue leyendo <span class=\"meta-nav\">&rarr;<\/span><\/a><\/p>\n<div class='heateorSssClear'><\/div><div  class='heateor_sss_sharing_container heateor_sss_horizontal_sharing' heateor-sss-data-href='https:\/\/oscarhumbertogomez.com\/?p=31224'><div class='heateor_sss_sharing_title' style=\"font-weight:bold\" >\u00a1Gracias por compartirla!<\/div><ul class=\"heateor_sss_sharing_ul\"><li class=\"heateorSssSharingRound\"><i style=\"width:35px;height:35px;border-radius:999px;\" alt=\"Facebook\" Title=\"Facebook\" class=\"heateorSssSharing heateorSssFacebookBackground\" onclick='heateorSssPopup(\"https:\/\/www.facebook.com\/sharer\/sharer.php?u=https%3A%2F%2Foscarhumbertogomez.com%2Findex.php%3Frest_route%3D%252Fwp%252Fv2%252Fposts%252F31224\")'><ss style=\"display:block;border-radius:999px;\" class=\"heateorSssSharingSvg heateorSssFacebookSvg\"><\/ss><\/i><\/li><li class=\"heateorSssSharingRound\"><i style=\"width:35px;height:35px;border-radius:999px;\" alt=\"Twitter\" Title=\"Twitter\" class=\"heateorSssSharing heateorSssTwitterBackground\" onclick='heateorSssPopup(\"http:\/\/twitter.com\/intent\/tweet?text=LOS%20PERSONAJES%20T%C3%8DPICOS.%20Por%20%C3%93scar%20Humberto%20G%C3%B3mez%20G%C3%B3mez%2C%20Miembro%20de%20N%C3%BAmero%20de%20la%20Academia%20de%20Historia%20de%20Santander%20y%20Miembro%20del%20Colegio%20Nacional%20de%20Periodistas&url=https%3A%2F%2Foscarhumbertogomez.com%2Findex.php%3Frest_route%3D%252Fwp%252Fv2%252Fposts%252F31224\")'><ss style=\"display:block;border-radius:999px;\" class=\"heateorSssSharingSvg heateorSssTwitterSvg\"><\/ss><\/i><\/li><li class=\"heateorSssSharingRound\"><i style=\"width:35px;height:35px;border-radius:999px;\" alt=\"Whatsapp\" Title=\"Whatsapp\" class=\"heateorSssSharing heateorSssWhatsappBackground\" onclick='heateorSssPopup(\"https:\/\/web.whatsapp.com\/send?text=LOS%20PERSONAJES%20T%C3%8DPICOS.%20Por%20%C3%93scar%20Humberto%20G%C3%B3mez%20G%C3%B3mez%2C%20Miembro%20de%20N%C3%BAmero%20de%20la%20Academia%20de%20Historia%20de%20Santander%20y%20Miembro%20del%20Colegio%20Nacional%20de%20Periodistas https%3A%2F%2Foscarhumbertogomez.com%2Findex.php%3Frest_route%3D%252Fwp%252Fv2%252Fposts%252F31224\")'><ss style=\"display:block\" class=\"heateorSssSharingSvg heateorSssWhatsappSvg\"><\/ss><\/i><\/li><li class=\"heateorSssSharingRound\"><i style=\"width:35px;height:35px;border-radius:999px;\" alt=\"Pinterest\" Title=\"Pinterest\" class=\"heateorSssSharing heateorSssPinterestBackground\" onclick=\"javascript:void( (function() {var e=document.createElement('script' );e.setAttribute('type','text\/javascript' );e.setAttribute('charset','UTF-8' );e.setAttribute('src','\/\/assets.pinterest.com\/js\/pinmarklet.js?r='+Math.random()*99999999);document.body.appendChild(e)})());\"><ss style=\"display:block;border-radius:999px;\" class=\"heateorSssSharingSvg heateorSssPinterestSvg\"><\/ss><\/i><\/li><li class=\"heateorSssSharingRound\"><i style=\"width:35px;height:35px;border-radius:999px;\" alt=\"Google Gmail\" Title=\"Google Gmail\" class=\"heateorSssSharing heateorSssGoogleGmailBackground\" onclick='heateorSssPopup(\"https:\/\/mail.google.com\/mail\/?ui=2&view=cm&fs=1&tf=1&su=LOS%20PERSONAJES%20T%C3%8DPICOS.%20Por%20%C3%93scar%20Humberto%20G%C3%B3mez%20G%C3%B3mez%2C%20Miembro%20de%20N%C3%BAmero%20de%20la%20Academia%20de%20Historia%20de%20Santander%20y%20Miembro%20del%20Colegio%20Nacional%20de%20Periodistas&body=Link:https%3A%2F%2Foscarhumbertogomez.com%2Findex.php%3Frest_route%3D%252Fwp%252Fv2%252Fposts%252F31224\")'><ss style=\"display:block;border-radius:999px;\" class=\"heateorSssSharingSvg heateorSssGoogleGmailSvg\"><\/ss><\/i><\/li><li class=\"heateorSssSharingRound\"><i style=\"width:35px;height:35px;border-radius:999px;\" title=\"More\" alt=\"More\" class=\"heateorSssSharing heateorSssMoreBackground\" onclick=\"heateorSssMoreSharingPopup(this, 'https:\/\/oscarhumbertogomez.com\/index.php?rest_route=%2Fwp%2Fv2%2Fposts%2F31224', 'LOS%20PERSONAJES%20T%C3%8DPICOS.%20Por%20%C3%93scar%20Humberto%20G%C3%B3mez%20G%C3%B3mez%2C%20Miembro%20de%20N%C3%BAmero%20de%20la%20Academia%20de%20Historia%20de%20Santander%20y%20Miembro%20del%20Colegio%20Nacional%20de%20Periodistas', '' )\" ><ss style=\"display:block\" class=\"heateorSssSharingSvg heateorSssMoreSvg\"><\/ss><\/i><\/li><\/ul><div class=\"heateorSssClear\"><\/div><\/div><div class='heateorSssClear'><\/div>","protected":false},"author":2,"featured_media":0,"comment_status":"open","ping_status":"open","sticky":false,"template":"","format":"standard","meta":{"spay_email":"","footnotes":""},"categories":[11],"tags":[],"class_list":["post-31224","post","type-post","status-publish","format-standard","hentry","category-periodismo"],"jetpack_featured_media_url":"","jetpack_shortlink":"https:\/\/wp.me\/p1FYrr-87C","_links":{"self":[{"href":"https:\/\/oscarhumbertogomez.com\/index.php?rest_route=\/wp\/v2\/posts\/31224","targetHints":{"allow":["GET"]}}],"collection":[{"href":"https:\/\/oscarhumbertogomez.com\/index.php?rest_route=\/wp\/v2\/posts"}],"about":[{"href":"https:\/\/oscarhumbertogomez.com\/index.php?rest_route=\/wp\/v2\/types\/post"}],"author":[{"embeddable":true,"href":"https:\/\/oscarhumbertogomez.com\/index.php?rest_route=\/wp\/v2\/users\/2"}],"replies":[{"embeddable":true,"href":"https:\/\/oscarhumbertogomez.com\/index.php?rest_route=%2Fwp%2Fv2%2Fcomments&post=31224"}],"version-history":[{"count":5,"href":"https:\/\/oscarhumbertogomez.com\/index.php?rest_route=\/wp\/v2\/posts\/31224\/revisions"}],"predecessor-version":[{"id":52642,"href":"https:\/\/oscarhumbertogomez.com\/index.php?rest_route=\/wp\/v2\/posts\/31224\/revisions\/52642"}],"wp:attachment":[{"href":"https:\/\/oscarhumbertogomez.com\/index.php?rest_route=%2Fwp%2Fv2%2Fmedia&parent=31224"}],"wp:term":[{"taxonomy":"category","embeddable":true,"href":"https:\/\/oscarhumbertogomez.com\/index.php?rest_route=%2Fwp%2Fv2%2Fcategories&post=31224"},{"taxonomy":"post_tag","embeddable":true,"href":"https:\/\/oscarhumbertogomez.com\/index.php?rest_route=%2Fwp%2Fv2%2Ftags&post=31224"}],"curies":[{"name":"wp","href":"https:\/\/api.w.org\/{rel}","templated":true}]}}