{"id":31269,"date":"2020-02-08T14:25:32","date_gmt":"2020-02-08T19:25:32","guid":{"rendered":"http:\/\/www.oscarhumbertogomez.com\/?p=31269"},"modified":"2025-03-08T22:31:12","modified_gmt":"2025-03-09T03:31:12","slug":"vicente-arenas-mantilla-y-el-general-farias-v-por-oscar-humberto-gomez-gomez-miembro-de-numero-de-la-academia-de-historia-de-santander","status":"publish","type":"post","link":"https:\/\/oscarhumbertogomez.com\/?p=31269","title":{"rendered":"VICENTE ARENAS MANTILLA Y EL GENERAL FAR\u00cdAS (V). Por \u00d3scar Humberto G\u00f3mez G\u00f3mez, Miembro de N\u00famero de la Academia de Historia de Santander"},"content":{"rendered":"<div id=\"attachment_22947\" style=\"width: 650px\" class=\"wp-caption aligncenter\"><img loading=\"lazy\" decoding=\"async\" aria-describedby=\"caption-attachment-22947\" class=\"size-large wp-image-22947\" src=\"https:\/\/oscarhumbertogomez.com\/wp-content\/uploads\/2017\/07\/20170401-170514-678x1024.jpg\" alt=\"\" width=\"640\" height=\"967\" srcset=\"https:\/\/oscarhumbertogomez.com\/wp-content\/uploads\/2017\/07\/20170401-170514-678x1024.jpg 678w, https:\/\/oscarhumbertogomez.com\/wp-content\/uploads\/2017\/07\/20170401-170514-199x300.jpg 199w, https:\/\/oscarhumbertogomez.com\/wp-content\/uploads\/2017\/07\/20170401-170514-768x1160.jpg 768w\" sizes=\"auto, (max-width: 640px) 100vw, 640px\" \/><p id=\"caption-attachment-22947\" class=\"wp-caption-text\">\u00d3SCAR HUMBERTO G\u00d3MEZ G\u00d3MEZ [Fotograf\u00eda: Fernando Rueda Villamizar]<\/p><\/div>\n<p>&nbsp;<\/p>\n<p><strong>\u00bfQUI\u00c9N ERA EL GENERAL FAR\u00cdAS?<\/strong><\/p>\n<p>&nbsp;<\/p>\n<p>Como recuerda el historiador santandereano Roberto Harker Valdivieso, &#8220;Bucaramanga tambi\u00e9n tuvo sus bobos y sus locos que muchas gentes llamaron despectivamente los &#8220;personajes t\u00edpicos&#8221;. El &#8220;General Far\u00edas&#8221; fue quiz\u00e1s el m\u00e1s conocido dentro de la generaci\u00f3n del centenario. Siempre vest\u00eda con un frac que heredaba de la sociedad bumanguesa. En la casa de uno de los Puyanas le facilitaban las tres raciones a cambio de que picara el pasto para los caballos que estaban en las pesebreras de aquella se\u00f1orial mansi\u00f3n. Y as\u00ed subsist\u00eda y sal\u00eda a la parte norte de la ciudad para esperar en el borde de la meseta las recuas que tra\u00edan los arrieros desde Puerto Santos y que seg\u00fan el &#8220;General Far\u00edas&#8221; formaban parte de un cargamento de oro enviado a su buen cuidado por la Reina Victoria de Inglaterra&#8221; (HARKER VALDIVIESO, Roberto. <em>Y sucedi\u00f3 en Bucaramanga. <\/em>Biblioteca Santander. Volumen XXXI).<\/p>\n<p>&nbsp;<\/p>\n<p>Seg\u00fan el tambi\u00e9n historiador santandereano Ernesto Valderrama Ben\u00edtez, el General Far\u00edas s\u00ed habr\u00eda sido militar, pero de baja graduaci\u00f3n, y s\u00ed habr\u00eda tomado parte en el ej\u00e9rcito liberal de la Guerra de los Mil D\u00edas, derrotado por las tropas gubernamentales en Palonegro (viernes 25 de mayo de 1900). Huyendo de la persecuci\u00f3n de estas, se habr\u00eda refugiado en &#8220;el ca\u00f1\u00f3n que separa la Sierra Nevada de Santa Marta&#8221; y &#8220;los Llanos Orientales&#8221;, \u00e1rea de donde sali\u00f3 para irse a trasegar de hacienda en hacienda en busca de trabajo hasta que lleg\u00f3 a Pamplona &#8220;y de all\u00ed se traslad\u00f3 a Bucaramanga, con el fin de participar en las fiestas centenarias de 1910&#8221;. (VALDERRAMA BEN\u00cdTEZ, Ernesto. Real de Minas de Bucaramanga. Imprenta del Departamento. 1932).<\/p>\n<p>&nbsp;<\/p>\n<p>Como se observa, el General Far\u00edas habr\u00eda durado 10 a\u00f1os en aparecerse por Bucaramanga despu\u00e9s de huir de los cerros de Palonegro a ra\u00edz de la derrota del ej\u00e9rcito revolucionario.<\/p>\n<p>La motivaci\u00f3n sentimental que da Valderrama Ben\u00edtez para que el personaje se hubiese venido de Pamplona hasta Bucaramanga a celebrar el Centenario de la Independencia, esto es, que a esas festividades asistir\u00eda &#8220;su prometida, la Princesa de la Conchinchina, hija del Emperador de la China y de la Emperatriz de la Indochina&#8221; (VALDERRAMA BEN\u00cdTEZ, ob. cit.) no tiene un respaldo y, antes por el contrario, se contradice con qui\u00e9n era la mujer realmente destinataria de su enamoramiento seg\u00fan el historiador Roberto Harker Valdivieso y seg\u00fan el cronista Vicente Arenas Mantilla, como ya se sugiri\u00f3 atr\u00e1s en cuanto al primero y conforme se observar\u00e1 en el romance que hoy publicaremos de este \u00faltimo y que fue inspirado en el famoso &#8220;personaje t\u00edpico&#8221;.<\/p>\n<p>&nbsp;<\/p>\n<p>De lo que s\u00ed se tiene certeza es de que exist\u00eda en la Bucaramanga de aquel entonces un hospedaje llamado La Pamplonesa, que estaba ubicado en la que se denominaba la calle de El Volante. Como el General Far\u00edas carec\u00eda de dinero, pagaba all\u00ed su alojamiento y la comida con trabajo. Los muchachos, para burlarse de \u00e9l, le gritaban: &#8220;\u00a1General: a picar pasto a La Pamplonesa!&#8221;.<\/p>\n<p>&nbsp;<\/p>\n<p>Tambi\u00e9n es hecho verificado que el personaje era dado a la oratoria en p\u00fablico, aunque sus discursos, como era natural, resultaban claramente incoherentes. Valderrama Ben\u00edtez trae a colaci\u00f3n uno que pronunci\u00f3, en el a\u00f1o 1912, en medio del tumulto, a la llegada del gobernador de Santander \u2014Manuel Mar\u00eda Valdivieso\u2014 y de su comitiva a la Asamblea Departamental, cuyas sesiones ven\u00eda a instalar. El discurso se origin\u00f3 en el hecho, para el General Far\u00edas muy molesto, de que no se le permiti\u00f3 ingresar al recinto, a lo cual cre\u00eda tener derecho en su condici\u00f3n de General.<\/p>\n<p>Parece ser que, a pesar de lo disparatadas de sus fogosas intervenciones p\u00fablicas, el personaje no carec\u00eda de elocuencia. El pasaje que reproduce Valderrama Ben\u00edtez de aquel discurso as\u00ed lo deja entrever:<\/p>\n<p>&#8220;\u00bfD\u00f3nde est\u00e1n, doctor Valdivieso, las autoridades colombianas? \u00bfD\u00f3nde, los jefes de las bayonetas? \u00bfD\u00f3nde, las garant\u00edas ciudadanas, cuando al &#8220;Lucero de la Roca&#8221;, &#8220;Punta del Diamante&#8221; y &#8220;Luz del Alba&#8221; se le niega la entrada a este modesto recinto?&#8221;.<\/p>\n<p>No hay claridad sobre si, finalmente, lo dejaron ingresar o no. Pero si yo hubiese sido el gobernador, no solo lo habr\u00eda dejado entrar, sino que, adem\u00e1s, lo hubiese hecho sentar a mi lado en la mesa de honor y, de paso, hubiera hecho desalojar el sal\u00f3n de mirones y de lagartos, mientras los electores, por su parte, lo hac\u00edan en los siguientes comicios de corruptos y de incapaces, los mismos que, seguramente, ya empezaban a tomarse por asalto (asalto a la democracia, desde luego) las corporaciones de elecci\u00f3n popular y los cargos p\u00fablicos de este pa\u00eds desventurado.<\/p>\n<p>&nbsp;<\/p>\n<p>En cuanto a su eterna espera del env\u00edo que nunca le lleg\u00f3, y que lo asemeja al famoso coronel \u2014curiosamente tambi\u00e9n de los ej\u00e9rcitos revolucionarios que se formaron en nuestras guerras civiles\u2014 inmortalizado por Gabriel Garc\u00eda M\u00e1rquez en su novela &#8220;El coronel no tiene qui\u00e9n le escriba&#8221;, no hay uniformidad acerca de qu\u00e9 era aquello que tan tozudamente esperaba.<\/p>\n<p>Seg\u00fan Valderrama Ben\u00edtez, \u00e9l insist\u00eda en que recibir\u00eda una encomienda consistente en &#8220;varias cargas de cheques y billetes bancarios&#8221;. Empero, no es eso lo que narra Harker Valdivieso, para quien lo que esperaba el reconocido enfermo mental era &#8220;un cargamento de oro&#8221;. Por su parte, y como se observar\u00e1 en la poes\u00eda que publicaremos adelante, para Arenas Mantilla el General Far\u00edas esperaba unas &#8220;cargas de plata&#8221; (ARENAS MANTILLA, Vicente. Cr\u00f3nicas y romances. 1960).<\/p>\n<p>&nbsp;<\/p>\n<p>Sea lo que fuere lo que se qued\u00f3 esperando todo el resto de su existencia, lo cierto es que un d\u00eda no precisado del a\u00f1o 1919, de acuerdo al relato de Valderrama Ben\u00edtez, lleg\u00f3 al Hospital San Juan de Dios, caminando &#8220;apoyado en el bast\u00f3n&#8221; y &#8220;con paso vacilante&#8221;, y pregunt\u00f3 por la madre superiora (pues el hospital era manejado por monjas de una comunidad religiosa). La monja lo recibi\u00f3, junto a las otras integrantes de su congregaci\u00f3n presentes en el centro asistencial, que, dicho sea de paso, era denominado en el argot popular &#8220;el hospital de caridad&#8221;. El General Far\u00edas, enfermo, con su rostro demacrado y su mirada entristecida, pero sin perder la dignidad de la que siempre insisti\u00f3 en hacer gala a pesar de su pobreza, las mir\u00f3, les dijo: &#8220;Vengo a pasar una corta temporada, pues presiento que se me escapa la vida&#8221;, y les suplic\u00f3, haciendo lo posible para que su ruego se disfrazara de una orden, que lo atendieran de una manera acorde a su alto rango. Las hermanas de la caridad le llevaron la cuerda, con la humilde calidez que les era caracter\u00edstica, y, en efecto, lo condujeron a uno de los salones de camas en una de las cuales pudo acostarse a descansar y a recibir sus gratuitas atenciones. Poco despu\u00e9s, el paciente muri\u00f3.<\/p>\n<p>Del hospital \u2014puntualiza el historiador\u2014 &#8220;sus despojos mortales pasaron por una puerta al cementerio&#8221;. Finalmente, el cad\u00e1ver del General Far\u00edas &#8220;fue arrojado a una fosa com\u00fan sin ata\u00fad, sin flores y sin la presencia de alg\u00fan ser caritativo que se\u00f1alara el sitio donde duerme su sue\u00f1o eterno&#8221;.<\/p>\n<p>&nbsp;<\/p>\n<p>No es de nuestro gusto \u2014tan propio de la sociedad de entonces como de la actual\u2014 burlarnos de la demencia de nuestros personajes t\u00edpicos, como lo fue este protagonista de la historia comarcana cuyo nombre verdadero, dicho sea de paso, desconocemos. M\u00e1s bien, s\u00ed nos hemos preguntado qu\u00e9 hab\u00eda en la mente de todos estos personajes, seres humanos sencillos y an\u00f3nimos que vivieron siempre al margen de la realidad y de quienes ni siquiera se supo el nombre de pila, si tuvieron alg\u00fan pariente en el mundo, cu\u00e1les fueron sus ideas acerca de la vida, acerca de su tierra, acerca de su familia, acerca de las personas de su entorno, acerca del amor, en fin, acerca de todo. S\u00ed, nos hemos preguntado, por ejemplo: \u00bfen qu\u00e9 pensaba usted durante sus silenciosas divagaciones, General Far\u00edas?<br \/>\nUno de los escasos datos al respecto nos lo proporciona el cronista Ernesto Valderrama Ben\u00edtez, fuente seg\u00fan la cual la idea que el General Far\u00edas ten\u00eda de Dios era la de un ser que vest\u00eda &#8220;de t\u00fanica roja y manto celeste bordado con arabescos&#8221; y &#8220;asist\u00eda muy ocupado inventando constelaciones en su laboratorio celestial&#8221;, pero con quien \u00e9l no ten\u00eda confianza porque era &#8220;muy serio&#8221; y &#8220;no se dejaba mecer las barbas&#8221; (VALDERRAMA BEN\u00cdTEZ, ob. cit.).<br \/>\nSeguramente, en su febril imaginaci\u00f3n, el General Far\u00edas intent\u00f3 hacerlo y no le qued\u00f3 gustando la extrema seriedad de Dios.<\/p>\n<p>&nbsp;<\/p>\n<div id=\"attachment_31302\" style=\"width: 1930px\" class=\"wp-caption alignnone\"><img loading=\"lazy\" decoding=\"async\" aria-describedby=\"caption-attachment-31302\" class=\"size-full wp-image-31302\" src=\"https:\/\/lapiedrafilosofal.com\/wp-content\/uploads\/2019\/12\/Blog-.002-1.jpeg\" alt=\"\" width=\"1920\" height=\"1080\" srcset=\"https:\/\/oscarhumbertogomez.com\/wp-content\/uploads\/2019\/12\/Blog-.002-1.jpeg 1920w, https:\/\/oscarhumbertogomez.com\/wp-content\/uploads\/2019\/12\/Blog-.002-1-300x169.jpeg 300w, https:\/\/oscarhumbertogomez.com\/wp-content\/uploads\/2019\/12\/Blog-.002-1-768x432.jpeg 768w, https:\/\/oscarhumbertogomez.com\/wp-content\/uploads\/2019\/12\/Blog-.002-1-1024x576.jpeg 1024w\" sizes=\"auto, (max-width: 1920px) 100vw, 1920px\" \/><p id=\"caption-attachment-31302\" class=\"wp-caption-text\">Maestro VICENTE ARENAS MANTILLA<\/p><\/div>\n<p>&nbsp;<\/p>\n<p><strong>EL ROMANCE DEL GENERAL FAR\u00cdAS<\/strong><\/p>\n<p>&nbsp;<\/p>\n<p>Para cuando el General Far\u00edas muri\u00f3, solo y pobre, en el hoy desaparecido Hospital San Juan de Dios, Vicente Arenas Mantilla era un ni\u00f1o de apenas 7 a\u00f1os de edad. Todo indica que el poeta alcanz\u00f3 a conocerlo, aunque es altamente probable que haya complementado su propio conocimiento del personaje con los aportes que le suministraron fuentes orales a las que no identifica en ninguna parte de su obra. Lo cierto es que el escritor piedecuestano le compuso uno de sus romances, justamente el mismo que oje\u00e9 por primera vez en aquel follet\u00edn que \u00e9l mismo vend\u00eda y que tan hondamente me marc\u00f3 para siempre.<\/p>\n<p>La Real Academia Espa\u00f1ola en su diccionario (DRAE) define el romance como una &#8220;combinaci\u00f3n m\u00e9trica de origen espa\u00f1ol que consiste en repetir al fin de todos los versos pares una misma asonancia y en no dar a los impares rima de ninguna especie&#8221;.<\/p>\n<p>Esta era la clase de poema que sol\u00eda emplear Arenas Mantilla, como, de hecho, lo advierte desde el t\u00edtulo mismo de su libro y desde el t\u00edtulo tambi\u00e9n de sus poemas, como el que escribi\u00f3 inspirado en la popular imagen de este personaje, poema que hoy publicamos en esta serie de entradas acerca de aquel y con las que hemos procurado sacarlos, tanto a \u00e9l como a su simp\u00e1tico personaje, de los polvorientos anaqueles del olvido.<\/p>\n<p>Lo reproducimos, entonces, a continuaci\u00f3n y con ello tenemos la seguridad de que, en efecto, no solo traemos a la memoria colectiva al General Far\u00edas, aquel ser inofensivo y locuaz que escribi\u00f3 con su modesta vida uno de los cap\u00edtulos m\u00e1s simp\u00e1ticos \u2014y a la vez m\u00e1s tristes\u2014 de nuestra vieja Bucaramanga, sino tambi\u00e9n, desde luego, al autor de estos versos, cuyo reconocimiento por parte de las actuales generaciones de santandereanos est\u00e1 en mora de cumplirse.<\/p>\n<p>&nbsp;<\/p>\n<div id=\"attachment_13389\" style=\"width: 1034px\" class=\"wp-caption aligncenter\"><img loading=\"lazy\" decoding=\"async\" aria-describedby=\"caption-attachment-13389\" class=\"size-full wp-image-13389\" src=\"https:\/\/lapiedrafilosofal.com\/wp-content\/uploads\/2014\/08\/parque-romero-II.jpg\" alt=\"\" width=\"1024\" height=\"667\" srcset=\"https:\/\/oscarhumbertogomez.com\/wp-content\/uploads\/2014\/08\/parque-romero-II.jpg 1024w, https:\/\/oscarhumbertogomez.com\/wp-content\/uploads\/2014\/08\/parque-romero-II-300x195.jpg 300w\" sizes=\"auto, (max-width: 1024px) 100vw, 1024px\" \/><p id=\"caption-attachment-13389\" class=\"wp-caption-text\">Parque Romero antiguo. Bucaramanga. Al costado sur del parque estaba ubicado el antiguo Hospital San Juan de Dios. (Fotograf\u00eda de Quintilio Gavassa. Cortes\u00eda del historiador y periodista Edmundo Gavassa Villamizar).<\/p><\/div>\n<p>&nbsp;<\/p>\n<p>Para nuestros amigos y lectores aqu\u00ed est\u00e1, pues, el<\/p>\n<p><span style=\"color: #ff0000;\"><strong>ROMANCE DEL GENERAL FAR\u00cdAS<\/strong><\/span><\/p>\n<p>Por <strong>Vicente Arenas Mantilla<\/strong><\/p>\n<p>&nbsp;<\/p>\n<p>&#8220;Cerca de La Espiga de Oro,<\/p>\n<p>en tienda de do\u00f1a Caya,<\/p>\n<p>la del Hotel Puerto Wilches,<\/p>\n<p>noble y bondadosa anciana,<\/p>\n<p>vi muchas veces charlando<\/p>\n<p>de giros, en voz muy alta,<\/p>\n<p>al gran general Far\u00edas<\/p>\n<p>el de las cargas de plata.<\/p>\n<p>&nbsp;<\/p>\n<p>Vestido con gran levita,<\/p>\n<p>cuello alto y roja corbata,<\/p>\n<p>con mucho alfiler de perlas,<\/p>\n<p>c\u00fabilo y leontina larga<\/p>\n<p>que colgaba del bolsillo<\/p>\n<p>de su chaleco de marras,<\/p>\n<p>sal\u00eda Far\u00edas los domingos<\/p>\n<p>a sus alegres andanzas.<\/p>\n<p>&nbsp;<\/p>\n<p>Donde el maestro Miguel<\/p>\n<p>a lo Humberto se tusaba,<\/p>\n<p>se echaba bastantes polvos<\/p>\n<p>y afilaba la navaja,<\/p>\n<p>que seg\u00fan largas historias<\/p>\n<p>le hab\u00eda enviado de Holanda<\/p>\n<p>la princesa Guillermina<\/p>\n<p>con el Kaiser de Alemania.<\/p>\n<p>&nbsp;<\/p>\n<p>Visitaba \u201cLa Manigua\u201d,<\/p>\n<p>\u201cEl T\u00edbet\u201d y \u201cLa Gitana\u201d,<\/p>\n<p>y en \u201cEl Globo\u201d hac\u00eda palique<\/p>\n<p>con don Marcelino Esparza,<\/p>\n<p>y se met\u00edan sus eneldos,<\/p>\n<p>y fumaban y charlaban<\/p>\n<p>de mujeres y tesoros,<\/p>\n<p>de negocios y batallas.<\/p>\n<p>&nbsp;<\/p>\n<p>\u2014Arribita, Marcelino,<\/p>\n<p>dec\u00eda el general de marras,<\/p>\n<p>tan pronto me llegue el giro<\/p>\n<p>te llevo a pasear a Italia,<\/p>\n<p>y de paso en Portugal<\/p>\n<p>te presentar\u00e9 a mi amada,<\/p>\n<p>esa tal reina Victoria<\/p>\n<p>que es una hembra simp\u00e1tica.<\/p>\n<p>&nbsp;<\/p>\n<p>De las mil cargas de plata<\/p>\n<p>que me vienen, seg\u00fan carta,<\/p>\n<p>en el vapor \u201cP\u00e9rez Rosa\u201d,<\/p>\n<p>y llegan de hoy a ma\u00f1ana,<\/p>\n<p>treinta ser\u00e1n para fiestas<\/p>\n<p>con toros y con champa\u00f1a,<\/p>\n<p>y hasta un buen baile en el club<\/p>\n<p>con la chata Candelaria.<\/p>\n<p>&nbsp;<\/p>\n<p>\u2014Adi\u00f3s, General Far\u00edas,<\/p>\n<p>dec\u00edanle al pasar las damas.<\/p>\n<p>\u2014Adi\u00f3s, radiante pimpollo,<\/p>\n<p>hermosa rosa de Francia,<\/p>\n<p>clavellina perfumada,<\/p>\n<p>caracuchito de mi alma.<\/p>\n<p>Y con la mano en la boca<\/p>\n<p>botaba besos y babas,<\/p>\n<p>mientras re\u00edan los arrieros<\/p>\n<p>y pasaban mil muchachas<\/p>\n<p>al correo de \u201cGato Negro\u201d<\/p>\n<p>donde llegaban las cartas<\/p>\n<p>para la ni\u00f1a de churcos<\/p>\n<p>y el se\u00f1or de las papayas.<\/p>\n<p>&nbsp;<\/p>\n<p>En el a\u00f1o diecinueve<\/p>\n<p>nos lo arrebat\u00f3 la parca<\/p>\n<p>al gran General Far\u00edas,<\/p>\n<p>el de la roja corbata,<\/p>\n<p>el del levit\u00f3n verdoso,<\/p>\n<p>con leontina y navaja,<\/p>\n<p>el militar m\u00e1s famoso<\/p>\n<p>que tuvo Bucaramanga&#8221;.<\/p>\n<p>&nbsp;<\/p>\n","protected":false},"excerpt":{"rendered":"<p>&nbsp; \u00bfQUI\u00c9N ERA EL GENERAL FAR\u00cdAS? &nbsp; Como recuerda el historiador santandereano Roberto Harker Valdivieso, &#8220;Bucaramanga tambi\u00e9n tuvo sus bobos y sus locos que muchas gentes llamaron despectivamente los &#8220;personajes t\u00edpicos&#8221;. El &#8220;General Far\u00edas&#8221; fue quiz\u00e1s el m\u00e1s conocido dentro &hellip; <a href=\"https:\/\/oscarhumbertogomez.com\/?p=31269\">Sigue leyendo <span class=\"meta-nav\">&rarr;<\/span><\/a><\/p>\n<div class='heateorSssClear'><\/div><div  class='heateor_sss_sharing_container heateor_sss_horizontal_sharing' heateor-sss-data-href='https:\/\/oscarhumbertogomez.com\/?p=31269'><div class='heateor_sss_sharing_title' style=\"font-weight:bold\" >\u00a1Gracias por compartirla!<\/div><ul class=\"heateor_sss_sharing_ul\"><li class=\"heateorSssSharingRound\"><i style=\"width:35px;height:35px;border-radius:999px;\" alt=\"Facebook\" Title=\"Facebook\" class=\"heateorSssSharing heateorSssFacebookBackground\" onclick='heateorSssPopup(\"https:\/\/www.facebook.com\/sharer\/sharer.php?u=https%3A%2F%2Foscarhumbertogomez.com%2Findex.php%3Frest_route%3D%252Fwp%252Fv2%252Fposts%252F31269\")'><ss style=\"display:block;border-radius:999px;\" class=\"heateorSssSharingSvg heateorSssFacebookSvg\"><\/ss><\/i><\/li><li class=\"heateorSssSharingRound\"><i style=\"width:35px;height:35px;border-radius:999px;\" alt=\"Twitter\" Title=\"Twitter\" class=\"heateorSssSharing heateorSssTwitterBackground\" onclick='heateorSssPopup(\"http:\/\/twitter.com\/intent\/tweet?text=VICENTE%20ARENAS%20MANTILLA%20Y%20EL%20GENERAL%20FAR%C3%8DAS%20%28V%29.%20Por%20%C3%93scar%20Humberto%20G%C3%B3mez%20G%C3%B3mez%2C%20Miembro%20de%20N%C3%BAmero%20de%20la%20Academia%20de%20Historia%20de%20Santander&url=https%3A%2F%2Foscarhumbertogomez.com%2Findex.php%3Frest_route%3D%252Fwp%252Fv2%252Fposts%252F31269\")'><ss style=\"display:block;border-radius:999px;\" class=\"heateorSssSharingSvg heateorSssTwitterSvg\"><\/ss><\/i><\/li><li class=\"heateorSssSharingRound\"><i style=\"width:35px;height:35px;border-radius:999px;\" alt=\"Whatsapp\" Title=\"Whatsapp\" class=\"heateorSssSharing heateorSssWhatsappBackground\" onclick='heateorSssPopup(\"https:\/\/web.whatsapp.com\/send?text=VICENTE%20ARENAS%20MANTILLA%20Y%20EL%20GENERAL%20FAR%C3%8DAS%20%28V%29.%20Por%20%C3%93scar%20Humberto%20G%C3%B3mez%20G%C3%B3mez%2C%20Miembro%20de%20N%C3%BAmero%20de%20la%20Academia%20de%20Historia%20de%20Santander https%3A%2F%2Foscarhumbertogomez.com%2Findex.php%3Frest_route%3D%252Fwp%252Fv2%252Fposts%252F31269\")'><ss style=\"display:block\" class=\"heateorSssSharingSvg heateorSssWhatsappSvg\"><\/ss><\/i><\/li><li class=\"heateorSssSharingRound\"><i style=\"width:35px;height:35px;border-radius:999px;\" alt=\"Pinterest\" Title=\"Pinterest\" class=\"heateorSssSharing heateorSssPinterestBackground\" onclick=\"javascript:void( (function() {var e=document.createElement('script' );e.setAttribute('type','text\/javascript' );e.setAttribute('charset','UTF-8' );e.setAttribute('src','\/\/assets.pinterest.com\/js\/pinmarklet.js?r='+Math.random()*99999999);document.body.appendChild(e)})());\"><ss style=\"display:block;border-radius:999px;\" class=\"heateorSssSharingSvg heateorSssPinterestSvg\"><\/ss><\/i><\/li><li class=\"heateorSssSharingRound\"><i style=\"width:35px;height:35px;border-radius:999px;\" alt=\"Google Gmail\" Title=\"Google Gmail\" class=\"heateorSssSharing heateorSssGoogleGmailBackground\" onclick='heateorSssPopup(\"https:\/\/mail.google.com\/mail\/?ui=2&view=cm&fs=1&tf=1&su=VICENTE%20ARENAS%20MANTILLA%20Y%20EL%20GENERAL%20FAR%C3%8DAS%20%28V%29.%20Por%20%C3%93scar%20Humberto%20G%C3%B3mez%20G%C3%B3mez%2C%20Miembro%20de%20N%C3%BAmero%20de%20la%20Academia%20de%20Historia%20de%20Santander&body=Link:https%3A%2F%2Foscarhumbertogomez.com%2Findex.php%3Frest_route%3D%252Fwp%252Fv2%252Fposts%252F31269\")'><ss style=\"display:block;border-radius:999px;\" class=\"heateorSssSharingSvg heateorSssGoogleGmailSvg\"><\/ss><\/i><\/li><li class=\"heateorSssSharingRound\"><i style=\"width:35px;height:35px;border-radius:999px;\" title=\"More\" alt=\"More\" class=\"heateorSssSharing heateorSssMoreBackground\" onclick=\"heateorSssMoreSharingPopup(this, 'https:\/\/oscarhumbertogomez.com\/index.php?rest_route=%2Fwp%2Fv2%2Fposts%2F31269', 'VICENTE%20ARENAS%20MANTILLA%20Y%20EL%20GENERAL%20FAR%C3%8DAS%20%28V%29.%20Por%20%C3%93scar%20Humberto%20G%C3%B3mez%20G%C3%B3mez%2C%20Miembro%20de%20N%C3%BAmero%20de%20la%20Academia%20de%20Historia%20de%20Santander', '' )\" ><ss style=\"display:block\" class=\"heateorSssSharingSvg heateorSssMoreSvg\"><\/ss><\/i><\/li><\/ul><div class=\"heateorSssClear\"><\/div><\/div><div class='heateorSssClear'><\/div>","protected":false},"author":2,"featured_media":0,"comment_status":"open","ping_status":"open","sticky":false,"template":"","format":"standard","meta":{"spay_email":"","footnotes":""},"categories":[11,7],"tags":[],"class_list":["post-31269","post","type-post","status-publish","format-standard","hentry","category-periodismo","category-poesia"],"jetpack_featured_media_url":"","jetpack_shortlink":"https:\/\/wp.me\/p1FYrr-88l","_links":{"self":[{"href":"https:\/\/oscarhumbertogomez.com\/index.php?rest_route=\/wp\/v2\/posts\/31269","targetHints":{"allow":["GET"]}}],"collection":[{"href":"https:\/\/oscarhumbertogomez.com\/index.php?rest_route=\/wp\/v2\/posts"}],"about":[{"href":"https:\/\/oscarhumbertogomez.com\/index.php?rest_route=\/wp\/v2\/types\/post"}],"author":[{"embeddable":true,"href":"https:\/\/oscarhumbertogomez.com\/index.php?rest_route=\/wp\/v2\/users\/2"}],"replies":[{"embeddable":true,"href":"https:\/\/oscarhumbertogomez.com\/index.php?rest_route=%2Fwp%2Fv2%2Fcomments&post=31269"}],"version-history":[{"count":6,"href":"https:\/\/oscarhumbertogomez.com\/index.php?rest_route=\/wp\/v2\/posts\/31269\/revisions"}],"predecessor-version":[{"id":52109,"href":"https:\/\/oscarhumbertogomez.com\/index.php?rest_route=\/wp\/v2\/posts\/31269\/revisions\/52109"}],"wp:attachment":[{"href":"https:\/\/oscarhumbertogomez.com\/index.php?rest_route=%2Fwp%2Fv2%2Fmedia&parent=31269"}],"wp:term":[{"taxonomy":"category","embeddable":true,"href":"https:\/\/oscarhumbertogomez.com\/index.php?rest_route=%2Fwp%2Fv2%2Fcategories&post=31269"},{"taxonomy":"post_tag","embeddable":true,"href":"https:\/\/oscarhumbertogomez.com\/index.php?rest_route=%2Fwp%2Fv2%2Ftags&post=31269"}],"curies":[{"name":"wp","href":"https:\/\/api.w.org\/{rel}","templated":true}]}}