{"id":3128,"date":"2012-03-11T14:45:38","date_gmt":"2012-03-11T19:45:38","guid":{"rendered":"http:\/\/www.oscarhumbertogomez.com\/?p=3128"},"modified":"2025-02-03T15:20:59","modified_gmt":"2025-02-03T20:20:59","slug":"el-incesto-en-colombia-un-reto-cultural-y-cientifico-del-que-nadie-habla","status":"publish","type":"post","link":"https:\/\/oscarhumbertogomez.com\/?p=3128","title":{"rendered":"El incesto en Colombia: un reto cultural y cient\u00edfico del que nadie habla. Por \u00d3scar Humberto G\u00f3mez G\u00f3mez"},"content":{"rendered":"<div id=\"attachment_49906\" style=\"width: 650px\" class=\"wp-caption aligncenter\"><img loading=\"lazy\" decoding=\"async\" aria-describedby=\"caption-attachment-49906\" class=\"size-large wp-image-49906\" src=\"https:\/\/oscarhumbertogomez.com\/wp-content\/uploads\/2011\/06\/WhatsApp-Image-2025-01-19-at-16.33.19-1024x690.jpeg\" alt=\"\" width=\"640\" height=\"431\" srcset=\"https:\/\/oscarhumbertogomez.com\/wp-content\/uploads\/2011\/06\/WhatsApp-Image-2025-01-19-at-16.33.19-1024x690.jpeg 1024w, https:\/\/oscarhumbertogomez.com\/wp-content\/uploads\/2011\/06\/WhatsApp-Image-2025-01-19-at-16.33.19-300x202.jpeg 300w, https:\/\/oscarhumbertogomez.com\/wp-content\/uploads\/2011\/06\/WhatsApp-Image-2025-01-19-at-16.33.19-768x517.jpeg 768w, https:\/\/oscarhumbertogomez.com\/wp-content\/uploads\/2011\/06\/WhatsApp-Image-2025-01-19-at-16.33.19.jpeg 1280w\" sizes=\"auto, (max-width: 640px) 100vw, 640px\" \/><p id=\"caption-attachment-49906\" class=\"wp-caption-text\">\u00d3SCAR HUMBERTO G\u00d3MEZ G\u00d3MEZ. Fotograf\u00eda de Nylse Blackburn. 2009<\/p><\/div>\n<p>&nbsp;<\/p>\n<p>Cuando le\u00ed en la novela Cien a\u00f1os de soledad que el beb\u00e9 fruto de las apasionadas relaciones incestuosas entre Aureliano y Amaranta \u00darsula hab\u00eda nacido con cola de cerdo, pens\u00e9 que era solamente otro de los tantos recursos literarios emergidos de la f\u00e9rtil imaginaci\u00f3n de Gabriel Garc\u00eda M\u00e1rquez.<\/p>\n<p>Pero cuando estall\u00f3 un esc\u00e1ndalo mundial porque las autoridades austr\u00edacas hab\u00edan descubierto que un pap\u00e1 manten\u00eda en el s\u00f3tano de su casa a una familia constituida, a la fuerza, con su propia hija, de cuya uni\u00f3n exist\u00edan varios hijos, supe que la cosa no era meramente fantas\u00eda macondiana.<\/p>\n<p>Me di, pues, a la tarea de entrevistar a distinguidas personalidades de la salud y gracias a ellas me qued\u00f3 claro que las relaciones incestuosas, vale decir, entre parientes cercanos, como padres e hijas, madres e hijos, o hermanos y hermanas, no eran tan inocuas, como suele creerse, sino que produc\u00edan hijos con determinadas caracter\u00edsticas f\u00edsicas, casi siempre degenerativas, claramente perceptibles por el personal m\u00e9dico de los hospitales y cl\u00ednicas.<\/p>\n<p>&nbsp;<\/p>\n<div id=\"attachment_3158\" style=\"width: 236px\" class=\"wp-caption aligncenter\"><img loading=\"lazy\" decoding=\"async\" aria-describedby=\"caption-attachment-3158\" class=\"size-full wp-image-3158\" title=\"INCESTO II\" src=\"https:\/\/lapiedrafilosofal.com\/wp-content\/uploads\/2012\/03\/INCESTO-II.jpg\" alt=\"\" width=\"226\" height=\"223\"><p id=\"caption-attachment-3158\" class=\"wp-caption-text\">EL MONSTRUO DE AUSTRIA Y SU HIJA, A LA QUE MANTUVO UN CUARTO DE SIGLO EN EL S\u00d3TANO DE SU CASA<\/p><\/div>\n<p>&nbsp;<\/p>\n<p><img loading=\"lazy\" decoding=\"async\" class=\"aligncenter size-full wp-image-3153\" title=\"INCESTO\" src=\"https:\/\/lapiedrafilosofal.com\/wp-content\/uploads\/2012\/03\/INCESTO.jpg\" alt=\"\" width=\"456\" height=\"194\" srcset=\"https:\/\/oscarhumbertogomez.com\/wp-content\/uploads\/2012\/03\/INCESTO.jpg 456w, https:\/\/oscarhumbertogomez.com\/wp-content\/uploads\/2012\/03\/INCESTO-300x127.jpg 300w\" sizes=\"auto, (max-width: 456px) 100vw, 456px\" \/><\/p>\n<p>&nbsp;<\/p>\n<p>Y es que fue, precisamente, el observar tales caracter\u00edsticas en el ni\u00f1o que la mujer llev\u00f3 al hospital austr\u00edaco -porque se encontraba muy enfermo- lo que hizo que el personal cient\u00edfico del centro asistencial entrara en dudas y decidiera ahondar en la entrevista de la madre a trav\u00e9s de la psic\u00f3loga del establecimiento, lo que, en efecto ocurri\u00f3. La madre inicialmente sac\u00f3 evasivas, pero al final opt\u00f3 por confesar, llorando, lo que estaba sucediendo desde hac\u00eda la bicoca de veinticinco a\u00f1os: que su propio pap\u00e1 la manten\u00eda encerrada en el s\u00f3tano de la casa, all\u00ed la acced\u00eda carnalmente cada vez que le daba la gana, all\u00ed hab\u00eda parido a sus hijos y all\u00ed hab\u00eda pasado de ni\u00f1a a mujer sin poder salir jam\u00e1s a conocer el mundo. &nbsp;El hospital procedi\u00f3, entonces, a llamar a la polic\u00eda, la cual fue hasta la casa y arrest\u00f3 al que se llam\u00f3 desde entonces &#8220;El monstruo de Austria&#8221;.<\/p>\n<p>&nbsp;<\/p>\n<div id=\"attachment_3157\" style=\"width: 310px\" class=\"wp-caption aligncenter\"><img loading=\"lazy\" decoding=\"async\" aria-describedby=\"caption-attachment-3157\" class=\"size-medium wp-image-3157\" title=\"ZEUS Y HERA. EL INCESTO EN LA MITOLOG\u00cdA GRIEGA\" src=\"https:\/\/lapiedrafilosofal.com\/wp-content\/uploads\/2012\/03\/ZEUS-Y-HERA.-EL-INCESTO-EN-LA-MITOLOG\u00cdA-GRIEGA2-300x251.jpg\" alt=\"\" width=\"300\" height=\"251\" srcset=\"https:\/\/oscarhumbertogomez.com\/wp-content\/uploads\/2012\/03\/ZEUS-Y-HERA.-EL-INCESTO-EN-LA-MITOLOG\u00cdA-GRIEGA2-300x251.jpg 300w, https:\/\/oscarhumbertogomez.com\/wp-content\/uploads\/2012\/03\/ZEUS-Y-HERA.-EL-INCESTO-EN-LA-MITOLOG\u00cdA-GRIEGA2-1024x858.jpg 1024w, https:\/\/oscarhumbertogomez.com\/wp-content\/uploads\/2012\/03\/ZEUS-Y-HERA.-EL-INCESTO-EN-LA-MITOLOG\u00cdA-GRIEGA2.jpg 1049w\" sizes=\"auto, (max-width: 300px) 100vw, 300px\" \/><p id=\"caption-attachment-3157\" class=\"wp-caption-text\">ZEUS Y HERA: EL INCESTO EN LA MITOLOG\u00cdA GRIEGA<\/p><\/div>\n<p>&nbsp;<\/p>\n<p>Pero no se piense que para encontrarse cara a cara con el incesto hay que atravesar el Oc\u00e9ano Atl\u00e1ntico. En Colombia el incesto, aunque est\u00e1 tipificado como delito, es una realidad cultural en vastos sectores de nuestra poblaci\u00f3n. Para no ir tan lejos, en Bucaramanga muchos padres hacen vida marital con sus hijas, las embarazan y tienen con ellas numerosas proles, que van a engrosar los de por s\u00ed bien gruesos cinturones de miseria. En efecto, tal es la condici\u00f3n en el interior de numerosos hogares del populoso y mayoritariamente paup\u00e9rrimo norte de Bucaramanga.<\/p>\n<p>&nbsp;<\/p>\n<p><img loading=\"lazy\" decoding=\"async\" class=\"aligncenter size-full wp-image-3154\" title=\"INCESTO. NORTE DE BUCARAMANGA\" src=\"https:\/\/lapiedrafilosofal.com\/wp-content\/uploads\/2012\/03\/INCESTO.-NORTE-DE-BUCARAMANGA.jpg\" alt=\"\" width=\"304\" height=\"228\" srcset=\"https:\/\/oscarhumbertogomez.com\/wp-content\/uploads\/2012\/03\/INCESTO.-NORTE-DE-BUCARAMANGA.jpg 304w, https:\/\/oscarhumbertogomez.com\/wp-content\/uploads\/2012\/03\/INCESTO.-NORTE-DE-BUCARAMANGA-300x225.jpg 300w\" sizes=\"auto, (max-width: 304px) 100vw, 304px\" \/><\/p>\n<p>&nbsp;<\/p>\n<p>Hace algunos a\u00f1os, un hombre que trabajaba en la calle como chatarrero junto a una de sus hijas en ese congestionado sector encontr\u00f3 lo que aparentemente era una bola de hierro. Pensando que pod\u00eda serle \u00fatil, empez\u00f3 a tratar de abrirla a machetazos. Para su desdicha, y la de su hija, se trataba de una granada que el Ej\u00e9rcito Nacional, que hab\u00eda estado en pr\u00e1cticas, dej\u00f3 abandonada. El caso sali\u00f3 publicado en la prensa local. Lo que no sali\u00f3 publicado, en cambio, fue lo otro. Y lo otro vinimos a saberlo en mi oficina aquel d\u00eda en que se hizo presente una joven mujer embarazada, acompa\u00f1ada de una especie de jard\u00edn infantil ambulante: diecis\u00e9is pelafustanillos malolientes y vestidos con ropas sucias, la mayor\u00eda descalzos, que jugueteaban persigui\u00e9ndose unos a otros, de manera que, para evitar alg\u00fan accidente dentro de la oficina, especialmente con las cosas susceptibles de partirse, preferimos que sali\u00e9ramos a atender la consulta en el pasillo de la edificaci\u00f3n, donde prosigui\u00f3 aquella endemoniada persecuci\u00f3n de unos chicos a otros. La joven mujer nos expuso, entonces, a qu\u00e9 hab\u00eda venido: quer\u00eda que tom\u00e1ramos el caso de su pap\u00e1, aquel hombre que acababa de morir al haber cogido una granada a machetazos. Tambi\u00e9n, por supuesto, el de su hermana, que era quien acompa\u00f1aba a su pap\u00e1 en esos instantes. Me precis\u00f3 que de esa caterva de muchachitos m\u00e1s de la mitad eran hijos de ella, o sea, de la mujer con la cual est\u00e1bamos hablando. Pero, para nuestra perplejidad, cuando le pregunt\u00e9 por la relaci\u00f3n de parentesco entre aquella turbamulta de chicuelos hijos de ella y el occiso, me explic\u00f3 que todos eran hijos de \u00e9ste, y -agreg\u00f3- hermanos de ella. &#8220;\u00bfPero c\u00f3mo as\u00ed?&#8221;, le pregunt\u00e9-. &#8220;\u00bfNo me ha dicho que usted era hija de \u00e9l?&#8221;. &#8220;S\u00ed se\u00f1or&#8221;, me contest\u00f3. &#8220;\u00bfY no me ha dicho que estos ni\u00f1os son hijos de usted?&#8221;. &#8220;S\u00ed se\u00f1or&#8221;, me respondi\u00f3. &#8220;Entonces, \u00bfpor qu\u00e9 me dice que son hermanos suyos? Al fin qu\u00e9 son de usted: \u00bfhijos o hermanos?&#8221;. &#8220;Ambas cosas&#8221;, me dijo. Y de una vez me aclar\u00f3: &#8220;Es que yo los tuve todos con mi pap\u00e1&#8221;. Pero por si me hubiera quedado alguna duda, remat\u00f3: &#8220;O sea, doctor, que mi pap\u00e1 era para estos ni\u00f1os pap\u00e1 y abuelo&#8221;. &#8220;\u00bfY los dem\u00e1s ni\u00f1os, los que no son hijos suyos, de qui\u00e9n son hijos?&#8221;, le interrogu\u00e9. &#8220;De mi pap\u00e1 y de la hermana m\u00eda que iba con \u00e9l, la que muri\u00f3 en la explosi\u00f3n&#8221;, me dijo.<\/p>\n<p>&nbsp;<\/p>\n<p><img loading=\"lazy\" decoding=\"async\" class=\"aligncenter size-medium wp-image-3160\" title=\"INCESTO III\" src=\"https:\/\/lapiedrafilosofal.com\/wp-content\/uploads\/2012\/03\/INCESTO-III-210x300.jpg\" alt=\"\" width=\"210\" height=\"300\" srcset=\"https:\/\/oscarhumbertogomez.com\/wp-content\/uploads\/2012\/03\/INCESTO-III-210x300.jpg 210w, https:\/\/oscarhumbertogomez.com\/wp-content\/uploads\/2012\/03\/INCESTO-III.jpg 280w\" sizes=\"auto, (max-width: 210px) 100vw, 210px\" \/><\/p>\n<p>&nbsp;<\/p>\n<p>Cualquier gobernante que aspire a erradicar la miseria de este pa\u00eds tendr\u00e1 que enfrentar con decisi\u00f3n esta problem\u00e1tica: la del incesto. En efecto, se ha venido formando, durante a\u00f1os, una generaci\u00f3n degenerada: la multitud de ni\u00f1os cuyos padres son entre s\u00ed pap\u00e1 e hija.<\/p>\n<p>No tengo a la mano estad\u00edsticas ni estudios sociol\u00f3gicos sobre las otras manifestaciones del incesto: desconozco, en consecuencia, qu\u00e9 tan arraigado est\u00e9 el fen\u00f3meno de la relaci\u00f3n sexual entre madres e hijos y entre hermanos y hermanas.<\/p>\n<p>En todo caso, la sola realidad que se vive en el norte de Bucaramanga, y que, seg\u00fan lo que me han expresado mis fuentes, viene replic\u00e1ndose desde tiempos inmemoriales en otras comunas semejantes a lo largo y ancho del pa\u00eds, debe ser abordada de inmediato por el Estado.<\/p>\n<p>&nbsp;<\/p>\n<p><img loading=\"lazy\" decoding=\"async\" class=\"aligncenter size-full wp-image-3152\" title=\"INCESTO\" src=\"https:\/\/lapiedrafilosofal.com\/wp-content\/uploads\/2012\/03\/INCESTO.png\" alt=\"\" width=\"320\" height=\"248\" srcset=\"https:\/\/oscarhumbertogomez.com\/wp-content\/uploads\/2012\/03\/INCESTO.png 320w, https:\/\/oscarhumbertogomez.com\/wp-content\/uploads\/2012\/03\/INCESTO-300x232.png 300w\" sizes=\"auto, (max-width: 320px) 100vw, 320px\" \/><\/p>\n<p>&nbsp;<\/p>\n<p>A prop\u00f3sito, en una ocasi\u00f3n, el Instituto Colombiano de Bienestar Familiar (ICBF), al ser inquirido acerca de esta problem\u00e1tica, asever\u00f3 que esa entidad s\u00f3lo pod\u00eda actuar en los casos puntuales donde se estuviera presentando violencia intrafamiliar. Seg\u00fan el ICBF, mientras todo estuviera &#8220;normal&#8221; dentro de esos hogares, esa entidad nada pod\u00eda hacer.<\/p>\n<p>Si esa sigue siendo la visi\u00f3n que de esta situaci\u00f3n tiene el ente oficial que debe velar nada menos que por la integridad f\u00edsica, mental y moral de la familia colombiana, ya sabemos cu\u00e1l ha de ser una de las primeras instituciones estatales de Colombia que deber\u00e1 ser reformada en el futuro inmediato o que, m\u00e1s bien, deber\u00e1 desaparecer para darle paso a una entidad fresca, din\u00e1mica y en\u00e9rgica que, de verdad, asuma con entereza y decisi\u00f3n la tarea que le corresponde.<\/p>\n<p>Tarea que es, a nuestro juicio, parte esencial de los grandes retos que deber\u00e1 enfrentar el Estado si es que de verdad aspira a darles soluci\u00f3n a los grandes problemas nacionales.<\/p>\n<p>Esta sociedad atribulada ya no soporta m\u00e1s inercia oficial.<\/p>\n<p>Ni la familia colombiana, c\u00e9lula b\u00e1sica de la sociedad, la soporta tampoco.<\/p>\n<p>&nbsp;<\/p>\n","protected":false},"excerpt":{"rendered":"<p>&nbsp; Cuando le\u00ed en la novela Cien a\u00f1os de soledad que el beb\u00e9 fruto de las apasionadas relaciones incestuosas entre Aureliano y Amaranta \u00darsula hab\u00eda nacido con cola de cerdo, pens\u00e9 que era solamente otro de los tantos recursos literarios &hellip; <a href=\"https:\/\/oscarhumbertogomez.com\/?p=3128\">Sigue leyendo <span class=\"meta-nav\">&rarr;<\/span><\/a><\/p>\n<div class='heateorSssClear'><\/div><div  class='heateor_sss_sharing_container heateor_sss_horizontal_sharing' heateor-sss-data-href='https:\/\/oscarhumbertogomez.com\/?p=3128'><div class='heateor_sss_sharing_title' style=\"font-weight:bold\" >\u00a1Gracias por compartirla!<\/div><ul class=\"heateor_sss_sharing_ul\"><li class=\"heateorSssSharingRound\"><i style=\"width:35px;height:35px;border-radius:999px;\" alt=\"Facebook\" Title=\"Facebook\" class=\"heateorSssSharing heateorSssFacebookBackground\" onclick='heateorSssPopup(\"https:\/\/www.facebook.com\/sharer\/sharer.php?u=https%3A%2F%2Foscarhumbertogomez.com%2Findex.php%3Frest_route%3D%252Fwp%252Fv2%252Fposts%252F3128\")'><ss style=\"display:block;border-radius:999px;\" class=\"heateorSssSharingSvg heateorSssFacebookSvg\"><\/ss><\/i><\/li><li class=\"heateorSssSharingRound\"><i style=\"width:35px;height:35px;border-radius:999px;\" alt=\"Twitter\" Title=\"Twitter\" class=\"heateorSssSharing heateorSssTwitterBackground\" onclick='heateorSssPopup(\"http:\/\/twitter.com\/intent\/tweet?text=El%20incesto%20en%20Colombia%3A%20un%20reto%20cultural%20y%20cient%C3%ADfico%20del%20que%20nadie%20habla.%20Por%20%C3%93scar%20Humberto%20G%C3%B3mez%20G%C3%B3mez&url=https%3A%2F%2Foscarhumbertogomez.com%2Findex.php%3Frest_route%3D%252Fwp%252Fv2%252Fposts%252F3128\")'><ss style=\"display:block;border-radius:999px;\" class=\"heateorSssSharingSvg heateorSssTwitterSvg\"><\/ss><\/i><\/li><li class=\"heateorSssSharingRound\"><i style=\"width:35px;height:35px;border-radius:999px;\" alt=\"Whatsapp\" Title=\"Whatsapp\" class=\"heateorSssSharing heateorSssWhatsappBackground\" onclick='heateorSssPopup(\"https:\/\/web.whatsapp.com\/send?text=El%20incesto%20en%20Colombia%3A%20un%20reto%20cultural%20y%20cient%C3%ADfico%20del%20que%20nadie%20habla.%20Por%20%C3%93scar%20Humberto%20G%C3%B3mez%20G%C3%B3mez https%3A%2F%2Foscarhumbertogomez.com%2Findex.php%3Frest_route%3D%252Fwp%252Fv2%252Fposts%252F3128\")'><ss style=\"display:block\" class=\"heateorSssSharingSvg heateorSssWhatsappSvg\"><\/ss><\/i><\/li><li class=\"heateorSssSharingRound\"><i style=\"width:35px;height:35px;border-radius:999px;\" alt=\"Pinterest\" Title=\"Pinterest\" class=\"heateorSssSharing heateorSssPinterestBackground\" onclick=\"javascript:void( (function() {var e=document.createElement('script' );e.setAttribute('type','text\/javascript' );e.setAttribute('charset','UTF-8' );e.setAttribute('src','\/\/assets.pinterest.com\/js\/pinmarklet.js?r='+Math.random()*99999999);document.body.appendChild(e)})());\"><ss style=\"display:block;border-radius:999px;\" class=\"heateorSssSharingSvg heateorSssPinterestSvg\"><\/ss><\/i><\/li><li class=\"heateorSssSharingRound\"><i style=\"width:35px;height:35px;border-radius:999px;\" alt=\"Google Gmail\" Title=\"Google Gmail\" class=\"heateorSssSharing heateorSssGoogleGmailBackground\" onclick='heateorSssPopup(\"https:\/\/mail.google.com\/mail\/?ui=2&view=cm&fs=1&tf=1&su=El%20incesto%20en%20Colombia%3A%20un%20reto%20cultural%20y%20cient%C3%ADfico%20del%20que%20nadie%20habla.%20Por%20%C3%93scar%20Humberto%20G%C3%B3mez%20G%C3%B3mez&body=Link:https%3A%2F%2Foscarhumbertogomez.com%2Findex.php%3Frest_route%3D%252Fwp%252Fv2%252Fposts%252F3128\")'><ss style=\"display:block;border-radius:999px;\" class=\"heateorSssSharingSvg heateorSssGoogleGmailSvg\"><\/ss><\/i><\/li><li class=\"heateorSssSharingRound\"><i style=\"width:35px;height:35px;border-radius:999px;\" title=\"More\" alt=\"More\" class=\"heateorSssSharing heateorSssMoreBackground\" onclick=\"heateorSssMoreSharingPopup(this, 'https:\/\/oscarhumbertogomez.com\/index.php?rest_route=%2Fwp%2Fv2%2Fposts%2F3128', 'El%20incesto%20en%20Colombia%3A%20un%20reto%20cultural%20y%20cient%C3%ADfico%20del%20que%20nadie%20habla.%20Por%20%C3%93scar%20Humberto%20G%C3%B3mez%20G%C3%B3mez', '' )\" ><ss style=\"display:block\" class=\"heateorSssSharingSvg heateorSssMoreSvg\"><\/ss><\/i><\/li><\/ul><div class=\"heateorSssClear\"><\/div><\/div><div class='heateorSssClear'><\/div>","protected":false},"author":2,"featured_media":0,"comment_status":"open","ping_status":"open","sticky":false,"template":"","format":"standard","meta":{"spay_email":"","footnotes":""},"categories":[1],"tags":[],"class_list":["post-3128","post","type-post","status-publish","format-standard","hentry","category-blog"],"jetpack_featured_media_url":"","jetpack_shortlink":"https:\/\/wp.me\/p1FYrr-Os","_links":{"self":[{"href":"https:\/\/oscarhumbertogomez.com\/index.php?rest_route=\/wp\/v2\/posts\/3128","targetHints":{"allow":["GET"]}}],"collection":[{"href":"https:\/\/oscarhumbertogomez.com\/index.php?rest_route=\/wp\/v2\/posts"}],"about":[{"href":"https:\/\/oscarhumbertogomez.com\/index.php?rest_route=\/wp\/v2\/types\/post"}],"author":[{"embeddable":true,"href":"https:\/\/oscarhumbertogomez.com\/index.php?rest_route=\/wp\/v2\/users\/2"}],"replies":[{"embeddable":true,"href":"https:\/\/oscarhumbertogomez.com\/index.php?rest_route=%2Fwp%2Fv2%2Fcomments&post=3128"}],"version-history":[{"count":6,"href":"https:\/\/oscarhumbertogomez.com\/index.php?rest_route=\/wp\/v2\/posts\/3128\/revisions"}],"predecessor-version":[{"id":50127,"href":"https:\/\/oscarhumbertogomez.com\/index.php?rest_route=\/wp\/v2\/posts\/3128\/revisions\/50127"}],"wp:attachment":[{"href":"https:\/\/oscarhumbertogomez.com\/index.php?rest_route=%2Fwp%2Fv2%2Fmedia&parent=3128"}],"wp:term":[{"taxonomy":"category","embeddable":true,"href":"https:\/\/oscarhumbertogomez.com\/index.php?rest_route=%2Fwp%2Fv2%2Fcategories&post=3128"},{"taxonomy":"post_tag","embeddable":true,"href":"https:\/\/oscarhumbertogomez.com\/index.php?rest_route=%2Fwp%2Fv2%2Ftags&post=3128"}],"curies":[{"name":"wp","href":"https:\/\/api.w.org\/{rel}","templated":true}]}}