{"id":3130,"date":"2012-03-11T15:18:45","date_gmt":"2012-03-11T20:18:45","guid":{"rendered":"http:\/\/www.oscarhumbertogomez.com\/?p=3130"},"modified":"2025-02-03T15:28:26","modified_gmt":"2025-02-03T20:28:26","slug":"por-un-premio-grammy-para-la-musica-andina-colombiana","status":"publish","type":"post","link":"https:\/\/oscarhumbertogomez.com\/?p=3130","title":{"rendered":"\u00bfPor qu\u00e9 no existe el Premio Grammy Latino para la m\u00fasica andina colombiana? Por \u00d3scar Humberto G\u00f3mez G\u00f3mez"},"content":{"rendered":"<div id=\"attachment_49906\" style=\"width: 650px\" class=\"wp-caption aligncenter\"><img loading=\"lazy\" decoding=\"async\" aria-describedby=\"caption-attachment-49906\" class=\"size-large wp-image-49906\" src=\"https:\/\/oscarhumbertogomez.com\/wp-content\/uploads\/2011\/06\/WhatsApp-Image-2025-01-19-at-16.33.19-1024x690.jpeg\" alt=\"\" width=\"640\" height=\"431\" srcset=\"https:\/\/oscarhumbertogomez.com\/wp-content\/uploads\/2011\/06\/WhatsApp-Image-2025-01-19-at-16.33.19-1024x690.jpeg 1024w, https:\/\/oscarhumbertogomez.com\/wp-content\/uploads\/2011\/06\/WhatsApp-Image-2025-01-19-at-16.33.19-300x202.jpeg 300w, https:\/\/oscarhumbertogomez.com\/wp-content\/uploads\/2011\/06\/WhatsApp-Image-2025-01-19-at-16.33.19-768x517.jpeg 768w, https:\/\/oscarhumbertogomez.com\/wp-content\/uploads\/2011\/06\/WhatsApp-Image-2025-01-19-at-16.33.19.jpeg 1280w\" sizes=\"auto, (max-width: 640px) 100vw, 640px\" \/><p id=\"caption-attachment-49906\" class=\"wp-caption-text\">\u00d3SCAR HUMBERTO G\u00d3MEZ G\u00d3MEZ. Fotograf\u00eda de Nylse Blackburn. 2009<\/p><\/div>\n<p>&nbsp;<\/p>\n<p>Cada a\u00f1o se re\u00fanen en los Estados Unidos los poderosos de la industria disquera y de los medios de comunicaci\u00f3n para pronunciar los nombres de los nominados y los ganadores de los premios Grammy Latinos. Es una verdadera feria de galardones: la Academia Latina de Artes y Ciencias de la Grabaci\u00f3n, en efecto, no les otorga premio sino a la bicoca de ciento nueve categor\u00edas. S\u00ed, como lo lee: CIENTO NUEVE personas ganan Premio Grammy cada a\u00f1o. S\u00ed, en serio: 109, en la numeraci\u00f3n ar\u00e1biga. S\u00ed, s\u00ed: CIX, en la numeraci\u00f3n romana.<\/p>\n<p>Y es que en los Grammy Latinos premian todo lo habido y por haber. Aunque, para ser justos, no son exactamente ciento nueve personas las que pasan a recibir premio, porque hay artistas a los que, a\u00f1o tras a\u00f1o, como en un ritual, les entregan, no uno, sino dos, tres, cuatro o cinco premios. Con decirles que hay artistas a los que pareciera que les hubiesen visto cara de coteros de muelle en Colpuertos y los ponen a cargar tantos, pero tantos premios, que cuando llegan a sus casas a dormir -despu\u00e9s de la consabida farra, claro est\u00e1- se miran al espejo y notan, con asombro, que les han salido m\u00fasculos de f\u00edsico-culturista.<\/p>\n<p>&nbsp;<\/p>\n<div id=\"attachment_3173\" style=\"width: 525px\" class=\"wp-caption aligncenter\"><img loading=\"lazy\" decoding=\"async\" aria-describedby=\"caption-attachment-3173\" class=\"size-full wp-image-3173\" title=\"TIPLE II\" src=\"https:\/\/lapiedrafilosofal.com\/wp-content\/uploads\/2012\/03\/TIPLE-II.jpg\" alt=\"\" width=\"515\" height=\"978\"><p id=\"caption-attachment-3173\" class=\"wp-caption-text\">TIPLE, INSTRUMENTO NACIONAL DE COLOMBIA<\/p><\/div>\n<p>&nbsp;<\/p>\n<p>En alguna ocasi\u00f3n, abusando de la amabilidad del abogado, escritor, historiador y periodista nortesantandereano Alberto Donad\u00edo, quien viajaba a Norteam\u00e9rica, hice llegar, a trav\u00e9s de \u00e9l, una humilde carta dirigida a la Academia con una propuesta: la de que se les permitiera concursar por uno de esos premios a los cultores de la m\u00fasica folcl\u00f3rica latinoamericana y, de manera muy especial, a quienes en Colombia, trabajando en las condiciones m\u00e1s adversas, contin\u00faan haciendo posible la supervivencia del folclor andino.<\/p>\n<p>Y es que el presidente de la Academia, el m\u00e9dico y m\u00fasico Kike Santander, cuyo padre era charale\u00f1o, o sea, santandereano, hab\u00eda estado hac\u00eda poco en ese municipio comunero asistiendo a un homenaje que le rend\u00edan a la memoria de su progenitor y tuvo que soportar con estoicismo el interminable desfile de duetos que pas\u00f3 a rendirle las correspondientes venias con sus guitarras, sus tiples y un sinn\u00famero de bambucos, pasillos y guabinas, adem\u00e1s, por supuesto, de otro desfile no menos largo de lagartos y lambones. Pero todo indic\u00f3 que al maestro Kike Santander, oriundo de Cali y cale\u00f1o por convicci\u00f3n, no lo conmovi\u00f3 ni el desfile de nuestros m\u00fasicos andinos, esperanzados en que el poderoso productor les echara una miradita, ni los discursos de los lagartos, ni los sobijos en la chaqueta de los lambones, y se fue de Charal\u00e1 despu\u00e9s de decir, como en son de reproche, que su pap\u00e1 siempre hab\u00eda \u201cayudado a la gente\u201d en esta tierra y que como que no hab\u00eda sido mucha la gratitud que le hab\u00edan demostrado. Cosa que, por dem\u00e1s, desgraciadamente tampoco es que resulte muy ex\u00f3tica que digamos por estos lares.<\/p>\n<p>&nbsp;<\/p>\n<div id=\"attachment_3164\" style=\"width: 570px\" class=\"wp-caption aligncenter\"><img loading=\"lazy\" decoding=\"async\" aria-describedby=\"caption-attachment-3164\" class=\"size-full wp-image-3164\" title=\"kike1\" src=\"https:\/\/lapiedrafilosofal.com\/wp-content\/uploads\/2012\/03\/kike1.jpg\" alt=\"\" width=\"560\" height=\"373\" srcset=\"https:\/\/oscarhumbertogomez.com\/wp-content\/uploads\/2012\/03\/kike1.jpg 560w, https:\/\/oscarhumbertogomez.com\/wp-content\/uploads\/2012\/03\/kike1-300x199.jpg 300w\" sizes=\"auto, (max-width: 560px) 100vw, 560px\" \/><p id=\"caption-attachment-3164\" class=\"wp-caption-text\">MAESTRO KIKE SANTANDER, PRESIDENTE DE LA ACADEMIA LATINA DE ARTES Y CIENCIAS DE LA GRABACI\u00d3N QUE ENTREGA ANUALMENTE EL PREMIO GRAMMY LATINO<\/p><\/div>\n<p>&nbsp;<\/p>\n<p>Mi carta no tuvo efecto. Al contrario, lo que recibimos, como una bofetada, fue la noticia de que el Premio Grammy hab\u00eda abierto una nueva categor\u00eda, en medio del enjambre de categor\u00edas que ya ten\u00eda: la de \u201cvallenato y cumbia\u201d. O sea, que las dos \u00fanicas expresiones folcl\u00f3ricas colombianas que pod\u00edan aspirar a un Grammy eran ambas coste\u00f1as. El primer galardonado fue el por entonces todav\u00eda sup\u00e9rstite maestro Rafael Escalona. Despu\u00e9s, se empez\u00f3, como siempre, a premiar el ruidoso e insoportable vallenato comercial que domina hoy en d\u00eda todos los escenarios naturales de esa otrora expresi\u00f3n cultural y que ha relegado el genuino folclor vallenato a las orillas de los r\u00edos donde los juglares siguen tocando por unas cuantas monedas para no morirse de hambre.<\/p>\n<p>&nbsp;<\/p>\n<div id=\"attachment_3181\" style=\"width: 410px\" class=\"wp-caption aligncenter\"><img loading=\"lazy\" decoding=\"async\" aria-describedby=\"caption-attachment-3181\" class=\"size-full wp-image-3181\" title=\"fito paez 2\" src=\"https:\/\/lapiedrafilosofal.com\/wp-content\/uploads\/2012\/03\/fito-paez-2.jpg\" alt=\"\" width=\"400\" height=\"266\" srcset=\"https:\/\/oscarhumbertogomez.com\/wp-content\/uploads\/2012\/03\/fito-paez-2.jpg 400w, https:\/\/oscarhumbertogomez.com\/wp-content\/uploads\/2012\/03\/fito-paez-2-300x199.jpg 300w\" sizes=\"auto, (max-width: 400px) 100vw, 400px\" \/><p id=\"caption-attachment-3181\" class=\"wp-caption-text\">FITO P\u00c1EZ, TALENTOSO COMPOSITOR Y ARTISTA ARGENTINO<\/p><\/div>\n<p>&nbsp;<\/p>\n<p>Sin embargo, ya antes de eso el connotado rockero argentino Fito P\u00e1ez, quien de folclorista tiene lo que yo tengo de parapentista, hab\u00eda sido galardonado con un Grammy dizque al \u201cFolclor Latinoamericano\u201d. Fue tan absurda la concesi\u00f3n de ese premio, que el propio maestro P\u00e1ez sali\u00f3 en televisi\u00f3n diciendo, con una sonrisa sard\u00f3nica: \u201cBueno, \u00bfyo qu\u00e9 puedo decir? Est\u00e1 bien: gracias. Pero, no s\u00e9, no quiero imaginarme c\u00f3mo se estar\u00e1n sintiendo all\u00e1 en sus tumbas Atahualpa Yupanqui, Chabuca Granda y, en fin, los grandes folcloristas de este continente\u201d.<\/p>\n<p>Debido a ese episodio, no he podido todav\u00eda ordenar mis confusas ideas sobre el Grammy Latino, pues pareciera que esto de proponer dentro de aquel certamen un premio al folclor latinoamericano como que ya estaba trasnochado, pues el galard\u00f3n exist\u00eda, s\u00f3lo que la an\u00e9cdota de lo ocurrido con Fito P\u00e1ez mostr\u00f3 a qui\u00e9nes se lo han estado entregando.<\/p>\n<p>&nbsp;<\/p>\n<div id=\"attachment_3182\" style=\"width: 399px\" class=\"wp-caption aligncenter\"><img loading=\"lazy\" decoding=\"async\" aria-describedby=\"caption-attachment-3182\" class=\"size-full wp-image-3182\" title=\"vicente-fernandez-389_389x226\" src=\"https:\/\/lapiedrafilosofal.com\/wp-content\/uploads\/2012\/03\/vicente-fernandez-389_389x226.jpg\" alt=\"\" width=\"389\" height=\"226\" srcset=\"https:\/\/oscarhumbertogomez.com\/wp-content\/uploads\/2012\/03\/vicente-fernandez-389_389x226.jpg 389w, https:\/\/oscarhumbertogomez.com\/wp-content\/uploads\/2012\/03\/vicente-fernandez-389_389x226-300x174.jpg 300w\" sizes=\"auto, (max-width: 389px) 100vw, 389px\" \/><p id=\"caption-attachment-3182\" class=\"wp-caption-text\">VICENTE FERN\u00c1NDEZ, CANTANTE Y ACTOR DE CINE MEXICANO<\/p><\/div>\n<p>&nbsp;<\/p>\n<p>Vicente Fern\u00e1ndez dijo, en declaraciones p\u00fablicas, que el Grammy lo ten\u00eda sin cuidado, que \u00e9l estaba por completo ajeno a ese ambiente, al que llam\u00f3 \u201cde rosca\u201d, y que ya en M\u00e9xico &#8220;se sab\u00eda&#8221; que los premios se los repart\u00edan entre los mismos amigotes de siempre. La verdad, no s\u00e9 si entre el m\u00e1s del centenar de premios Grammy le dan uno a la m\u00fasica ranchera, que, g\u00fastenos o no, es un s\u00edmbolo indiscutible de la m\u00fasica de Am\u00e9rica Latina. Porque de existir Grammy a la m\u00fasica ranchera, ser\u00eda el m\u00e1s grande absurdo no hab\u00e9rselo conferido ya al maestro Fern\u00e1ndez.<\/p>\n<p>&nbsp;<\/p>\n<p><img loading=\"lazy\" decoding=\"async\" class=\"aligncenter size-full wp-image-3183\" title=\"CHOLO VALDERRAMA\" src=\"https:\/\/lapiedrafilosofal.com\/wp-content\/uploads\/2012\/03\/CHOLO-VALDERRAMA.jpg\" alt=\"\" width=\"400\" height=\"386\" srcset=\"https:\/\/oscarhumbertogomez.com\/wp-content\/uploads\/2012\/03\/CHOLO-VALDERRAMA.jpg 400w, https:\/\/oscarhumbertogomez.com\/wp-content\/uploads\/2012\/03\/CHOLO-VALDERRAMA-300x289.jpg 300w\" sizes=\"auto, (max-width: 400px) 100vw, 400px\" \/><\/p>\n<p>&nbsp;<\/p>\n<p>Lo que s\u00ed me llam\u00f3 la atenci\u00f3n, en cambio, fue el hecho de que hace unos dos o tres a\u00f1os le otorgaron un premio Grammy al Cholo Valderrama, un cantor de m\u00fasica llanera colombiana, y, seg\u00fan dijeron, se lo dieron por un trabajo discogr\u00e1fico llamado \u201cCaballo\u201d. No s\u00e9 si ello deba hacernos concluir que no s\u00f3lo el vallenato, sino tambi\u00e9n la m\u00fasica llanera ya entr\u00f3 por la puerta del Grammy, as\u00ed no haya sido por la puerta grande. Y es que, seg\u00fan le\u00ed tambi\u00e9n, hay premios Grammy &#8220;de primera&#8221; y premios Grammy &#8220;de segunda&#8221;, y el premio al Cholo Valderrama, por la escasa difusi\u00f3n que tuvo, pareci\u00f3 pertenecer a los &#8220;de segunda&#8221;. Incluso supe que estos premios &#8220;de segunda&#8221; los entregan en un acto completamente privado, antes de la rimbombante ceremonia donde se entregan los correspondientes a los \u201cpesos pesados\u201d.<\/p>\n<p>&nbsp;<\/p>\n<div id=\"attachment_3184\" style=\"width: 770px\" class=\"wp-caption aligncenter\"><img loading=\"lazy\" decoding=\"async\" aria-describedby=\"caption-attachment-3184\" class=\"size-full wp-image-3184\" title=\"JAIME LLANO GONZ\u00c1LEZ\" src=\"https:\/\/lapiedrafilosofal.com\/wp-content\/uploads\/2012\/03\/JAIME-LLANO-GONZ\u00c1LEZ.jpg\" alt=\"\" width=\"760\" height=\"507\" srcset=\"https:\/\/oscarhumbertogomez.com\/wp-content\/uploads\/2012\/03\/JAIME-LLANO-GONZ\u00c1LEZ.jpg 760w, https:\/\/oscarhumbertogomez.com\/wp-content\/uploads\/2012\/03\/JAIME-LLANO-GONZ\u00c1LEZ-300x200.jpg 300w\" sizes=\"auto, (max-width: 760px) 100vw, 760px\" \/><p id=\"caption-attachment-3184\" class=\"wp-caption-text\">JAIME LLANO GONZ\u00c1LEZ, MAESTRO POR EXCELENCIA DE LA M\u00daSICA ANDINA DE COLOMBIA<\/p><\/div>\n<p>&nbsp;<\/p>\n<p>En todo caso, lo que s\u00ed es cierto es que ya es hora de que entre, por la misma puerta estrecha al menos, la vapuleada y marginada m\u00fasica andina colombiana.<\/p>\n<p>&nbsp;<\/p>\n<div id=\"attachment_3172\" style=\"width: 620px\" class=\"wp-caption aligncenter\"><img loading=\"lazy\" decoding=\"async\" aria-describedby=\"caption-attachment-3172\" class=\"size-full wp-image-3172\" title=\"BAMBUCO\" src=\"https:\/\/lapiedrafilosofal.com\/wp-content\/uploads\/2012\/03\/BAMBUCO.jpg\" alt=\"\" width=\"610\" height=\"404\" srcset=\"https:\/\/oscarhumbertogomez.com\/wp-content\/uploads\/2012\/03\/BAMBUCO.jpg 610w, https:\/\/oscarhumbertogomez.com\/wp-content\/uploads\/2012\/03\/BAMBUCO-300x198.jpg 300w\" sizes=\"auto, (max-width: 610px) 100vw, 610px\" \/><p id=\"caption-attachment-3172\" class=\"wp-caption-text\">FESTIVAL NACIONAL DEL BAMBUCO. NEIVA (HUILA) \/ COLOMBIA<\/p><\/div>\n<p>&nbsp;<\/p>\n<p>Aunque eso va a ser muy dif\u00edcil si no derrotamos antes dos cosas: una, la creencia de que la m\u00fasica andina colombiana puede seguir divorciada tanto de la actividad comercial que se desarrolla alrededor del disco como de la radiodifusi\u00f3n comercial; y la segunda, la de que dicha expresi\u00f3n musical puede sobrevivir sin la decidida erradicaci\u00f3n de la espeluznante envidia que, infortunadamente, carcome las almas dentro de ese discriminado g\u00e9nero musical. Lo primero, porque el Premio Grammy tiene una connotaci\u00f3n eminentemente mercantil y en buena parte est\u00e1 determinado por el &#8220;\u00e9xito&#8221; que la m\u00fasica alcance en la red radiof\u00f3nica, &#8220;\u00e9xito&#8221; radial que est\u00e1 atado al volumen de ventas. Lo segundo, porque si a los artistas que todav\u00eda se empecinan en mantener viva la m\u00fasica andina colombiana, en vez de apoy\u00e1rseles, lo que se hace es meterles zancadilla -y una zancadilla que proviene, incluso, del mismo entorno donde tal g\u00e9nero se cultiva- las posibilidades de que alguien surja lo suficiente como para comenzar a ara\u00f1ar el &#8220;\u00e9xito&#8221; internacional que se requiere, ser\u00e1n cada vez m\u00e1s lejanas.<\/p>\n<p>&nbsp;<\/p>\n<p><img loading=\"lazy\" decoding=\"async\" class=\"aligncenter size-full wp-image-3165\" title=\"envidia\" src=\"https:\/\/lapiedrafilosofal.com\/wp-content\/uploads\/2012\/03\/envidia.jpg\" alt=\"\" width=\"600\" height=\"400\" srcset=\"https:\/\/oscarhumbertogomez.com\/wp-content\/uploads\/2012\/03\/envidia.jpg 600w, https:\/\/oscarhumbertogomez.com\/wp-content\/uploads\/2012\/03\/envidia-300x200.jpg 300w\" sizes=\"auto, (max-width: 600px) 100vw, 600px\" \/><\/p>\n<p>&nbsp;<\/p>\n<p>Y es que, para no ir tan lejos, cuando se enteraron aqu\u00ed de que yo estaba proponiendo ante la Academia Latina en los Estados Unidos un Premio Grammy en la categor\u00eda de Folclor Latinoamericano, y preferiblemente uno en la categor\u00eda Folclor Andino Colombiano, no faltaron quienes empezaron a rumorar que lo estaba buscando para m\u00ed.<\/p>\n<p>Para tranquilidad de los preocupados con tan sombr\u00eda perspectiva, no creo que despu\u00e9s de esta columna, y aun en el remoto supuesto caso de que llegase a instituirse el Premio Grammy Latino a la m\u00fasica andina de Colombia, la Academia Latina de Artes y Ciencias de la Grabaci\u00f3n quiera otorg\u00e1rmelo.<\/p>\n<p>Es m\u00e1s: tengo la convicci\u00f3n de que ni siquiera me dejar\u00edan entrar a la ceremonia privada de entrega.<\/p>\n<p>&nbsp;<\/p>\n","protected":false},"excerpt":{"rendered":"<p>&nbsp; Cada a\u00f1o se re\u00fanen en los Estados Unidos los poderosos de la industria disquera y de los medios de comunicaci\u00f3n para pronunciar los nombres de los nominados y los ganadores de los premios Grammy Latinos. Es una verdadera feria &hellip; <a href=\"https:\/\/oscarhumbertogomez.com\/?p=3130\">Sigue leyendo <span class=\"meta-nav\">&rarr;<\/span><\/a><\/p>\n<div class='heateorSssClear'><\/div><div  class='heateor_sss_sharing_container heateor_sss_horizontal_sharing' heateor-sss-data-href='https:\/\/oscarhumbertogomez.com\/?p=3130'><div class='heateor_sss_sharing_title' style=\"font-weight:bold\" >\u00a1Gracias por compartirla!<\/div><ul class=\"heateor_sss_sharing_ul\"><li class=\"heateorSssSharingRound\"><i style=\"width:35px;height:35px;border-radius:999px;\" alt=\"Facebook\" Title=\"Facebook\" class=\"heateorSssSharing heateorSssFacebookBackground\" onclick='heateorSssPopup(\"https:\/\/www.facebook.com\/sharer\/sharer.php?u=https%3A%2F%2Foscarhumbertogomez.com%2Findex.php%3Frest_route%3D%252Fwp%252Fv2%252Fposts%252F3130\")'><ss style=\"display:block;border-radius:999px;\" class=\"heateorSssSharingSvg heateorSssFacebookSvg\"><\/ss><\/i><\/li><li class=\"heateorSssSharingRound\"><i style=\"width:35px;height:35px;border-radius:999px;\" alt=\"Twitter\" Title=\"Twitter\" class=\"heateorSssSharing heateorSssTwitterBackground\" onclick='heateorSssPopup(\"http:\/\/twitter.com\/intent\/tweet?text=%C2%BFPor%20qu%C3%A9%20no%20existe%20el%20Premio%20Grammy%20Latino%20para%20la%20m%C3%BAsica%20andina%20colombiana%3F%20Por%20%C3%93scar%20Humberto%20G%C3%B3mez%20G%C3%B3mez&url=https%3A%2F%2Foscarhumbertogomez.com%2Findex.php%3Frest_route%3D%252Fwp%252Fv2%252Fposts%252F3130\")'><ss style=\"display:block;border-radius:999px;\" class=\"heateorSssSharingSvg heateorSssTwitterSvg\"><\/ss><\/i><\/li><li class=\"heateorSssSharingRound\"><i style=\"width:35px;height:35px;border-radius:999px;\" alt=\"Whatsapp\" Title=\"Whatsapp\" class=\"heateorSssSharing heateorSssWhatsappBackground\" onclick='heateorSssPopup(\"https:\/\/web.whatsapp.com\/send?text=%C2%BFPor%20qu%C3%A9%20no%20existe%20el%20Premio%20Grammy%20Latino%20para%20la%20m%C3%BAsica%20andina%20colombiana%3F%20Por%20%C3%93scar%20Humberto%20G%C3%B3mez%20G%C3%B3mez https%3A%2F%2Foscarhumbertogomez.com%2Findex.php%3Frest_route%3D%252Fwp%252Fv2%252Fposts%252F3130\")'><ss style=\"display:block\" class=\"heateorSssSharingSvg heateorSssWhatsappSvg\"><\/ss><\/i><\/li><li class=\"heateorSssSharingRound\"><i style=\"width:35px;height:35px;border-radius:999px;\" alt=\"Pinterest\" Title=\"Pinterest\" class=\"heateorSssSharing heateorSssPinterestBackground\" onclick=\"javascript:void( (function() {var e=document.createElement('script' );e.setAttribute('type','text\/javascript' );e.setAttribute('charset','UTF-8' );e.setAttribute('src','\/\/assets.pinterest.com\/js\/pinmarklet.js?r='+Math.random()*99999999);document.body.appendChild(e)})());\"><ss style=\"display:block;border-radius:999px;\" class=\"heateorSssSharingSvg heateorSssPinterestSvg\"><\/ss><\/i><\/li><li class=\"heateorSssSharingRound\"><i style=\"width:35px;height:35px;border-radius:999px;\" alt=\"Google Gmail\" Title=\"Google Gmail\" class=\"heateorSssSharing heateorSssGoogleGmailBackground\" onclick='heateorSssPopup(\"https:\/\/mail.google.com\/mail\/?ui=2&view=cm&fs=1&tf=1&su=%C2%BFPor%20qu%C3%A9%20no%20existe%20el%20Premio%20Grammy%20Latino%20para%20la%20m%C3%BAsica%20andina%20colombiana%3F%20Por%20%C3%93scar%20Humberto%20G%C3%B3mez%20G%C3%B3mez&body=Link:https%3A%2F%2Foscarhumbertogomez.com%2Findex.php%3Frest_route%3D%252Fwp%252Fv2%252Fposts%252F3130\")'><ss style=\"display:block;border-radius:999px;\" class=\"heateorSssSharingSvg heateorSssGoogleGmailSvg\"><\/ss><\/i><\/li><li class=\"heateorSssSharingRound\"><i style=\"width:35px;height:35px;border-radius:999px;\" title=\"More\" alt=\"More\" class=\"heateorSssSharing heateorSssMoreBackground\" onclick=\"heateorSssMoreSharingPopup(this, 'https:\/\/oscarhumbertogomez.com\/index.php?rest_route=%2Fwp%2Fv2%2Fposts%2F3130', '%C2%BFPor%20qu%C3%A9%20no%20existe%20el%20Premio%20Grammy%20Latino%20para%20la%20m%C3%BAsica%20andina%20colombiana%3F%20Por%20%C3%93scar%20Humberto%20G%C3%B3mez%20G%C3%B3mez', '' )\" ><ss style=\"display:block\" class=\"heateorSssSharingSvg heateorSssMoreSvg\"><\/ss><\/i><\/li><\/ul><div class=\"heateorSssClear\"><\/div><\/div><div class='heateorSssClear'><\/div>","protected":false},"author":2,"featured_media":0,"comment_status":"open","ping_status":"open","sticky":false,"template":"","format":"standard","meta":{"spay_email":"","footnotes":""},"categories":[1],"tags":[],"class_list":["post-3130","post","type-post","status-publish","format-standard","hentry","category-blog"],"jetpack_featured_media_url":"","jetpack_shortlink":"https:\/\/wp.me\/p1FYrr-Ou","_links":{"self":[{"href":"https:\/\/oscarhumbertogomez.com\/index.php?rest_route=\/wp\/v2\/posts\/3130","targetHints":{"allow":["GET"]}}],"collection":[{"href":"https:\/\/oscarhumbertogomez.com\/index.php?rest_route=\/wp\/v2\/posts"}],"about":[{"href":"https:\/\/oscarhumbertogomez.com\/index.php?rest_route=\/wp\/v2\/types\/post"}],"author":[{"embeddable":true,"href":"https:\/\/oscarhumbertogomez.com\/index.php?rest_route=\/wp\/v2\/users\/2"}],"replies":[{"embeddable":true,"href":"https:\/\/oscarhumbertogomez.com\/index.php?rest_route=%2Fwp%2Fv2%2Fcomments&post=3130"}],"version-history":[{"count":5,"href":"https:\/\/oscarhumbertogomez.com\/index.php?rest_route=\/wp\/v2\/posts\/3130\/revisions"}],"predecessor-version":[{"id":50129,"href":"https:\/\/oscarhumbertogomez.com\/index.php?rest_route=\/wp\/v2\/posts\/3130\/revisions\/50129"}],"wp:attachment":[{"href":"https:\/\/oscarhumbertogomez.com\/index.php?rest_route=%2Fwp%2Fv2%2Fmedia&parent=3130"}],"wp:term":[{"taxonomy":"category","embeddable":true,"href":"https:\/\/oscarhumbertogomez.com\/index.php?rest_route=%2Fwp%2Fv2%2Fcategories&post=3130"},{"taxonomy":"post_tag","embeddable":true,"href":"https:\/\/oscarhumbertogomez.com\/index.php?rest_route=%2Fwp%2Fv2%2Ftags&post=3130"}],"curies":[{"name":"wp","href":"https:\/\/api.w.org\/{rel}","templated":true}]}}