{"id":31346,"date":"2019-12-07T10:10:05","date_gmt":"2019-12-07T15:10:05","guid":{"rendered":"http:\/\/www.oscarhumbertogomez.com\/?p=31346"},"modified":"2025-03-08T22:18:20","modified_gmt":"2025-03-09T03:18:20","slug":"vicente-arenas-mantilla-y-el-general-farias-ii-por-oscar-humberto-gomez-gomez-miembro-de-numero-de-la-academia-de-historia-de-santander","status":"publish","type":"post","link":"https:\/\/oscarhumbertogomez.com\/?p=31346","title":{"rendered":"VICENTE ARENAS MANTILLA Y EL GENERAL FAR\u00cdAS (II) Por \u00d3scar Humberto G\u00f3mez G\u00f3mez, Miembro de N\u00famero de la Academia de Historia de Santander"},"content":{"rendered":"<p><img decoding=\"async\" class=\"aligncenter size-full wp-image-31349\" src=\"https:\/\/lapiedrafilosofal.com\/wp-content\/uploads\/2019\/12\/TROMPO.jpeg\" alt=\"\" width=\"1000\" srcset=\"https:\/\/oscarhumbertogomez.com\/wp-content\/uploads\/2019\/12\/TROMPO.jpeg 333w, https:\/\/oscarhumbertogomez.com\/wp-content\/uploads\/2019\/12\/TROMPO-300x136.jpeg 300w\" sizes=\"(max-width: 333px) 100vw, 333px\" \/><\/p>\n<p>&nbsp;<\/p>\n<p><img loading=\"lazy\" decoding=\"async\" class=\"aligncenter size-full wp-image-31302\" src=\"https:\/\/lapiedrafilosofal.com\/wp-content\/uploads\/2019\/12\/Blog-.002-1.jpeg\" alt=\"\" width=\"1920\" height=\"1080\" srcset=\"https:\/\/oscarhumbertogomez.com\/wp-content\/uploads\/2019\/12\/Blog-.002-1.jpeg 1920w, https:\/\/oscarhumbertogomez.com\/wp-content\/uploads\/2019\/12\/Blog-.002-1-300x169.jpeg 300w, https:\/\/oscarhumbertogomez.com\/wp-content\/uploads\/2019\/12\/Blog-.002-1-768x432.jpeg 768w, https:\/\/oscarhumbertogomez.com\/wp-content\/uploads\/2019\/12\/Blog-.002-1-1024x576.jpeg 1024w\" sizes=\"auto, (max-width: 1920px) 100vw, 1920px\" \/><\/p>\n<p>&nbsp;<\/p>\n<p>Gracias a Vicente Arenas Mantilla puede el piedecuestano de hoy, el bumangu\u00e9s de hoy, el santandereano de hoy, el colombiano de hoy, en una palabra, el hombre de hoy, puede -digo- intentar una aproximaci\u00f3n rom\u00e1ntica a esa Piedecuesta y a esa Bucaramanga antiguas que \u00e9l magistralmente describe con su amena, sencilla y \u00e1gil pluma de escritor consagrado.<\/p>\n<p>S\u00ed, de escritor consagrado. Porque, a prop\u00f3sito, esto es algo que debemos dejar precisado de una vez: que en una sociedad en la que hab\u00eda m\u00e9dicos que escrib\u00edan, y abogados que escrib\u00edan, y odont\u00f3logos que escrib\u00edan, y, sacerdotes que escrib\u00edan, y, en fin, personas con diferentes profesiones, artes u oficios que dedicaban algunos momentos de ocio para escribir \u2014tal y como sigue aconteciendo ahora\u2014, Vicente Arenas Mantilla fue un hombre que dedic\u00f3 su vida, con exclusividad absoluta, con entrega total, con la dedicaci\u00f3n plena de su existencia, al oficio de escribir.<\/p>\n<p>Con las naturales consecuencias, claro est\u00e1, que trae aparejadas hacerlo en un medio cultural como el nuestro, donde la vida gira solamente alrededor de lo \u00fatil y de lo econ\u00f3micamente productivo.<\/p>\n<p>&nbsp;<\/p>\n<p><img loading=\"lazy\" decoding=\"async\" class=\"aligncenter size-full wp-image-16796\" src=\"https:\/\/lapiedrafilosofal.com\/wp-content\/uploads\/2015\/05\/Piedecuesta_antigua.jpg\" alt=\"\" width=\"490\" height=\"378\" srcset=\"https:\/\/oscarhumbertogomez.com\/wp-content\/uploads\/2015\/05\/Piedecuesta_antigua.jpg 490w, https:\/\/oscarhumbertogomez.com\/wp-content\/uploads\/2015\/05\/Piedecuesta_antigua-300x231.jpg 300w\" sizes=\"auto, (max-width: 490px) 100vw, 490px\" \/><\/p>\n<p>&nbsp;<\/p>\n<p><img loading=\"lazy\" decoding=\"async\" class=\"aligncenter size-full wp-image-2343\" src=\"https:\/\/lapiedrafilosofal.com\/wp-content\/uploads\/2011\/12\/Bucaramanga-antigua.jpg\" alt=\"\" width=\"510\" height=\"401\" srcset=\"https:\/\/oscarhumbertogomez.com\/wp-content\/uploads\/2011\/12\/Bucaramanga-antigua.jpg 510w, https:\/\/oscarhumbertogomez.com\/wp-content\/uploads\/2011\/12\/Bucaramanga-antigua-300x235.jpg 300w\" sizes=\"auto, (max-width: 510px) 100vw, 510px\" \/><\/p>\n<p>&nbsp;<\/p>\n<p>La aproximaci\u00f3n literaria al entorno piedecuestano y bumangu\u00e9s de entonces \u2014que por momentos se extendi\u00f3 a otros lugares de nuestra geograf\u00eda comarcana, e incluso de la geograf\u00eda nacional, tal y como aconteci\u00f3, por ejemplo, cuando abord\u00f3, de manera singularmente simp\u00e1tica, el episodio del Brujo de Arjona o el del Jud\u00edo Errante, tra\u00eddos a sus p\u00e1ginas tomando como base lo acaecido en la Costa Atl\u00e1ntica\u2014 la hace Arenas Mantilla, como es natural, a trav\u00e9s de sus personajes m\u00e1s representativos y de sus m\u00e1s representativos lugares, festividades, actividades laborales y costumbres.<\/p>\n<p>&nbsp;<\/p>\n<p><img loading=\"lazy\" decoding=\"async\" class=\"aligncenter size-full wp-image-31353\" src=\"https:\/\/lapiedrafilosofal.com\/wp-content\/uploads\/2019\/12\/Edward-Potthast-The-Village-Carpenter.jpeg\" alt=\"\" width=\"460\" height=\"700\" srcset=\"https:\/\/oscarhumbertogomez.com\/wp-content\/uploads\/2019\/12\/Edward-Potthast-The-Village-Carpenter.jpeg 460w, https:\/\/oscarhumbertogomez.com\/wp-content\/uploads\/2019\/12\/Edward-Potthast-The-Village-Carpenter-197x300.jpeg 197w\" sizes=\"auto, (max-width: 460px) 100vw, 460px\" \/><\/p>\n<p>&nbsp;<\/p>\n<p>Para comenzar este homenaje a nuestro talentoso escritor e iniciar, consiguientemente, su rescate de los oscuros socavones del olvido, a donde lo mand\u00f3 la deplorable amnesia cultural santandereana, traigamos a los tiempos de hoy, a estos a\u00f1os turbulentos de agitada modernidad y vulgar materialismo, la imagen literaria que con su pluma estamp\u00f3 de un piedecuestano humilde: el carpintero del pueblo.<\/p>\n<p>Se llamaba Trino Moreno y de ah\u00ed el t\u00edtulo obvio que Arenas Mantilla le dio a su poema.<\/p>\n<p>&nbsp;<\/p>\n<p><strong>ILUSTRACIONES: <\/strong><\/p>\n<p>&nbsp;<\/p>\n<p>(1) Ni\u00f1os jugando al trompo (juegos.cosasdepeques.com).<\/p>\n<p>(2) Vicente Arenas Mantilla. Fotograf\u00eda. Cr\u00f3nicas y romances. Solapa. Imprenta del Departamento. Bucaramanga. 1960.<\/p>\n<p>(3) Piedecuesta antigua. Wikipedia. Subida por &#8220;Campoel\u00edas&#8221;.<\/p>\n<p>(4) Bucaramanga antigua. Quintilio Gavassa.<\/p>\n<p>(5) &#8220;The village carpintero&#8221;. Edward Henry Potthast (1898), The Chapellier Galleries, Estados Unidos.<\/p>\n<p>(6) &#8220;San Jos\u00e9 carpintero&#8221;. Georges de La Tour ( 1640), Museo del Louvre, Par\u00eds.<\/p>\n<p>&nbsp;<\/p>\n<p>\u00a1Bienvenidos!<\/p>\n<p>&nbsp;<\/p>\n<p><img loading=\"lazy\" decoding=\"async\" class=\"aligncenter size-full wp-image-31354\" src=\"https:\/\/lapiedrafilosofal.com\/wp-content\/uploads\/2019\/12\/La_Tour.jpg\" alt=\"\" width=\"1024\" height=\"1206\" srcset=\"https:\/\/oscarhumbertogomez.com\/wp-content\/uploads\/2019\/12\/La_Tour.jpg 1024w, https:\/\/oscarhumbertogomez.com\/wp-content\/uploads\/2019\/12\/La_Tour-255x300.jpg 255w, https:\/\/oscarhumbertogomez.com\/wp-content\/uploads\/2019\/12\/La_Tour-768x905.jpg 768w, https:\/\/oscarhumbertogomez.com\/wp-content\/uploads\/2019\/12\/La_Tour-869x1024.jpg 869w\" sizes=\"auto, (max-width: 1024px) 100vw, 1024px\" \/><\/p>\n<p>&nbsp;<\/p>\n<p><span style=\"color: #ff0000;\"><strong>ROMANCE DE TRINO MORENO<\/strong><\/span><\/p>\n<p>&nbsp;<\/p>\n<p>Alto, moreno, esforzado,<br \/>\nera el gran Trino Moreno,<br \/>\nel carpintero adorado<br \/>\nde los muchachos del pueblo,<br \/>\nque fabricaba los trompos<br \/>\nm\u00e1s enormemente buenos,<br \/>\nde guayabo cimarr\u00f3n,<br \/>\nde naranjo o de tachuelo,<br \/>\ncuando escaseaba el totumo<br \/>\no estaba caro el canelo.<\/p>\n<p>Vest\u00eda pantal\u00f3n de manta,<br \/>\ncamisa de burdo lienzo,<br \/>\ny un sombrero de anchas alas<br \/>\nle daba sombra a su cuerpo,<br \/>\nsobre el cual se alzaba ufana<br \/>\nde punta al hombro derecho,<br \/>\ndejando ver la pechera,<br \/>\nsu ruana de pa\u00f1o negro.<\/p>\n<p>Viv\u00eda all\u00e1 por San Antonio<br \/>\neste bondadoso viejo,<br \/>\nliberal de buena cepa<br \/>\nque expuso mucho el pellejo,<br \/>\nlo mismo que Josefito,<br \/>\nel valiente guerrillero,<br \/>\ndue\u00f1o de Los Amarillos,<br \/>\nEl Molino y Pozo Negro,<br \/>\nEl Revent\u00f3n y Planadas,<br \/>\ny hasta el alto de El Consuelo.<\/p>\n<p>Nunca se amarr\u00f3 una rasca,<br \/>\nni supo lo que era el juego,<br \/>\nvivi\u00f3 siempre trabajando<br \/>\ny fue portentoso ejemplo<br \/>\nde machos piedecuestanos,<br \/>\nbuen casado y buen guerrero.<\/p>\n<p>\u2014Don Trino, \u00bfya est\u00e1n los trompos?<br \/>\nPreguntaba el negro Prieto.<br \/>\n\u2014S\u00ed creo, respond\u00eda al instante<br \/>\ncon gran vozarr\u00f3n el viejo.<\/p>\n<p>\u2014Es que quiero uno de a dos,<br \/>\no, si hay, de a centavo y medio,<br \/>\nque tenga largo el herr\u00f3n<br \/>\ny que no sea mochilero,<br \/>\nporque voy a ir &#8220;una calle&#8221;<br \/>\ncon el hijo de Eleuterio,<br \/>\nque sabe dar los chivazos<br \/>\ny los raja medio a medio.<\/p>\n<p>\u2014Pues con estos s\u00ed se estaca,<br \/>\nrespond\u00eda Trino Moreno,<br \/>\npues son de puro naranjo<br \/>\ny hasta cortado en buen tiempo;<br \/>\nf\u00edjese en lo bien torneados,<br \/>\nen el pulido perfecto,<br \/>\ny en lo vivo de las tintas<br \/>\ncoloradas, que es lo bueno.<\/p>\n<p>&#8220;De estos compran los Sorzano,<br \/>\nlos Mantilla y los Regueros,<br \/>\npues bailan que es un primor,<br \/>\ny seditas que es un sue\u00f1o,<br \/>\nse pueden sacar a la u\u00f1a<br \/>\ny pican hasta en el viento&#8221;.<\/p>\n<p>\u2014Mejor que me lo regale,<br \/>\ninsist\u00edale el negro Prieto,<br \/>\ns\u00ed, don Trino, por favor&#8230;<br \/>\npiense en estos malos tiempos.<\/p>\n<p>Y Trino, con emoci\u00f3n,<br \/>\ndec\u00edale al muchacho ingenuo:<br \/>\n\u2014Pues ll\u00e9vatelo, brib\u00f3n,<br \/>\ndos centavos m\u00e1s o menos<br \/>\nno me faltan, vive Dios<br \/>\ny yo soy buen nazareno.<\/p>\n<p>&nbsp;<\/p>\n<p>Hoy yaces en el olvido,<br \/>\npero ah\u00ed te env\u00edo este consuelo:<br \/>\nesta voz de gratitud<br \/>\nde un muchacho de tu pueblo,<br \/>\nque al hablar de tiempos idos,<br \/>\nte a\u00f1ora, Trino Moreno.<\/p>\n<p>&nbsp;<\/p>\n","protected":false},"excerpt":{"rendered":"<p>&nbsp; &nbsp; Gracias a Vicente Arenas Mantilla puede el piedecuestano de hoy, el bumangu\u00e9s de hoy, el santandereano de hoy, el colombiano de hoy, en una palabra, el hombre de hoy, puede -digo- intentar una aproximaci\u00f3n rom\u00e1ntica a esa Piedecuesta &hellip; <a href=\"https:\/\/oscarhumbertogomez.com\/?p=31346\">Sigue leyendo <span class=\"meta-nav\">&rarr;<\/span><\/a><\/p>\n<div class='heateorSssClear'><\/div><div  class='heateor_sss_sharing_container heateor_sss_horizontal_sharing' heateor-sss-data-href='https:\/\/oscarhumbertogomez.com\/?p=31346'><div class='heateor_sss_sharing_title' style=\"font-weight:bold\" >\u00a1Gracias por compartirla!<\/div><ul class=\"heateor_sss_sharing_ul\"><li class=\"heateorSssSharingRound\"><i style=\"width:35px;height:35px;border-radius:999px;\" alt=\"Facebook\" Title=\"Facebook\" class=\"heateorSssSharing heateorSssFacebookBackground\" onclick='heateorSssPopup(\"https:\/\/www.facebook.com\/sharer\/sharer.php?u=https%3A%2F%2Foscarhumbertogomez.com%2Findex.php%3Frest_route%3D%252Fwp%252Fv2%252Fposts%252F31346\")'><ss style=\"display:block;border-radius:999px;\" class=\"heateorSssSharingSvg heateorSssFacebookSvg\"><\/ss><\/i><\/li><li class=\"heateorSssSharingRound\"><i style=\"width:35px;height:35px;border-radius:999px;\" alt=\"Twitter\" Title=\"Twitter\" class=\"heateorSssSharing heateorSssTwitterBackground\" onclick='heateorSssPopup(\"http:\/\/twitter.com\/intent\/tweet?text=VICENTE%20ARENAS%20MANTILLA%20Y%20EL%20GENERAL%20FAR%C3%8DAS%20%28II%29%20Por%20%C3%93scar%20Humberto%20G%C3%B3mez%20G%C3%B3mez%2C%20Miembro%20de%20N%C3%BAmero%20de%20la%20Academia%20de%20Historia%20de%20Santander&url=https%3A%2F%2Foscarhumbertogomez.com%2Findex.php%3Frest_route%3D%252Fwp%252Fv2%252Fposts%252F31346\")'><ss style=\"display:block;border-radius:999px;\" class=\"heateorSssSharingSvg heateorSssTwitterSvg\"><\/ss><\/i><\/li><li class=\"heateorSssSharingRound\"><i style=\"width:35px;height:35px;border-radius:999px;\" alt=\"Whatsapp\" Title=\"Whatsapp\" class=\"heateorSssSharing heateorSssWhatsappBackground\" onclick='heateorSssPopup(\"https:\/\/web.whatsapp.com\/send?text=VICENTE%20ARENAS%20MANTILLA%20Y%20EL%20GENERAL%20FAR%C3%8DAS%20%28II%29%20Por%20%C3%93scar%20Humberto%20G%C3%B3mez%20G%C3%B3mez%2C%20Miembro%20de%20N%C3%BAmero%20de%20la%20Academia%20de%20Historia%20de%20Santander https%3A%2F%2Foscarhumbertogomez.com%2Findex.php%3Frest_route%3D%252Fwp%252Fv2%252Fposts%252F31346\")'><ss style=\"display:block\" class=\"heateorSssSharingSvg heateorSssWhatsappSvg\"><\/ss><\/i><\/li><li class=\"heateorSssSharingRound\"><i style=\"width:35px;height:35px;border-radius:999px;\" alt=\"Pinterest\" Title=\"Pinterest\" class=\"heateorSssSharing heateorSssPinterestBackground\" onclick=\"javascript:void( (function() {var e=document.createElement('script' );e.setAttribute('type','text\/javascript' );e.setAttribute('charset','UTF-8' );e.setAttribute('src','\/\/assets.pinterest.com\/js\/pinmarklet.js?r='+Math.random()*99999999);document.body.appendChild(e)})());\"><ss style=\"display:block;border-radius:999px;\" class=\"heateorSssSharingSvg heateorSssPinterestSvg\"><\/ss><\/i><\/li><li class=\"heateorSssSharingRound\"><i style=\"width:35px;height:35px;border-radius:999px;\" alt=\"Google Gmail\" Title=\"Google Gmail\" class=\"heateorSssSharing heateorSssGoogleGmailBackground\" onclick='heateorSssPopup(\"https:\/\/mail.google.com\/mail\/?ui=2&view=cm&fs=1&tf=1&su=VICENTE%20ARENAS%20MANTILLA%20Y%20EL%20GENERAL%20FAR%C3%8DAS%20%28II%29%20Por%20%C3%93scar%20Humberto%20G%C3%B3mez%20G%C3%B3mez%2C%20Miembro%20de%20N%C3%BAmero%20de%20la%20Academia%20de%20Historia%20de%20Santander&body=Link:https%3A%2F%2Foscarhumbertogomez.com%2Findex.php%3Frest_route%3D%252Fwp%252Fv2%252Fposts%252F31346\")'><ss style=\"display:block;border-radius:999px;\" class=\"heateorSssSharingSvg heateorSssGoogleGmailSvg\"><\/ss><\/i><\/li><li class=\"heateorSssSharingRound\"><i style=\"width:35px;height:35px;border-radius:999px;\" title=\"More\" alt=\"More\" class=\"heateorSssSharing heateorSssMoreBackground\" onclick=\"heateorSssMoreSharingPopup(this, 'https:\/\/oscarhumbertogomez.com\/index.php?rest_route=%2Fwp%2Fv2%2Fposts%2F31346', 'VICENTE%20ARENAS%20MANTILLA%20Y%20EL%20GENERAL%20FAR%C3%8DAS%20%28II%29%20Por%20%C3%93scar%20Humberto%20G%C3%B3mez%20G%C3%B3mez%2C%20Miembro%20de%20N%C3%BAmero%20de%20la%20Academia%20de%20Historia%20de%20Santander', '' )\" ><ss style=\"display:block\" class=\"heateorSssSharingSvg heateorSssMoreSvg\"><\/ss><\/i><\/li><\/ul><div class=\"heateorSssClear\"><\/div><\/div><div class='heateorSssClear'><\/div>","protected":false},"author":2,"featured_media":0,"comment_status":"closed","ping_status":"closed","sticky":false,"template":"","format":"standard","meta":{"spay_email":"","footnotes":""},"categories":[11,7],"tags":[],"class_list":["post-31346","post","type-post","status-publish","format-standard","hentry","category-periodismo","category-poesia"],"jetpack_featured_media_url":"","jetpack_shortlink":"https:\/\/wp.me\/p1FYrr-89A","_links":{"self":[{"href":"https:\/\/oscarhumbertogomez.com\/index.php?rest_route=\/wp\/v2\/posts\/31346","targetHints":{"allow":["GET"]}}],"collection":[{"href":"https:\/\/oscarhumbertogomez.com\/index.php?rest_route=\/wp\/v2\/posts"}],"about":[{"href":"https:\/\/oscarhumbertogomez.com\/index.php?rest_route=\/wp\/v2\/types\/post"}],"author":[{"embeddable":true,"href":"https:\/\/oscarhumbertogomez.com\/index.php?rest_route=\/wp\/v2\/users\/2"}],"replies":[{"embeddable":true,"href":"https:\/\/oscarhumbertogomez.com\/index.php?rest_route=%2Fwp%2Fv2%2Fcomments&post=31346"}],"version-history":[{"count":5,"href":"https:\/\/oscarhumbertogomez.com\/index.php?rest_route=\/wp\/v2\/posts\/31346\/revisions"}],"predecessor-version":[{"id":52097,"href":"https:\/\/oscarhumbertogomez.com\/index.php?rest_route=\/wp\/v2\/posts\/31346\/revisions\/52097"}],"wp:attachment":[{"href":"https:\/\/oscarhumbertogomez.com\/index.php?rest_route=%2Fwp%2Fv2%2Fmedia&parent=31346"}],"wp:term":[{"taxonomy":"category","embeddable":true,"href":"https:\/\/oscarhumbertogomez.com\/index.php?rest_route=%2Fwp%2Fv2%2Fcategories&post=31346"},{"taxonomy":"post_tag","embeddable":true,"href":"https:\/\/oscarhumbertogomez.com\/index.php?rest_route=%2Fwp%2Fv2%2Ftags&post=31346"}],"curies":[{"name":"wp","href":"https:\/\/api.w.org\/{rel}","templated":true}]}}