{"id":31369,"date":"2019-12-13T09:00:08","date_gmt":"2019-12-13T14:00:08","guid":{"rendered":"http:\/\/www.oscarhumbertogomez.com\/?p=31369"},"modified":"2025-03-08T22:22:21","modified_gmt":"2025-03-09T03:22:21","slug":"vicente-arenas-mantilla-y-el-general-farias-iii-por-oscar-humberto-gomez-gomez-miembro-de-numero-de-la-academia-de-historia-de-santander","status":"publish","type":"post","link":"https:\/\/oscarhumbertogomez.com\/?p=31369","title":{"rendered":"VICENTE ARENAS MANTILLA Y EL GENERAL FAR\u00cdAS (III) Por \u00d3scar Humberto G\u00f3mez G\u00f3mez, Miembro de N\u00famero de la Academia de Historia de Santander"},"content":{"rendered":"\n<figure class=\"wp-block-image\"><img loading=\"lazy\" decoding=\"async\" width=\"878\" height=\"1024\" src=\"https:\/\/www.oscarhumbertogomez.com\/wp-content\/uploads\/2019\/12\/LA-VISITA-DEL-DOCTOR-JAN-STEEN-878x1024.jpg\" alt=\"\" class=\"wp-image-31405\" srcset=\"https:\/\/oscarhumbertogomez.com\/wp-content\/uploads\/2019\/12\/LA-VISITA-DEL-DOCTOR-JAN-STEEN-878x1024.jpg 878w, https:\/\/oscarhumbertogomez.com\/wp-content\/uploads\/2019\/12\/LA-VISITA-DEL-DOCTOR-JAN-STEEN-257x300.jpg 257w, https:\/\/oscarhumbertogomez.com\/wp-content\/uploads\/2019\/12\/LA-VISITA-DEL-DOCTOR-JAN-STEEN-768x895.jpg 768w, https:\/\/oscarhumbertogomez.com\/wp-content\/uploads\/2019\/12\/LA-VISITA-DEL-DOCTOR-JAN-STEEN.jpg 881w\" sizes=\"auto, (max-width: 878px) 100vw, 878px\" \/><\/figure>\n\n\n<p>&nbsp;<\/p>\n<p><\/p>\n<p><img loading=\"lazy\" decoding=\"async\" class=\"aligncenter size-full wp-image-31302\" src=\"https:\/\/lapiedrafilosofal.com\/wp-content\/uploads\/2019\/12\/Blog-.002-1.jpeg\" alt=\"\" width=\"1920\" height=\"1080\" srcset=\"https:\/\/oscarhumbertogomez.com\/wp-content\/uploads\/2019\/12\/Blog-.002-1.jpeg 1920w, https:\/\/oscarhumbertogomez.com\/wp-content\/uploads\/2019\/12\/Blog-.002-1-300x169.jpeg 300w, https:\/\/oscarhumbertogomez.com\/wp-content\/uploads\/2019\/12\/Blog-.002-1-768x432.jpeg 768w, https:\/\/oscarhumbertogomez.com\/wp-content\/uploads\/2019\/12\/Blog-.002-1-1024x576.jpeg 1024w\" sizes=\"auto, (max-width: 1920px) 100vw, 1920px\" \/><\/p>\n<p><\/p>\n<p>&nbsp;<\/p>\n<p>El &#8220;boticario&#8221; del pueblo \u2014que era como decir el &#8220;m\u00e9dico&#8221; del pueblo, que era como decir el &#8220;brujo&#8221; del pueblo\u2014 fue siempre, como es f\u00e1cil suponerlo, personaje principal en la Piedecuesta de anta\u00f1o, esa Piedecuesta que Vicente Arenas Mantilla se encarga de describir a trav\u00e9s, repito, de sus hombres y mujeres principales, de los seres an\u00f3nimos que terminaron adquiriendo fama gracias a sus personalidades ex\u00f3ticas, de los lugares, situaciones y hechos que marcaron, por una u otra raz\u00f3n, un segmento de su devenir hist\u00f3rico.<\/p>\n<p>Antiguamente, el &#8220;boticario&#8221;, &#8220;m\u00e9dico&#8221; y &#8220;brujo&#8221; se ergu\u00eda como la figura central alrededor de la cual giraba la vida cotidiana de los habitantes de villas y villorrios colombianos, pero su posici\u00f3n sobresaliente la adquir\u00eda, como era obvio, de manera emp\u00edrica, a veces asombrosamente emp\u00edrica para el observador de hoy, que, si no es capaz de ubicarse en aquel remoto contexto hist\u00f3rico, social y cultural, y se empe\u00f1a en medir a la sociedad de entonces con el mismo rasero con que mide a la actual, no podr\u00e1 comprender el porqu\u00e9 de aquella preeminencia alcanzada por personas que, sobra decirlo, no hab\u00edan cursado ni por atisbo estudios de Medicina y, por lo general, tan solo heredaban tanto la rudimentaria y ex\u00f3tica &#8220;botica&#8221; tradicional del pueblo y su bagaje de extra\u00f1os conocimientos como tambi\u00e9n la fama que se hab\u00eda diseminado en toda la comarca sobre su incuestionable sabidur\u00eda o sus poderes metaf\u00edsicos, los heredaban, digo, de sus antepasados, unos antepasados prominentes que toda su existencia se hab\u00edan dedicado a hacer lo mismo: curar las enfermedades a punta de una particular combinaci\u00f3n de remedios inextricables, intervenciones emp\u00edricas y escalofriantes conjuros.<\/p>\n<p>Fue mucho tiempo despu\u00e9s que comenzaron a irrumpir dentro del escenario social la medicina acad\u00e9mica y la farmac\u00e9utica cient\u00edfica, aunque, con todo y ellas, el preparador de f\u00f3rmulas misteriosas y conocedor de las invocaciones ininteligibles que expulsaban los males prosigui\u00f3 siendo buscado por la gente, culturalmente recelosa de que las nuevas concepciones en materia m\u00e9dica no funcionaran frente a sus dolencias de siempre, a las que ahora personajes llegados de la remota capital, con un cart\u00f3n bajo el brazo, les ven\u00edan a dar nuevos y rimbombantes nombres.<\/p>\n<p><\/p>\n<p>&nbsp;<\/p>\n<p><img loading=\"lazy\" decoding=\"async\" class=\"aligncenter size-full wp-image-31408\" src=\"https:\/\/lapiedrafilosofal.com\/wp-content\/uploads\/2019\/12\/museo.jpg\" alt=\"\" width=\"1470\" height=\"1920\" srcset=\"https:\/\/oscarhumbertogomez.com\/wp-content\/uploads\/2019\/12\/museo.jpg 1470w, https:\/\/oscarhumbertogomez.com\/wp-content\/uploads\/2019\/12\/museo-230x300.jpg 230w, https:\/\/oscarhumbertogomez.com\/wp-content\/uploads\/2019\/12\/museo-768x1003.jpg 768w, https:\/\/oscarhumbertogomez.com\/wp-content\/uploads\/2019\/12\/museo-784x1024.jpg 784w\" sizes=\"auto, (max-width: 1470px) 100vw, 1470px\" \/><\/p>\n<p><\/p>\n<p>&nbsp;<\/p>\n<p>Aqu\u00ed est\u00e1, pues, el simp\u00e1tico romance que Vicente Arenas Mantilla escribi\u00f3 rememorando al &#8220;boticario&#8221;, &#8220;m\u00e9dico&#8221; y &#8220;brujo&#8221; a quien los piedecuestanos acud\u00edan en busca de cura para sus dolencias por all\u00e1 en las postrimer\u00edas del siglo XIX y los albores del siglo XX, personaje este que si se salv\u00f3 del olvido, fue gracias a la pluma amena, jocosa y aguda de su paisano cronista y poeta. Se llamaba C\u00e1ndido Rodr\u00edguez, pero \u00e9l mismo se hac\u00eda llamar &#8220;Mano Ca\u00f1o&#8221;. Ah, y no solo era &#8220;cient\u00edfico&#8221;: tambi\u00e9n era tendero.<\/p>\n<p><\/p>\n<p>\u00a1Bienvenidos!<\/p>\n<p>&nbsp;<\/p>\n<p><\/p>\n<p><strong>ILUSTRACIONES<\/strong>:&nbsp;<\/p>\n<p>(1) Visita del m\u00e9dico (1658 &#8211; 1662). Jan Steen. Museo de Wellington.<\/p>\n<p>(2) Vicente Arenas Mantilla. Cr\u00f3nicas y romances. Imprenta del Departamento. Bucaramanga. 1960. Solapa.&nbsp;<\/p>\n<p>(3)&nbsp; Operaci\u00f3n quir\u00fargica. 1690. David Teniers. Museo Nacional del Prado.&nbsp; Madrid.&nbsp;<\/p>\n<p>(4) Piedecuesta. Fotograf\u00eda antigua. Wikipedia. Subida por Campoel\u00edas.<\/p>\n<p><\/p>\n<p>&nbsp;<\/p>\n<p><img loading=\"lazy\" decoding=\"async\" class=\"aligncenter size-full wp-image-16796\" src=\"https:\/\/lapiedrafilosofal.com\/wp-content\/uploads\/2015\/05\/Piedecuesta_antigua.jpg\" alt=\"\" width=\"490\" height=\"378\" srcset=\"https:\/\/oscarhumbertogomez.com\/wp-content\/uploads\/2015\/05\/Piedecuesta_antigua.jpg 490w, https:\/\/oscarhumbertogomez.com\/wp-content\/uploads\/2015\/05\/Piedecuesta_antigua-300x231.jpg 300w\" sizes=\"auto, (max-width: 490px) 100vw, 490px\" \/><\/p>\n<p>&nbsp;<\/p>\n<p><\/p>\n<p><span style=\"color: #0000ff;\"><strong>ROMANCE DE MANO CA\u00d1O<\/strong><\/span><\/p>\n<p><\/p>\n<p>&nbsp;<\/p>\n<p>En la acera de la plaza,<br>arriba de las Tres Viejas,<br>en una oscura tenducha<br>donde se vend\u00eda panela,<br>canastos, le\u00f1a, jab\u00f3n,<br>aceite, carb\u00f3n y velas,<br>tuvo C\u00e1ndido Rodr\u00edguez<br>su gran botica de yerbas.<\/p>\n<p>C\u00f3mo recuerdo su facha<br>y su indumentaria a\u00f1eja;<br>su alto sombrero de copa<br>y su ruana, y su montera,<br>y hasta su voz temblorosa<br>con que le hablaba a las viejas,<br>y a los cotudos de Enciso<br>que a \u00e9l acud\u00edan con frecuencia<br>a comprarle el Santo San,<br>que era la cara\u00f1a en perlas.<\/p>\n<p>Solo C\u00e1ndido Rodr\u00edguez<br>sab\u00eda curar la sutera.<br>\u2014Mal de \u00e1nimas, dec\u00eda el viejo,<br>lo curo pero le cuesta;<br>y dando una vuelta se iba<br>y tra\u00eda de la trastienda<br>una ollita en que ten\u00eda<br>l\u00e1grimas de comadreja<br>y cebo de lagartijo<br>con tu\u00e9tanos de culebra.<\/p>\n<p>Y al chinito lo acostaba<br>entre una profunda artesa,<br>y le untaba en el ombligo,<br>y en los pies y en la cabeza,<br>de ese menjurje que ol\u00eda<br>a mantellina de suegra.<\/p>\n<p>Con una vela encendida<br>daba vueltas por la tienda,<br>gurrunguiando unos conjuros<br>y haciendo miles de muecas,<br>que a cualquiera, yo les juro,<br>hubiera sacado en muenda.<\/p>\n<p>Luego, apagando la vela<br>dejaba oscura la tienda;<br>y desde un rinc\u00f3n gritaba:<br>\u2014\u00c1nima, sal\u00ed pa&#8217;juera,<br>sal\u00ed del cuerpo inocente<br>que no ha pecado en la tierra;<br>te lo ordena Mano Ca\u00f1o<br>En nombre de Santa Tecla.<\/p>\n<p>\u2014Lo he curado, dec\u00eda entonces<br>cogi\u00e9ndose la chivera;<br>si quieren, yo le echo el agua<br>para que nunca m\u00e1s vuelva<br>esa \u00e1nima condenada<br>a chuparle la mollera.<\/p>\n<p>A los sordos los curaba<br>escupi\u00e9ndoles la oreja;<br>y hasta quitaba el carate<br>o lo pasaba a una pierna,<br>d\u00e1ndole al paciente gotas<br>de orines de navajuela.<\/p>\n<p>Para el amor, no se diga,<br>ten\u00eda drogas tan perfectas,<br>como la del rabo de gato<br>conservado en miel de abejas,<br>o el coraz\u00f3n de gua\u00f1uz<br>debajo de la cabecera.<\/p>\n<p>Pero \u00e9l siempre preguntaba<br>si era casada o soltera,<br>si era bajita o era alta,<br>si era gorda o flacuchenta;<br>pues seg\u00fan la maturranga<br>hab\u00eda que saber las se\u00f1as.<\/p>\n<p><\/p>\n<p>Para dolores de muela,<br>ten\u00eda unas gotas violentas<br>de aguardiente con mapuro<br>que hab\u00eda que aplicar al viento,<br>con las narices tapadas<br>y ojal\u00e1 en lugar desierto.<\/p>\n<p>Tambi\u00e9n para con los muertos<br>ten\u00eda un mill\u00f3n de secretos;<br>y hasta hac\u00eda hablar a los mudos<br>y enderezaba a los chuecos,<br>d\u00e1ndoles en chocolate<br>la pajarilla de un ci\u00e9ntaro.<\/p>\n<p>Contra la infidelidad,<br>vend\u00eda un talism\u00e1n tremendo,<br>que al que lo llevara encima<br>no lo miraba ni un cerdo;<br>y cuentan muchas matronas<br>que usaron aquel invento,<br>que cuando ellas lo cargaban<br>sal\u00edan los perros corriendo.<\/p>\n<p>La culebra tatacoa<br>con la mistela de eneldo,<br>aplicada en la menguante<br>a los locos volv\u00eda cuerdos;<br>y la otoba en los sarnosos,<br>que hoy por todas partes vemos,<br>recetada por \u00f1or C\u00e1ndido<br>curaba hasta los orzuelos.<\/p>\n<p>\u00a1Oh C\u00e1ndido!, Candidito,<br>m\u00e9dico de nuestro pueblo;<br>c\u00f3mo recuerdo tu facha<br>y tu camisa de lienzo,<br>tu sombrero de alta copa<br>y tu ruana echada al pecho,<br>formulando agua de salvia<br>para los brotos internos.<\/p>\n<p><\/p>\n<p>Dios, que es justo, te habr\u00e1 dado<br>una botica en el cielo,<br>para aliviar a las \u00e1nimas<br>de esos calambres tremendos<br>que les dan de cuando en cuando,<br>haga verano o invierno,<br>sean casadas o solteras,<br>vayan del campo o del pueblo.<\/p>\n<p>Y si hay gratitud en la tierra,<br>a ti se te est\u00e1 debiendo,<br>si no es posible una estatua,<br>un bustico por lo menos,<br>que recuerde a todos esos<br>que t\u00fa aliviaste en mi pueblo,<br>que tu esp\u00edritu vigila<br>y que a\u00fan cura desde el cielo.<\/p>\n<p><\/p>\n<p>&nbsp;<\/p>","protected":false},"excerpt":{"rendered":"<p>&nbsp; &nbsp; El &#8220;boticario&#8221; del pueblo \u2014que era como decir el &#8220;m\u00e9dico&#8221; del pueblo, que era como decir el &#8220;brujo&#8221; del pueblo\u2014 fue siempre, como es f\u00e1cil suponerlo, personaje principal en la Piedecuesta de anta\u00f1o, esa Piedecuesta que Vicente Arenas &hellip; <a href=\"https:\/\/oscarhumbertogomez.com\/?p=31369\">Sigue leyendo <span class=\"meta-nav\">&rarr;<\/span><\/a><\/p>\n<div class='heateorSssClear'><\/div><div  class='heateor_sss_sharing_container heateor_sss_horizontal_sharing' heateor-sss-data-href='https:\/\/oscarhumbertogomez.com\/?p=31369'><div class='heateor_sss_sharing_title' style=\"font-weight:bold\" >\u00a1Gracias por compartirla!<\/div><ul class=\"heateor_sss_sharing_ul\"><li class=\"heateorSssSharingRound\"><i style=\"width:35px;height:35px;border-radius:999px;\" alt=\"Facebook\" Title=\"Facebook\" class=\"heateorSssSharing heateorSssFacebookBackground\" onclick='heateorSssPopup(\"https:\/\/www.facebook.com\/sharer\/sharer.php?u=https%3A%2F%2Foscarhumbertogomez.com%2Findex.php%3Frest_route%3D%252Fwp%252Fv2%252Fposts%252F31369\")'><ss style=\"display:block;border-radius:999px;\" class=\"heateorSssSharingSvg heateorSssFacebookSvg\"><\/ss><\/i><\/li><li class=\"heateorSssSharingRound\"><i style=\"width:35px;height:35px;border-radius:999px;\" alt=\"Twitter\" Title=\"Twitter\" class=\"heateorSssSharing heateorSssTwitterBackground\" onclick='heateorSssPopup(\"http:\/\/twitter.com\/intent\/tweet?text=VICENTE%20ARENAS%20MANTILLA%20Y%20EL%20GENERAL%20FAR%C3%8DAS%20%28III%29%20Por%20%C3%93scar%20Humberto%20G%C3%B3mez%20G%C3%B3mez%2C%20Miembro%20de%20N%C3%BAmero%20de%20la%20Academia%20de%20Historia%20de%20Santander&url=https%3A%2F%2Foscarhumbertogomez.com%2Findex.php%3Frest_route%3D%252Fwp%252Fv2%252Fposts%252F31369\")'><ss style=\"display:block;border-radius:999px;\" class=\"heateorSssSharingSvg heateorSssTwitterSvg\"><\/ss><\/i><\/li><li class=\"heateorSssSharingRound\"><i style=\"width:35px;height:35px;border-radius:999px;\" alt=\"Whatsapp\" Title=\"Whatsapp\" class=\"heateorSssSharing heateorSssWhatsappBackground\" onclick='heateorSssPopup(\"https:\/\/web.whatsapp.com\/send?text=VICENTE%20ARENAS%20MANTILLA%20Y%20EL%20GENERAL%20FAR%C3%8DAS%20%28III%29%20Por%20%C3%93scar%20Humberto%20G%C3%B3mez%20G%C3%B3mez%2C%20Miembro%20de%20N%C3%BAmero%20de%20la%20Academia%20de%20Historia%20de%20Santander https%3A%2F%2Foscarhumbertogomez.com%2Findex.php%3Frest_route%3D%252Fwp%252Fv2%252Fposts%252F31369\")'><ss style=\"display:block\" class=\"heateorSssSharingSvg heateorSssWhatsappSvg\"><\/ss><\/i><\/li><li class=\"heateorSssSharingRound\"><i style=\"width:35px;height:35px;border-radius:999px;\" alt=\"Pinterest\" Title=\"Pinterest\" class=\"heateorSssSharing heateorSssPinterestBackground\" onclick=\"javascript:void( (function() {var e=document.createElement('script' );e.setAttribute('type','text\/javascript' );e.setAttribute('charset','UTF-8' );e.setAttribute('src','\/\/assets.pinterest.com\/js\/pinmarklet.js?r='+Math.random()*99999999);document.body.appendChild(e)})());\"><ss style=\"display:block;border-radius:999px;\" class=\"heateorSssSharingSvg heateorSssPinterestSvg\"><\/ss><\/i><\/li><li class=\"heateorSssSharingRound\"><i style=\"width:35px;height:35px;border-radius:999px;\" alt=\"Google Gmail\" Title=\"Google Gmail\" class=\"heateorSssSharing heateorSssGoogleGmailBackground\" onclick='heateorSssPopup(\"https:\/\/mail.google.com\/mail\/?ui=2&view=cm&fs=1&tf=1&su=VICENTE%20ARENAS%20MANTILLA%20Y%20EL%20GENERAL%20FAR%C3%8DAS%20%28III%29%20Por%20%C3%93scar%20Humberto%20G%C3%B3mez%20G%C3%B3mez%2C%20Miembro%20de%20N%C3%BAmero%20de%20la%20Academia%20de%20Historia%20de%20Santander&body=Link:https%3A%2F%2Foscarhumbertogomez.com%2Findex.php%3Frest_route%3D%252Fwp%252Fv2%252Fposts%252F31369\")'><ss style=\"display:block;border-radius:999px;\" class=\"heateorSssSharingSvg heateorSssGoogleGmailSvg\"><\/ss><\/i><\/li><li class=\"heateorSssSharingRound\"><i style=\"width:35px;height:35px;border-radius:999px;\" title=\"More\" alt=\"More\" class=\"heateorSssSharing heateorSssMoreBackground\" onclick=\"heateorSssMoreSharingPopup(this, 'https:\/\/oscarhumbertogomez.com\/index.php?rest_route=%2Fwp%2Fv2%2Fposts%2F31369', 'VICENTE%20ARENAS%20MANTILLA%20Y%20EL%20GENERAL%20FAR%C3%8DAS%20%28III%29%20Por%20%C3%93scar%20Humberto%20G%C3%B3mez%20G%C3%B3mez%2C%20Miembro%20de%20N%C3%BAmero%20de%20la%20Academia%20de%20Historia%20de%20Santander', '' )\" ><ss style=\"display:block\" class=\"heateorSssSharingSvg heateorSssMoreSvg\"><\/ss><\/i><\/li><\/ul><div class=\"heateorSssClear\"><\/div><\/div><div class='heateorSssClear'><\/div>","protected":false},"author":2,"featured_media":0,"comment_status":"closed","ping_status":"closed","sticky":false,"template":"","format":"standard","meta":{"spay_email":"","footnotes":""},"categories":[11,7],"tags":[],"class_list":["post-31369","post","type-post","status-publish","format-standard","hentry","category-periodismo","category-poesia"],"jetpack_featured_media_url":"","jetpack_shortlink":"https:\/\/wp.me\/p1FYrr-89X","_links":{"self":[{"href":"https:\/\/oscarhumbertogomez.com\/index.php?rest_route=\/wp\/v2\/posts\/31369","targetHints":{"allow":["GET"]}}],"collection":[{"href":"https:\/\/oscarhumbertogomez.com\/index.php?rest_route=\/wp\/v2\/posts"}],"about":[{"href":"https:\/\/oscarhumbertogomez.com\/index.php?rest_route=\/wp\/v2\/types\/post"}],"author":[{"embeddable":true,"href":"https:\/\/oscarhumbertogomez.com\/index.php?rest_route=\/wp\/v2\/users\/2"}],"replies":[{"embeddable":true,"href":"https:\/\/oscarhumbertogomez.com\/index.php?rest_route=%2Fwp%2Fv2%2Fcomments&post=31369"}],"version-history":[{"count":6,"href":"https:\/\/oscarhumbertogomez.com\/index.php?rest_route=\/wp\/v2\/posts\/31369\/revisions"}],"predecessor-version":[{"id":52100,"href":"https:\/\/oscarhumbertogomez.com\/index.php?rest_route=\/wp\/v2\/posts\/31369\/revisions\/52100"}],"wp:attachment":[{"href":"https:\/\/oscarhumbertogomez.com\/index.php?rest_route=%2Fwp%2Fv2%2Fmedia&parent=31369"}],"wp:term":[{"taxonomy":"category","embeddable":true,"href":"https:\/\/oscarhumbertogomez.com\/index.php?rest_route=%2Fwp%2Fv2%2Fcategories&post=31369"},{"taxonomy":"post_tag","embeddable":true,"href":"https:\/\/oscarhumbertogomez.com\/index.php?rest_route=%2Fwp%2Fv2%2Ftags&post=31369"}],"curies":[{"name":"wp","href":"https:\/\/api.w.org\/{rel}","templated":true}]}}