{"id":31374,"date":"2019-12-08T19:59:10","date_gmt":"2019-12-09T00:59:10","guid":{"rendered":"http:\/\/www.oscarhumbertogomez.com\/?p=31374"},"modified":"2025-02-22T15:35:08","modified_gmt":"2025-02-22T20:35:08","slug":"no-es-cierto-que-el-campesino-embejucao-se-presente-el-20-de-diciembre-en-neomundo-ni-que-haya-sido-invitado-a-participar-en-una-noche-de-gala-por-oscar-humberto-gomez-gomez","status":"publish","type":"post","link":"https:\/\/oscarhumbertogomez.com\/?p=31374","title":{"rendered":"NO ES CIERTO QUE &#8220;EL CAMPESINO EMBEJUCAO&#8221; SE PRESENTE EL 20 DE DICIEMBRE EN NEOMUNDO, NI QUE HAYA SIDO INVITADO A PARTICIPAR EN &#8220;LA GALA DE LOS MEJORES&#8221;. Por \u00d3scar Humberto G\u00f3mez G\u00f3mez"},"content":{"rendered":"<div id=\"attachment_22947\" style=\"width: 650px\" class=\"wp-caption aligncenter\"><img loading=\"lazy\" decoding=\"async\" aria-describedby=\"caption-attachment-22947\" class=\"size-large wp-image-22947\" src=\"https:\/\/oscarhumbertogomez.com\/wp-content\/uploads\/2017\/07\/20170401-170514-678x1024.jpg\" alt=\"\" width=\"640\" height=\"967\" srcset=\"https:\/\/oscarhumbertogomez.com\/wp-content\/uploads\/2017\/07\/20170401-170514-678x1024.jpg 678w, https:\/\/oscarhumbertogomez.com\/wp-content\/uploads\/2017\/07\/20170401-170514-199x300.jpg 199w, https:\/\/oscarhumbertogomez.com\/wp-content\/uploads\/2017\/07\/20170401-170514-768x1160.jpg 768w\" sizes=\"auto, (max-width: 640px) 100vw, 640px\" \/><p id=\"caption-attachment-22947\" class=\"wp-caption-text\">\u00d3SCAR HUMBERTO G\u00d3MEZ G\u00d3MEZ [Fotograf\u00eda: Fernando Rueda Villamizar]<\/p><\/div>\n<p>&nbsp;<\/p>\n<p>\u00a1Qu\u00e9 paradojas tiene la vida! He sido el \u00faltimo en enterarme de que dizque el pr\u00f3ximo 20 de diciembre me voy a presentar en Neomundo en un evento llamado &#8220;La gala de los mejores&#8221;.<\/p>\n<p>La noticia de mi presentaci\u00f3n me la ha dado el diario El Frente este domingo en un aviso publicitario de su p\u00e1gina social en el que, adem\u00e1s, se menciona a Vanguardia, Constructora HG, el Instituto Municipal de Cultura y Turismo, Financiera Comultras\u00e1n, Desayunos Tony y otras empresas y entidades oficiales como patrocinadores del certamen, y se anuncia el expendio de las boletas en Almac\u00e9n de Discos Leo.<\/p>\n<p>Seg\u00fan me cuentan en dicho aviso publicitario, dizque yo soy uno de los numerosos artistas que esa noche subir\u00e1n a la tarima como &#8220;artistas del ayer&#8221;. (La verdad, no me cre\u00eda tan viejo).<\/p>\n<p>Tambi\u00e9n me han contado que dizque esa noche me van a homenajear y van a homenajear a todo el nutrido grupo de artistas que aparecen fotografiados en el p\u00f3ster promocional.<\/p>\n<p>Me cuentan, finalmente, que est\u00e1n cobrando 50.000 pesos o algo as\u00ed por el ingreso al espect\u00e1culo donde se llevar\u00e1 a cabo mi presentaci\u00f3n, o mi homenaje, o ambas cosas.<\/p>\n<p>Pues bien:<\/p>\n<p>Les agradezco a los organizadores de mi presentaci\u00f3n, u homenaje, o lo que sea \u2014a quienes no conozco y de quienes ni siquiera s\u00e9 sus nombres\u2014, pero, en primer lugar, me gustar\u00eda que cuando se me fuese a poner a hacer algo, como cantar en p\u00fablico, o se fuese a hacer algo conmigo, como homenajearme, yo fuese \u2014como es obvio\u2014 el primero en saberlo. En este caso, a m\u00ed nadie me contrat\u00f3 para esa supuesta presentaci\u00f3n, ni me invit\u00f3 para que asistiera a la misma, ni me inform\u00f3 de ella, ni nadie me ha dicho nada de ese homenaje.<\/p>\n<p>En segundo lugar, si de lo que se trata es de homenajearme esa noche por lo de &#8220;El campesino embejucao&#8221; (y lo digo \u00fanicamente por la foto que publican, que no es la m\u00eda, sino la de mi personaje de hace ya largos a\u00f1os), creo que es un poco tarde para eso ya que a estas alturas de mi vida no me interesan los homenajes.<\/p>\n<p>En tercer lugar, y aceptando en gracia de discusi\u00f3n que me gustaran, no aceptar\u00eda un homenaje colectivo, como el que me parece entender que all\u00ed se pretende llevar a cabo, pues existir\u00eda el riesgo de que me tocara compartir mesa o escenario con alguien para quien yo resultara persona no grata. Lo cual, dicho sea de paso, acontecer\u00eda en este caso.<\/p>\n<p>Y en cuarto lugar, si de lo que se trata es de que me presente en dicha gala como &#8220;El campesino embejucao&#8221;, hace ya muchos a\u00f1os abandon\u00e9 las presentaciones art\u00edsticas y, al menos por el momento, no me asiste \u00e1nimo alguno de reiniciarlas.<\/p>\n<p>Formulo, pues, la exigencia \u2014que dirijo en forma gen\u00e9rica por desconocer a qui\u00e9n hacerlo\u2014 de que se deshaga inmediatamente lo que se hizo y se me excluya de cualquier menci\u00f3n en el asunto de que trata esta comunicaci\u00f3n.<\/p>\n<p>Asunto que, repito, me es completamente ajeno.<\/p>\n<p><strong>\u00d3SCAR HUMBERTO G\u00d3MEZ G\u00d3MEZ<\/strong><br \/>\nCarn\u00e9 No. 3269 de SAYCO<\/p>\n<p>&nbsp;<\/p>\n","protected":false},"excerpt":{"rendered":"<p>&nbsp; \u00a1Qu\u00e9 paradojas tiene la vida! He sido el \u00faltimo en enterarme de que dizque el pr\u00f3ximo 20 de diciembre me voy a presentar en Neomundo en un evento llamado &#8220;La gala de los mejores&#8221;. La noticia de mi presentaci\u00f3n &hellip; <a href=\"https:\/\/oscarhumbertogomez.com\/?p=31374\">Sigue leyendo <span class=\"meta-nav\">&rarr;<\/span><\/a><\/p>\n<div class='heateorSssClear'><\/div><div  class='heateor_sss_sharing_container heateor_sss_horizontal_sharing' heateor-sss-data-href='https:\/\/oscarhumbertogomez.com\/?p=31374'><div class='heateor_sss_sharing_title' style=\"font-weight:bold\" >\u00a1Gracias por compartirla!<\/div><ul class=\"heateor_sss_sharing_ul\"><li class=\"heateorSssSharingRound\"><i style=\"width:35px;height:35px;border-radius:999px;\" alt=\"Facebook\" Title=\"Facebook\" class=\"heateorSssSharing heateorSssFacebookBackground\" onclick='heateorSssPopup(\"https:\/\/www.facebook.com\/sharer\/sharer.php?u=https%3A%2F%2Foscarhumbertogomez.com%2Findex.php%3Frest_route%3D%252Fwp%252Fv2%252Fposts%252F31374\")'><ss style=\"display:block;border-radius:999px;\" class=\"heateorSssSharingSvg heateorSssFacebookSvg\"><\/ss><\/i><\/li><li class=\"heateorSssSharingRound\"><i style=\"width:35px;height:35px;border-radius:999px;\" alt=\"Twitter\" Title=\"Twitter\" class=\"heateorSssSharing heateorSssTwitterBackground\" onclick='heateorSssPopup(\"http:\/\/twitter.com\/intent\/tweet?text=NO%20ES%20CIERTO%20QUE%20%22EL%20CAMPESINO%20EMBEJUCAO%22%20SE%20PRESENTE%20EL%2020%20DE%20DICIEMBRE%20EN%20NEOMUNDO%2C%20NI%20QUE%20HAYA%20SIDO%20INVITADO%20A%20PARTICIPAR%20EN%20%22LA%20GALA%20DE%20LOS%20MEJORES%22.%20Por%20%C3%93scar%20Humberto%20G%C3%B3mez%20G%C3%B3mez&url=https%3A%2F%2Foscarhumbertogomez.com%2Findex.php%3Frest_route%3D%252Fwp%252Fv2%252Fposts%252F31374\")'><ss style=\"display:block;border-radius:999px;\" class=\"heateorSssSharingSvg heateorSssTwitterSvg\"><\/ss><\/i><\/li><li class=\"heateorSssSharingRound\"><i style=\"width:35px;height:35px;border-radius:999px;\" alt=\"Whatsapp\" Title=\"Whatsapp\" class=\"heateorSssSharing heateorSssWhatsappBackground\" onclick='heateorSssPopup(\"https:\/\/web.whatsapp.com\/send?text=NO%20ES%20CIERTO%20QUE%20%22EL%20CAMPESINO%20EMBEJUCAO%22%20SE%20PRESENTE%20EL%2020%20DE%20DICIEMBRE%20EN%20NEOMUNDO%2C%20NI%20QUE%20HAYA%20SIDO%20INVITADO%20A%20PARTICIPAR%20EN%20%22LA%20GALA%20DE%20LOS%20MEJORES%22.%20Por%20%C3%93scar%20Humberto%20G%C3%B3mez%20G%C3%B3mez https%3A%2F%2Foscarhumbertogomez.com%2Findex.php%3Frest_route%3D%252Fwp%252Fv2%252Fposts%252F31374\")'><ss style=\"display:block\" class=\"heateorSssSharingSvg heateorSssWhatsappSvg\"><\/ss><\/i><\/li><li class=\"heateorSssSharingRound\"><i style=\"width:35px;height:35px;border-radius:999px;\" alt=\"Pinterest\" Title=\"Pinterest\" class=\"heateorSssSharing heateorSssPinterestBackground\" onclick=\"javascript:void( (function() {var e=document.createElement('script' );e.setAttribute('type','text\/javascript' );e.setAttribute('charset','UTF-8' );e.setAttribute('src','\/\/assets.pinterest.com\/js\/pinmarklet.js?r='+Math.random()*99999999);document.body.appendChild(e)})());\"><ss style=\"display:block;border-radius:999px;\" class=\"heateorSssSharingSvg heateorSssPinterestSvg\"><\/ss><\/i><\/li><li class=\"heateorSssSharingRound\"><i style=\"width:35px;height:35px;border-radius:999px;\" alt=\"Google Gmail\" Title=\"Google Gmail\" class=\"heateorSssSharing heateorSssGoogleGmailBackground\" onclick='heateorSssPopup(\"https:\/\/mail.google.com\/mail\/?ui=2&view=cm&fs=1&tf=1&su=NO%20ES%20CIERTO%20QUE%20%22EL%20CAMPESINO%20EMBEJUCAO%22%20SE%20PRESENTE%20EL%2020%20DE%20DICIEMBRE%20EN%20NEOMUNDO%2C%20NI%20QUE%20HAYA%20SIDO%20INVITADO%20A%20PARTICIPAR%20EN%20%22LA%20GALA%20DE%20LOS%20MEJORES%22.%20Por%20%C3%93scar%20Humberto%20G%C3%B3mez%20G%C3%B3mez&body=Link:https%3A%2F%2Foscarhumbertogomez.com%2Findex.php%3Frest_route%3D%252Fwp%252Fv2%252Fposts%252F31374\")'><ss style=\"display:block;border-radius:999px;\" class=\"heateorSssSharingSvg heateorSssGoogleGmailSvg\"><\/ss><\/i><\/li><li class=\"heateorSssSharingRound\"><i style=\"width:35px;height:35px;border-radius:999px;\" title=\"More\" alt=\"More\" class=\"heateorSssSharing heateorSssMoreBackground\" onclick=\"heateorSssMoreSharingPopup(this, 'https:\/\/oscarhumbertogomez.com\/index.php?rest_route=%2Fwp%2Fv2%2Fposts%2F31374', 'NO%20ES%20CIERTO%20QUE%20%22EL%20CAMPESINO%20EMBEJUCAO%22%20SE%20PRESENTE%20EL%2020%20DE%20DICIEMBRE%20EN%20NEOMUNDO%2C%20NI%20QUE%20HAYA%20SIDO%20INVITADO%20A%20PARTICIPAR%20EN%20%22LA%20GALA%20DE%20LOS%20MEJORES%22.%20Por%20%C3%93scar%20Humberto%20G%C3%B3mez%20G%C3%B3mez', '' )\" ><ss style=\"display:block\" class=\"heateorSssSharingSvg heateorSssMoreSvg\"><\/ss><\/i><\/li><\/ul><div class=\"heateorSssClear\"><\/div><\/div><div class='heateorSssClear'><\/div>","protected":false},"author":2,"featured_media":0,"comment_status":"closed","ping_status":"closed","sticky":false,"template":"","format":"standard","meta":{"spay_email":"","footnotes":""},"categories":[8],"tags":[],"class_list":["post-31374","post","type-post","status-publish","format-standard","hentry","category-musica"],"jetpack_featured_media_url":"","jetpack_shortlink":"https:\/\/wp.me\/p1FYrr-8a2","_links":{"self":[{"href":"https:\/\/oscarhumbertogomez.com\/index.php?rest_route=\/wp\/v2\/posts\/31374","targetHints":{"allow":["GET"]}}],"collection":[{"href":"https:\/\/oscarhumbertogomez.com\/index.php?rest_route=\/wp\/v2\/posts"}],"about":[{"href":"https:\/\/oscarhumbertogomez.com\/index.php?rest_route=\/wp\/v2\/types\/post"}],"author":[{"embeddable":true,"href":"https:\/\/oscarhumbertogomez.com\/index.php?rest_route=\/wp\/v2\/users\/2"}],"replies":[{"embeddable":true,"href":"https:\/\/oscarhumbertogomez.com\/index.php?rest_route=%2Fwp%2Fv2%2Fcomments&post=31374"}],"version-history":[{"count":5,"href":"https:\/\/oscarhumbertogomez.com\/index.php?rest_route=\/wp\/v2\/posts\/31374\/revisions"}],"predecessor-version":[{"id":51153,"href":"https:\/\/oscarhumbertogomez.com\/index.php?rest_route=\/wp\/v2\/posts\/31374\/revisions\/51153"}],"wp:attachment":[{"href":"https:\/\/oscarhumbertogomez.com\/index.php?rest_route=%2Fwp%2Fv2%2Fmedia&parent=31374"}],"wp:term":[{"taxonomy":"category","embeddable":true,"href":"https:\/\/oscarhumbertogomez.com\/index.php?rest_route=%2Fwp%2Fv2%2Fcategories&post=31374"},{"taxonomy":"post_tag","embeddable":true,"href":"https:\/\/oscarhumbertogomez.com\/index.php?rest_route=%2Fwp%2Fv2%2Ftags&post=31374"}],"curies":[{"name":"wp","href":"https:\/\/api.w.org\/{rel}","templated":true}]}}