{"id":31454,"date":"2019-12-11T12:45:40","date_gmt":"2019-12-11T17:45:40","guid":{"rendered":"http:\/\/www.oscarhumbertogomez.com\/?p=31454"},"modified":"2025-02-23T10:58:33","modified_gmt":"2025-02-23T15:58:33","slug":"carta-abierta-al-senor-director-de-el-mundo-de-medellin-por-oscar-humberto-gomez-gomez-miembro-de-la-sociedad-de-autores-y-compositores-de-colombia","status":"publish","type":"post","link":"https:\/\/oscarhumbertogomez.com\/?p=31454","title":{"rendered":"CARTA ABIERTA A LA SE\u00d1ORA DIRECTORA DE &#8220;EL MUNDO&#8221;, DE MEDELL\u00cdN. Por \u00d3scar Humberto G\u00f3mez G\u00f3mez, Miembro de la Sociedad de Autores y Compositores de Colombia"},"content":{"rendered":"<div id=\"attachment_22947\" style=\"width: 650px\" class=\"wp-caption aligncenter\"><img loading=\"lazy\" decoding=\"async\" aria-describedby=\"caption-attachment-22947\" class=\"size-large wp-image-22947\" src=\"https:\/\/oscarhumbertogomez.com\/wp-content\/uploads\/2017\/07\/20170401-170514-678x1024.jpg\" alt=\"\" width=\"640\" height=\"967\" srcset=\"https:\/\/oscarhumbertogomez.com\/wp-content\/uploads\/2017\/07\/20170401-170514-678x1024.jpg 678w, https:\/\/oscarhumbertogomez.com\/wp-content\/uploads\/2017\/07\/20170401-170514-199x300.jpg 199w, https:\/\/oscarhumbertogomez.com\/wp-content\/uploads\/2017\/07\/20170401-170514-768x1160.jpg 768w\" sizes=\"auto, (max-width: 640px) 100vw, 640px\" \/><p id=\"caption-attachment-22947\" class=\"wp-caption-text\">\u00d3SCAR HUMBERTO G\u00d3MEZ G\u00d3MEZ [Fotograf\u00eda: Fernando Rueda Villamizar]<\/p><\/div>\n<p>&nbsp;<\/p>\n<p>Se\u00f1ora Directora:<\/p>\n<p>Lo malo de no andar uno pase\u00e1ndose con frecuencia por Internet \u2014en mi caso personal, por f\u00edsica falta de tiempo\u2014 es que transcurren hasta a\u00f1os y uno ni se entera de lo que ha estado publicado siempre all\u00ed y que, como es natural, se ha ido metiendo en la mente de quienes continuaron llegando a esos sitios y siguen tomando lo que all\u00ed encuentran sin eso que los abogados que trabajan con herencias llaman beneficio de inventario.<\/p>\n<p>Un d\u00eda cualquiera, movido por la curiosidad que me causaba el que m\u00e1s de una persona me contara que Fulano, o que Mengano, o que Zutano le hab\u00eda discutido sobre la autor\u00eda de &#8220;El campesino embejucao&#8221; y sobre qui\u00e9n era el que lo cantaba en el disco, me dio por abrir un par de esos que ahora llaman &#8220;web sites&#8221;. Bast\u00f3 aquel paseo virtual para descubrir que, en efecto, mi canci\u00f3n &#8220;El campesino embejucao&#8221; se la estaban atribuyendo, en muchos sitios de Internet, a Jorge Velosa.&nbsp;<\/p>\n<p>De ese descubrimiento a hoy pasaron ya varios a\u00f1os sin que, finalmente, y por las razones que adelante expongo, exigiera jam\u00e1s rectificaciones. La verdad es que, para infortunio de &#8220;El campesino embejucao&#8221;, su autor, int\u00e9rprete y financiador no vive de la m\u00fasica y si lleg\u00f3 a ella, y en ella permaneci\u00f3 un corto tiempo, fue por meras circunstancias casuales, mismas que, obviamente, no vale la pena rememorar aqu\u00ed.&nbsp;<\/p>\n<p>Sin embargo, cuando por estos d\u00edas me dio por leer una nota de El Espectador \u2014el diario de Medell\u00edn que los desinformados creen que fue fundado en Bogot\u00e1\u2014 donde le atribuyen a Jorge Velosa una relaci\u00f3n con &#8220;El campesino embejucao&#8221; que \u00e9l no tiene (incluida la de ser quien lo interpreta en el disco), y que ya por estas calendas me est\u00e1 quedando m\u00e1s tiempo para estos menesteres de la m\u00fasica y sus compliques,&nbsp; decid\u00ed dirigirme al se\u00f1or director de aquel matutino, y, de paso, tambi\u00e9n a usted para solicitar la rectificaci\u00f3n que a bien tengan.<\/p>\n<p>Y es que, aunque resulta evidente que ha pasado un tiempo largo desde la publicaci\u00f3n del err\u00f3neo dato en El Espectador, y s\u00ed que m\u00e1s largo desde la publicaci\u00f3n de El Mundo que motiva esta carta, la permanencia de ese dato inexacto en Internet contin\u00faa prest\u00e1ndose para que se siga alimentando la creencia popular en el error, de modo que el perjuicio contra lo que la ley llama mi &#8220;derecho moral&#8221; no se consum\u00f3 tan solo aquel par de veces, sino que se torn\u00f3 permanente. Debido a esto, la cordial y respetuosa reclamaci\u00f3n que aqu\u00ed formulo se torna plenamente actual.&nbsp;<\/p>\n\n\n<p>En el caso de El Mundo se trata, Se\u00f1ora Directora, de una entrevista publicada por ese prestigioso diario en Internet al final de la cual se inserta la letra de la canci\u00f3n &#8220;El campesino embejucao&#8221;, con lo que claramente se da a entender al lector que dicho tema musical no solo es de \u00e9l, sino que \u2014siendo p\u00fablicamente sabido que \u00e9l interpreta sus propias composiciones\u2014, es \u00e9l quien lo interpreta, gener\u00e1ndose as\u00ed una informaci\u00f3n ambigua, imprecisa e inexacta.<\/p>\n\n\n\n<p>Perm\u00edtame, Se\u00f1ora Directora, abusando de su hospitalidad, presentarle el contexto de lo que ha venido sucediendo al respecto.<\/p>\n\n\n\n<p>\u201cEl campesino embejucao\u201d es un bambuco guasca (as\u00ed lo bautic\u00e9 y as\u00ed aparece en la car\u00e1tula del CD) que compuse en el a\u00f1o 2000, grab\u00e9 en el 2001 y prens\u00e9, bajo mi sello disquero personal \u201cPaulAlejandra\u201d \u2014fusi\u00f3n del nombre de mis dos ni\u00f1as\u2014 en el 2002.<\/p>\n\n\n\n<p>Pero, adem\u00e1s, \u201cEl Campesino Embejucao\u201d es un personaje art\u00edstico creado por m\u00ed y al que puse a fungir como el verdadero int\u00e9rprete de esa canci\u00f3n y de las dem\u00e1s canciones que grab\u00e9 y que obran en la serie discogr\u00e1fica del mismo nombre, esto es, \u201cEl campesino embejucao volumen 1\u201d, &#8220;El campesino embejucao volumen 2&#8221;, &#8220;El campesino embejucao volumen 3&#8221;, etc\u00e9tera, todas ellas de mi modesta autor\u00eda. (En el volumen 6, por cierto, inclu\u00ed el bambuco fiestero &#8220;EN LA FERIA DE LAS FLORES&#8221;, que compuse en homenaje a la hidalga ciudad de Medell\u00edn, que me honr\u00f3 cuando fui invitado a presentarme en ese certamen cultural, de tanta significaci\u00f3n para el hermano pueblo antioque\u00f1o, donde se me atendi\u00f3 con una hospitalidad tal, que me sent\u00ed moralmente obligado a retribuir de alguna forma todas esas muestras de afecto recibidas durante mi corta y grata permanencia).  <\/p>\n\n\n\n<p>Pero, m\u00e1s all\u00e1 de lo anterior, es decir, rebasando los l\u00edmites del mero mundillo discogr\u00e1fico, alrededor de la imagen humilde de \u201cEl campesino embejucao\u201d, y con la observancia del mayor respeto hacia la figura del campesino colombiano, empec\u00e9 a construir lo que aspiraba que fuera todo un proyecto cultural, proyecto que alcanz\u00f3 a comprender caricaturas, afiches, calcoman\u00edas, etc\u00e9tera, y con el cual trat\u00e9 de contribuir, desde la m\u00fasica, a la defensa de nuestra identidad cultural y al conocimiento de nuestra historia. Lamentablemente, mi cada vez m\u00e1s asfixiante falta de tiempo, derivada de las crecientes dificultades de mi trabajo profesional de abogado (por razones que resultar\u00eda fatigoso abordar aqu\u00ed), me imposibilit\u00f3 seguir adelante con \u00e9l.<\/p>\n\n\n\n<p>Aprovech\u00e1ndose de la ingenuidad de las gentes sencillas de nuestros pueblos y de nuestros campos, y de que, debido a mi trabajo, yo no pod\u00eda atender las presentaciones que en diversos lugares de la geograf\u00eda nacional se me ofrec\u00edan y por ello mi imagen no era conocida, sujetos sin escr\u00fapulos comenzaron a presentarse vestidos con mi atuendo, previa la firma de contratos con alcald\u00edas, parroquias, comit\u00e9s, etc\u00e9tera, en lugares como Paipa, Coromoro, Ocamonte, Capitanejo, C\u00facuta, Cite, Villa de Leiva, Barrancabermeja, Aguazul, Cubar\u00e1, y un largo etc\u00e9tera, hasta que casualmente, y en desarrollo de unos hechos que tampoco resulta pertinente relatar aqu\u00ed, vino a descubrirse esa patra\u00f1a en Saravena, Arauca, tal y como en su momento lo dio a conocer al aire el entonces director de la emisora La Vallenata, de Caracol Bucaramanga, Julio C\u00e9sar Galvis, a quien se le conoc\u00eda \u2014y se le seguir\u00e1 conociendo por siempre\u2014  como el Emperador.<\/p>\n\n\n\n<p>Igualmente, y por razones muy similares, en diversos sitios de Internet se le empez\u00f3 a atribuir mi canci\u00f3n a Jorge Velosa hasta llegar a la nota de El Espectador que motiv\u00f3 la precitada carta a su director, aunque mucho antes de ella se dio la entrevista publicada por el peri\u00f3dico que Usted dignamente dirige, al final de la cual se insert\u00f3 la letra de \u201cEl campesino embejucao\u201d, as\u00ed como tambi\u00e9n contribuy\u00f3 a aumentar la confusi\u00f3n la p\u00e1gina oficial de la Alcald\u00eda de Bogot\u00e1 que, en anuncio recientemente retirado de la Red,  invitaba a una presentaci\u00f3n art\u00edstica para ni\u00f1os \u2014de unas marionetas llamadas \u201cDon Eloy\u201d\u2014 dentro de la cual se dramatizar\u00eda \u201cEl campesino embejucao\u201d de \u201cJorge Velosa\u201d (sic).<\/p>\n\n\n\n<p>Realmente, no he podido hacer nada frente a lo acontecido con la autor\u00eda de esta canci\u00f3n, porque, atrapado por mis responsabilidades profesionales para con las viudas, los hu\u00e9rfanos, los mutilados por las minas antipersonales y, en fin, las v\u00edctimas y los damnificados que un d\u00eda me confiaron la defensa de sus causas ante los estrados judiciales -labor con la que me aproximo a los 40 a\u00f1os de ejercicio inmaculado del derecho-, fui postergando el inicio de mi lucha por la defensa de mis derechos de autor (tambi\u00e9n, dicho sea de paso, ultrajados por una abrumadora pirater\u00eda discogr\u00e1fica, que el Estado permiti\u00f3) hasta que, a la postre, todo termin\u00f3 qued\u00e1ndose en meros planes jam\u00e1s ejecutados.<\/p>\n\n\n\n<p>Mantengo abierto, s\u00ed, desde hace ya varios a\u00f1os, mi blog y es desde \u00e9l \u2014y con las limitaciones enormes que tiene el actuar desde la provincia colombiana y no desde la capital de la Rep\u00fablica\u2014 que sigo defendiendo, en solitario por supuesto, lo que desde la discograf\u00eda y los escenarios defend\u00ed con \u201cEl campesino embejucao\u201d. A \u00e9l, valga el par\u00e9ntesis, se puede ingresar por:&nbsp;<a rel=\"noreferrer noopener\" href=\"http:\/\/oscarhumbertogomez.com\/\" target=\"_blank\">oscarhumbertogomez.com<\/a>, o por&nbsp;<a rel=\"noreferrer noopener\" href=\"http:\/\/santanderenlared.com\/\" target=\"_blank\">santanderenlared.com<\/a>, o por<br>el&nbsp;<a rel=\"noreferrer noopener\" href=\"http:\/\/campesinoembejucao.com\/\" target=\"_blank\">campesinoembejucao.com<\/a><\/p>\n\n\n\n<p>En otras palabras, Se\u00f1ora Directora, \u201cEl campesino embejucao\u201d ni es de la autor\u00eda de Jorge Velosa, ni \u00e9l lo grab\u00f3, y, por consiguiente, la voz que se oye en el disco no es la de \u00e9l, ni tuvo ninguna, absolutamente ninguna, participaci\u00f3n en la producci\u00f3n de ese disco. \u201cEl campesino embejucao\u201d es de mi autor\u00eda, con \u00e9l ingres\u00e9 a SAYCO, y adem\u00e1s fui yo quien lo grab\u00f3 y, por consiguiente, la voz que se ha o\u00eddo siempre, desde su aparici\u00f3n a finales del a\u00f1o 2001, cuando las emisoras empezaron a pasarlo al aire (sin siquiera haberse grabado a\u00fan CD alguno) es la m\u00eda. A pesar de ello, como le cuento, he sido suplantado, mi m\u00fasica fue profusamente vendida en versiones piratas y en numerosos sitios de Internet se le atribuye mi m\u00e1s conocida canci\u00f3n a otro distinguido compositor. No deja de ser curioso, por decir lo menos, el que dentro de los llamados &#8220;foros&#8221; de Internet, hay quienes aseveran que no importa de qui\u00e9n sea. <\/p>\n\n\n\n<p>Claro que en un pa\u00eds donde no se respeta el derecho a la vida, ni el derecho a la libertad de expresi\u00f3n, ni el derecho a nada, debo darme por bien servido de que solo me hayan irrespetado mis derechos de autor.<\/p>\n\n\n\n<p>Dejo a su consideraci\u00f3n, pues, estas l\u00edneas para los fines que la Se\u00f1ora Directora estime pertinentes.<\/p>\n\n\n\n<p>Por lo dem\u00e1s, la veracidad de las mismas puede ser corroborada con numerosas fuentes, mismas que le suministrar\u00e9 a El Mundo si me las exige. Por ahora, perm\u00edtame mencionarle como potenciales fuentes a la Sociedad de Autores y Compositores de Colombia (SAYCO) y a personalidades de la radio y la prensa como don Fernando Ardila Plata, gerente regional de RCN en Santander, el periodista Juan Carlos Ord\u00f3\u00f1ez. director regional de Caracol Bucaramanga, el periodista e historiador Alberto Donadio, el director del diario El Frente, de Bucaramanga, y gerente-propietario de Radio Lengerke, de Zapatoca, y de la Emisora Jos\u00e9 Antonio Gal\u00e1n, del Socorro, Rafael Serrano Prada, o el locutor V\u00edctor Su\u00e1rez, de la Emisora Cultural Luis Carlos Gal\u00e1n Sarmiento, director del programa institucional \u00c1lbum Musical de Colombia, as\u00ed como tambi\u00e9n a personalidades del mundo institucional como el ex Fiscal General de la Naci\u00f3n Alfonso Valdivieso Sarmiento \u2014y su familia, agrego\u2014 o el ex Procurador General de la Naci\u00f3n Alejandro Ord\u00f3\u00f1ez Maldonado, o a figuras estelares del mundo art\u00edstico como la banda de rock Monsieur Perin\u00e9 o el maestro Pedro Nel Mart\u00ednez, para mencionar al azar solo algunas fuentes inconexas entre s\u00ed y, como usted puede observar, hasta opuestas.<\/p>\n\n\n\n<p>Con todo respeto, <\/p>\n\n\n\n<p><strong>OSCAR HUMBERTO G\u00d3MEZ G\u00d3MEZ<\/strong><br>Carn\u00e9 3269 de Sayco<\/p>\n\n\n<p><a href=\"https:\/\/www.elmundo.com\/portal\/resultados\/detalles\/?idx=177436\">https:\/\/www.elmundo.com\/portal\/resultados\/detalles\/?idx=177436<\/a><\/p>\n<p>ADENDA:<\/p>\n<p><a href=\"https:\/\/www.elespectador.com\/colombia2020\/pais\/seis-canciones-contra-la-violencia-en-colombia-articulo-857515\">https:\/\/www.elespectador.com\/colombia2020\/pais\/seis-canciones-contra-la-violencia-en-colombia-articulo-857515<\/a><\/p>\n<p>&nbsp;<\/p>","protected":false},"excerpt":{"rendered":"<p>&nbsp; Se\u00f1ora Directora: Lo malo de no andar uno pase\u00e1ndose con frecuencia por Internet \u2014en mi caso personal, por f\u00edsica falta de tiempo\u2014 es que transcurren hasta a\u00f1os y uno ni se entera de lo que ha estado publicado siempre &hellip; <a href=\"https:\/\/oscarhumbertogomez.com\/?p=31454\">Sigue leyendo <span class=\"meta-nav\">&rarr;<\/span><\/a><\/p>\n<div class='heateorSssClear'><\/div><div  class='heateor_sss_sharing_container heateor_sss_horizontal_sharing' heateor-sss-data-href='https:\/\/oscarhumbertogomez.com\/?p=31454'><div class='heateor_sss_sharing_title' style=\"font-weight:bold\" >\u00a1Gracias por compartirla!<\/div><ul class=\"heateor_sss_sharing_ul\"><li class=\"heateorSssSharingRound\"><i style=\"width:35px;height:35px;border-radius:999px;\" alt=\"Facebook\" Title=\"Facebook\" class=\"heateorSssSharing heateorSssFacebookBackground\" onclick='heateorSssPopup(\"https:\/\/www.facebook.com\/sharer\/sharer.php?u=https%3A%2F%2Foscarhumbertogomez.com%2Findex.php%3Frest_route%3D%252Fwp%252Fv2%252Fposts%252F31454\")'><ss style=\"display:block;border-radius:999px;\" class=\"heateorSssSharingSvg heateorSssFacebookSvg\"><\/ss><\/i><\/li><li class=\"heateorSssSharingRound\"><i style=\"width:35px;height:35px;border-radius:999px;\" alt=\"Twitter\" Title=\"Twitter\" class=\"heateorSssSharing heateorSssTwitterBackground\" onclick='heateorSssPopup(\"http:\/\/twitter.com\/intent\/tweet?text=CARTA%20ABIERTA%20A%20LA%20SE%C3%91ORA%20DIRECTORA%20DE%20%22EL%20MUNDO%22%2C%20DE%20MEDELL%C3%8DN.%20Por%20%C3%93scar%20Humberto%20G%C3%B3mez%20G%C3%B3mez%2C%20Miembro%20de%20la%20Sociedad%20de%20Autores%20y%20Compositores%20de%20Colombia&url=https%3A%2F%2Foscarhumbertogomez.com%2Findex.php%3Frest_route%3D%252Fwp%252Fv2%252Fposts%252F31454\")'><ss style=\"display:block;border-radius:999px;\" class=\"heateorSssSharingSvg heateorSssTwitterSvg\"><\/ss><\/i><\/li><li class=\"heateorSssSharingRound\"><i style=\"width:35px;height:35px;border-radius:999px;\" alt=\"Whatsapp\" Title=\"Whatsapp\" class=\"heateorSssSharing heateorSssWhatsappBackground\" onclick='heateorSssPopup(\"https:\/\/web.whatsapp.com\/send?text=CARTA%20ABIERTA%20A%20LA%20SE%C3%91ORA%20DIRECTORA%20DE%20%22EL%20MUNDO%22%2C%20DE%20MEDELL%C3%8DN.%20Por%20%C3%93scar%20Humberto%20G%C3%B3mez%20G%C3%B3mez%2C%20Miembro%20de%20la%20Sociedad%20de%20Autores%20y%20Compositores%20de%20Colombia https%3A%2F%2Foscarhumbertogomez.com%2Findex.php%3Frest_route%3D%252Fwp%252Fv2%252Fposts%252F31454\")'><ss style=\"display:block\" class=\"heateorSssSharingSvg heateorSssWhatsappSvg\"><\/ss><\/i><\/li><li class=\"heateorSssSharingRound\"><i style=\"width:35px;height:35px;border-radius:999px;\" alt=\"Pinterest\" Title=\"Pinterest\" class=\"heateorSssSharing heateorSssPinterestBackground\" onclick=\"javascript:void( (function() {var e=document.createElement('script' );e.setAttribute('type','text\/javascript' );e.setAttribute('charset','UTF-8' );e.setAttribute('src','\/\/assets.pinterest.com\/js\/pinmarklet.js?r='+Math.random()*99999999);document.body.appendChild(e)})());\"><ss style=\"display:block;border-radius:999px;\" class=\"heateorSssSharingSvg heateorSssPinterestSvg\"><\/ss><\/i><\/li><li class=\"heateorSssSharingRound\"><i style=\"width:35px;height:35px;border-radius:999px;\" alt=\"Google Gmail\" Title=\"Google Gmail\" class=\"heateorSssSharing heateorSssGoogleGmailBackground\" onclick='heateorSssPopup(\"https:\/\/mail.google.com\/mail\/?ui=2&view=cm&fs=1&tf=1&su=CARTA%20ABIERTA%20A%20LA%20SE%C3%91ORA%20DIRECTORA%20DE%20%22EL%20MUNDO%22%2C%20DE%20MEDELL%C3%8DN.%20Por%20%C3%93scar%20Humberto%20G%C3%B3mez%20G%C3%B3mez%2C%20Miembro%20de%20la%20Sociedad%20de%20Autores%20y%20Compositores%20de%20Colombia&body=Link:https%3A%2F%2Foscarhumbertogomez.com%2Findex.php%3Frest_route%3D%252Fwp%252Fv2%252Fposts%252F31454\")'><ss style=\"display:block;border-radius:999px;\" class=\"heateorSssSharingSvg heateorSssGoogleGmailSvg\"><\/ss><\/i><\/li><li class=\"heateorSssSharingRound\"><i style=\"width:35px;height:35px;border-radius:999px;\" title=\"More\" alt=\"More\" class=\"heateorSssSharing heateorSssMoreBackground\" onclick=\"heateorSssMoreSharingPopup(this, 'https:\/\/oscarhumbertogomez.com\/index.php?rest_route=%2Fwp%2Fv2%2Fposts%2F31454', 'CARTA%20ABIERTA%20A%20LA%20SE%C3%91ORA%20DIRECTORA%20DE%20%22EL%20MUNDO%22%2C%20DE%20MEDELL%C3%8DN.%20Por%20%C3%93scar%20Humberto%20G%C3%B3mez%20G%C3%B3mez%2C%20Miembro%20de%20la%20Sociedad%20de%20Autores%20y%20Compositores%20de%20Colombia', '' )\" ><ss style=\"display:block\" class=\"heateorSssSharingSvg heateorSssMoreSvg\"><\/ss><\/i><\/li><\/ul><div class=\"heateorSssClear\"><\/div><\/div><div class='heateorSssClear'><\/div>","protected":false},"author":2,"featured_media":0,"comment_status":"closed","ping_status":"closed","sticky":false,"template":"","format":"standard","meta":{"spay_email":"","footnotes":""},"categories":[8,11],"tags":[],"class_list":["post-31454","post","type-post","status-publish","format-standard","hentry","category-musica","category-periodismo"],"jetpack_featured_media_url":"","jetpack_shortlink":"https:\/\/wp.me\/p1FYrr-8bk","_links":{"self":[{"href":"https:\/\/oscarhumbertogomez.com\/index.php?rest_route=\/wp\/v2\/posts\/31454","targetHints":{"allow":["GET"]}}],"collection":[{"href":"https:\/\/oscarhumbertogomez.com\/index.php?rest_route=\/wp\/v2\/posts"}],"about":[{"href":"https:\/\/oscarhumbertogomez.com\/index.php?rest_route=\/wp\/v2\/types\/post"}],"author":[{"embeddable":true,"href":"https:\/\/oscarhumbertogomez.com\/index.php?rest_route=\/wp\/v2\/users\/2"}],"replies":[{"embeddable":true,"href":"https:\/\/oscarhumbertogomez.com\/index.php?rest_route=%2Fwp%2Fv2%2Fcomments&post=31454"}],"version-history":[{"count":6,"href":"https:\/\/oscarhumbertogomez.com\/index.php?rest_route=\/wp\/v2\/posts\/31454\/revisions"}],"predecessor-version":[{"id":51167,"href":"https:\/\/oscarhumbertogomez.com\/index.php?rest_route=\/wp\/v2\/posts\/31454\/revisions\/51167"}],"wp:attachment":[{"href":"https:\/\/oscarhumbertogomez.com\/index.php?rest_route=%2Fwp%2Fv2%2Fmedia&parent=31454"}],"wp:term":[{"taxonomy":"category","embeddable":true,"href":"https:\/\/oscarhumbertogomez.com\/index.php?rest_route=%2Fwp%2Fv2%2Fcategories&post=31454"},{"taxonomy":"post_tag","embeddable":true,"href":"https:\/\/oscarhumbertogomez.com\/index.php?rest_route=%2Fwp%2Fv2%2Ftags&post=31454"}],"curies":[{"name":"wp","href":"https:\/\/api.w.org\/{rel}","templated":true}]}}