{"id":31522,"date":"2019-12-16T12:58:25","date_gmt":"2019-12-16T17:58:25","guid":{"rendered":"http:\/\/www.oscarhumbertogomez.com\/?p=31522"},"modified":"2025-04-04T21:18:51","modified_gmt":"2025-04-05T02:18:51","slug":"magistrados-vitalicios-yerros-y-tropelias-tambien-vitalicios-por-oscar-humberto-gomez-gomez-miembro-del-ilustre-colegio-de-abogados-de-santander","status":"publish","type":"post","link":"https:\/\/oscarhumbertogomez.com\/?p=31522","title":{"rendered":"MAGISTRADOS VITALICIOS: \u00bfYERROS y TROPEL\u00cdAS TAMBI\u00c9N VITALICIOS? Por \u00d3scar Humberto G\u00f3mez G\u00f3mez."},"content":{"rendered":"<div id=\"attachment_22947\" style=\"width: 650px\" class=\"wp-caption aligncenter\"><img loading=\"lazy\" decoding=\"async\" aria-describedby=\"caption-attachment-22947\" class=\"size-large wp-image-22947\" src=\"https:\/\/oscarhumbertogomez.com\/wp-content\/uploads\/2017\/07\/20170401-170514-678x1024.jpg\" alt=\"\" width=\"640\" height=\"967\" srcset=\"https:\/\/oscarhumbertogomez.com\/wp-content\/uploads\/2017\/07\/20170401-170514-678x1024.jpg 678w, https:\/\/oscarhumbertogomez.com\/wp-content\/uploads\/2017\/07\/20170401-170514-199x300.jpg 199w, https:\/\/oscarhumbertogomez.com\/wp-content\/uploads\/2017\/07\/20170401-170514-768x1160.jpg 768w\" sizes=\"auto, (max-width: 640px) 100vw, 640px\" \/><p id=\"caption-attachment-22947\" class=\"wp-caption-text\">\u00d3SCAR HUMBERTO G\u00d3MEZ G\u00d3MEZ [Fotograf\u00eda: Fernando Rueda V.].<\/p><\/div>\n<p>&nbsp;<\/p>\n\n\n<p>La jurisprudencia err\u00f3nea o injusta \u2014\u00bfpuede haber una jurisprudencia err\u00f3nea que sea justa?\u2014 causa, por supuesto, un inmenso da\u00f1o a los derechos de las personas. Pero si, adem\u00e1s, se prev\u00e9 que ella tendr\u00e1 una vigencia a futuro durante muchos a\u00f1os, sin que exista posibilidad alguna de que se rectifique y retorne la correcta y justa, l\u00f3gicamente aquella jurisprudencia injusta o err\u00f3nea se constituye en fuente de profundo desaliento para los hombres y las mujeres que luchan en el foro por el imperio del derecho y de la justicia. <\/p>\n\n\n\n<p>A esa sombr\u00eda perspectiva contribuy\u00f3 el cada vez m\u00e1s desacertado Congreso Nacional al aprobar, pr\u00e1cticamente a espaldas de la naci\u00f3n colombiana \u2014buena parte de la cual todav\u00eda lo ignora o todav\u00eda no acaba de digerir semejante &#8220;reforma a la justicia&#8221;\u2014 el incremento de cinco a\u00f1os en la edad de retiro forzoso para los magistrados de las cortes y de los tribunales, y para los jueces, que estaba fijada en 65 a\u00f1os y que qued\u00f3, en consecuencia, establecida en setenta.<\/p>\n\n\n<p>&nbsp;<\/p>\n\n\n<p>Desde luego, no son solamente los magistrados de las cortes y de los tribunales los que aseguraron su permanencia &#8220;eterna&#8221; en el cargo y su consiguiente jubilaci\u00f3n \u2014cerr\u00e1ndoles, dicho sea de paso, el camino a las nuevas figuras del derecho colombiano\u2014, pues tambi\u00e9n se perpetuar\u00e1n hasta los 70 a\u00f1os todos los dem\u00e1s empleados estatales.\n\n<p>&nbsp;<\/p>\n\nCon todo, esto no tendr\u00eda nada de particular si no fuera porque cada d\u00eda son m\u00e1s y m\u00e1s las quejas por la p\u00e9sima atenci\u00f3n en las oficinas p\u00fablicas a la comunidad, una comunidad que, con sus impuestos, es la que paga los sueldos y las dem\u00e1s prestaciones laborales de toda la frondosa burocracia que tan mal la atiende, y si no fuera porque, de un tiempo para ac\u00e1, y gracias a las ambig\u00fcedades de la Constituci\u00f3n de 1991 y a los magistrados de la Corte Constitucional \u2014quienes, sobra decirlo, declararon exequible la prolongaci\u00f3n hasta los 70 a\u00f1os de la permanencia de ellos mismos en el poder\u2014, ya casi no quedan en Colombia jueces o magistrados respetuosos de la jurisprudencia de sus superiores jer\u00e1rquicos, de modo que ya lo que diga o deje de decir el Consejo de Estado tiene sin cuidado a magistrados de tribunal administrativo o a jueces administrativos que piensan distinto, o que, m\u00e1s bien, no estudian los temas acerca de los cuales deben fallar, y quienes con tan solo redactar unos renglones con frases de caj\u00f3n o lugares comunes, quedan habilitados para desconocer aquellas decisiones de sus superiores, las mismas que antes de la Constituci\u00f3n de 1991 eran citadas como fundamento cient\u00edfico en los fallos que sus inferiores jer\u00e1rquicos profer\u00edan. \n\n<p>&nbsp;<\/p>\n\nAl sentido concordante de estos fallos se le llamaba en aquel entonces jurisprudencia y a esta \u2014a la jurisprudencia\u2014 se le estudiaba como una de las fuentes del derecho, al lado de la doctrina, la costumbre y, por supuesto, la ley. \n\n<p>&nbsp;<\/p>\n\nAhora, aunque una norma de la Constituci\u00f3n las mencion\u00f3, lo hizo con tal ambig\u00fcedad, que, a pesar de la extensa aclaraci\u00f3n que, a su vez, hizo la Corte Constitucional, cada vez m\u00e1s son letra muerta, as\u00ed de dientes para afuera todo el mundo diga que se les sigue respetando.\n\n<p>&nbsp;<\/p>\n\nAunque, la verdad sea dicha, &#8220;en todas partes se cuecen habas&#8221;: tambi\u00e9n abundan dentro de las ahora llamadas &#8220;Altas Cortes&#8221; la falta de estudio de los casos y las consiguientes providencias con la profundidad de un plato pando. \n\n<p>&nbsp;<\/p>\n\n\u00bfConviene que un juez o un magistrado se perpet\u00fae en el cargo?\n\n<p>&nbsp;<\/p>\n\nEso, como canta Jarabe de Palo, &#8220;Depende&#8221;.\n\n<p>&nbsp;<\/p>\n\nPorque una cosa es que se perpet\u00faen en sus cargos los buenos jueces, los buenos magistrados o los buenos secretarios judiciales y otra cosa, diametralmente distinta, es que lo hagan personajes que uno no entiende c\u00f3mo diablos lograron llegar a esos cargos.\n\n<p>&nbsp;<\/p>\n\nYa se habla de una Constituyente que reorganice este caos. \n\n<p>&nbsp;<\/p>\n\nTocar\u00e1 por ah\u00ed, porque por el lado del Congreso, del Gobierno y de la Corte Constitucional \u2014como dec\u00eda mi cu\u00f1ada Ilianita cuando era ni\u00f1a\u2014 &#8220;nanay cucas&#8221;. \n\n <\/p>\n\n\n<p>&nbsp;<\/p>","protected":false},"excerpt":{"rendered":"<p>&nbsp; La jurisprudencia err\u00f3nea o injusta \u2014\u00bfpuede haber una jurisprudencia err\u00f3nea que sea justa?\u2014 causa, por supuesto, un inmenso da\u00f1o a los derechos de las personas. Pero si, adem\u00e1s, se prev\u00e9 que ella tendr\u00e1 una vigencia a futuro durante muchos &hellip; <a href=\"https:\/\/oscarhumbertogomez.com\/?p=31522\">Sigue leyendo <span class=\"meta-nav\">&rarr;<\/span><\/a><\/p>\n<div class='heateorSssClear'><\/div><div  class='heateor_sss_sharing_container heateor_sss_horizontal_sharing' heateor-sss-data-href='https:\/\/oscarhumbertogomez.com\/?p=31522'><div class='heateor_sss_sharing_title' style=\"font-weight:bold\" >\u00a1Gracias por compartirla!<\/div><ul class=\"heateor_sss_sharing_ul\"><li class=\"heateorSssSharingRound\"><i style=\"width:35px;height:35px;border-radius:999px;\" alt=\"Facebook\" Title=\"Facebook\" class=\"heateorSssSharing heateorSssFacebookBackground\" onclick='heateorSssPopup(\"https:\/\/www.facebook.com\/sharer\/sharer.php?u=https%3A%2F%2Foscarhumbertogomez.com%2Findex.php%3Frest_route%3D%252Fwp%252Fv2%252Fposts%252F31522\")'><ss style=\"display:block;border-radius:999px;\" class=\"heateorSssSharingSvg heateorSssFacebookSvg\"><\/ss><\/i><\/li><li class=\"heateorSssSharingRound\"><i style=\"width:35px;height:35px;border-radius:999px;\" alt=\"Twitter\" Title=\"Twitter\" class=\"heateorSssSharing heateorSssTwitterBackground\" onclick='heateorSssPopup(\"http:\/\/twitter.com\/intent\/tweet?text=MAGISTRADOS%20VITALICIOS%3A%20%C2%BFYERROS%20y%20TROPEL%C3%8DAS%20TAMBI%C3%89N%20VITALICIOS%3F%20Por%20%C3%93scar%20Humberto%20G%C3%B3mez%20G%C3%B3mez.&url=https%3A%2F%2Foscarhumbertogomez.com%2Findex.php%3Frest_route%3D%252Fwp%252Fv2%252Fposts%252F31522\")'><ss style=\"display:block;border-radius:999px;\" class=\"heateorSssSharingSvg heateorSssTwitterSvg\"><\/ss><\/i><\/li><li class=\"heateorSssSharingRound\"><i style=\"width:35px;height:35px;border-radius:999px;\" alt=\"Whatsapp\" Title=\"Whatsapp\" class=\"heateorSssSharing heateorSssWhatsappBackground\" onclick='heateorSssPopup(\"https:\/\/web.whatsapp.com\/send?text=MAGISTRADOS%20VITALICIOS%3A%20%C2%BFYERROS%20y%20TROPEL%C3%8DAS%20TAMBI%C3%89N%20VITALICIOS%3F%20Por%20%C3%93scar%20Humberto%20G%C3%B3mez%20G%C3%B3mez. https%3A%2F%2Foscarhumbertogomez.com%2Findex.php%3Frest_route%3D%252Fwp%252Fv2%252Fposts%252F31522\")'><ss style=\"display:block\" class=\"heateorSssSharingSvg heateorSssWhatsappSvg\"><\/ss><\/i><\/li><li class=\"heateorSssSharingRound\"><i style=\"width:35px;height:35px;border-radius:999px;\" alt=\"Pinterest\" Title=\"Pinterest\" class=\"heateorSssSharing heateorSssPinterestBackground\" onclick=\"javascript:void( (function() {var e=document.createElement('script' );e.setAttribute('type','text\/javascript' );e.setAttribute('charset','UTF-8' );e.setAttribute('src','\/\/assets.pinterest.com\/js\/pinmarklet.js?r='+Math.random()*99999999);document.body.appendChild(e)})());\"><ss style=\"display:block;border-radius:999px;\" class=\"heateorSssSharingSvg heateorSssPinterestSvg\"><\/ss><\/i><\/li><li class=\"heateorSssSharingRound\"><i style=\"width:35px;height:35px;border-radius:999px;\" alt=\"Google Gmail\" Title=\"Google Gmail\" class=\"heateorSssSharing heateorSssGoogleGmailBackground\" onclick='heateorSssPopup(\"https:\/\/mail.google.com\/mail\/?ui=2&view=cm&fs=1&tf=1&su=MAGISTRADOS%20VITALICIOS%3A%20%C2%BFYERROS%20y%20TROPEL%C3%8DAS%20TAMBI%C3%89N%20VITALICIOS%3F%20Por%20%C3%93scar%20Humberto%20G%C3%B3mez%20G%C3%B3mez.&body=Link:https%3A%2F%2Foscarhumbertogomez.com%2Findex.php%3Frest_route%3D%252Fwp%252Fv2%252Fposts%252F31522\")'><ss style=\"display:block;border-radius:999px;\" class=\"heateorSssSharingSvg heateorSssGoogleGmailSvg\"><\/ss><\/i><\/li><li class=\"heateorSssSharingRound\"><i style=\"width:35px;height:35px;border-radius:999px;\" title=\"More\" alt=\"More\" class=\"heateorSssSharing heateorSssMoreBackground\" onclick=\"heateorSssMoreSharingPopup(this, 'https:\/\/oscarhumbertogomez.com\/index.php?rest_route=%2Fwp%2Fv2%2Fposts%2F31522', 'MAGISTRADOS%20VITALICIOS%3A%20%C2%BFYERROS%20y%20TROPEL%C3%8DAS%20TAMBI%C3%89N%20VITALICIOS%3F%20Por%20%C3%93scar%20Humberto%20G%C3%B3mez%20G%C3%B3mez.', '' )\" ><ss style=\"display:block\" class=\"heateorSssSharingSvg heateorSssMoreSvg\"><\/ss><\/i><\/li><\/ul><div class=\"heateorSssClear\"><\/div><\/div><div class='heateorSssClear'><\/div>","protected":false},"author":2,"featured_media":0,"comment_status":"closed","ping_status":"closed","sticky":false,"template":"","format":"standard","meta":{"spay_email":"","footnotes":""},"categories":[1,60],"tags":[],"class_list":["post-31522","post","type-post","status-publish","format-standard","hentry","category-blog","category-tribuna-de-opinion"],"jetpack_featured_media_url":"","jetpack_shortlink":"https:\/\/wp.me\/p1FYrr-8cq","_links":{"self":[{"href":"https:\/\/oscarhumbertogomez.com\/index.php?rest_route=\/wp\/v2\/posts\/31522","targetHints":{"allow":["GET"]}}],"collection":[{"href":"https:\/\/oscarhumbertogomez.com\/index.php?rest_route=\/wp\/v2\/posts"}],"about":[{"href":"https:\/\/oscarhumbertogomez.com\/index.php?rest_route=\/wp\/v2\/types\/post"}],"author":[{"embeddable":true,"href":"https:\/\/oscarhumbertogomez.com\/index.php?rest_route=\/wp\/v2\/users\/2"}],"replies":[{"embeddable":true,"href":"https:\/\/oscarhumbertogomez.com\/index.php?rest_route=%2Fwp%2Fv2%2Fcomments&post=31522"}],"version-history":[{"count":5,"href":"https:\/\/oscarhumbertogomez.com\/index.php?rest_route=\/wp\/v2\/posts\/31522\/revisions"}],"predecessor-version":[{"id":53569,"href":"https:\/\/oscarhumbertogomez.com\/index.php?rest_route=\/wp\/v2\/posts\/31522\/revisions\/53569"}],"wp:attachment":[{"href":"https:\/\/oscarhumbertogomez.com\/index.php?rest_route=%2Fwp%2Fv2%2Fmedia&parent=31522"}],"wp:term":[{"taxonomy":"category","embeddable":true,"href":"https:\/\/oscarhumbertogomez.com\/index.php?rest_route=%2Fwp%2Fv2%2Fcategories&post=31522"},{"taxonomy":"post_tag","embeddable":true,"href":"https:\/\/oscarhumbertogomez.com\/index.php?rest_route=%2Fwp%2Fv2%2Ftags&post=31522"}],"curies":[{"name":"wp","href":"https:\/\/api.w.org\/{rel}","templated":true}]}}