{"id":31526,"date":"2019-12-19T11:47:04","date_gmt":"2019-12-19T16:47:04","guid":{"rendered":"http:\/\/www.oscarhumbertogomez.com\/?p=31526"},"modified":"2025-03-08T22:28:19","modified_gmt":"2025-03-09T03:28:19","slug":"31526","status":"publish","type":"post","link":"https:\/\/oscarhumbertogomez.com\/?p=31526","title":{"rendered":"VICENTE ARENAS MANTILLA Y EL &#8220;GENERAL&#8221; FAR\u00cdAS. (IV). Por \u00d3scar Humberto G\u00f3mez G\u00f3mez, Miembro de N\u00famero de la Academia de Historia de Santander"},"content":{"rendered":"\n<figure class=\"wp-block-image\"><img loading=\"lazy\" decoding=\"async\" width=\"520\" height=\"868\" src=\"https:\/\/www.oscarhumbertogomez.com\/wp-content\/uploads\/2019\/12\/PROMETEO-TRAYENDO-EL-FUEGO-JAN-COSSIERS.-OLEO-SOBRE-LIENZO..jpg\" alt=\"\" class=\"wp-image-31550\" srcset=\"https:\/\/oscarhumbertogomez.com\/wp-content\/uploads\/2019\/12\/PROMETEO-TRAYENDO-EL-FUEGO-JAN-COSSIERS.-OLEO-SOBRE-LIENZO..jpg 520w, https:\/\/oscarhumbertogomez.com\/wp-content\/uploads\/2019\/12\/PROMETEO-TRAYENDO-EL-FUEGO-JAN-COSSIERS.-OLEO-SOBRE-LIENZO.-180x300.jpg 180w\" sizes=\"auto, (max-width: 520px) 100vw, 520px\" \/><\/figure>\n\n\n<p>&nbsp;<\/p>\n<p>A la luz de la antropolog\u00eda, los mitos y leyendas constituyen uno de los aspectos m\u00e1s destacados dentro de la riqueza cultural de los pueblos. Mientras los mitos explican el origen de las diversas manifestaciones del mundo a trav\u00e9s de personajes que, por tal raz\u00f3n, se denominan &#8220;personajes m\u00edticos&#8221;, las leyendas son relatos fantasiosos que van circulando de generaci\u00f3n en generaci\u00f3n hasta hacerse parte del imaginario colectivo.&nbsp;<\/p>\n<p>En nuestro medio, la actitud social hacia estas creaciones del imaginario popular ha sido, por lo general, de total desconocimiento, cuando no de arrogante desprecio, si de las \u00e9lites se trata, pues todas ellas revelan, desde la perspectiva cr\u00edtica de estas, tan solo una crasa manifestaci\u00f3n de la m\u00e1s absoluta ignorancia popular.<\/p>\n<p>M\u00e1s all\u00e1 de la validez de tan radical criterio, sin embargo, y en desarrollo de una tarea intelectual a mi juicio poco apreciada, los mitos y las leyendas populares han sido objeto de profunda investigaci\u00f3n y de rica producci\u00f3n bibliogr\u00e1fica por parte de antrop\u00f3logos e historiadores.<\/p>\n<p>Dentro de la cultura universal, los personajes m\u00edticos y los hechos legendarios fueron \u2014y lo siguen siendo\u2014 temas de gran importancia para las artes pict\u00f3ricas y escult\u00f3ricas, as\u00ed como para la literatura, la m\u00fasica y el s\u00e9ptimo arte, todos los cuales se han nutrido de la mitolog\u00eda romana, la mitolog\u00eda griega, la mitolog\u00eda egipcia y, en fin, la mitolog\u00eda de diversos pueblos de la tierra.<\/p>\n<p>Algunas leyendas, como la Leyenda del P\u00e1jaro Chog\u00fc\u00ed, propia del Paraguay y originada en el seno de los indios guaran\u00edes, han sido llevadas a la m\u00fasica mientras que otras como la Leyenda del Jud\u00edo Errante, originada en el Medio Oriente, lo ha sido tambi\u00e9n al cine. La primera, denominada &#8220;leyenda&#8221; en la famosa canci\u00f3n de Pitagua, podr\u00eda considerarse un mito si se considera que a trav\u00e9s de aquel relato ficticio se explica el origen del p\u00e1jaro t\u00edpico de aquellas tierras suramericanas.&nbsp;<\/p>\n<p>Para no ir tan lejos, dentro de nuestro proyecto art\u00edstico y cultural, retomamos la Leyenda de la Patasola y la Leyenda del Jud\u00edo Errante para plasmarlas en dos de nuestras canciones, aunque d\u00e1ndoles una connotaci\u00f3n con matices propios.<\/p>\n<p><\/p>\n<p>&nbsp;<\/p>\n<p><img loading=\"lazy\" decoding=\"async\" class=\"aligncenter size-full wp-image-31574\" src=\"https:\/\/lapiedrafilosofal.com\/wp-content\/uploads\/2019\/12\/EL-JUDIO-ERRANTE-GUSTAVO-DORE.jpg\" alt=\"\" width=\"800\" height=\"1050\" srcset=\"https:\/\/oscarhumbertogomez.com\/wp-content\/uploads\/2019\/12\/EL-JUDIO-ERRANTE-GUSTAVO-DORE.jpg 800w, https:\/\/oscarhumbertogomez.com\/wp-content\/uploads\/2019\/12\/EL-JUDIO-ERRANTE-GUSTAVO-DORE-229x300.jpg 229w, https:\/\/oscarhumbertogomez.com\/wp-content\/uploads\/2019\/12\/EL-JUDIO-ERRANTE-GUSTAVO-DORE-768x1008.jpg 768w, https:\/\/oscarhumbertogomez.com\/wp-content\/uploads\/2019\/12\/EL-JUDIO-ERRANTE-GUSTAVO-DORE-780x1024.jpg 780w\" sizes=\"auto, (max-width: 800px) 100vw, 800px\" \/><\/p>\n<p><\/p>\n<p>&nbsp;<\/p>\n<p>Los mitos y las leyendas adquieren connotaci\u00f3n nacional, pues los que parecieran ser propios de un departamento o regi\u00f3n se observan tambi\u00e9n en otro departamento o regi\u00f3n del territorio colombiano.<\/p>\n<p>As\u00ed, el historiador caldense Javier Ocampo L\u00f3pez en su libro &#8220;Mitos y leyendas de Antioquia la Grande&#8221; relaciona como mitos La Patasola, La Madremonte, la Llorona, La Viuda Alegre, la Dama Verde, el Hojarasqu\u00edn del Monte, el Putas y el Jud\u00edo Errante, y como leyendas La leyenda del r\u00edo de La Vieja, la leyenda del Ingrum\u00e1, la leyenda del Pacto con el Diablo y la leyenda del Cristo de Zaragoza. No pocos de estos mitos y de estas leyendas, sin embargo, tambi\u00e9n tienen asiento en tierras santandereanas \u2014como se aprecia atr\u00e1s con la Patasola\u2014 y hasta en la propia Bucaramanga, pues, por ejemplo, alrededor de don David Puyana se teji\u00f3 la Leyenda de la Casa del Diablo, tratada a fondo en uno de sus libros por el soci\u00f3logo e historiador santandereano Emilio Arenas.<\/p>\n<p><\/p>\n<p>&nbsp;<\/p>\n<p><img loading=\"lazy\" decoding=\"async\" class=\"aligncenter size-full wp-image-31551\" src=\"https:\/\/lapiedrafilosofal.com\/wp-content\/uploads\/2019\/12\/CASA-DEL-DIABLO-.png\" alt=\"\" width=\"1096\" height=\"942\" srcset=\"https:\/\/oscarhumbertogomez.com\/wp-content\/uploads\/2019\/12\/CASA-DEL-DIABLO-.png 1096w, https:\/\/oscarhumbertogomez.com\/wp-content\/uploads\/2019\/12\/CASA-DEL-DIABLO--300x258.png 300w, https:\/\/oscarhumbertogomez.com\/wp-content\/uploads\/2019\/12\/CASA-DEL-DIABLO--768x660.png 768w, https:\/\/oscarhumbertogomez.com\/wp-content\/uploads\/2019\/12\/CASA-DEL-DIABLO--1024x880.png 1024w\" sizes=\"auto, (max-width: 1096px) 100vw, 1096px\" \/><\/p>\n<p><\/p>\n<p>&nbsp;<\/p>\n<p>De hecho, Vicente Arenas Mantilla, tambi\u00e9n tom\u00f3 para una de sus cr\u00f3nicas \u2014en prosa, no en verso\u2014 la Leyenda del Jud\u00edo Errante.<\/p>\n<p>Pues bien: el mismo Arenas Mantilla hizo otro tanto con una figura legendaria (o m\u00edtica, seg\u00fan otros) muy santandereana: el \u00c1nima Coy, a la que convirti\u00f3 en el tema de uno de sus romances, titulado obviamente as\u00ed: ROMANCE DEL \u00c1NIMA COY.<\/p>\n<p><\/p>\n<p>Acerca de esta figura legendaria (o m\u00edtica, para otros) las autoras Betty Gallo Rond\u00f3n y Cecilia Chaparro L\u00f3pez en su libro &#8220;Santander, folclor, mitos y leyendas&#8221; incluyen a este personaje femenino dentro del imaginario de pueblos santandereanos como Bol\u00edvar y G\u00fcepsa, municipios de la provincia de V\u00e9lez, y Guapot\u00e1, municipio de la provincia Comunera.<\/p>\n<p>Arenas Mantilla la ubica en su Piedecuesta natal e incluso la identifica con nombre y apellido, lo que no es com\u00fan que suceda.<\/p>\n<p><\/p>\n<p>&nbsp;<\/p>\n<p><img loading=\"lazy\" decoding=\"async\" class=\"aligncenter size-full wp-image-16796\" src=\"https:\/\/lapiedrafilosofal.com\/wp-content\/uploads\/2015\/05\/Piedecuesta_antigua.jpg\" alt=\"\" width=\"490\" height=\"378\" srcset=\"https:\/\/oscarhumbertogomez.com\/wp-content\/uploads\/2015\/05\/Piedecuesta_antigua.jpg 490w, https:\/\/oscarhumbertogomez.com\/wp-content\/uploads\/2015\/05\/Piedecuesta_antigua-300x231.jpg 300w\" sizes=\"auto, (max-width: 490px) 100vw, 490px\" \/><\/p>\n<p>&nbsp;<\/p>\n<p>En t\u00e9rminos generales, y salvo una que otra variante en el relato, la descripci\u00f3n de los personajes legendarios y m\u00edticos coincide en los diferentes pueblos donde se les tiene como tales. En el caso del \u00c1nima Coy, m\u00e1s all\u00e1 de algunas diferencias locales, se trata de una mujer que habr\u00eda matado a su propio beb\u00e9 y que, castigada por su horrendo crimen, deambula por las calles solitarias del pueblo.<\/p>\n<p><\/p>\n<p>Aqu\u00ed est\u00e1, pues, nuevamente la pluma del estupendo cronista y poeta piedecuestano Vicente Arenas Mantilla, figura estelar y olvidada de las letras santandereanas.<\/p>\n<p><\/p>\n<p>&nbsp;<\/p>\n<p><strong>ILUSTRACIONES:<\/strong> (1) Prometeo trayendo el fuego.&nbsp; Jan Cossiers. \u00d3leo sobre el lienzo.&nbsp;<\/p>\n<p>(2) &#8220;El Jud\u00edo Errante&#8221; . Gustavo Dor\u00e9.&nbsp;<\/p>\n<p>(3) La Casa del Diablo. Proyecto Arte y Comunidad. La leyenda de Don David y la Casa del Diablo. Mar\u00eda Katheryne Delgado.<\/p>\n<p>(4) Piedecuesta. Fotograf\u00eda antigua. Wikipedia. Campoel\u00edas.<\/p>\n<p>(5) Vicente Arenas Mantilla.&nbsp;<\/p>\n<p><\/p>\n<p>&nbsp;<\/p>\n<p><strong>ROMANCE DEL \u00c1NIMA COY<\/strong><\/p>\n<p>&nbsp;<\/p>\n<p><img loading=\"lazy\" decoding=\"async\" class=\"aligncenter size-full wp-image-31302\" src=\"https:\/\/lapiedrafilosofal.com\/wp-content\/uploads\/2019\/12\/Blog-.002-1.jpeg\" alt=\"\" width=\"1920\" height=\"1080\" srcset=\"https:\/\/oscarhumbertogomez.com\/wp-content\/uploads\/2019\/12\/Blog-.002-1.jpeg 1920w, https:\/\/oscarhumbertogomez.com\/wp-content\/uploads\/2019\/12\/Blog-.002-1-300x169.jpeg 300w, https:\/\/oscarhumbertogomez.com\/wp-content\/uploads\/2019\/12\/Blog-.002-1-768x432.jpeg 768w, https:\/\/oscarhumbertogomez.com\/wp-content\/uploads\/2019\/12\/Blog-.002-1-1024x576.jpeg 1024w\" sizes=\"auto, (max-width: 1920px) 100vw, 1920px\" \/><\/p>\n<p><\/p>\n<p>Al punto de media noche,<br>por San Antonio hacia abajo,<br>entre lamentos profundos<br>y alaridos muy macabros,<br>un bulto blanco camina<br>calle abajo, calle abajo<br>y mientras reza, suspira,<br>suspira largo, muy largo.<\/p>\n<p>Es Benedicta Rovira,<br>dicen los que la escucharon<br>durante largas centurias<br>los mi\u00e9rcoles y los s\u00e1bados,<br>al golpe de media noche<br>cuando bajaba rezando,<br>con su t\u00fanica de llamas<br>y una canilla en la mano.<\/p>\n<p>Es Benedicta \u00a1Dios m\u00edo!,<br>piadosa Virgen del Tr\u00e1nsito,<br>dec\u00eda al o\u00edr los gemidos<br>don Policarpo Avenda\u00f1o.<br>\u2014La conozco por el timbre<br>de la voz, y por los cascos<br>de mula que le salieron<br>por matar a su Rosario.<\/p>\n<p>Con las puertas bien trancadas<br>mucho tiempo la miraron<br>las muy devotas matronas<br>de mi pueblo, que rezando<br>el credo y las siete salves,<br>la sent\u00edan pasar brincando,<br>como chulo algunas veces.<br>y otras veces como cabro.<\/p>\n<p>Cada lamento se o\u00eda<br>m\u00e1s lastimero, m\u00e1s l\u00e1nguido,<br>y el pelo se le paraba<br>al pobre de uno, en el acto.<br>Muchos cayeron privados<br>en plena calle, a lo largo,<br>al toparse a Benedicta<br>el espanto m\u00e1s espanto.<\/p>\n<p>\u2014Ayudadme&#8230; dec\u00eda a veces,<br>a rogar por mi Rosario,<br>mi hija ni\u00f1a a quien mat\u00e9<br>en el pozo hace veinte a\u00f1os&#8230;<br>Ayudadme..: almas piadosas,<br>con limosnas y sufragios<br>a salir de los infiernos<br>donde ha mucho estoy penando&#8230;<\/p>\n<p>Y un olor de azufre intenso,<br>iba la calle llenando<br>al paso de Benedicta,<br>que con su antorcha en la mano,<br>y entre aullidos lastimeros,<br>iba bajando, bajando,<br>mientras las nobles matronas<br>rezaban credos y salmos,<br>y los serenos corr\u00edan<br>y echaban palo los guapos.<\/p>\n<p>&nbsp;<\/p>","protected":false},"excerpt":{"rendered":"<p>&nbsp; A la luz de la antropolog\u00eda, los mitos y leyendas constituyen uno de los aspectos m\u00e1s destacados dentro de la riqueza cultural de los pueblos. Mientras los mitos explican el origen de las diversas manifestaciones del mundo a trav\u00e9s &hellip; <a href=\"https:\/\/oscarhumbertogomez.com\/?p=31526\">Sigue leyendo <span class=\"meta-nav\">&rarr;<\/span><\/a><\/p>\n<div class='heateorSssClear'><\/div><div  class='heateor_sss_sharing_container heateor_sss_horizontal_sharing' heateor-sss-data-href='https:\/\/oscarhumbertogomez.com\/?p=31526'><div class='heateor_sss_sharing_title' style=\"font-weight:bold\" >\u00a1Gracias por compartirla!<\/div><ul class=\"heateor_sss_sharing_ul\"><li class=\"heateorSssSharingRound\"><i style=\"width:35px;height:35px;border-radius:999px;\" alt=\"Facebook\" Title=\"Facebook\" class=\"heateorSssSharing heateorSssFacebookBackground\" onclick='heateorSssPopup(\"https:\/\/www.facebook.com\/sharer\/sharer.php?u=https%3A%2F%2Foscarhumbertogomez.com%2Findex.php%3Frest_route%3D%252Fwp%252Fv2%252Fposts%252F31526\")'><ss style=\"display:block;border-radius:999px;\" class=\"heateorSssSharingSvg heateorSssFacebookSvg\"><\/ss><\/i><\/li><li class=\"heateorSssSharingRound\"><i style=\"width:35px;height:35px;border-radius:999px;\" alt=\"Twitter\" Title=\"Twitter\" class=\"heateorSssSharing heateorSssTwitterBackground\" onclick='heateorSssPopup(\"http:\/\/twitter.com\/intent\/tweet?text=VICENTE%20ARENAS%20MANTILLA%20Y%20EL%20%22GENERAL%22%20FAR%C3%8DAS.%20%28IV%29.%20Por%20%C3%93scar%20Humberto%20G%C3%B3mez%20G%C3%B3mez%2C%20Miembro%20de%20N%C3%BAmero%20de%20la%20Academia%20de%20Historia%20de%20Santander&url=https%3A%2F%2Foscarhumbertogomez.com%2Findex.php%3Frest_route%3D%252Fwp%252Fv2%252Fposts%252F31526\")'><ss style=\"display:block;border-radius:999px;\" class=\"heateorSssSharingSvg heateorSssTwitterSvg\"><\/ss><\/i><\/li><li class=\"heateorSssSharingRound\"><i style=\"width:35px;height:35px;border-radius:999px;\" alt=\"Whatsapp\" Title=\"Whatsapp\" class=\"heateorSssSharing heateorSssWhatsappBackground\" onclick='heateorSssPopup(\"https:\/\/web.whatsapp.com\/send?text=VICENTE%20ARENAS%20MANTILLA%20Y%20EL%20%22GENERAL%22%20FAR%C3%8DAS.%20%28IV%29.%20Por%20%C3%93scar%20Humberto%20G%C3%B3mez%20G%C3%B3mez%2C%20Miembro%20de%20N%C3%BAmero%20de%20la%20Academia%20de%20Historia%20de%20Santander https%3A%2F%2Foscarhumbertogomez.com%2Findex.php%3Frest_route%3D%252Fwp%252Fv2%252Fposts%252F31526\")'><ss style=\"display:block\" class=\"heateorSssSharingSvg heateorSssWhatsappSvg\"><\/ss><\/i><\/li><li class=\"heateorSssSharingRound\"><i style=\"width:35px;height:35px;border-radius:999px;\" alt=\"Pinterest\" Title=\"Pinterest\" class=\"heateorSssSharing heateorSssPinterestBackground\" onclick=\"javascript:void( (function() {var e=document.createElement('script' );e.setAttribute('type','text\/javascript' );e.setAttribute('charset','UTF-8' );e.setAttribute('src','\/\/assets.pinterest.com\/js\/pinmarklet.js?r='+Math.random()*99999999);document.body.appendChild(e)})());\"><ss style=\"display:block;border-radius:999px;\" class=\"heateorSssSharingSvg heateorSssPinterestSvg\"><\/ss><\/i><\/li><li class=\"heateorSssSharingRound\"><i style=\"width:35px;height:35px;border-radius:999px;\" alt=\"Google Gmail\" Title=\"Google Gmail\" class=\"heateorSssSharing heateorSssGoogleGmailBackground\" onclick='heateorSssPopup(\"https:\/\/mail.google.com\/mail\/?ui=2&view=cm&fs=1&tf=1&su=VICENTE%20ARENAS%20MANTILLA%20Y%20EL%20%22GENERAL%22%20FAR%C3%8DAS.%20%28IV%29.%20Por%20%C3%93scar%20Humberto%20G%C3%B3mez%20G%C3%B3mez%2C%20Miembro%20de%20N%C3%BAmero%20de%20la%20Academia%20de%20Historia%20de%20Santander&body=Link:https%3A%2F%2Foscarhumbertogomez.com%2Findex.php%3Frest_route%3D%252Fwp%252Fv2%252Fposts%252F31526\")'><ss style=\"display:block;border-radius:999px;\" class=\"heateorSssSharingSvg heateorSssGoogleGmailSvg\"><\/ss><\/i><\/li><li class=\"heateorSssSharingRound\"><i style=\"width:35px;height:35px;border-radius:999px;\" title=\"More\" alt=\"More\" class=\"heateorSssSharing heateorSssMoreBackground\" onclick=\"heateorSssMoreSharingPopup(this, 'https:\/\/oscarhumbertogomez.com\/index.php?rest_route=%2Fwp%2Fv2%2Fposts%2F31526', 'VICENTE%20ARENAS%20MANTILLA%20Y%20EL%20%22GENERAL%22%20FAR%C3%8DAS.%20%28IV%29.%20Por%20%C3%93scar%20Humberto%20G%C3%B3mez%20G%C3%B3mez%2C%20Miembro%20de%20N%C3%BAmero%20de%20la%20Academia%20de%20Historia%20de%20Santander', '' )\" ><ss style=\"display:block\" class=\"heateorSssSharingSvg heateorSssMoreSvg\"><\/ss><\/i><\/li><\/ul><div class=\"heateorSssClear\"><\/div><\/div><div class='heateorSssClear'><\/div>","protected":false},"author":2,"featured_media":0,"comment_status":"open","ping_status":"open","sticky":false,"template":"","format":"standard","meta":{"spay_email":"","footnotes":""},"categories":[11,7],"tags":[],"class_list":["post-31526","post","type-post","status-publish","format-standard","hentry","category-periodismo","category-poesia"],"jetpack_featured_media_url":"","jetpack_shortlink":"https:\/\/wp.me\/s1FYrr-31526","_links":{"self":[{"href":"https:\/\/oscarhumbertogomez.com\/index.php?rest_route=\/wp\/v2\/posts\/31526","targetHints":{"allow":["GET"]}}],"collection":[{"href":"https:\/\/oscarhumbertogomez.com\/index.php?rest_route=\/wp\/v2\/posts"}],"about":[{"href":"https:\/\/oscarhumbertogomez.com\/index.php?rest_route=\/wp\/v2\/types\/post"}],"author":[{"embeddable":true,"href":"https:\/\/oscarhumbertogomez.com\/index.php?rest_route=\/wp\/v2\/users\/2"}],"replies":[{"embeddable":true,"href":"https:\/\/oscarhumbertogomez.com\/index.php?rest_route=%2Fwp%2Fv2%2Fcomments&post=31526"}],"version-history":[{"count":5,"href":"https:\/\/oscarhumbertogomez.com\/index.php?rest_route=\/wp\/v2\/posts\/31526\/revisions"}],"predecessor-version":[{"id":52105,"href":"https:\/\/oscarhumbertogomez.com\/index.php?rest_route=\/wp\/v2\/posts\/31526\/revisions\/52105"}],"wp:attachment":[{"href":"https:\/\/oscarhumbertogomez.com\/index.php?rest_route=%2Fwp%2Fv2%2Fmedia&parent=31526"}],"wp:term":[{"taxonomy":"category","embeddable":true,"href":"https:\/\/oscarhumbertogomez.com\/index.php?rest_route=%2Fwp%2Fv2%2Fcategories&post=31526"},{"taxonomy":"post_tag","embeddable":true,"href":"https:\/\/oscarhumbertogomez.com\/index.php?rest_route=%2Fwp%2Fv2%2Ftags&post=31526"}],"curies":[{"name":"wp","href":"https:\/\/api.w.org\/{rel}","templated":true}]}}