{"id":32128,"date":"2020-02-05T22:48:40","date_gmt":"2020-02-06T03:48:40","guid":{"rendered":"http:\/\/www.oscarhumbertogomez.com\/?p=32128"},"modified":"2025-02-14T21:37:02","modified_gmt":"2025-02-15T02:37:02","slug":"atencion-todos-estamos-en-peligro-por-la-ausencia-del-estado-en-bucaramanga-una-ambulancia-en-competencia-con-otra-se-subio-al-anden-y-continuo-su-marcha-por-el-anden-a-alta-velocidad-p","status":"publish","type":"post","link":"https:\/\/oscarhumbertogomez.com\/?p=32128","title":{"rendered":"\u00a1ATENCI\u00d3N! \u00a1TODOS ESTAMOS EN PELIGRO POR LA AUSENCIA DEL ESTADO EN BUCARAMANGA! UNA AMBULANCIA EN COMPETENCIA CON OTRA SE SUBI\u00d3 AL AND\u00c9N Y CONTINU\u00d3 SU MARCHA POR EL AND\u00c9N A ALTA VELOCIDAD. Por \u00d3scar Humberto G\u00f3mez G\u00f3mez"},"content":{"rendered":"\n<figure class=\"wp-block-image\"><img loading=\"lazy\" decoding=\"async\" width=\"716\" height=\"477\" src=\"https:\/\/lapiedrafilosofal.com\/wp-content\/uploads\/2020\/02\/AMBULANCIA-.jpg\" alt=\"\" class=\"wp-image-32129\" srcset=\"https:\/\/oscarhumbertogomez.com\/wp-content\/uploads\/2020\/02\/AMBULANCIA-.jpg 716w, https:\/\/oscarhumbertogomez.com\/wp-content\/uploads\/2020\/02\/AMBULANCIA--300x200.jpg 300w\" sizes=\"auto, (max-width: 716px) 100vw, 716px\" \/><figcaption>Una ambulancia como esta se desplaz\u00f3 hoy pasadas las 2 de la tarde sobre el and\u00e9n de la calle 36 y as\u00ed se pas\u00f3 a la carrera 33<\/figcaption><\/figure>\n\n\n<p>&nbsp;<\/p>\n\n\n<p>Bucaramanga est\u00e1 en manos de la indisciplina social, la pataner\u00eda y la ausencia total del Estado. <\/p>\n\n\n\n<p>Lo sucedido hoy, pasadas las 2 de la tarde, rebas\u00f3 por completo los l\u00edmites de la tolerancia y la paciencia que los oriundos de esta otrora apacible ciudad hemos tenido que exhibir ante la indolencia total que viene mostrando el Estado frente a los grav\u00edsimos problemas que est\u00e1n acabando con Bucaramanga.\n\nProblemas que el Estado perfectamente conoce, porque le han sido puestos en su conocimiento de manera reiterada, pero ante los cuales guarda una sospechosa actitud de indiferencia.<\/p>\n\n\n<p>&nbsp;<\/p>\n\n\n<figure class=\"wp-block-image\"><img loading=\"lazy\" decoding=\"async\" width=\"716\" height=\"477\" src=\"https:\/\/lapiedrafilosofal.com\/wp-content\/uploads\/2020\/02\/AMBULANCIA-.jpg\" alt=\"\" class=\"wp-image-32129\" srcset=\"https:\/\/oscarhumbertogomez.com\/wp-content\/uploads\/2020\/02\/AMBULANCIA-.jpg 716w, https:\/\/oscarhumbertogomez.com\/wp-content\/uploads\/2020\/02\/AMBULANCIA--300x200.jpg 300w\" sizes=\"auto, (max-width: 716px) 100vw, 716px\" \/><figcaption>Una ambulancia como esta se desplaz\u00f3 hoy pasadas las 2 de la tarde sobre el and\u00e9n de la calle 36 y as\u00ed se pas\u00f3 a la carrera 33<\/figcaption><\/figure>\n\n\n<p>&nbsp;<\/p>\n\n\n<p>Existe en la avenida 36 frente al Centro Empresarial Chicamocha una glorieta donde confluyen diversas v\u00edas: la avenida 36, la calle 40, la carrera 32 que va hacia el norte, hacia el costado oriental del Hotel Chicamocha (carrera 32 que ah\u00ed tiene dos sentidos, poniendo en riesgo a los peatones) y la misma carrera 32 que va hacia el sur, hacia el antiguo Mercadefam, actualmente Jumbo. <\/p>\n\n\n\n<p>Hoy, poco despu\u00e9s de las 2 de la tarde, intent\u00e1bamos pasar, con dos personas m\u00e1s, provenientes del restaurante donde acab\u00e1bamos de almorzar, hacia nuestra oficina, desplaz\u00e1ndonos a pie. Es decir, est\u00e1bamos, simplemente, cruzando la avenida 36. \n\nYa ven\u00edamos de antes percibiendo la enorme magnitud del caos existente en ese sitio: PRIMERO) Los motociclistas que suben por la avenida, para eludir el tranc\u00f3n de los veh\u00edculos que, igualmente, suben en el mismo sentido occidente -oriente, se trepan al and\u00e9n, esto es, al and\u00e9n contiguo al Parque Cultural del Oriente y por all\u00ed circulan haciendo zig-zag por entre los asustados peatones, incluidas personas ancianas, que tratan de sacarles el quite y as\u00ed evitar ser atropelladas; SEGUNDO) Los automotores y motocicletas que suben por la calle 40 (proviniendo del sector donde est\u00e1 ubicada la Cl\u00ednica Chicamocha) se lanzan a ganar la glorieta, sin importarles la se\u00f1al de PARE, ni que est\u00e9n atravesando peatones; TERCERO) Los automotores y motocicletas que descienden por la avenida 36 hacia el occidente ignoran ol\u00edmpicamente el PARE trazado en el cruce con la glorieta y pasan de largo sin siquiera disminuir la velocidad; CUARTO) Los automotores y las motocicletas de los clientes del restaurante El Limonal ocupan las \u00e1reas por donde podr\u00edan transitar los peatones; un \u00e1rbol sembrado all\u00ed, unido a motos y personas que all\u00ed mismo se sientan y a otros que son vendedores estacionarios, impiden que los transe\u00fantes caminen por esa \u00e1rea (que les dar\u00eda alguna seguridad), por lo cual les toca bajarse a la calzada y exponerse a ser atropellados; QUINTO) La carrera 32 hacia el norte, es decir, el tramo que va hacia el Hotel Chicamocha, la toman los veh\u00edculos y motos que acaban de abandonar la glorieta o que descienden por la avenida 36 y giran hacia el norte en la esquina, A TODA VELOCIDAD, sin importarles a sus conductores que hay peatones atravesando de un and\u00e9n al otro. SEXTO) En esa misma esquina, los transe\u00fantes tienen que estar atentos, adem\u00e1s, a los automotores y motocicletas que vienen por la misma carrera 32, pero de norte a sur; S\u00c9PTIMO) Por esa carrera 32 suele circular a velocidades extremas uno de esos ruidosos e inciviles motociclistas que les hacen quitar a los tubos de escape de sus motocicletas el silenciador, para as\u00ed ensordecer m\u00e1s con el ruido a los indefensos peatones; este sujeto atraviesa la carrera 32 desde el Hotel Chicamocha hasta la glorieta como si estuviera en una competencia motocicl\u00edstica; OCTAVO) La carrera 32 hacia el sur, es decir, hacia el antiguo Mercadefam, hoy Jumbo, la toman los automotores y motocicletas que acaban de abandonar la glorieta, A TODA VELOCIDAD, sin la m\u00e1s m\u00ednima consideraci\u00f3n con los peatones, que no atinan c\u00f3mo cruzar de un and\u00e9n a otro. NOVENO) Los motociclistas, para evitar ir en busca del retorno m\u00e1s cercano, pasan de una calzada de la avenida a la otra subi\u00e9ndose al separador de la avenida. D\u00c9CIMO) Lo mismo (subirse al separador de la avenida) hacen los motociclistas que van a tomar la carrera 32 hacia el norte. En fin, es el desorden en su peor expresi\u00f3n.<\/p>\n\n\n<p>&nbsp;<\/p>\n\n\n<figure class=\"wp-block-image\"><img loading=\"lazy\" decoding=\"async\" width=\"716\" height=\"477\" src=\"https:\/\/lapiedrafilosofal.com\/wp-content\/uploads\/2020\/02\/AMBULANCIA-.jpg\" alt=\"\" class=\"wp-image-32129\" srcset=\"https:\/\/oscarhumbertogomez.com\/wp-content\/uploads\/2020\/02\/AMBULANCIA-.jpg 716w, https:\/\/oscarhumbertogomez.com\/wp-content\/uploads\/2020\/02\/AMBULANCIA--300x200.jpg 300w\" sizes=\"auto, (max-width: 716px) 100vw, 716px\" \/><figcaption>Una ambulancia como esta se desplaz\u00f3 hoy pasadas las 2 de la tarde sobre el and\u00e9n de la calle 36 y as\u00ed se pas\u00f3 a la carrera 33<\/figcaption><\/figure>\n\n\n<p>&nbsp;<\/p>\n\n\n<p>Pero hoy aquel estado de cosas lleg\u00f3 a su cl\u00edmax: dos ambulancias, compitiendo por llegar primero, aparecieron subiendo por la calle 36 y luego de superar a alta velocidad la glorieta, reingresaron raudas a la calle 36 y empezaron su veloz ascenso en busca de la carrera 33. Pero al conductor de la ambulancia que iba detr\u00e1s \u2014de la cual solo alcanzamos a visualizar las letras &#8220;EMET&#8221; en color verde, estampadas en la parte posterior y superior de la carrocer\u00eda\u2014, para sobrepasar a la ambulancia que estaba adelante, se le hizo f\u00e1cil subirse al and\u00e9n sur y por el and\u00e9n prosigui\u00f3 su veloz marcha hasta que lleg\u00f3 al sem\u00e1foro de la esquina, lo sobrepas\u00f3, ingres\u00f3 a la carrera 33, la sobrepas\u00f3 y sigui\u00f3 raudo por la calle 36 con rumbo desconocido, mientras los indefensos peatones que presenci\u00e1bamos aquella muestra de vulgaridad, de temeridad, de irresponsabilidad y de falta del m\u00e1s m\u00ednimo respeto por la ley y por las personas que se desplazaban a pie, nada pudimos hacer.<\/p>\n\n\n<p>&nbsp;<\/p>\n\n\n<figure class=\"wp-block-image\"><img loading=\"lazy\" decoding=\"async\" width=\"716\" height=\"477\" src=\"https:\/\/lapiedrafilosofal.com\/wp-content\/uploads\/2020\/02\/AMBULANCIA-.jpg\" alt=\"\" class=\"wp-image-32129\" srcset=\"https:\/\/oscarhumbertogomez.com\/wp-content\/uploads\/2020\/02\/AMBULANCIA-.jpg 716w, https:\/\/oscarhumbertogomez.com\/wp-content\/uploads\/2020\/02\/AMBULANCIA--300x200.jpg 300w\" sizes=\"auto, (max-width: 716px) 100vw, 716px\" \/><figcaption>Una ambulancia como esta se desplaz\u00f3 hoy pasadas las 2 de la tarde sobre el and\u00e9n de la calle 36 y as\u00ed se pas\u00f3 a la carrera 33<\/figcaption><\/figure>\n\n\n<p>&nbsp;<\/p>\n\n\n<p>Hoy he entendido por qu\u00e9 hay en este pa\u00eds tanta indignaci\u00f3n y tanta violencia frente al caos que se ense\u00f1orea de nuestras calles. <\/p>\n\n\n<p>&nbsp;<\/p>\n\n\n<figure class=\"wp-block-image\"><img loading=\"lazy\" decoding=\"async\" width=\"716\" height=\"477\" src=\"https:\/\/lapiedrafilosofal.com\/wp-content\/uploads\/2020\/02\/AMBULANCIA-.jpg\" alt=\"\" class=\"wp-image-32129\" srcset=\"https:\/\/oscarhumbertogomez.com\/wp-content\/uploads\/2020\/02\/AMBULANCIA-.jpg 716w, https:\/\/oscarhumbertogomez.com\/wp-content\/uploads\/2020\/02\/AMBULANCIA--300x200.jpg 300w\" sizes=\"auto, (max-width: 716px) 100vw, 716px\" \/><figcaption>Una ambulancia como esta se desplaz\u00f3 hoy pasadas las 2 de la tarde sobre el and\u00e9n de la calle 36 y as\u00ed se pas\u00f3 a la carrera 33<\/figcaption><\/figure>\n\n\n<p>&nbsp;<\/p>\n\n\n<p>Ya es hora de que la ciudadan\u00eda comience a ejercer sus derechos ciudadanos y pasemos de la denuncia en los medios \u2014que, por lo visto, no ha servido para nada\u2014 a la utilizaci\u00f3n de las herramientas de lucha que nos dan la democracia y la ley.<\/p>\n\n\n<p>&nbsp;<\/p>\n\n\n<figure class=\"wp-block-image\"><img loading=\"lazy\" decoding=\"async\" width=\"716\" height=\"477\" src=\"https:\/\/lapiedrafilosofal.com\/wp-content\/uploads\/2020\/02\/AMBULANCIA-.jpg\" alt=\"\" class=\"wp-image-32129\" srcset=\"https:\/\/oscarhumbertogomez.com\/wp-content\/uploads\/2020\/02\/AMBULANCIA-.jpg 716w, https:\/\/oscarhumbertogomez.com\/wp-content\/uploads\/2020\/02\/AMBULANCIA--300x200.jpg 300w\" sizes=\"auto, (max-width: 716px) 100vw, 716px\" \/><figcaption>Una ambulancia como esta se desplaz\u00f3 hoy pasadas las 2 de la tarde sobre el and\u00e9n de la calle 36 y as\u00ed se pas\u00f3 a la carrera 33<\/figcaption><\/figure>\n\n\n<p>&nbsp;<\/p>\n\n\n<p>Se\u00f1or alcalde: Usted es el jefe de la polic\u00eda en Bucaramanga, de conformidad con la Constituci\u00f3n de Colombia. Usted, se\u00f1or alcalde, es el responsable del orden p\u00fablico en Bucaramanga. Como bumangu\u00e9s de nacimiento, como persona que ha vivido toda su vida en esta ciudad, como contribuyente del erario, le exijo que imponga el principio de autoridad, principio sin el cual ninguna sociedad es viable. \n\nBucaramanga, se\u00f1or alcalde, est\u00e1 hecha un caos, por no decir la palabra vulgar que usted ya se imaginar\u00e1. \n\nSi en el lugar que le he descrito sucede una tragedia, usted ser\u00e1 el responsable pol\u00edticamente y tendr\u00e1 que estudiarse, incluso, su posible responsabilidad penal. \n\nSe lo estoy advirtiendo, se\u00f1or alcalde: en la glorieta frente al Centro Empresarial Chicamocha, o en los andenes contiguos, o en las calzadas contiguas, VA A SUCEDER UNA TRAGEDIA. <\/p>\n\n\n<p>&nbsp;<\/p>\n\n\n<figure class=\"wp-block-image\"><img loading=\"lazy\" decoding=\"async\" width=\"716\" height=\"477\" src=\"https:\/\/lapiedrafilosofal.com\/wp-content\/uploads\/2020\/02\/AMBULANCIA-.jpg\" alt=\"\" class=\"wp-image-32129\" srcset=\"https:\/\/oscarhumbertogomez.com\/wp-content\/uploads\/2020\/02\/AMBULANCIA-.jpg 716w, https:\/\/oscarhumbertogomez.com\/wp-content\/uploads\/2020\/02\/AMBULANCIA--300x200.jpg 300w\" sizes=\"auto, (max-width: 716px) 100vw, 716px\" \/><figcaption>Una ambulancia como esta se desplaz\u00f3 hoy pasadas las 2 de la tarde sobre el and\u00e9n de la calle 36 y as\u00ed se pas\u00f3 a la carrera 33<\/figcaption><\/figure>\n\n\n<p>&nbsp;<\/p>\n<p>Hago un llamado p\u00fablico tambi\u00e9n a usted, se\u00f1or director de la Direcci\u00f3n de Tr\u00e1nsito y Transportes de Bucaramanga, y a usted, se\u00f1or Comandante de la Polic\u00eda Nacional en Bucaramanga. Es un llamado URGENTE para que dispongan la presencia de agentes de tr\u00e1nsito y agentes de la polic\u00eda en ese lugar.<\/p>\n<p>Adem\u00e1s, hay que instalar c\u00e1maras. <\/p>\n<p>Pero que ojal\u00e1 las c\u00e1maras sirvan para algo, que verdaderamente funcionen y que de verdad con base en ellas no solo se arreste a los infractores de la ley penal, sino que tambi\u00e9n se sancione dr\u00e1sticamente a los infractores de la ley de tr\u00e1nsito.<\/p>\n<p>\u00a1Ya no m\u00e1s permisividad en Bucaramanga!<\/p>\n<p>Quienes estamos pagando impuestos tenemos derecho a exigirle al Estado que nos proteja con todo el inmenso poder\u00edo con que lo ha dotado nuestra organizaci\u00f3n pol\u00edtica, jur\u00eddica y social.<\/p>\n<p>&nbsp;<\/p>","protected":false},"excerpt":{"rendered":"<p>&nbsp; Bucaramanga est\u00e1 en manos de la indisciplina social, la pataner\u00eda y la ausencia total del Estado. Lo sucedido hoy, pasadas las 2 de la tarde, rebas\u00f3 por completo los l\u00edmites de la tolerancia y la paciencia que los oriundos &hellip; <a href=\"https:\/\/oscarhumbertogomez.com\/?p=32128\">Sigue leyendo <span class=\"meta-nav\">&rarr;<\/span><\/a><\/p>\n<div class='heateorSssClear'><\/div><div  class='heateor_sss_sharing_container heateor_sss_horizontal_sharing' heateor-sss-data-href='https:\/\/oscarhumbertogomez.com\/?p=32128'><div class='heateor_sss_sharing_title' style=\"font-weight:bold\" >\u00a1Gracias por compartirla!<\/div><ul class=\"heateor_sss_sharing_ul\"><li class=\"heateorSssSharingRound\"><i style=\"width:35px;height:35px;border-radius:999px;\" alt=\"Facebook\" Title=\"Facebook\" class=\"heateorSssSharing heateorSssFacebookBackground\" onclick='heateorSssPopup(\"https:\/\/www.facebook.com\/sharer\/sharer.php?u=https%3A%2F%2Foscarhumbertogomez.com%2Findex.php%3Frest_route%3D%252Fwp%252Fv2%252Fposts%252F32128\")'><ss style=\"display:block;border-radius:999px;\" class=\"heateorSssSharingSvg heateorSssFacebookSvg\"><\/ss><\/i><\/li><li class=\"heateorSssSharingRound\"><i style=\"width:35px;height:35px;border-radius:999px;\" alt=\"Twitter\" Title=\"Twitter\" class=\"heateorSssSharing heateorSssTwitterBackground\" onclick='heateorSssPopup(\"http:\/\/twitter.com\/intent\/tweet?text=%C2%A1ATENCI%C3%93N%21%20%C2%A1TODOS%20ESTAMOS%20EN%20PELIGRO%20POR%20LA%20AUSENCIA%20DEL%20ESTADO%20EN%20BUCARAMANGA%21%20UNA%20AMBULANCIA%20EN%20COMPETENCIA%20CON%20OTRA%20SE%20SUBI%C3%93%20AL%20AND%C3%89N%20Y%20CONTINU%C3%93%20SU%20MARCHA%20POR%20EL%20AND%C3%89N%20A%20ALTA%20VELOCIDAD.%20Por%20%C3%93scar%20Humberto%20G%C3%B3mez%20G%C3%B3mez&url=https%3A%2F%2Foscarhumbertogomez.com%2Findex.php%3Frest_route%3D%252Fwp%252Fv2%252Fposts%252F32128\")'><ss style=\"display:block;border-radius:999px;\" class=\"heateorSssSharingSvg heateorSssTwitterSvg\"><\/ss><\/i><\/li><li class=\"heateorSssSharingRound\"><i style=\"width:35px;height:35px;border-radius:999px;\" alt=\"Whatsapp\" Title=\"Whatsapp\" class=\"heateorSssSharing heateorSssWhatsappBackground\" onclick='heateorSssPopup(\"https:\/\/web.whatsapp.com\/send?text=%C2%A1ATENCI%C3%93N%21%20%C2%A1TODOS%20ESTAMOS%20EN%20PELIGRO%20POR%20LA%20AUSENCIA%20DEL%20ESTADO%20EN%20BUCARAMANGA%21%20UNA%20AMBULANCIA%20EN%20COMPETENCIA%20CON%20OTRA%20SE%20SUBI%C3%93%20AL%20AND%C3%89N%20Y%20CONTINU%C3%93%20SU%20MARCHA%20POR%20EL%20AND%C3%89N%20A%20ALTA%20VELOCIDAD.%20Por%20%C3%93scar%20Humberto%20G%C3%B3mez%20G%C3%B3mez https%3A%2F%2Foscarhumbertogomez.com%2Findex.php%3Frest_route%3D%252Fwp%252Fv2%252Fposts%252F32128\")'><ss style=\"display:block\" class=\"heateorSssSharingSvg heateorSssWhatsappSvg\"><\/ss><\/i><\/li><li class=\"heateorSssSharingRound\"><i style=\"width:35px;height:35px;border-radius:999px;\" alt=\"Pinterest\" Title=\"Pinterest\" class=\"heateorSssSharing heateorSssPinterestBackground\" onclick=\"javascript:void( (function() {var e=document.createElement('script' );e.setAttribute('type','text\/javascript' );e.setAttribute('charset','UTF-8' );e.setAttribute('src','\/\/assets.pinterest.com\/js\/pinmarklet.js?r='+Math.random()*99999999);document.body.appendChild(e)})());\"><ss style=\"display:block;border-radius:999px;\" class=\"heateorSssSharingSvg heateorSssPinterestSvg\"><\/ss><\/i><\/li><li class=\"heateorSssSharingRound\"><i style=\"width:35px;height:35px;border-radius:999px;\" alt=\"Google Gmail\" Title=\"Google Gmail\" class=\"heateorSssSharing heateorSssGoogleGmailBackground\" onclick='heateorSssPopup(\"https:\/\/mail.google.com\/mail\/?ui=2&view=cm&fs=1&tf=1&su=%C2%A1ATENCI%C3%93N%21%20%C2%A1TODOS%20ESTAMOS%20EN%20PELIGRO%20POR%20LA%20AUSENCIA%20DEL%20ESTADO%20EN%20BUCARAMANGA%21%20UNA%20AMBULANCIA%20EN%20COMPETENCIA%20CON%20OTRA%20SE%20SUBI%C3%93%20AL%20AND%C3%89N%20Y%20CONTINU%C3%93%20SU%20MARCHA%20POR%20EL%20AND%C3%89N%20A%20ALTA%20VELOCIDAD.%20Por%20%C3%93scar%20Humberto%20G%C3%B3mez%20G%C3%B3mez&body=Link:https%3A%2F%2Foscarhumbertogomez.com%2Findex.php%3Frest_route%3D%252Fwp%252Fv2%252Fposts%252F32128\")'><ss style=\"display:block;border-radius:999px;\" class=\"heateorSssSharingSvg heateorSssGoogleGmailSvg\"><\/ss><\/i><\/li><li class=\"heateorSssSharingRound\"><i style=\"width:35px;height:35px;border-radius:999px;\" title=\"More\" alt=\"More\" class=\"heateorSssSharing heateorSssMoreBackground\" onclick=\"heateorSssMoreSharingPopup(this, 'https:\/\/oscarhumbertogomez.com\/index.php?rest_route=%2Fwp%2Fv2%2Fposts%2F32128', '%C2%A1ATENCI%C3%93N%21%20%C2%A1TODOS%20ESTAMOS%20EN%20PELIGRO%20POR%20LA%20AUSENCIA%20DEL%20ESTADO%20EN%20BUCARAMANGA%21%20UNA%20AMBULANCIA%20EN%20COMPETENCIA%20CON%20OTRA%20SE%20SUBI%C3%93%20AL%20AND%C3%89N%20Y%20CONTINU%C3%93%20SU%20MARCHA%20POR%20EL%20AND%C3%89N%20A%20ALTA%20VELOCIDAD.%20Por%20%C3%93scar%20Humberto%20G%C3%B3mez%20G%C3%B3mez', '' )\" ><ss style=\"display:block\" class=\"heateorSssSharingSvg heateorSssMoreSvg\"><\/ss><\/i><\/li><\/ul><div class=\"heateorSssClear\"><\/div><\/div><div class='heateorSssClear'><\/div>","protected":false},"author":2,"featured_media":0,"comment_status":"open","ping_status":"open","sticky":false,"template":"","format":"standard","meta":{"spay_email":"","footnotes":""},"categories":[1],"tags":[],"class_list":["post-32128","post","type-post","status-publish","format-standard","hentry","category-blog"],"jetpack_featured_media_url":"","jetpack_shortlink":"https:\/\/wp.me\/p1FYrr-8mc","_links":{"self":[{"href":"https:\/\/oscarhumbertogomez.com\/index.php?rest_route=\/wp\/v2\/posts\/32128","targetHints":{"allow":["GET"]}}],"collection":[{"href":"https:\/\/oscarhumbertogomez.com\/index.php?rest_route=\/wp\/v2\/posts"}],"about":[{"href":"https:\/\/oscarhumbertogomez.com\/index.php?rest_route=\/wp\/v2\/types\/post"}],"author":[{"embeddable":true,"href":"https:\/\/oscarhumbertogomez.com\/index.php?rest_route=\/wp\/v2\/users\/2"}],"replies":[{"embeddable":true,"href":"https:\/\/oscarhumbertogomez.com\/index.php?rest_route=%2Fwp%2Fv2%2Fcomments&post=32128"}],"version-history":[{"count":4,"href":"https:\/\/oscarhumbertogomez.com\/index.php?rest_route=\/wp\/v2\/posts\/32128\/revisions"}],"predecessor-version":[{"id":50662,"href":"https:\/\/oscarhumbertogomez.com\/index.php?rest_route=\/wp\/v2\/posts\/32128\/revisions\/50662"}],"wp:attachment":[{"href":"https:\/\/oscarhumbertogomez.com\/index.php?rest_route=%2Fwp%2Fv2%2Fmedia&parent=32128"}],"wp:term":[{"taxonomy":"category","embeddable":true,"href":"https:\/\/oscarhumbertogomez.com\/index.php?rest_route=%2Fwp%2Fv2%2Fcategories&post=32128"},{"taxonomy":"post_tag","embeddable":true,"href":"https:\/\/oscarhumbertogomez.com\/index.php?rest_route=%2Fwp%2Fv2%2Ftags&post=32128"}],"curies":[{"name":"wp","href":"https:\/\/api.w.org\/{rel}","templated":true}]}}