{"id":32237,"date":"2020-02-15T15:30:30","date_gmt":"2020-02-15T20:30:30","guid":{"rendered":"http:\/\/www.oscarhumbertogomez.com\/?p=32237"},"modified":"2025-02-23T11:05:35","modified_gmt":"2025-02-23T16:05:35","slug":"catalino-parra-por-oscar-humberto-gomez-gomez","status":"publish","type":"post","link":"https:\/\/oscarhumbertogomez.com\/?p=32237","title":{"rendered":"CATALINO PARRA. Por \u00d3scar Humberto G\u00f3mez G\u00f3mez"},"content":{"rendered":"<p><img loading=\"lazy\" decoding=\"async\" class=\"aligncenter size-full wp-image-32238\" src=\"https:\/\/lapiedrafilosofal.com\/wp-content\/uploads\/2020\/02\/CATALINO-PARRA.jpg\" alt=\"\" width=\"427\" height=\"640\" srcset=\"https:\/\/oscarhumbertogomez.com\/wp-content\/uploads\/2020\/02\/CATALINO-PARRA.jpg 427w, https:\/\/oscarhumbertogomez.com\/wp-content\/uploads\/2020\/02\/CATALINO-PARRA-200x300.jpg 200w\" sizes=\"auto, (max-width: 427px) 100vw, 427px\" \/><\/p>\n<p>&nbsp;<\/p>\n<p>Yo, que quiz\u00e1s porque fui corrector de pruebas en el hoy desaparecido, pero inmortal <em>Diario del Oriente<\/em>, tengo la  man\u00eda de estar corrigiendo los errores, en un mundo donde muchos se jactan del error, me la pas\u00e9 aclarando que no es &#8220;Catalina&#8221;, sino &#8220;Catalino&#8221;, y que por consiguiente no fue una mujer, sino un hombre, quien compuso <em>Manuelito Barrios<\/em>.<\/p>\n<p>Al final, no logr\u00e9 que aquel garrafal error lo corrigiera nadie.<\/p>\n<p>S\u00ed, nadie, como, pongamos por caso, la hoy tambi\u00e9n desaparecida, pero inmortal casa disquera Sonolux, &#8220;La marca de las estrellas&#8221;, aquella gran empresa colombiana a cuyas instalaciones de Bogot\u00e1, invitados por sus ejecutivos, ingresamos un d\u00eda cualquiera del a\u00f1o 2004 mi esposa y &#8220;manager&#8221; Nylse Blackburn, mi contador y asesor tributario, y mi entonces concu\u00f1ada y conductora oficial del BAI 215 en las g\u00e9lidas calles capitalinas durante aquella rauda correr\u00eda por entre las disqueras m\u00e1s reputadas, Mar\u00eda Elvira Otero, hoy residente en Boston, Estados Unidos, y donde todos fuimos tan amablemente atendidos. Entre par\u00e9ntesis, la visita fue porque quer\u00edan que yo, el asombrado abogado que se ve\u00eda metido de repente en un mundo que no era el suyo, entrara por la puerta grande a su elenco de estrellas; s\u00ed, yo, que lo \u00fanico que he tenido de &#8220;estrella&#8221; en la vida ha sido talvez la radiante luz de mi inmenso amor por la m\u00fasica folcl\u00f3rica de la tierra donde tuve el inmenso honor de venir al mundo.<\/p>\n<p>No los convenc\u00ed, digo, porque ah\u00ed tengo en mi discoteca el disco compacto de color verde de Los Black Stars, por cierto mi orquesta preferida en la lejana juventud de los a\u00f1os 70, y en \u00e9l se lee que &#8220;Manuelito Barrios&#8221; fue compuesto dizque por &#8220;Catalina&#8221; Parra.<\/p>\n<p>Pero no solo fue &#8220;Manuelito Barrios&#8221; la \u00fanica canci\u00f3n del maestro Catalino Parra que bail\u00e9, con la alegr\u00eda desbordante de aquellos tiempos, durante las iluminadas noches de viernes o en las tibias tardes de s\u00e1bado, cuando no necesit\u00e1bamos sino de agua del tubo y de unas melcochas para ser felices (las &#8220;melcochas bailables&#8221;). Tambi\u00e9n se me habr\u00eda de quedar en la memoria su festiva canci\u00f3n &#8220;Josefa Mat\u00eda&#8221;, que otros titularon &#8220;Josefa Mat\u00edas&#8221; \u2014o al rev\u00e9s\u2014, pieza de poes\u00eda musicalizada que retrata de cuerpo entero el talento del m\u00fasico gaitero colombiano que nos acaba de dejar f\u00edsicamente.<\/p>\n<p>F\u00edsicamente s\u00ed, porque lo que antes yo percib\u00eda como una mera frase de comod\u00edn, apenas propia de los discursos que se dan con frecuencia en los velorios, hoy es un axioma que se ha apoderado de mi mente de manera irreductible: los artistas jam\u00e1s mueren, los artistas son inmortales.<\/p>\n<p>Naci\u00f3 Catalino en el hermano departamento de C\u00f3rdoba, el sufrido departamento hermano con el que quiso honrarse el recuerdo del valeroso oficial colombiano de la Independencia ascendido en pleno campo de batalla en Ayacucho, Ecuador, cuando el Mariscal Sucre, presa de la emoci\u00f3n, se arranc\u00f3 sus charreteras y se las puso en los hombros. Departamento que, por tal raz\u00f3n, deber\u00eda escribirse con &#8220;v&#8221; chiquita, no con &#8220;b&#8221; larga, pues el apellido del malogrado h\u00e9roe antioque\u00f1o se escrib\u00eda con &#8220;v&#8221;, conforme lo demostr\u00f3 el historiador y escritor colombiano \u00c1lvaro Valencia Tovar, el mismo de quien infortunadamente la mayor\u00eda de los colombianos creen que lo \u00fanico que supo hacer en la vida fue comandar tropas, cuando, por el contrario, m\u00e1s all\u00e1 de sus m\u00e9ritos militares, para m\u00ed brill\u00f3 incluso m\u00e1s con la pluma que con las armas.<\/p>\n<p>Al lado de Antonio &#8220;To\u00f1o&#8221; Fern\u00e1ndez, el mismo al que menciona el educador y compositor colombiano Adolfo Pacheco en su bello paseo &#8220;La hamaca grande&#8221;, el juglar que tendi\u00f3 la kilom\u00e9trica hamaca de ensue\u00f1o en el cerro de Maco \u2014no de Mato, como yo dec\u00eda por razones de rima\u2014, para que en ella se meciera el pueblo vallenato, Catalino Parra fund\u00f3 Los Gaiteros de San Jacinto, agrupaci\u00f3n de decanos de la m\u00fasica sabanera que en a\u00f1os y a\u00f1os de presencia esc\u00e9nica y discogr\u00e1fica escribi\u00f3 su propia historia, y que, para m\u00e1s se\u00f1as, hace poco estuvo present\u00e1ndose por estas bre\u00f1as bumanguesas.<\/p>\n<p>Todo ya se ha dicho sobre Catalino Parra y por ello es nada lo que puedo agregar desde este peque\u00f1o rinc\u00f3n de la Internet.<\/p>\n<p>\u00a1Inmenso, maestro! \u00a1Un mill\u00f3n de gracias! Y que nuestro Supremo Hacedor lo reciba, junto a su vieja tambora y su contagiosa alegr\u00eda. en el seno de su santa gloria!<\/p>\n<p><em>Ruitoque, Mesa de las Tempestades, \u00c1rea Metropolitana de Bucaramanga, s\u00e1bado 15 de febrero de 2020.<\/em><\/p>\n<p>&nbsp;<\/p>\n<p><iframe loading=\"lazy\" src=\"https:\/\/www.youtube-nocookie.com\/embed\/4KxSO9hJFOM\" width=\"560\" height=\"315\" frameborder=\"0\" allowfullscreen=\"allowfullscreen\"><\/iframe><\/p>\n<p>&nbsp;<\/p>\n","protected":false},"excerpt":{"rendered":"<p>&nbsp; Yo, que quiz\u00e1s porque fui corrector de pruebas en el hoy desaparecido, pero inmortal Diario del Oriente, tengo la man\u00eda de estar corrigiendo los errores, en un mundo donde muchos se jactan del error, me la pas\u00e9 aclarando que &hellip; <a href=\"https:\/\/oscarhumbertogomez.com\/?p=32237\">Sigue leyendo <span class=\"meta-nav\">&rarr;<\/span><\/a><\/p>\n<div class='heateorSssClear'><\/div><div  class='heateor_sss_sharing_container heateor_sss_horizontal_sharing' heateor-sss-data-href='https:\/\/oscarhumbertogomez.com\/?p=32237'><div class='heateor_sss_sharing_title' style=\"font-weight:bold\" >\u00a1Gracias por compartirla!<\/div><ul class=\"heateor_sss_sharing_ul\"><li class=\"heateorSssSharingRound\"><i style=\"width:35px;height:35px;border-radius:999px;\" alt=\"Facebook\" Title=\"Facebook\" class=\"heateorSssSharing heateorSssFacebookBackground\" onclick='heateorSssPopup(\"https:\/\/www.facebook.com\/sharer\/sharer.php?u=https%3A%2F%2Foscarhumbertogomez.com%2Findex.php%3Frest_route%3D%252Fwp%252Fv2%252Fposts%252F32237\")'><ss style=\"display:block;border-radius:999px;\" class=\"heateorSssSharingSvg heateorSssFacebookSvg\"><\/ss><\/i><\/li><li class=\"heateorSssSharingRound\"><i style=\"width:35px;height:35px;border-radius:999px;\" alt=\"Twitter\" Title=\"Twitter\" class=\"heateorSssSharing heateorSssTwitterBackground\" onclick='heateorSssPopup(\"http:\/\/twitter.com\/intent\/tweet?text=CATALINO%20PARRA.%20Por%20%C3%93scar%20Humberto%20G%C3%B3mez%20G%C3%B3mez&url=https%3A%2F%2Foscarhumbertogomez.com%2Findex.php%3Frest_route%3D%252Fwp%252Fv2%252Fposts%252F32237\")'><ss style=\"display:block;border-radius:999px;\" class=\"heateorSssSharingSvg heateorSssTwitterSvg\"><\/ss><\/i><\/li><li class=\"heateorSssSharingRound\"><i style=\"width:35px;height:35px;border-radius:999px;\" alt=\"Whatsapp\" Title=\"Whatsapp\" class=\"heateorSssSharing heateorSssWhatsappBackground\" onclick='heateorSssPopup(\"https:\/\/web.whatsapp.com\/send?text=CATALINO%20PARRA.%20Por%20%C3%93scar%20Humberto%20G%C3%B3mez%20G%C3%B3mez https%3A%2F%2Foscarhumbertogomez.com%2Findex.php%3Frest_route%3D%252Fwp%252Fv2%252Fposts%252F32237\")'><ss style=\"display:block\" class=\"heateorSssSharingSvg heateorSssWhatsappSvg\"><\/ss><\/i><\/li><li class=\"heateorSssSharingRound\"><i style=\"width:35px;height:35px;border-radius:999px;\" alt=\"Pinterest\" Title=\"Pinterest\" class=\"heateorSssSharing heateorSssPinterestBackground\" onclick=\"javascript:void( (function() {var e=document.createElement('script' );e.setAttribute('type','text\/javascript' );e.setAttribute('charset','UTF-8' );e.setAttribute('src','\/\/assets.pinterest.com\/js\/pinmarklet.js?r='+Math.random()*99999999);document.body.appendChild(e)})());\"><ss style=\"display:block;border-radius:999px;\" class=\"heateorSssSharingSvg heateorSssPinterestSvg\"><\/ss><\/i><\/li><li class=\"heateorSssSharingRound\"><i style=\"width:35px;height:35px;border-radius:999px;\" alt=\"Google Gmail\" Title=\"Google Gmail\" class=\"heateorSssSharing heateorSssGoogleGmailBackground\" onclick='heateorSssPopup(\"https:\/\/mail.google.com\/mail\/?ui=2&view=cm&fs=1&tf=1&su=CATALINO%20PARRA.%20Por%20%C3%93scar%20Humberto%20G%C3%B3mez%20G%C3%B3mez&body=Link:https%3A%2F%2Foscarhumbertogomez.com%2Findex.php%3Frest_route%3D%252Fwp%252Fv2%252Fposts%252F32237\")'><ss style=\"display:block;border-radius:999px;\" class=\"heateorSssSharingSvg heateorSssGoogleGmailSvg\"><\/ss><\/i><\/li><li class=\"heateorSssSharingRound\"><i style=\"width:35px;height:35px;border-radius:999px;\" title=\"More\" alt=\"More\" class=\"heateorSssSharing heateorSssMoreBackground\" onclick=\"heateorSssMoreSharingPopup(this, 'https:\/\/oscarhumbertogomez.com\/index.php?rest_route=%2Fwp%2Fv2%2Fposts%2F32237', 'CATALINO%20PARRA.%20Por%20%C3%93scar%20Humberto%20G%C3%B3mez%20G%C3%B3mez', '' )\" ><ss style=\"display:block\" class=\"heateorSssSharingSvg heateorSssMoreSvg\"><\/ss><\/i><\/li><\/ul><div class=\"heateorSssClear\"><\/div><\/div><div class='heateorSssClear'><\/div>","protected":false},"author":2,"featured_media":0,"comment_status":"open","ping_status":"open","sticky":false,"template":"","format":"standard","meta":{"spay_email":"","footnotes":""},"categories":[8],"tags":[],"class_list":["post-32237","post","type-post","status-publish","format-standard","hentry","category-musica"],"jetpack_featured_media_url":"","jetpack_shortlink":"https:\/\/wp.me\/p1FYrr-8nX","_links":{"self":[{"href":"https:\/\/oscarhumbertogomez.com\/index.php?rest_route=\/wp\/v2\/posts\/32237","targetHints":{"allow":["GET"]}}],"collection":[{"href":"https:\/\/oscarhumbertogomez.com\/index.php?rest_route=\/wp\/v2\/posts"}],"about":[{"href":"https:\/\/oscarhumbertogomez.com\/index.php?rest_route=\/wp\/v2\/types\/post"}],"author":[{"embeddable":true,"href":"https:\/\/oscarhumbertogomez.com\/index.php?rest_route=\/wp\/v2\/users\/2"}],"replies":[{"embeddable":true,"href":"https:\/\/oscarhumbertogomez.com\/index.php?rest_route=%2Fwp%2Fv2%2Fcomments&post=32237"}],"version-history":[{"count":5,"href":"https:\/\/oscarhumbertogomez.com\/index.php?rest_route=\/wp\/v2\/posts\/32237\/revisions"}],"predecessor-version":[{"id":51175,"href":"https:\/\/oscarhumbertogomez.com\/index.php?rest_route=\/wp\/v2\/posts\/32237\/revisions\/51175"}],"wp:attachment":[{"href":"https:\/\/oscarhumbertogomez.com\/index.php?rest_route=%2Fwp%2Fv2%2Fmedia&parent=32237"}],"wp:term":[{"taxonomy":"category","embeddable":true,"href":"https:\/\/oscarhumbertogomez.com\/index.php?rest_route=%2Fwp%2Fv2%2Fcategories&post=32237"},{"taxonomy":"post_tag","embeddable":true,"href":"https:\/\/oscarhumbertogomez.com\/index.php?rest_route=%2Fwp%2Fv2%2Ftags&post=32237"}],"curies":[{"name":"wp","href":"https:\/\/api.w.org\/{rel}","templated":true}]}}