{"id":3228,"date":"2012-03-13T22:33:46","date_gmt":"2012-03-14T03:33:46","guid":{"rendered":"http:\/\/www.oscarhumbertogomez.com\/?p=3228"},"modified":"2025-04-01T15:51:01","modified_gmt":"2025-04-01T20:51:01","slug":"que-pasa-con-el-album-musical-de-colombia-y-con-victor-suarez-en-la-emisora-cultural-luis-carlos-galan-sarmiento","status":"publish","type":"post","link":"https:\/\/oscarhumbertogomez.com\/?p=3228","title":{"rendered":"\u00bfQu\u00e9 pasa con el \u00c1lbum Musical de Colombia y con V\u00edctor Su\u00e1rez en la Emisora Cultural Luis Carlos Gal\u00e1n Sarmiento? Por \u00d3scar Humberto G\u00f3mez G\u00f3mez"},"content":{"rendered":"<div id=\"attachment_3268\" style=\"width: 650px\" class=\"wp-caption aligncenter\"><img loading=\"lazy\" decoding=\"async\" aria-describedby=\"caption-attachment-3268\" class=\"size-large wp-image-3268\" title=\"V\u00cdCTOR SU\u00c1REZ\" src=\"https:\/\/lapiedrafilosofal.com\/wp-content\/uploads\/2012\/03\/V\u00cdCTOR-SU\u00c1REZ-1024x768.jpg\" alt=\"\" width=\"640\" height=\"480\" srcset=\"https:\/\/oscarhumbertogomez.com\/wp-content\/uploads\/2012\/03\/V\u00cdCTOR-SU\u00c1REZ-1024x768.jpg 1024w, https:\/\/oscarhumbertogomez.com\/wp-content\/uploads\/2012\/03\/V\u00cdCTOR-SU\u00c1REZ-300x225.jpg 300w\" sizes=\"auto, (max-width: 640px) 100vw, 640px\" \/><p id=\"caption-attachment-3268\" class=\"wp-caption-text\">V\u00cdCTOR SU\u00c1REZ (de chaqueta) JUNTO A DON BENJAM\u00cdN RUEDA HORT\u00daA, DESTACADO DIVULGADOR DE LA M\u00daSICA LLANERA<\/p><\/div>\n<p>&nbsp;<\/p>\n<p><span style=\"color: #ff0000;\"><strong>NOTA DEL PORTAL: <\/strong><\/span><\/p>\n<p>&nbsp;<\/p>\n<p>V\u00edctor Su\u00e1rez Casta\u00f1eda, hombre de radio oriundo de Barbosa (Santander) y ampliamente conocido entre quienes cultivamos o apreciamos la m\u00fasica folcl\u00f3rica andina, por en\u00e9sima vez es puesto en condiciones indecorosas y forzado, por elementales razones de dignidad, a retirarse del \u00c1lbum Musical de Colombia, programa institucional de la Emisora Cultural Luis Carlos Gal\u00e1n Sarmiento que \u00e9l mismo ide\u00f3, cre\u00f3 y ha dirigido desde entonces, de eso hace dieciocho a\u00f1os.<\/p>\n<p>Ya en varias oportunidades hemos tenido que intervenir para evitar que V\u00edctor sea literalmente silenciado y que otro llegue a apropiarse de su labor ininterrumpida de 18 a\u00f1os al frente del programa, siendo desgraciadamente com\u00fan en Santander aquello de &#8220;ganar padrenuestros con avemar\u00edas ajenas&#8221;.<\/p>\n<p>Todav\u00eda conservamos el correo que desde su BlackBerry nos envi\u00f3 el entonces alcalde Fernando Vargas Mendoza para respondernos nuestra respetuosa solicitud de que interviniera a fin de que V\u00edctor no fuera sacado, sin la m\u00e1s m\u00ednima consideraci\u00f3n ni el m\u00e1s m\u00ednimo respeto, como se pretend\u00eda hacer, de una emisora que hace mucho tiempo est\u00e1 asociada, qui\u00e9ranlo aceptar o no sus detractores gratuitos, a su nombre.<\/p>\n<p>En aquella ocasi\u00f3n, por fortuna, se pudo solucionar la crisis y V\u00edctor retorn\u00f3 a los micr\u00f3fonos de la 100.7 FM.<\/p>\n<p>Pero ahora, otra vez, V\u00edctor Su\u00e1rez est\u00e1 &#8220;en la cuerda floja&#8221;.<\/p>\n<p>En t\u00e9rminos sencillos (y esa ha sido siempre la causa del reiterativo problema), lo que se pretende es que V\u00edctor trabaje gratis.<\/p>\n<p>Y hasta lo podr\u00eda hacer. Lo podr\u00eda hacer, claro est\u00e1, si en el supermercado no le cobraran, ni le cobraran en las empresas de servicios p\u00fablicos, y la gasolina se la regalaran en las bombas, todo por amor al folclor. &nbsp;Un folclor que \u00e9l defiende con una terquedad tan parecida a la de Don Quijote que, la verdad sea dicha, excepto por la ausencia de barba, bigote y armadura, cada vez lo est\u00e1 asemejando m\u00e1s al inmortal personaje cervantino.<\/p>\n<p>Y es que hoy en d\u00eda defender el bambuco, el pasillo y la guabina s\u00f3lo se les ocurre a Alonsos Quijanos como V\u00edctor, cuyos momentos de amargura hemos visto de cerca cada vez que, de nuevo, lo ponen entre la espada y la pared.<\/p>\n<p>Creemos, sin embargo, que el drama de V\u00edctor Su\u00e1rez tiene que acabarse. &nbsp;Y acabarse de una vez por todas. La Alcald\u00eda Municipal de Bucaramanga, en efecto, no puede permitir que uno de los pocos tozudos que todav\u00eda insisten en la preservaci\u00f3n de nuestros aires aut\u00f3ctonos tenga que andar, como \u00e9l mismo lo dice, &#8220;pasando aceite&#8221;.<\/p>\n<p>Ya es hora de que a quienes defienden el folclor de nuestras monta\u00f1as se les trate con respeto. Es lo m\u00ednimo.<\/p>\n<p>No m\u00e1s totuma y rodilla en tierra cada vez que hay cambio de alcalde. &nbsp;Nadie que luche por la m\u00fasica andina de Santander y de Colombia debe ser tratado como pordiosero.<\/p>\n<p>&nbsp;<\/p>\n<div id=\"attachment_3271\" style=\"width: 410px\" class=\"wp-caption aligncenter\"><img loading=\"lazy\" decoding=\"async\" aria-describedby=\"caption-attachment-3271\" class=\"size-full wp-image-3271\" title=\"V\u00cdCTOR-SU\u00c1REZ-DIVULGADOR-POR-EXCELENCIA-DE-LA-M\u00daSICA-ANDINA-COLOMBIANA-EN-SANTANDER\" src=\"https:\/\/lapiedrafilosofal.com\/wp-content\/uploads\/2012\/03\/V\u00cdCTOR-SU\u00c1REZ-DIVULGADOR-POR-EXCELENCIA-DE-LA-M\u00daSICA-ANDINA-COLOMBIANA-EN-SANTANDER.jpg\" alt=\"\" width=\"400\" height=\"300\" srcset=\"https:\/\/oscarhumbertogomez.com\/wp-content\/uploads\/2012\/03\/V\u00cdCTOR-SU\u00c1REZ-DIVULGADOR-POR-EXCELENCIA-DE-LA-M\u00daSICA-ANDINA-COLOMBIANA-EN-SANTANDER.jpg 400w, https:\/\/oscarhumbertogomez.com\/wp-content\/uploads\/2012\/03\/V\u00cdCTOR-SU\u00c1REZ-DIVULGADOR-POR-EXCELENCIA-DE-LA-M\u00daSICA-ANDINA-COLOMBIANA-EN-SANTANDER-300x225.jpg 300w\" sizes=\"auto, (max-width: 400px) 100vw, 400px\" \/><p id=\"caption-attachment-3271\" class=\"wp-caption-text\">V\u00cdCTOR SU\u00c1REZ (de corbata) RECOGIENDO DECLARACIONES DEL GRAN TIPLISTA SANTANDEREANO PEDRO NEL MART\u00cdNEZ<\/p><\/div>\n<p>&nbsp;<\/p>\n<p>___________________________<\/p>\n<p><strong>CARTA DE V\u00cdCTOR SU\u00c1REZ: Nuestro portal publica la carta que V\u00edctor Su\u00e1rez ha hecho circular entre sus allegados, a prop\u00f3sito de su nuevo retiro de la conducci\u00f3n del \u00c1lbum Musical de Colombia:<\/strong><\/p>\n<p>&nbsp;<\/p>\n<div id=\"attachment_3272\" style=\"width: 650px\" class=\"wp-caption aligncenter\"><img loading=\"lazy\" decoding=\"async\" aria-describedby=\"caption-attachment-3272\" class=\"size-large wp-image-3272\" title=\"V\u00cdCTOR SU\u00c1REZ, EN SU CASA\" src=\"https:\/\/lapiedrafilosofal.com\/wp-content\/uploads\/2012\/03\/V\u00cdCTOR-SU\u00c1REZ-EN-SU-CASA-1024x768.jpg\" alt=\"\" width=\"640\" height=\"480\" srcset=\"https:\/\/oscarhumbertogomez.com\/wp-content\/uploads\/2012\/03\/V\u00cdCTOR-SU\u00c1REZ-EN-SU-CASA-1024x768.jpg 1024w, https:\/\/oscarhumbertogomez.com\/wp-content\/uploads\/2012\/03\/V\u00cdCTOR-SU\u00c1REZ-EN-SU-CASA-300x225.jpg 300w\" sizes=\"auto, (max-width: 640px) 100vw, 640px\" \/><p id=\"caption-attachment-3272\" class=\"wp-caption-text\">V\u00cdCTOR SU\u00c1REZ, EN SU RESIDENCIA<\/p><\/div>\n<p>&nbsp;<\/p>\n<p>Queridos (as) amigos (as):<\/p>\n<p>Cada cuatro a\u00f1os, al comienzo de una nueva administraci\u00f3n municipal, se ha vuelto habitual que la producci\u00f3n y direcci\u00f3n del programa &#8220;\u00c1lbum Musical de Colombia&#8221; que se emite por la emisora Luis Carlos Gal\u00e1n sufra una crisis.<\/p>\n<p>No deber\u00eda ser as\u00ed, pero la historia vuelve a repetirse: no hay ninguna clase de reconocimiento por el trabajo diario de dos horas en defensa del patrimonio musical colombiano (ni verbal, ni econ\u00f3mico), no se tiene en cuenta la trayectoria de 18 a\u00f1os en la direcci\u00f3n del programa y, por el contrario, el informe que se les entrega a los nuevos jefes del Instituto Municipal de Cultura y Turismo es que las personas que trabajamos por la difusi\u00f3n de nuestro folclor somos la peor de las plagas que han llegado a este medio de comunicaci\u00f3n y que los negocios y la &#8220;payola&#8221; (d\u00e1divas que ofrecen los artistas en las emisoras comerciales a periodistas y locutores para que les pasen la m\u00fasica) son el motivo que nos impulsa a la realizaci\u00f3n de dichos programas.<\/p>\n<p>Por lo anterior, hemos tomado la decisi\u00f3n de abandonar, de manera transitoria, la direcci\u00f3n y presentaci\u00f3n del programa. &nbsp;Esperamos que en pocos d\u00edas haya una decisi\u00f3n del se\u00f1or alcalde de Bucaramanga, doctor Luis Francisco Boh\u00f3rquez, respecto a mi contrato de trabajo, que incluya, entre otras cosas, el pago de la producci\u00f3n del programa en la emisora cultural.<\/p>\n<p>\u00a1Un abrazo a todos!<\/p>\n<p>V\u00edctor Su\u00e1rez<\/p>\n<p>&nbsp;<\/p>\n<div id=\"attachment_3273\" style=\"width: 410px\" class=\"wp-caption aligncenter\"><img loading=\"lazy\" decoding=\"async\" aria-describedby=\"caption-attachment-3273\" class=\"size-full wp-image-3273\" title=\"biblioteca\" src=\"https:\/\/lapiedrafilosofal.com\/wp-content\/uploads\/2012\/03\/biblioteca.jpg\" alt=\"\" width=\"400\" height=\"300\" srcset=\"https:\/\/oscarhumbertogomez.com\/wp-content\/uploads\/2012\/03\/biblioteca.jpg 400w, https:\/\/oscarhumbertogomez.com\/wp-content\/uploads\/2012\/03\/biblioteca-300x225.jpg 300w\" sizes=\"auto, (max-width: 400px) 100vw, 400px\" \/><p id=\"caption-attachment-3273\" class=\"wp-caption-text\">EDIFICIO QUE SIRVE DE SEDE A LA BIBLIOTECA P\u00daBLICA MUNICIPAL GABRIEL TURBAY, AL INSTITUTO MUNICIPAL DE CULTURA Y A LA EMISORA CULTURAL GABRIEL TURBAY<\/p><\/div>\n<p>&nbsp;<\/p>\n<div id=\"attachment_3170\" style=\"width: 410px\" class=\"wp-caption aligncenter\"><img loading=\"lazy\" decoding=\"async\" aria-describedby=\"caption-attachment-3170\" class=\"size-full wp-image-3170\" title=\"M\u00daSICA ANDINA COLOMBIANA\" src=\"https:\/\/lapiedrafilosofal.com\/wp-content\/uploads\/2012\/03\/M\u00daSICA-ANDINA-COLOMBIANA.jpg\" alt=\"\" width=\"400\" height=\"267\" srcset=\"https:\/\/oscarhumbertogomez.com\/wp-content\/uploads\/2012\/03\/M\u00daSICA-ANDINA-COLOMBIANA.jpg 400w, https:\/\/oscarhumbertogomez.com\/wp-content\/uploads\/2012\/03\/M\u00daSICA-ANDINA-COLOMBIANA-300x200.jpg 300w\" sizes=\"auto, (max-width: 400px) 100vw, 400px\" \/><p id=\"caption-attachment-3170\" class=\"wp-caption-text\">LA M\u00daSICA ANDINA DE NUESTRA PATRIA TIENE EN EL \u00c1LBUM MUSICAL DE COLOMBIA, CREADO POR V\u00cdCTOR SU\u00c1REZ HACE DIECIOCHO A\u00d1OS, UNO DE LOS ESCASOS CANALES DE DIFUSI\u00d3N QUE LE QUEDAN EN ESTA SECCI\u00d3N DEL PA\u00cdS<\/p><\/div>\n<p>&nbsp;<\/p>\n","protected":false},"excerpt":{"rendered":"<p>&nbsp; NOTA DEL PORTAL: &nbsp; V\u00edctor Su\u00e1rez Casta\u00f1eda, hombre de radio oriundo de Barbosa (Santander) y ampliamente conocido entre quienes cultivamos o apreciamos la m\u00fasica folcl\u00f3rica andina, por en\u00e9sima vez es puesto en condiciones indecorosas y forzado, por elementales razones &hellip; <a href=\"https:\/\/oscarhumbertogomez.com\/?p=3228\">Sigue leyendo <span class=\"meta-nav\">&rarr;<\/span><\/a><\/p>\n<div class='heateorSssClear'><\/div><div  class='heateor_sss_sharing_container heateor_sss_horizontal_sharing' heateor-sss-data-href='https:\/\/oscarhumbertogomez.com\/?p=3228'><div class='heateor_sss_sharing_title' style=\"font-weight:bold\" >\u00a1Gracias por compartirla!<\/div><ul class=\"heateor_sss_sharing_ul\"><li class=\"heateorSssSharingRound\"><i style=\"width:35px;height:35px;border-radius:999px;\" alt=\"Facebook\" Title=\"Facebook\" class=\"heateorSssSharing heateorSssFacebookBackground\" onclick='heateorSssPopup(\"https:\/\/www.facebook.com\/sharer\/sharer.php?u=https%3A%2F%2Foscarhumbertogomez.com%2Findex.php%3Frest_route%3D%252Fwp%252Fv2%252Fposts%252F3228\")'><ss style=\"display:block;border-radius:999px;\" class=\"heateorSssSharingSvg heateorSssFacebookSvg\"><\/ss><\/i><\/li><li class=\"heateorSssSharingRound\"><i style=\"width:35px;height:35px;border-radius:999px;\" alt=\"Twitter\" Title=\"Twitter\" class=\"heateorSssSharing heateorSssTwitterBackground\" onclick='heateorSssPopup(\"http:\/\/twitter.com\/intent\/tweet?text=%C2%BFQu%C3%A9%20pasa%20con%20el%20%C3%81lbum%20Musical%20de%20Colombia%20y%20con%20V%C3%ADctor%20Su%C3%A1rez%20en%20la%20Emisora%20Cultural%20Luis%20Carlos%20Gal%C3%A1n%20Sarmiento%3F%20Por%20%C3%93scar%20Humberto%20G%C3%B3mez%20G%C3%B3mez&url=https%3A%2F%2Foscarhumbertogomez.com%2Findex.php%3Frest_route%3D%252Fwp%252Fv2%252Fposts%252F3228\")'><ss style=\"display:block;border-radius:999px;\" class=\"heateorSssSharingSvg heateorSssTwitterSvg\"><\/ss><\/i><\/li><li class=\"heateorSssSharingRound\"><i style=\"width:35px;height:35px;border-radius:999px;\" alt=\"Whatsapp\" Title=\"Whatsapp\" class=\"heateorSssSharing heateorSssWhatsappBackground\" onclick='heateorSssPopup(\"https:\/\/web.whatsapp.com\/send?text=%C2%BFQu%C3%A9%20pasa%20con%20el%20%C3%81lbum%20Musical%20de%20Colombia%20y%20con%20V%C3%ADctor%20Su%C3%A1rez%20en%20la%20Emisora%20Cultural%20Luis%20Carlos%20Gal%C3%A1n%20Sarmiento%3F%20Por%20%C3%93scar%20Humberto%20G%C3%B3mez%20G%C3%B3mez https%3A%2F%2Foscarhumbertogomez.com%2Findex.php%3Frest_route%3D%252Fwp%252Fv2%252Fposts%252F3228\")'><ss style=\"display:block\" class=\"heateorSssSharingSvg heateorSssWhatsappSvg\"><\/ss><\/i><\/li><li class=\"heateorSssSharingRound\"><i style=\"width:35px;height:35px;border-radius:999px;\" alt=\"Pinterest\" Title=\"Pinterest\" class=\"heateorSssSharing heateorSssPinterestBackground\" onclick=\"javascript:void( (function() {var e=document.createElement('script' );e.setAttribute('type','text\/javascript' );e.setAttribute('charset','UTF-8' );e.setAttribute('src','\/\/assets.pinterest.com\/js\/pinmarklet.js?r='+Math.random()*99999999);document.body.appendChild(e)})());\"><ss style=\"display:block;border-radius:999px;\" class=\"heateorSssSharingSvg heateorSssPinterestSvg\"><\/ss><\/i><\/li><li class=\"heateorSssSharingRound\"><i style=\"width:35px;height:35px;border-radius:999px;\" alt=\"Google Gmail\" Title=\"Google Gmail\" class=\"heateorSssSharing heateorSssGoogleGmailBackground\" onclick='heateorSssPopup(\"https:\/\/mail.google.com\/mail\/?ui=2&view=cm&fs=1&tf=1&su=%C2%BFQu%C3%A9%20pasa%20con%20el%20%C3%81lbum%20Musical%20de%20Colombia%20y%20con%20V%C3%ADctor%20Su%C3%A1rez%20en%20la%20Emisora%20Cultural%20Luis%20Carlos%20Gal%C3%A1n%20Sarmiento%3F%20Por%20%C3%93scar%20Humberto%20G%C3%B3mez%20G%C3%B3mez&body=Link:https%3A%2F%2Foscarhumbertogomez.com%2Findex.php%3Frest_route%3D%252Fwp%252Fv2%252Fposts%252F3228\")'><ss style=\"display:block;border-radius:999px;\" class=\"heateorSssSharingSvg heateorSssGoogleGmailSvg\"><\/ss><\/i><\/li><li class=\"heateorSssSharingRound\"><i style=\"width:35px;height:35px;border-radius:999px;\" title=\"More\" alt=\"More\" class=\"heateorSssSharing heateorSssMoreBackground\" onclick=\"heateorSssMoreSharingPopup(this, 'https:\/\/oscarhumbertogomez.com\/index.php?rest_route=%2Fwp%2Fv2%2Fposts%2F3228', '%C2%BFQu%C3%A9%20pasa%20con%20el%20%C3%81lbum%20Musical%20de%20Colombia%20y%20con%20V%C3%ADctor%20Su%C3%A1rez%20en%20la%20Emisora%20Cultural%20Luis%20Carlos%20Gal%C3%A1n%20Sarmiento%3F%20Por%20%C3%93scar%20Humberto%20G%C3%B3mez%20G%C3%B3mez', '' )\" ><ss style=\"display:block\" class=\"heateorSssSharingSvg heateorSssMoreSvg\"><\/ss><\/i><\/li><\/ul><div class=\"heateorSssClear\"><\/div><\/div><div class='heateorSssClear'><\/div>","protected":false},"author":2,"featured_media":0,"comment_status":"open","ping_status":"open","sticky":false,"template":"","format":"standard","meta":{"spay_email":"","footnotes":""},"categories":[1],"tags":[],"class_list":["post-3228","post","type-post","status-publish","format-standard","hentry","category-blog"],"jetpack_featured_media_url":"","jetpack_shortlink":"https:\/\/wp.me\/p1FYrr-Q4","_links":{"self":[{"href":"https:\/\/oscarhumbertogomez.com\/index.php?rest_route=\/wp\/v2\/posts\/3228","targetHints":{"allow":["GET"]}}],"collection":[{"href":"https:\/\/oscarhumbertogomez.com\/index.php?rest_route=\/wp\/v2\/posts"}],"about":[{"href":"https:\/\/oscarhumbertogomez.com\/index.php?rest_route=\/wp\/v2\/types\/post"}],"author":[{"embeddable":true,"href":"https:\/\/oscarhumbertogomez.com\/index.php?rest_route=\/wp\/v2\/users\/2"}],"replies":[{"embeddable":true,"href":"https:\/\/oscarhumbertogomez.com\/index.php?rest_route=%2Fwp%2Fv2%2Fcomments&post=3228"}],"version-history":[{"count":4,"href":"https:\/\/oscarhumbertogomez.com\/index.php?rest_route=\/wp\/v2\/posts\/3228\/revisions"}],"predecessor-version":[{"id":50134,"href":"https:\/\/oscarhumbertogomez.com\/index.php?rest_route=\/wp\/v2\/posts\/3228\/revisions\/50134"}],"wp:attachment":[{"href":"https:\/\/oscarhumbertogomez.com\/index.php?rest_route=%2Fwp%2Fv2%2Fmedia&parent=3228"}],"wp:term":[{"taxonomy":"category","embeddable":true,"href":"https:\/\/oscarhumbertogomez.com\/index.php?rest_route=%2Fwp%2Fv2%2Fcategories&post=3228"},{"taxonomy":"post_tag","embeddable":true,"href":"https:\/\/oscarhumbertogomez.com\/index.php?rest_route=%2Fwp%2Fv2%2Ftags&post=3228"}],"curies":[{"name":"wp","href":"https:\/\/api.w.org\/{rel}","templated":true}]}}