{"id":32367,"date":"2017-03-13T08:18:00","date_gmt":"2017-03-13T13:18:00","guid":{"rendered":"http:\/\/www.oscarhumbertogomez.com\/?p=32367"},"modified":"2025-04-04T11:04:41","modified_gmt":"2025-04-04T16:04:41","slug":"vicky-cronica-de-una-epoca-capitulo-i-por-oscar-humberto-gomez-gomez-miembro-del-colegio-nacional-de-periodistas-cnp-seccional-santander","status":"publish","type":"post","link":"https:\/\/oscarhumbertogomez.com\/?p=32367","title":{"rendered":"VICKY. Cr\u00f3nica de una \u00e9poca.   CAP\u00cdTULO I. Por \u00d3scar Humberto G\u00f3mez G\u00f3mez, Miembro de N\u00famero de la Academia de Historia de Santander y Miembro del Colegio Nacional de Periodistas"},"content":{"rendered":"<p><a href=\"https:\/\/lapiedrafilosofal.com\/wp-content\/uploads\/2017\/03\/Vicky-01.png\"><img loading=\"lazy\" decoding=\"async\" class=\"aligncenter size-large wp-image-21305\" src=\"https:\/\/lapiedrafilosofal.com\/wp-content\/uploads\/2017\/03\/Vicky-01-1024x933.png\" alt=\"\" width=\"640\" height=\"583\" srcset=\"https:\/\/oscarhumbertogomez.com\/wp-content\/uploads\/2017\/03\/Vicky-01-1024x933.png 1024w, https:\/\/oscarhumbertogomez.com\/wp-content\/uploads\/2017\/03\/Vicky-01-300x273.png 300w, https:\/\/oscarhumbertogomez.com\/wp-content\/uploads\/2017\/03\/Vicky-01-768x700.png 768w, https:\/\/oscarhumbertogomez.com\/wp-content\/uploads\/2017\/03\/Vicky-01.png 1582w\" sizes=\"auto, (max-width: 640px) 100vw, 640px\" \/><\/a><\/p>\n<p>&nbsp;<\/p>\n<p>Antes de tener que soportar el peso agobiante de la fama, la jovencita Esperanza Acevedo Ossa, a sus escasos diecinueve a\u00f1os de edad, tuvo que v\u00e9rselas con los venenosos estiletes de la envidia, as\u00ed como cuando apenas contaba con tres o cuatro a\u00f1itos de vida hab\u00eda tenido que verles muy de cerca el rostro al terror y a la violencia.<\/p>\n<p>Ten\u00eda, en efecto, tan solo diecinueve a\u00f1os cuando las ondas hertzianas, las luces de la televisi\u00f3n y las cuartillas entintadas de los linotipos comenzaron a verse gratamente invadidas con su nombre.<\/p>\n<p>O con su nombre art\u00edstico, para ser m\u00e1s exactos. Un nombre art\u00edstico que termin\u00f3 desplazando su nombre verdadero y que naci\u00f3 en un  programa radial antecedente del espacio televisivo &#8220;El Club del Clan&#8221;, cuando, sabedor de su talento, por referencias que acababan de darle sobre aquella joven secretaria de un banco \u2014del Banco del Estado\u2014, que se encontraba sentada, al lado de su mam\u00e1, formando parte del p\u00fablico, Guillermo Hinestroza Isaza, el director del habitual y ya prestigioso certamen, le pidi\u00f3 a trav\u00e9s del micr\u00f3fono que pasara a cantar, pero en lugar de su nombre de pila, que no le pareci\u00f3 sonoro desde el punto de vista art\u00edstico, le dio por llamarla &#8220;Vicky&#8221;, en medio, por supuesto, de su desconcierto y del desconcierto de su progenitora. (Guillermo Hinestroza Isaza, maestro por excelencia de la locuci\u00f3n antioque\u00f1a y colombiana, dicho sea de paso, hab\u00eda de morir en un hogar para ancianos, v\u00edctima de la vejez, el desencanto, la soledad y el olvido).<\/p>\n<p>&nbsp;<\/p>\n<p>De aquellos momentos que tan decisivos habr\u00edan de ser en su vida, se cuenta que incluso cuando el reconocido descubridor de talentos la invit\u00f3 a pasar al escenario, Esperanza miraba hacia los lados y hacia atr\u00e1s tratando de descubrir qui\u00e9n era esa tal Vicky a la que acababan de anunciar, hasta que, entre gritos, aplausos y risas, le hicieron caer en la cuenta de que, aun cuando no se llamaba Victoria, se estaban refiriendo a ella. As\u00ed que se par\u00f3 del puesto sonri\u00e9ndoles a todos con timidez de provinciana y se dirigi\u00f3 hacia el escenario a donde subi\u00f3 con una entremezcla indescifrable de alegr\u00eda y de ansiedad sin l\u00edmites.<\/p>\n<p>-\u00bfC\u00f3mo te llamas?, le pregunt\u00f3 el reconocido conductor del espacio y buscador de nuevas figuras del canto.<\/p>\n<p>-Esperanza\u2014, respondi\u00f3 ella, sintiendo en su ser los primeros embates del p\u00e1nico esc\u00e9nico, que jam\u00e1s habr\u00edan de abandonarla en la vida y la forzar\u00edan a tomarse un par de g\u00fcisquis antes de subirse a la tarima.<\/p>\n<p>-No \u2014le replic\u00f3 el hombre al mando, fingiendo una conveniente seriedad que no sent\u00eda\u2014. Ese nombre est\u00e1 muy largo y no es art\u00edstico.<\/p>\n<p>La muchacha no lo contradijo y solo mantuvo su sonrisa t\u00edmida.<\/p>\n<p>-Desde hoy te llamar\u00e1s \u201cVicky\u201d\u2014 le sentenci\u00f3 el director entre serio y sonriente.<\/p>\n<p>Ella ni siquiera formul\u00f3 la pregunta obvia: &#8220;\u00bfVicky por qu\u00e9&#8221;?<\/p>\n<p style=\"text-align: left;\">-Bueno \u2014dijo simplemente, resignada y en medio de la risa general.<\/p>\n<p>&nbsp;<\/p>\n<p>De pie frente al micr\u00f3fono, ya en solitario, anunci\u00f3 que cantar\u00eda una canci\u00f3n de moda titulada \u201cT\u00fa ser\u00e1s mi <em>baby<\/em>&#8220;.<\/p>\n<p>\u201cT\u00fa ser\u00e1s mi baby&#8221;, t\u00edtulo que en espa\u00f1ol se le dio a la canci\u00f3n \u201cBe my baby\u201d, compuesta por Phil Spector, Jeff Barry y Ellie Greenwich, hab\u00eda sido lanzada al estrellato de la fama mundial por el tr\u00edo femenino \u201cLas Ronettes\u201d en 1963. Este tr\u00edo hab\u00eda nacido como un quinteto conformado por dos hermanas y tres primos de una misma familia, pero dos de los primos se hab\u00edan retirado. Al a\u00f1o siguiente del \u00e9xito de &#8220;Las Ronettes&#8221; con &#8220;Be muy baby&#8221;, en 1964, y ya bajo el t\u00edtulo \u201cT\u00fa ser\u00e1s mi <em>baby<\/em>&#8220;, la canci\u00f3n, interpretada por la banda Les Surfs, de Madagascar, ocup\u00f3 el primer lugar en Espa\u00f1a. Esta misma banda la interpret\u00f3 en franc\u00e9s, que realmente era su lengua nativa.<\/p>\n<p>El tr\u00edo &#8220;Las Ronettes&#8221; lo integraban Ver\u00f3nica Bennet, Estela Bennet y Nedra Talley. La banda Les Surfs estaba integrada por M\u00f3nica Rabarona y sus cinco hermanos, cuatro hombres (Coco, Pat, Rocky y Dave) y una mujer (Nicole).<\/p>\n<p>&nbsp;<\/p>\n<p><img loading=\"lazy\" decoding=\"async\" class=\"aligncenter size-full wp-image-32395\" src=\"https:\/\/lapiedrafilosofal.com\/wp-content\/uploads\/2020\/03\/LAS-RONETTES-.jpg\" alt=\"\" width=\"718\" height=\"720\" srcset=\"https:\/\/oscarhumbertogomez.com\/wp-content\/uploads\/2020\/03\/LAS-RONETTES-.jpg 718w, https:\/\/oscarhumbertogomez.com\/wp-content\/uploads\/2020\/03\/LAS-RONETTES--150x150.jpg 150w, https:\/\/oscarhumbertogomez.com\/wp-content\/uploads\/2020\/03\/LAS-RONETTES--300x300.jpg 300w\" sizes=\"auto, (max-width: 718px) 100vw, 718px\" \/><\/p>\n<p>&nbsp;<\/p>\n<p><img loading=\"lazy\" decoding=\"async\" class=\"aligncenter size-full wp-image-32396\" src=\"https:\/\/lapiedrafilosofal.com\/wp-content\/uploads\/2020\/03\/LES-SURFS.jpg\" alt=\"\" width=\"600\" height=\"600\" srcset=\"https:\/\/oscarhumbertogomez.com\/wp-content\/uploads\/2020\/03\/LES-SURFS.jpg 600w, https:\/\/oscarhumbertogomez.com\/wp-content\/uploads\/2020\/03\/LES-SURFS-150x150.jpg 150w, https:\/\/oscarhumbertogomez.com\/wp-content\/uploads\/2020\/03\/LES-SURFS-300x300.jpg 300w\" sizes=\"auto, (max-width: 600px) 100vw, 600px\" \/><\/p>\n<p>&nbsp;<\/p>\n<p>Como buena principiante, la todav\u00eda an\u00f3nima muchacha que de Palmira, Valle del Cauca, hab\u00eda arribado a la g\u00e9lida capital de la rep\u00fablica y a la que acababan de cambiarle no solo el nombre, sino la vida, primero ensay\u00f3 el tema, presa de los nervios, en la parte trasera del escenario y, una vez le anunciaron su turno, sali\u00f3 a ponerle la cara a aquel primer reto, contando con sus compa\u00f1eros del banco como ruidosa barra y la mirada resignada de su silenciosa y estricta mam\u00e1, quien inicialmente se hab\u00eda opuesto de manera rotunda a que pasara a cantar.<\/p>\n<p>Para ese entonces resultaba impensable que una jovencita de su edad, una hija de familia, fuera sola a un espect\u00e1culo musical de esos. Por ello, hab\u00eda ido acompa\u00f1ada por su mam\u00e1, do\u00f1a Graciela Ossa de Acevedo. S\u00ed: la misma estricta do\u00f1a Graciela que le hab\u00eda pegado unos cuantos fuetazos cuando le lleg\u00f3 a casa a las 11 de la noche a pesar de que ella solo le hab\u00eda dado permiso para que saliera con su novio hasta las 10. La misma estricta esposa del ex alcalde de Ansermanuevo, Valle del Cauca, su pueblo natal, don Saulo Acevedo, que a\u00f1os atr\u00e1s hab\u00eda tenido que salir huyendo con ella en los brazos y sus dos hermanos pegados a su cintura hacia Palmira, cuando la futura artista era apenas una nena de tres o cuatro a\u00f1itos de edad, a causa de los sangrientos embates desatados por la fratricida violencia liberal-conservadora, para irse a encontrar con su marido fugitivo, quien hab\u00eda tenido que fugarse del pueblo antes porque, luego de haber sido arrestado y mantenido preso, lo iban a asesinar. La misma estricta mam\u00e1 que esperaba que su \u00fanica hija cumpliera su sue\u00f1o de estudiar Derecho y convertirse en abogada para salir a defender a los perseguidos pol\u00edticos y a todos los que no tuvieran qui\u00e9n los defendiera, sue\u00f1o que la ni\u00f1a de tres o cuatro a\u00f1os comenz\u00f3 a so\u00f1ar y a balbucear a partir del momento inolvidable en que, desde la terrible angustia de su confusi\u00f3n, desde las sombr\u00edas honduras de su miedo y desde la abrumadora impotencia de su fragilidad, le escuch\u00f3 a su angustiado pap\u00e1 la frase desgarrada que habr\u00eda de qued\u00e1rsele por siempre en la memoria sin comprender en absoluto qu\u00e9 era aquello a lo que \u00e9l se refer\u00eda: &#8220;\u00a1Necesito un abogado! \u00a1Necesito un abogado!&#8221;.<\/p>\n<p>Desde su arribo a la lejana y brumosa Bogot\u00e1 y hasta ese preciso momento en que iba a cantar en p\u00fablico por primera vez, Esperanza hab\u00eda mantenido firme esa decisi\u00f3n suya de estudiar Derecho. No imaginaba que a partir de aquel d\u00eda ya nada volver\u00eda a ser igual y que sus sue\u00f1os de verse en los estrados defendiendo con vehemencia a los que, como su padre, ve\u00edan la c\u00e1rcel cerca, ya jam\u00e1s se har\u00edan realidad.<\/p>\n<p>Esperanza, ahora bautizada con el extra\u00f1o e inexplicable nombre de &#8220;Vicky&#8221;, comenz\u00f3 a cantar &#8220;T\u00fa ser\u00e1s mi <em>baby<\/em>&#8221; y de esa manera dio inicio a su primera presentaci\u00f3n. Entonces, aquel p\u00fablico bogotano, mientras la aplaud\u00eda con fervor, qued\u00f3 notificado de que acababa de nacer en su presencia una nueva representante de la Nueva Ola colombiana.<\/p>\n<p>De aquel momento estelar, lamentablemente, no qued\u00f3 filmaci\u00f3n, ni grabaci\u00f3n sonora alguna. En cambio, s\u00ed existe una fotograf\u00eda en blanco y negro, la misma que publicaremos en seguida. La canci\u00f3n &#8220;T\u00fa ser\u00e1s mi <em>baby<\/em>&#8220;, interpretada por Les Surfs, puede ser escuchada en YouTube.<\/p>\n<p>&nbsp;<\/p>\n<p><img loading=\"lazy\" decoding=\"async\" class=\"size-full wp-image-32371\" src=\"https:\/\/lapiedrafilosofal.com\/wp-content\/uploads\/2020\/03\/VICKY-.jpeg\" alt=\"\" width=\"950\" height=\"534\" srcset=\"https:\/\/oscarhumbertogomez.com\/wp-content\/uploads\/2020\/03\/VICKY-.jpeg 950w, https:\/\/oscarhumbertogomez.com\/wp-content\/uploads\/2020\/03\/VICKY--300x169.jpeg 300w, https:\/\/oscarhumbertogomez.com\/wp-content\/uploads\/2020\/03\/VICKY--768x432.jpeg 768w\" sizes=\"auto, (max-width: 950px) 100vw, 950px\" \/><\/p>\n<p>&nbsp;<\/p>\n<p>Por infortunio, como lo dejamos insinuado al principio, tambi\u00e9n se dieron cuenta de aquel suceso extraordinario que estaba comenzando a ocurrir en el mundo de la m\u00fasica los amargados de siempre y fue as\u00ed como m\u00e1s se demor\u00f3 en empezar a refulgir en el firmamento art\u00edstico nacional la luz fulgurante de su evidente talento, que en echarse a andar en contra suya la primera bola de nieve de la infamia.<\/p>\n<p>Ella habr\u00eda de recordarlo mucho tiempo despu\u00e9s, sentada frente a las c\u00e1maras junto a otras personas, cuando ya el c\u00e1ncer la acechaba, tambi\u00e9n con la misma sa\u00f1a malsana con la que pretendieron enlodar su reputaci\u00f3n aquellos an\u00f3nimos difamadores de tantos a\u00f1os atr\u00e1s. Solo que, a diferencia de su familia, que nunca se lo perdon\u00f3 a aquellos esp\u00edritus ruines, ella volvi\u00f3 a tomarlo, igual que lo hizo entonces, con el desparpajo propio de quienes aplican eso de que \u201ca palabras necias, o\u00eddos sordos\u201d. Un desparpajo rebelde que, sin embargo, no hab\u00eda evitado el que optara por retirarse abruptamente de la vida art\u00edstica en aquel mismo agridulce 1967 y que solo retornara a ella en 1973 \u2014procedente de la vecina Venezuela, a donde hab\u00eda emigrado\u2014, gracias a la insistencia de un joven y talentoso descubridor de estrellas, osado productor y ameno, sonriente y jovial animador de la televisi\u00f3n \u2014por entonces todav\u00eda en blanco y negro\u2014, el bumangu\u00e9s Alfonso Lizarazo.<\/p>\n<p>&nbsp;<\/p>\n<p><img loading=\"lazy\" decoding=\"async\" class=\"aligncenter size-full wp-image-32377\" src=\"https:\/\/lapiedrafilosofal.com\/wp-content\/uploads\/2020\/03\/ALFONSO-LIZARAZO.jpeg\" alt=\"\" width=\"215\" height=\"235\"><\/p>\n<p>&nbsp;<\/p>\n<p>\u201cS\u00ed, fueron ciertos&#8221;, le respondi\u00f3, entonces, a su entrevistador de ahora, cuando este le pregunt\u00f3 sobre si hab\u00edan sido ciertos aquellos inc\u00f3modos momentos vividos tantos a\u00f1os atr\u00e1s.<\/p>\n<p>&#8220;Y es m\u00e1s \u2014le agreg\u00f3\u2014. No solo dijeron que yo era un hombre, sino que el pip\u00ed me lo hab\u00eda mandado a cortar en Francia\u201d.<\/p>\n<p>__________<\/p>\n<p>&nbsp;<\/p>\n<p><span style=\"color: #000080;\"><strong>ILUSTRACIONES<\/strong><\/span>:<\/p>\n<p>(1) Vicky. Fotograf\u00eda de los a\u00f1os 60. Arte: Pedro Jes\u00fas Vargas Cordero.<\/p>\n<p>(4) Momento estelar en la historia de la balada colombiana: la joven secretaria del Banco del Estado Esperanza Acevedo, a quien acaban de presentar como &#8220;Vicky&#8221;, canta la canci\u00f3n &#8220;T\u00fa ser\u00e1s mi &#8220;baby&#8221;&#8221; en un programa radial antecesor del espacio televisivo &#8220;El Club del Clan&#8221; en Colombia.<\/p>\n<p>(5) Alfonso Lizarazo. Fotograf\u00eda de los a\u00f1os 60 cuando el joven locutor nacido en Bucaramanga daba a conocer los nuevos talentos en Bogot\u00e1 a trav\u00e9s de Radio 15 y del sello discogr\u00e1fico Estudio 15.<\/p>\n<p>_________<\/p>\n<p>&nbsp;<\/p>\n<p>(CONTINUAR\u00c1)<\/p>\n","protected":false},"excerpt":{"rendered":"<p>&nbsp; Antes de tener que soportar el peso agobiante de la fama, la jovencita Esperanza Acevedo Ossa, a sus escasos diecinueve a\u00f1os de edad, tuvo que v\u00e9rselas con los venenosos estiletes de la envidia, as\u00ed como cuando apenas contaba con &hellip; <a href=\"https:\/\/oscarhumbertogomez.com\/?p=32367\">Sigue leyendo <span class=\"meta-nav\">&rarr;<\/span><\/a><\/p>\n<div class='heateorSssClear'><\/div><div  class='heateor_sss_sharing_container heateor_sss_horizontal_sharing' heateor-sss-data-href='https:\/\/oscarhumbertogomez.com\/?p=32367'><div class='heateor_sss_sharing_title' style=\"font-weight:bold\" >\u00a1Gracias por compartirla!<\/div><ul class=\"heateor_sss_sharing_ul\"><li class=\"heateorSssSharingRound\"><i style=\"width:35px;height:35px;border-radius:999px;\" alt=\"Facebook\" Title=\"Facebook\" class=\"heateorSssSharing heateorSssFacebookBackground\" onclick='heateorSssPopup(\"https:\/\/www.facebook.com\/sharer\/sharer.php?u=https%3A%2F%2Foscarhumbertogomez.com%2Findex.php%3Frest_route%3D%252Fwp%252Fv2%252Fposts%252F32367\")'><ss style=\"display:block;border-radius:999px;\" class=\"heateorSssSharingSvg heateorSssFacebookSvg\"><\/ss><\/i><\/li><li class=\"heateorSssSharingRound\"><i style=\"width:35px;height:35px;border-radius:999px;\" alt=\"Twitter\" Title=\"Twitter\" class=\"heateorSssSharing heateorSssTwitterBackground\" onclick='heateorSssPopup(\"http:\/\/twitter.com\/intent\/tweet?text=VICKY.%20Cr%C3%B3nica%20de%20una%20%C3%A9poca.%20%20%20CAP%C3%8DTULO%20I.%20Por%20%C3%93scar%20Humberto%20G%C3%B3mez%20G%C3%B3mez%2C%20Miembro%20de%20N%C3%BAmero%20de%20la%20Academia%20de%20Historia%20de%20Santander%20y%20Miembro%20del%20Colegio%20Nacional%20de%20Periodistas&url=https%3A%2F%2Foscarhumbertogomez.com%2Findex.php%3Frest_route%3D%252Fwp%252Fv2%252Fposts%252F32367\")'><ss style=\"display:block;border-radius:999px;\" class=\"heateorSssSharingSvg heateorSssTwitterSvg\"><\/ss><\/i><\/li><li class=\"heateorSssSharingRound\"><i style=\"width:35px;height:35px;border-radius:999px;\" alt=\"Whatsapp\" Title=\"Whatsapp\" class=\"heateorSssSharing heateorSssWhatsappBackground\" onclick='heateorSssPopup(\"https:\/\/web.whatsapp.com\/send?text=VICKY.%20Cr%C3%B3nica%20de%20una%20%C3%A9poca.%20%20%20CAP%C3%8DTULO%20I.%20Por%20%C3%93scar%20Humberto%20G%C3%B3mez%20G%C3%B3mez%2C%20Miembro%20de%20N%C3%BAmero%20de%20la%20Academia%20de%20Historia%20de%20Santander%20y%20Miembro%20del%20Colegio%20Nacional%20de%20Periodistas https%3A%2F%2Foscarhumbertogomez.com%2Findex.php%3Frest_route%3D%252Fwp%252Fv2%252Fposts%252F32367\")'><ss style=\"display:block\" class=\"heateorSssSharingSvg heateorSssWhatsappSvg\"><\/ss><\/i><\/li><li class=\"heateorSssSharingRound\"><i style=\"width:35px;height:35px;border-radius:999px;\" alt=\"Pinterest\" Title=\"Pinterest\" class=\"heateorSssSharing heateorSssPinterestBackground\" onclick=\"javascript:void( (function() {var e=document.createElement('script' );e.setAttribute('type','text\/javascript' );e.setAttribute('charset','UTF-8' );e.setAttribute('src','\/\/assets.pinterest.com\/js\/pinmarklet.js?r='+Math.random()*99999999);document.body.appendChild(e)})());\"><ss style=\"display:block;border-radius:999px;\" class=\"heateorSssSharingSvg heateorSssPinterestSvg\"><\/ss><\/i><\/li><li class=\"heateorSssSharingRound\"><i style=\"width:35px;height:35px;border-radius:999px;\" alt=\"Google Gmail\" Title=\"Google Gmail\" class=\"heateorSssSharing heateorSssGoogleGmailBackground\" onclick='heateorSssPopup(\"https:\/\/mail.google.com\/mail\/?ui=2&view=cm&fs=1&tf=1&su=VICKY.%20Cr%C3%B3nica%20de%20una%20%C3%A9poca.%20%20%20CAP%C3%8DTULO%20I.%20Por%20%C3%93scar%20Humberto%20G%C3%B3mez%20G%C3%B3mez%2C%20Miembro%20de%20N%C3%BAmero%20de%20la%20Academia%20de%20Historia%20de%20Santander%20y%20Miembro%20del%20Colegio%20Nacional%20de%20Periodistas&body=Link:https%3A%2F%2Foscarhumbertogomez.com%2Findex.php%3Frest_route%3D%252Fwp%252Fv2%252Fposts%252F32367\")'><ss style=\"display:block;border-radius:999px;\" class=\"heateorSssSharingSvg heateorSssGoogleGmailSvg\"><\/ss><\/i><\/li><li class=\"heateorSssSharingRound\"><i style=\"width:35px;height:35px;border-radius:999px;\" title=\"More\" alt=\"More\" class=\"heateorSssSharing heateorSssMoreBackground\" onclick=\"heateorSssMoreSharingPopup(this, 'https:\/\/oscarhumbertogomez.com\/index.php?rest_route=%2Fwp%2Fv2%2Fposts%2F32367', 'VICKY.%20Cr%C3%B3nica%20de%20una%20%C3%A9poca.%20%20%20CAP%C3%8DTULO%20I.%20Por%20%C3%93scar%20Humberto%20G%C3%B3mez%20G%C3%B3mez%2C%20Miembro%20de%20N%C3%BAmero%20de%20la%20Academia%20de%20Historia%20de%20Santander%20y%20Miembro%20del%20Colegio%20Nacional%20de%20Periodistas', '' )\" ><ss style=\"display:block\" class=\"heateorSssSharingSvg heateorSssMoreSvg\"><\/ss><\/i><\/li><\/ul><div class=\"heateorSssClear\"><\/div><\/div><div class='heateorSssClear'><\/div>","protected":false},"author":2,"featured_media":0,"comment_status":"closed","ping_status":"closed","sticky":false,"template":"","format":"standard","meta":{"spay_email":"","footnotes":""},"categories":[8,11],"tags":[],"class_list":["post-32367","post","type-post","status-publish","format-standard","hentry","category-musica","category-periodismo"],"jetpack_featured_media_url":"","jetpack_shortlink":"https:\/\/wp.me\/p1FYrr-8q3","_links":{"self":[{"href":"https:\/\/oscarhumbertogomez.com\/index.php?rest_route=\/wp\/v2\/posts\/32367","targetHints":{"allow":["GET"]}}],"collection":[{"href":"https:\/\/oscarhumbertogomez.com\/index.php?rest_route=\/wp\/v2\/posts"}],"about":[{"href":"https:\/\/oscarhumbertogomez.com\/index.php?rest_route=\/wp\/v2\/types\/post"}],"author":[{"embeddable":true,"href":"https:\/\/oscarhumbertogomez.com\/index.php?rest_route=\/wp\/v2\/users\/2"}],"replies":[{"embeddable":true,"href":"https:\/\/oscarhumbertogomez.com\/index.php?rest_route=%2Fwp%2Fv2%2Fcomments&post=32367"}],"version-history":[{"count":4,"href":"https:\/\/oscarhumbertogomez.com\/index.php?rest_route=\/wp\/v2\/posts\/32367\/revisions"}],"predecessor-version":[{"id":52644,"href":"https:\/\/oscarhumbertogomez.com\/index.php?rest_route=\/wp\/v2\/posts\/32367\/revisions\/52644"}],"wp:attachment":[{"href":"https:\/\/oscarhumbertogomez.com\/index.php?rest_route=%2Fwp%2Fv2%2Fmedia&parent=32367"}],"wp:term":[{"taxonomy":"category","embeddable":true,"href":"https:\/\/oscarhumbertogomez.com\/index.php?rest_route=%2Fwp%2Fv2%2Fcategories&post=32367"},{"taxonomy":"post_tag","embeddable":true,"href":"https:\/\/oscarhumbertogomez.com\/index.php?rest_route=%2Fwp%2Fv2%2Ftags&post=32367"}],"curies":[{"name":"wp","href":"https:\/\/api.w.org\/{rel}","templated":true}]}}