{"id":32484,"date":"2017-03-15T00:11:00","date_gmt":"2017-03-15T05:11:00","guid":{"rendered":"http:\/\/www.oscarhumbertogomez.com\/?p=32484"},"modified":"2025-04-04T11:02:38","modified_gmt":"2025-04-04T16:02:38","slug":"vicky-cronica-de-una-epoca-capitulo-iii-por-oscar-humberto-gomez-gomez-miembro-de-numero-de-la-academia-de-historia-de-santander-y-miembro-del-colegio-nacional-de-periodistas","status":"publish","type":"post","link":"https:\/\/oscarhumbertogomez.com\/?p=32484","title":{"rendered":"VICKY. Cr\u00f3nica de una \u00e9poca. CAP\u00cdTULO III. Por \u00d3scar Humberto G\u00f3mez G\u00f3mez, Miembro de la Academia de Historia de Santander y Miembro del Colegio Nacional de Periodistas"},"content":{"rendered":"<p><img loading=\"lazy\" decoding=\"async\" class=\"aligncenter size-large wp-image-32486\" src=\"https:\/\/lapiedrafilosofal.com\/wp-content\/uploads\/2020\/03\/Vicky-04-01-1024x933.png\" alt=\"\" width=\"640\" height=\"583\" srcset=\"https:\/\/oscarhumbertogomez.com\/wp-content\/uploads\/2020\/03\/Vicky-04-01-1024x933.png 1024w, https:\/\/oscarhumbertogomez.com\/wp-content\/uploads\/2020\/03\/Vicky-04-01-300x273.png 300w, https:\/\/oscarhumbertogomez.com\/wp-content\/uploads\/2020\/03\/Vicky-04-01-768x700.png 768w, https:\/\/oscarhumbertogomez.com\/wp-content\/uploads\/2020\/03\/Vicky-04-01.png 1582w\" sizes=\"auto, (max-width: 640px) 100vw, 640px\" \/><\/p>\n<p>&nbsp;<\/p>\n<p>Deben ser un poco m\u00e1s de las once de la noche y el raudo e inmenso autob\u00fas interdepartamental avanza casi a oscuras; \u00fanicamente tiene prendidas las lucecitas interiores que escasamente me permiten ver a mi m\u00e1s cercano alrededor. Ya no tengo claro entre qu\u00e9 municipio y qu\u00e9 municipio vamos. Me he despertado luego de quedarme dormido finalmente, despu\u00e9s de intentar en vano luchar contra el sue\u00f1o, al sopor\u00edfero paso de esos minutos interminables que generan el hast\u00edo y la soledad, y que solamente podemos enfrentar echando mano a los recuerdos. Tres muchachos a los que seguramente el chofer ha recogido en alg\u00fan pueblo intermedio van, como los malos humoristas, ri\u00e9ndose de sus propios chistes. De pronto, el m\u00e1s bajito de ellos, en su inconfundible acento rolo, cuenta uno que me hace sonre\u00edr y con ello logra descongelar el hielo de esos momentos aburridos, que amenazan con tornarse eternos. &#8220;\u00bfUstedes quieren ir al Cielo?&#8221;, les pregunta a sus sonrientes amigos. &#8220;Bueno \u2014se contesta \u00e9l mismo, sin esperar la respuesta\u2014, entonces no usen zapatos, sino botas&#8221;. &#8220;\u00bfY eso por qu\u00e9?&#8221;, le pregunta uno de sus amigos sorprendido. &#8220;S\u00ed \u2014lo respalda el otro en seguida\u2014. \u00bfQu\u00e9 tiene que ver con ir al Cielo el calzado que uno use?&#8221;. Y el chistoso les dice: &#8220;Claro, porque al Cielo solamente suben las almas de-botas&#8221;.<\/p>\n<p>El chiste, que me resulta gracioso, a pesar del protuberante descache ortogr\u00e1fico, es el \u00faltimo de la sarta porque el conductor acaba de encender la radio a un volumen que, aunque bajo, me permite entender con claridad lo que est\u00e1n diciendo en aquella entrevista en la que detiene el dial. Est\u00e1n entrevistando a Vicky, que es noticia porque ha regresado al mundo del disco, de los escenarios y de la m\u00fasica despu\u00e9s de a\u00f1os de ausencia. La conversaci\u00f3n es amena, sencilla, c\u00e1lida, casi coloquial, y la matizan con fragmentos de sus nuevas canciones. La cantautora de &#8220;Llorando estoy&#8221; ha vuelto con nuevas composiciones, todas tiernas, todas tristes. Quiz\u00e1s por las circunstancias en que la escucho, y en que han optado por escucharla con atenci\u00f3n tambi\u00e9n los tres amigos y el chofer, y como supongo que lo estar\u00e1n haciendo mis compa\u00f1eros de viaje, desde aquella noche de carretera siempre tuve la impresi\u00f3n de que Esperanza Acevedo era una mujer triste, de que viv\u00eda solitaria y hasta alcanz\u00f3 a asaltarme alguna vez el presentimiento perturbador de que alg\u00fan d\u00eda morir\u00eda sola. Ella siempre lo neg\u00f3 y lo respald\u00f3 con sus agudos apuntes, cargados de humor e iron\u00eda, propios de las personas inteligentes. Sin embargo, desde &#8220;Llorando estoy&#8221;, siempre tuve esa sensaci\u00f3n, que no me pude quitar jam\u00e1s a pesar de sus aclaraciones.<\/p>\n<p>Voy de regreso a casa, hacia mi Bucaramanga. He estado en la g\u00e9lida, lejana, brumosa e impersonal capital de mi pa\u00eds, la ciudad donde en cualquier momento cae granizo y en la que un saludo efusivo que uno reciba de la gente hay que celebrarlo destapando una botella de champa\u00f1a. He tomado el bus en el terminal, ubicado en un sitio s\u00f3rdido en el que una atractiva y joven mujer de minifalda ha tratado de seducir al joven estudiante pobre que se ha quedado mir\u00e1ndola, m\u00e1s con temor que con deseo, y atra\u00eddo, m\u00e1s por el desconcierto que le genera el que una chica tan linda est\u00e9 dedicada a la prostituci\u00f3n, que por su sensualidad manifiesta e indiscutible. El viaje ha sido mon\u00f3tono, alterado en su rutina tan solo por los tres amigos que han roto el tedio con un rosario de chistes y ahora con la voz de Vicky, que est\u00e1 explicando su nuevo disco. A partir de esa noche y durante los a\u00f1os venideros me acercar\u00e9 m\u00e1s a su discograf\u00eda hasta que ya no volver\u00e1 a componer y solo seguir\u00e1 cantando sus ya conocidas canciones: &#8220;Regresa a m\u00ed&#8221;, &#8220;Las estaciones&#8221;, &#8220;Pobre gorri\u00f3n&#8221;, &#8220;Amor qu\u00e9 tienes t\u00fa&#8221;, &#8220;Llorar\u00e9&#8221;, &#8220;Tan sola&#8221;, &#8220;Payaso&#8221;, &#8220;Amigo caminante&#8221;, &#8220;Amor amargo&#8221;, &#8220;Sola con la lluvia&#8221; y &#8220;Nunca comprend\u00ed&#8221;, entre muchas otras.<\/p>\n<p>&nbsp;<\/p>\n<p><img loading=\"lazy\" decoding=\"async\" class=\"aligncenter size-full wp-image-21271\" src=\"https:\/\/lapiedrafilosofal.com\/wp-content\/uploads\/2017\/03\/Vicky.jpg\" alt=\"\" width=\"480\" height=\"360\" srcset=\"https:\/\/oscarhumbertogomez.com\/wp-content\/uploads\/2017\/03\/Vicky.jpg 480w, https:\/\/oscarhumbertogomez.com\/wp-content\/uploads\/2017\/03\/Vicky-300x225.jpg 300w\" sizes=\"auto, (max-width: 480px) 100vw, 480px\" \/><\/p>\n<p>&nbsp;<\/p>\n<p>Esperanza aparecer\u00e1 en los discos como compositora, pero Vicky ser\u00e1 la que figure como el personaje estelar de los fonogramas, que jam\u00e1s han sido los compositores, sino los int\u00e9rpretes, tratamiento que ella criticar\u00e1 en entrevista a El Tiempo, entrevista que no ser\u00e1 publicada y a la cual solamente se referir\u00e1 el diario cuando ella muera. &#8220;Es raro que digas &#8220;me gusta esa canci\u00f3n&#8221;; raro, porque te enamoras del int\u00e9rprete, y deber\u00eda ser del compositor&#8221;, dice el matutino que ella dijo. (El Tiempo, 16 de marzo de 2017).<\/p>\n<p>El candidato presidencial por el partido liberal Luis Carlos Gal\u00e1n Sarmiento, seguro presidente de la Rep\u00fablica para el per\u00edodo 1990-1994, reconoce en una entrevista televisiva que su artista preferida es Vicky. Desde ese momento tengo la certeza de que, si llega a ser Jefe de Estado, como m\u00ednimo le impondr\u00e1 la Cruz de Boyac\u00e1. De hecho, se la merece. Y se la merece m\u00e1s que muchos otros a quienes se la han otorgado sin que se les haya visto cu\u00e1les m\u00e9ritos hicieron para haberse hecho dignos de su otorgamiento.<\/p>\n<p>Pero no. El 18 de agosto de 1989, cuando Vicky tiene algo m\u00e1s de cuarenta a\u00f1os de edad, el prestigioso pol\u00edtico bumangu\u00e9s es asesinado en Soacha, poblaci\u00f3n cercana a Bogot\u00e1, gracias a una deplorable confabulaci\u00f3n entre criminales y servidores del Estado, incluyendo dentro de estos a quienes estaban a cargo de coordinar su protecci\u00f3n.<\/p>\n<p>&nbsp;<\/p>\n<p><img loading=\"lazy\" decoding=\"async\" class=\"aligncenter size-large wp-image-21287\" src=\"https:\/\/lapiedrafilosofal.com\/wp-content\/uploads\/2017\/03\/VICKY-IV-713x1024.jpg\" alt=\"\" width=\"640\" height=\"919\" srcset=\"https:\/\/oscarhumbertogomez.com\/wp-content\/uploads\/2017\/03\/VICKY-IV-713x1024.jpg 713w, https:\/\/oscarhumbertogomez.com\/wp-content\/uploads\/2017\/03\/VICKY-IV-209x300.jpg 209w, https:\/\/oscarhumbertogomez.com\/wp-content\/uploads\/2017\/03\/VICKY-IV-768x1103.jpg 768w, https:\/\/oscarhumbertogomez.com\/wp-content\/uploads\/2017\/03\/VICKY-IV.jpg 1999w\" sizes=\"auto, (max-width: 640px) 100vw, 640px\" \/><\/p>\n<p>&nbsp;<\/p>\n<p>Hoy, cuando ella ya no est\u00e1, son muchas las cosas que se recuerdan de su paso por la vida. Se recuerda, por ejemplo, que le ten\u00eda fobia a viajar en avi\u00f3n y eso, en el sentir de calificados analistas, fue la causa determinante de que no trascendiera m\u00e1s en el exterior de lo que, a pesar de ello, trascendi\u00f3.<\/p>\n<p>Yo pienso que hubo, sin embargo, otra causa: la de que se propuso cantar ella misma sus canciones y esa radical postura de cantautora termin\u00f3 perjudicando la proyecci\u00f3n de sus obras musicales. Adem\u00e1s, se propuso igualmente no cantar canciones ajenas, por lo cual casi todos los temas que grab\u00f3 en su extensa discograf\u00eda son de su autor\u00eda.<\/p>\n<p>Era, en todo caso, &#8220;una persona reservada&#8221;. As\u00ed la defini\u00f3 el cantautor Harold, tambi\u00e9n vallecaucano y otra de las figuras que descoll\u00f3 en la misma \u00e9poca. Indicio de ello lo constituye lo acaecido con su libro autobiogr\u00e1fico. Se llama &#8220;Canto de gorri\u00f3n&#8221;, lo empez\u00f3 a escribir desde que era ni\u00f1a y lo public\u00f3 en 2014, pero solo lo distribuy\u00f3 entre personas muy cercanas.<\/p>\n<p>Era de una bondad elemental, pero infortunadamente no pocos se aprovecharon de ella. Como aquella familia paup\u00e9rrima a la que encontr\u00f3 durmiendo en la calle cerca de su residencia y se la llev\u00f3 para su casa, le dio albergue, comida y amistad, hasta que un d\u00eda en que regres\u00f3 a su hogar lo encontr\u00f3 literalmente desocupado. Como aquel indelicado personaje que pretendi\u00f3 apropiarse de una de sus canciones registr\u00e1ndola a nombre de \u00e9l, aprovech\u00e1ndose as\u00ed de que ella no se hab\u00eda preocupado nunca por hacerlo. En esa oportunidad, la justicia fall\u00f3 a su favor y la reconoci\u00f3 como la verdadera autora del tema.<\/p>\n<p>Pero su bondad no era solo hacia los seres humanos m\u00e1s desvalidos. Tambi\u00e9n apuntaba hacia los animales. Su canci\u00f3n &#8220;Pobre gorri\u00f3n&#8221;, por ejemplo, se la inspir\u00f3 un pajarito que, en una lluviosa tarde bogotana, lleg\u00f3 a buscar refugio en una de las ventanas de su residencia. De hecho, viv\u00eda en la casa de sus padres con cuatro perritas, a las que cari\u00f1osamente llamaba &#8220;mis hijitas peluditas&#8221;.<\/p>\n<p>Se acompa\u00f1aba con la guitarra, pero jam\u00e1s estudi\u00f3 m\u00fasica, por lo cual compon\u00eda, seg\u00fan explicaba, a lo &#8220;desgualeta&#8217;o&#8221;, &#8220;a la troche y moche&#8221;.<\/p>\n<p>Siempre respet\u00f3 la m\u00fasica andina colombiana e, incluso, grab\u00f3 canciones como el pasillo &#8220;Ac\u00edbar en los labios&#8221; de Jorge Villamil y el precioso bambuco de su propia autor\u00eda titulado &#8220;A Colombia&#8221;, que las emisoras de este pa\u00eds sin identidad se encargaron, como era de esperarse, de silenciar para siempre.<\/p>\n<p>&nbsp;<\/p>\n<p><img loading=\"lazy\" decoding=\"async\" class=\"aligncenter size-large wp-image-25798\" src=\"https:\/\/lapiedrafilosofal.com\/wp-content\/uploads\/2017\/03\/VICKY--1019x1024.jpg\" alt=\"\" width=\"640\" height=\"643\" srcset=\"https:\/\/oscarhumbertogomez.com\/wp-content\/uploads\/2017\/03\/VICKY--1019x1024.jpg 1019w, https:\/\/oscarhumbertogomez.com\/wp-content\/uploads\/2017\/03\/VICKY--150x150.jpg 150w, https:\/\/oscarhumbertogomez.com\/wp-content\/uploads\/2017\/03\/VICKY--300x300.jpg 300w, https:\/\/oscarhumbertogomez.com\/wp-content\/uploads\/2017\/03\/VICKY--768x772.jpg 768w, https:\/\/oscarhumbertogomez.com\/wp-content\/uploads\/2017\/03\/VICKY-.jpg 1592w\" sizes=\"auto, (max-width: 640px) 100vw, 640px\" \/><\/p>\n<p>&nbsp;<\/p>\n<p>En la g\u00e9lida y brumosa madrugada del mi\u00e9rcoles 15 de marzo de 2017, Esperanza se encuentra acostada en una de las varias camas de un sal\u00f3n del Hospital San Ignacio, en la fr\u00eda, nublada y triste Bogot\u00e1. Para ese momento don Saulo y do\u00f1a Graciela ya no est\u00e1n con ella; han muerto a\u00f1os atr\u00e1s. Tampoco la acompa\u00f1a ninguno de sus dos hermanos. Esperanza Acevedo Ossa, la magn\u00edfica compositora colombiana; Vicky, la estrella refulgente de &#8220;El Club del Clan&#8221; en los maravillosos a\u00f1os 60; aquella cantante dulce que tanto conmovi\u00f3 los corazones de sus compatriotas, ya no es la jovencita de 19 a\u00f1os que interpret\u00f3 &#8220;T\u00fa ser\u00e1s mi baby&#8221; muchos a\u00f1os atr\u00e1s, sino una dama de sesenta y nueve a\u00f1os que est\u00e1 enferma. S\u00ed, a nuestra Vicky, a Vicky de Colombia \u2014como decidieron rebautizarla sus seguidores\u2014 le han diagnosticado c\u00e1ncer y su \u00fanica preocupaci\u00f3n en la tierra es el incierto futuro de sus cuatro perritas. Junto a ella hay una mujer m\u00e1s joven y m\u00e1s menuda que ella, que casi cuarenta a\u00f1os atr\u00e1s lleg\u00f3 a Colombia procedente del vecino Ecuador y se hizo su empleada dom\u00e9stica hasta terminar convirti\u00e9ndose en su dama de compa\u00f1\u00eda. Esa mujer se llama Lily Pascuaza. Nadie m\u00e1s est\u00e1 con ella. Atr\u00e1s han quedado los escenarios luminosos, y el p\u00fablico que corea sus canciones, y los aplausos fren\u00e9ticos de las multitudes conmovidas con su voz; y la televisi\u00f3n, y la red de radiodifusoras que transmiten al aire su canto, y las p\u00e1ginas extensas de los peri\u00f3dicos que hablan de su \u00faltima producci\u00f3n discogr\u00e1fica, y los amores y desamores que le prodig\u00f3 la vida, y las alegr\u00edas del \u00e9xito; y las l\u00e1grimas de las adversidades; y las entrevistas, y los anuncios en las tarimas, y su aparici\u00f3n en los escenarios luminosos, y los chismes de far\u00e1ndula que despedazan honras, y la envidia de cantantes que nunca pudieron reconocer que era mejor que ellas, y la simpat\u00eda indeclinable de sus admiradores, y los discos de oro y de platino, y las condecoraciones, y los oropeles de la fama. &#8220;Brindemos por la vida \u2014llegar\u00e1 a exclamar en uno de sus valses el famoso compositor huilense Jorge Villamil\u2014. Brindemos por la vida, pues todo es oropel&#8221;. S\u00ed, tiene raz\u00f3n: todo finalmente es fantas\u00eda.<\/p>\n<p>De pronto, Vicky, la paciente ilustre a la que ya nadie reconocer\u00eda de lo cambiada que est\u00e1 como producto de su agresiva enfermedad y de la agresividad de sus tratamientos, le pide a la solitaria persona que la acompa\u00f1a, a su antigua y fiel empleada, que se acueste a su lado. &#8220;\u00bfQue me acueste a su lado?&#8221;, le pregunta Lily desconcertada. &#8220;S\u00ed, mija \u2014le reitera la patrona\u2014. Acu\u00e9state aqu\u00ed a mi lado y acomp\u00e1\u00f1ame; no me dejes sola&#8221;. &#8220;No, se\u00f1orita, claro que yo no la voy a dejar sola&#8221;. Y Lily le obedece sin poder evitar la verg\u00fcenza que le produce acostarse al lado de la artista a la que ella tanto admira y tanto respeta. Los minutos prosiguen su marcha. &#8220;Lily&#8221;, le dice de pronto a la empleada. &#8220;\u00bfS\u00ed, se\u00f1orita?&#8221;, le responde esta, llam\u00e1ndola otra vez como siempre decidi\u00f3 llamarla luego de que su patrona le pidiera reci\u00e9n lleg\u00f3 a su casa que no le dijera se\u00f1ora, ni do\u00f1a, sino Esperanza o Vicky. &#8220;\u00bfMe ayudas a orar?&#8221;, le pregunta Vicky respirando con dificultad. &#8220;Claro que s\u00ed, se\u00f1orita \u2014le responde Lily\u2014. Oremos por su salud&#8221;. &#8220;Por mi salud, no \u2014le rectifica la artista\u2014. Oremos para que Dios me lleve ya hoy a su lado; me siento muy cansada y ya quiero irme, Lily&#8221;. Entonces Lily rompe a llorar, se levanta decidida de la cama y de pie frente a ella se opone a que esa sea la finalidad de la oraci\u00f3n. &#8220;No, no, se\u00f1orita, \u00a1c\u00f3mo se le ocurre!\u2014 le dice ba\u00f1ada en l\u00e1grimas y tratando de sobreponerse a los sollozos\u2014. Vamos a orar, pero no para que mi Diosito se la lleve, sino para que usted se cure&#8221;.<\/p>\n<p>Entonces, la artista demacrada, que esa gris ma\u00f1ana se refunde entre decenas de pacientes an\u00f3nimos de aquel hospital; la estrella de la far\u00e1ndula que hasta ese momento se ha venido apagando en medio de la indolencia de su EPS, con la que ha tenido que pelear para que le autorice los tratamientos y los f\u00e1rmacos que requiere; la gran cantautora que recibi\u00f3 discos de oro y de platino por las millonarias ventas de sus grabaciones discogr\u00e1ficas; la talentosa Vicky, se incorpora con dificultad en su lecho de enferma y, entonces, all\u00ed, sentada, fatigada, triste, con sus manos juntas y su mirada hacia el piso taciturno, comienza a orar junto a su servidora de tantos a\u00f1os, que no cesa de llorar a su lado. Est\u00e1 muy p\u00e1lida, muy extenuada y ya para entonces ha perdido por completo su hermoso cabello.<\/p>\n<p>Pocas horas despu\u00e9s, ese mismo d\u00eda mi\u00e9rcoles 15 de marzo, la voz de Vicky ya no emerge de su garganta; ya la ilustre paciente no puede hablar y permanece acostada esperando el fin. Entonces, en un momento determinado, agarra la mano de la devastada Lily entre la suya y se la mantiene asida mientras esta le suplica, presa de la desesperaci\u00f3n y sumida en un mar de l\u00e1grimas: &#8220;\u00a1No se vaya, se\u00f1orita!; \u00a1se\u00f1orita, no se vaya! \u00a1O ll\u00e9venos con usted, se\u00f1orita!; \u00a1ll\u00e9venos a m\u00ed y a sus cuatro hijitas peluditas al Cielo, se\u00f1orita!; \u00a1no nos deje aqu\u00ed!; \u00a1ll\u00e9venos, se\u00f1orita, ll\u00e9venos!&#8221;. Pero su patrona ya no responde. Hasta que, segundos despu\u00e9s, Lily siente que la mano que sujeta la suya se va abriendo poco a poco y acaba por solt\u00e1rsela. Entonces, estalla en llanto y en gritos de dolor, pues comprende que Vicky ha muerto. &#8220;\u00a1Que alguien venga, Dios m\u00edo! \u2014grita con el alma desgarrada\u2014. Que alguien venga, que la se\u00f1orita se muri\u00f3!&#8221;.<\/p>\n<p>&nbsp;<\/p>\n<p><img loading=\"lazy\" decoding=\"async\" class=\"aligncenter size-full wp-image-21330\" src=\"https:\/\/lapiedrafilosofal.com\/wp-content\/uploads\/2017\/03\/VICKY-V.jpg\" alt=\"\" width=\"455\" height=\"537\" srcset=\"https:\/\/oscarhumbertogomez.com\/wp-content\/uploads\/2017\/03\/VICKY-V.jpg 455w, https:\/\/oscarhumbertogomez.com\/wp-content\/uploads\/2017\/03\/VICKY-V-254x300.jpg 254w\" sizes=\"auto, (max-width: 455px) 100vw, 455px\" \/><\/p>\n<p>&nbsp;<\/p>\n<p>A los pocos minutos se comenzar\u00e1 a anunciar al pa\u00eds su fallecimiento. La revista Semana dir\u00e1 que se hizo famosa cantando canciones de protesta. La Sociedad de Autores y Compositores de Colombia (SAYCO), que antes hab\u00eda dicho que naci\u00f3 en Anserma, Caldas, y que ten\u00eda 72 a\u00f1os, cometer\u00e1 un segundo error al decir despu\u00e9s que naci\u00f3 en Palmira. Otros dir\u00e1n otras cosas por el estilo. Unos \u2014como RCN, la FM o Minuto 30\u2014 dir\u00e1n que su muerte la anunci\u00f3 &#8220;su hijo&#8221;, sin dar el nombre de este, cosa que tampoco podr\u00edan haber hecho porque Vicky no tuvo hijos. Otros \u2014como Caracol Radio\u2014 no solo se ir\u00e1n por las generalidades y dir\u00e1n que &#8220;naci\u00f3 en el Valle del Cauca&#8221;, sino que pasar\u00e1n por encima de su exitosa aparici\u00f3n en los dorados a\u00f1os 60 y de sus excelsas calidades como compositora para circunscribirse a decir que &#8220;cantaba m\u00fasica balada&#8221; y que esa m\u00fasica que cantaba &#8220;la hizo c\u00e9lebre en la d\u00e9cada de los 70&#8221;. Y, claro, como era de esperarse, no faltar\u00e1n los que aseveren que Lily Pascuaza era &#8220;su pareja&#8221;, dando a entender que hac\u00edan vida marital, comentario que exacerbar\u00e1n con inaudita perfidia cuando meses m\u00e1s tarde, una ma\u00f1ana cualquiera, Lily sea encontrada sin vida cerca a la puerta de la casa que da a la calle mientras el escaso mobiliario que a\u00fan sobreviv\u00eda hasta esa ma\u00f1ana lo hallan despedazado por las cuatro perritas de Vicky que, a juzgar por sus ladridos desesperados, se mor\u00edan de sed y de hambre. Las mismas lenguas viperinas de cobardes a la sombra, as\u00ed como en los a\u00f1os 60 echaron a rodar la especie de que era un hombre, ahora, en la hora de su muerte, pretendieron echar a rodar la bola de que era lesbiana.<\/p>\n<p>Uno de sus m\u00e1s fieles seguidores, el sacerdote cat\u00f3lico misionero caldense Gustavo Quiceno Jaramillo, al dar la noticia de su fallecimiento, remat\u00f3 su hermoso escrito con las siguientes palabras sobre Vicky:<\/p>\n<p>&#8220;<em>Se destac\u00f3 por ser una mujer honesta, justa, fiel a sus principios, nunca quiso casarse ni tener hijos, por decisi\u00f3n propia, aunque admiradores, novios y hasta marido no le faltaron. <\/em><\/p>\n<p><em>Siempre fue una convencida defensora de los animales. Viv\u00eda sola en la casa de sus padres en Bogot\u00e1, con varios perros y su ayudante dom\u00e9stica que le acompa\u00f1aba hac\u00eda m\u00e1s de 30 a\u00f1os. <\/em><\/p>\n<p><em>Dios te bendiga, Esperanza, y te acoja en su santo seno. Gracias por tu existencia y, como canta Abba: &#8220;Gracias por la m\u00fasica<\/em>&#8220;&#8221;.<\/p>\n<p>_________<\/p>\n<p>&nbsp;<\/p>\n<p><span style=\"color: #000080;\"><strong>ILUSTRACIONES<\/strong><\/span>:<\/p>\n<p>(1) Esperanza Acevedo Ossa, Vicky. Fotograf\u00eda de los a\u00f1os 60. Arte: Pedro Jes\u00fas Vargas Cordero.<\/p>\n<p>(2), (4) y (5) Vicky en diversas etapas de su vida.<\/p>\n<p>(3) Portada del libro autobiogr\u00e1fico de Vicky &#8220;Canto de Gorri\u00f3n&#8221;, publicado en el a\u00f1o 2014 y de circulaci\u00f3n restringida.<\/p>\n<p>________<\/p>\n<p>&nbsp;<\/p>\n","protected":false},"excerpt":{"rendered":"<p>&nbsp; Deben ser un poco m\u00e1s de las once de la noche y el raudo e inmenso autob\u00fas interdepartamental avanza casi a oscuras; \u00fanicamente tiene prendidas las lucecitas interiores que escasamente me permiten ver a mi m\u00e1s cercano alrededor. Ya &hellip; <a href=\"https:\/\/oscarhumbertogomez.com\/?p=32484\">Sigue leyendo <span class=\"meta-nav\">&rarr;<\/span><\/a><\/p>\n<div class='heateorSssClear'><\/div><div  class='heateor_sss_sharing_container heateor_sss_horizontal_sharing' heateor-sss-data-href='https:\/\/oscarhumbertogomez.com\/?p=32484'><div class='heateor_sss_sharing_title' style=\"font-weight:bold\" >\u00a1Gracias por compartirla!<\/div><ul class=\"heateor_sss_sharing_ul\"><li class=\"heateorSssSharingRound\"><i style=\"width:35px;height:35px;border-radius:999px;\" alt=\"Facebook\" Title=\"Facebook\" class=\"heateorSssSharing heateorSssFacebookBackground\" onclick='heateorSssPopup(\"https:\/\/www.facebook.com\/sharer\/sharer.php?u=https%3A%2F%2Foscarhumbertogomez.com%2Findex.php%3Frest_route%3D%252Fwp%252Fv2%252Fposts%252F32484\")'><ss style=\"display:block;border-radius:999px;\" class=\"heateorSssSharingSvg heateorSssFacebookSvg\"><\/ss><\/i><\/li><li class=\"heateorSssSharingRound\"><i style=\"width:35px;height:35px;border-radius:999px;\" alt=\"Twitter\" Title=\"Twitter\" class=\"heateorSssSharing heateorSssTwitterBackground\" onclick='heateorSssPopup(\"http:\/\/twitter.com\/intent\/tweet?text=VICKY.%20Cr%C3%B3nica%20de%20una%20%C3%A9poca.%20CAP%C3%8DTULO%20III.%20Por%20%C3%93scar%20Humberto%20G%C3%B3mez%20G%C3%B3mez%2C%20Miembro%20de%20la%20Academia%20de%20Historia%20de%20Santander%20y%20Miembro%20del%20Colegio%20Nacional%20de%20Periodistas&url=https%3A%2F%2Foscarhumbertogomez.com%2Findex.php%3Frest_route%3D%252Fwp%252Fv2%252Fposts%252F32484\")'><ss style=\"display:block;border-radius:999px;\" class=\"heateorSssSharingSvg heateorSssTwitterSvg\"><\/ss><\/i><\/li><li class=\"heateorSssSharingRound\"><i style=\"width:35px;height:35px;border-radius:999px;\" alt=\"Whatsapp\" Title=\"Whatsapp\" class=\"heateorSssSharing heateorSssWhatsappBackground\" onclick='heateorSssPopup(\"https:\/\/web.whatsapp.com\/send?text=VICKY.%20Cr%C3%B3nica%20de%20una%20%C3%A9poca.%20CAP%C3%8DTULO%20III.%20Por%20%C3%93scar%20Humberto%20G%C3%B3mez%20G%C3%B3mez%2C%20Miembro%20de%20la%20Academia%20de%20Historia%20de%20Santander%20y%20Miembro%20del%20Colegio%20Nacional%20de%20Periodistas https%3A%2F%2Foscarhumbertogomez.com%2Findex.php%3Frest_route%3D%252Fwp%252Fv2%252Fposts%252F32484\")'><ss style=\"display:block\" class=\"heateorSssSharingSvg heateorSssWhatsappSvg\"><\/ss><\/i><\/li><li class=\"heateorSssSharingRound\"><i style=\"width:35px;height:35px;border-radius:999px;\" alt=\"Pinterest\" Title=\"Pinterest\" class=\"heateorSssSharing heateorSssPinterestBackground\" onclick=\"javascript:void( (function() {var e=document.createElement('script' );e.setAttribute('type','text\/javascript' );e.setAttribute('charset','UTF-8' );e.setAttribute('src','\/\/assets.pinterest.com\/js\/pinmarklet.js?r='+Math.random()*99999999);document.body.appendChild(e)})());\"><ss style=\"display:block;border-radius:999px;\" class=\"heateorSssSharingSvg heateorSssPinterestSvg\"><\/ss><\/i><\/li><li class=\"heateorSssSharingRound\"><i style=\"width:35px;height:35px;border-radius:999px;\" alt=\"Google Gmail\" Title=\"Google Gmail\" class=\"heateorSssSharing heateorSssGoogleGmailBackground\" onclick='heateorSssPopup(\"https:\/\/mail.google.com\/mail\/?ui=2&view=cm&fs=1&tf=1&su=VICKY.%20Cr%C3%B3nica%20de%20una%20%C3%A9poca.%20CAP%C3%8DTULO%20III.%20Por%20%C3%93scar%20Humberto%20G%C3%B3mez%20G%C3%B3mez%2C%20Miembro%20de%20la%20Academia%20de%20Historia%20de%20Santander%20y%20Miembro%20del%20Colegio%20Nacional%20de%20Periodistas&body=Link:https%3A%2F%2Foscarhumbertogomez.com%2Findex.php%3Frest_route%3D%252Fwp%252Fv2%252Fposts%252F32484\")'><ss style=\"display:block;border-radius:999px;\" class=\"heateorSssSharingSvg heateorSssGoogleGmailSvg\"><\/ss><\/i><\/li><li class=\"heateorSssSharingRound\"><i style=\"width:35px;height:35px;border-radius:999px;\" title=\"More\" alt=\"More\" class=\"heateorSssSharing heateorSssMoreBackground\" onclick=\"heateorSssMoreSharingPopup(this, 'https:\/\/oscarhumbertogomez.com\/index.php?rest_route=%2Fwp%2Fv2%2Fposts%2F32484', 'VICKY.%20Cr%C3%B3nica%20de%20una%20%C3%A9poca.%20CAP%C3%8DTULO%20III.%20Por%20%C3%93scar%20Humberto%20G%C3%B3mez%20G%C3%B3mez%2C%20Miembro%20de%20la%20Academia%20de%20Historia%20de%20Santander%20y%20Miembro%20del%20Colegio%20Nacional%20de%20Periodistas', '' )\" ><ss style=\"display:block\" class=\"heateorSssSharingSvg heateorSssMoreSvg\"><\/ss><\/i><\/li><\/ul><div class=\"heateorSssClear\"><\/div><\/div><div class='heateorSssClear'><\/div>","protected":false},"author":2,"featured_media":0,"comment_status":"closed","ping_status":"closed","sticky":false,"template":"","format":"standard","meta":{"spay_email":"","footnotes":""},"categories":[8,11],"tags":[],"class_list":["post-32484","post","type-post","status-publish","format-standard","hentry","category-musica","category-periodismo"],"jetpack_featured_media_url":"","jetpack_shortlink":"https:\/\/wp.me\/p1FYrr-8rW","_links":{"self":[{"href":"https:\/\/oscarhumbertogomez.com\/index.php?rest_route=\/wp\/v2\/posts\/32484","targetHints":{"allow":["GET"]}}],"collection":[{"href":"https:\/\/oscarhumbertogomez.com\/index.php?rest_route=\/wp\/v2\/posts"}],"about":[{"href":"https:\/\/oscarhumbertogomez.com\/index.php?rest_route=\/wp\/v2\/types\/post"}],"author":[{"embeddable":true,"href":"https:\/\/oscarhumbertogomez.com\/index.php?rest_route=\/wp\/v2\/users\/2"}],"replies":[{"embeddable":true,"href":"https:\/\/oscarhumbertogomez.com\/index.php?rest_route=%2Fwp%2Fv2%2Fcomments&post=32484"}],"version-history":[{"count":5,"href":"https:\/\/oscarhumbertogomez.com\/index.php?rest_route=\/wp\/v2\/posts\/32484\/revisions"}],"predecessor-version":[{"id":53554,"href":"https:\/\/oscarhumbertogomez.com\/index.php?rest_route=\/wp\/v2\/posts\/32484\/revisions\/53554"}],"wp:attachment":[{"href":"https:\/\/oscarhumbertogomez.com\/index.php?rest_route=%2Fwp%2Fv2%2Fmedia&parent=32484"}],"wp:term":[{"taxonomy":"category","embeddable":true,"href":"https:\/\/oscarhumbertogomez.com\/index.php?rest_route=%2Fwp%2Fv2%2Fcategories&post=32484"},{"taxonomy":"post_tag","embeddable":true,"href":"https:\/\/oscarhumbertogomez.com\/index.php?rest_route=%2Fwp%2Fv2%2Ftags&post=32484"}],"curies":[{"name":"wp","href":"https:\/\/api.w.org\/{rel}","templated":true}]}}