{"id":32584,"date":"2020-03-19T20:16:08","date_gmt":"2020-03-20T01:16:08","guid":{"rendered":"http:\/\/www.oscarhumbertogomez.com\/?p=32584"},"modified":"2025-04-04T21:25:22","modified_gmt":"2025-04-05T02:25:22","slug":"el-coronavirus-mutante-y-el-redescubrimiento-del-ser-humano-iii-por-oscar-humberto-gomez-gomez","status":"publish","type":"post","link":"https:\/\/oscarhumbertogomez.com\/?p=32584","title":{"rendered":"LAS PANDEMIAS Y EL REDESCUBRIMIENTO DEL SER HUMANO. (III). Por \u00d3scar Humberto G\u00f3mez G\u00f3mez"},"content":{"rendered":"<div id=\"attachment_22947\" style=\"width: 650px\" class=\"wp-caption aligncenter\"><img loading=\"lazy\" decoding=\"async\" aria-describedby=\"caption-attachment-22947\" class=\"size-large wp-image-22947\" src=\"https:\/\/oscarhumbertogomez.com\/wp-content\/uploads\/2017\/07\/20170401-170514-678x1024.jpg\" alt=\"\" width=\"640\" height=\"967\" srcset=\"https:\/\/oscarhumbertogomez.com\/wp-content\/uploads\/2017\/07\/20170401-170514-678x1024.jpg 678w, https:\/\/oscarhumbertogomez.com\/wp-content\/uploads\/2017\/07\/20170401-170514-199x300.jpg 199w, https:\/\/oscarhumbertogomez.com\/wp-content\/uploads\/2017\/07\/20170401-170514-768x1160.jpg 768w\" sizes=\"auto, (max-width: 640px) 100vw, 640px\" \/><p id=\"caption-attachment-22947\" class=\"wp-caption-text\">\u00d3SCAR HUMBERTO G\u00d3MEZ G\u00d3MEZ [Fotograf\u00eda: Fernando Rueda V.]<\/p><\/div>\n<p>&nbsp;<\/p>\n<p>&#8220;Richard titube\u00f3 y mir\u00f3 a Rieux.<\/p>\n<p>-Sinceramente, d\u00edgame usted lo que piensa. \u00bfTiene usted la seguridad de que se trata de la peste?<\/p>\n<p>-Plantea usted mal el problema. No es una cuesti\u00f3n de vocabulario: es una cuesti\u00f3n de tiempo.<\/p>\n<p>-Su opini\u00f3n -dijo el prefecto- ser\u00eda entonces que, incluso si no se tratase de la peste, las medidas profil\u00e1cticas indicadas en tiempo de peste se deber\u00edan aplicar.<\/p>\n<p>-Si es absolutamente necesario que yo tenga una opini\u00f3n, en efecto, esa es.<\/p>\n<p>Los m\u00e9dicos se consultaron unos a otros y Richard acab\u00f3 por decir:<\/p>\n<p>-Entonces es necesario que tomemos la responsabilidad de obrar como si la enfermedad fuera una peste.<\/p>\n<p>La f\u00f3rmula fue calurosamente aprobada.<\/p>\n<p>-\u00bfEs esta su opini\u00f3n, querido colega?<\/p>\n<p>-La f\u00f3rmula me es indiferente -dijo Rieux-. Digamos solamente que no debemos obrar como si la mitad de la poblaci\u00f3n no estuviese amenazada de muerte, porque entonces lo estar\u00e1.<\/p>\n<p>En medio de la irritaci\u00f3n general Rieux se fue.<\/p>\n<p>Poco despu\u00e9s, en el arrabal que ol\u00eda a frituras y a orinas le imploraba una mujer, gritando como el perro que a\u00falla a la muerte, con las ingles ensangrentadas.<\/p>\n<p>Al d\u00eda siguiente de la conferencia, la fiebre dio un peque\u00f1o salto. Lleg\u00f3 a aparecer en los peri\u00f3dicos, pero bajo una forma benigna, puesto que se contentaron con hacer algunas alusiones. En todo caso, al otro d\u00eda Rieux pudo leer peque\u00f1os carteles blancos que la prefectura hab\u00eda hecho pegar r\u00e1pidamente en las esquinas m\u00e1s discretas de la ciudad.<\/p>\n<p>Era dif\u00edcil tomar este anuncio como prueba de que las autoridades miraban la situaci\u00f3n cara a cara. Las medidas no eran draconianas y parec\u00edan haber sacrificado mucho al deseo de no inquietar a la opini\u00f3n p\u00fablica. El exordio anunciaba, en efecto, que unos cuantos casos de cierta fiebre maligna, de la que todav\u00eda no se pod\u00eda decir si era contagiosa, hab\u00edan hecho su aparici\u00f3n en la ciudad de Or\u00e1n. Estos casos no eran a\u00fan bastante caracter\u00edsticos para resultar realmente alarmantes y nadie dudaba de que la poblaci\u00f3n sabr\u00eda conservar su sangre fr\u00eda. Sin embargo, y con un prop\u00f3sito de prudencia que deb\u00eda ser comprendido por todo el mundo, el prefecto tomaba algunas medidas preventivas. En consecuencia, el prefecto no dudaba un instante de la adhesi\u00f3n con que el vecindario colaborar\u00eda en su esfuerzo personal. El cartel anunciaba despu\u00e9s medidas de conjunto, entre ellas una desratizaci\u00f3n cient\u00edfica por inyecci\u00f3n de gases t\u00f3xicos en las alcantarillas y una vigilancia estrecha de los alimentos en contacto con el agua. Recomendaba a los habitantes la limpieza m\u00e1s extremada e invitaba, en fin, a los que tuvieran par\u00e1sitos a presentarse en los dispensarios municipales. Adem\u00e1s, las familias deber\u00edan declarar los casos diagnosticados por el m\u00e9dico y consentir que sus enfermos fueran aislados en las salas especiales del hospital. Estas salas, por otra parte, estaban equipadas para cuidar a los enfermos en un m\u00ednimum de tiempo posible y con el m\u00e1ximum de probabilidades de curaci\u00f3n. Algunos art\u00edculos suplementarios somet\u00edan a la desinfecci\u00f3n obligatoria el cuarto del enfermo y el veh\u00edculo de transporte. En cuanto al resto se limitaban a recomendar a los que rodeaban al enfermo que se sometieran a una vigilancia sanitaria. El doctor Rieux se volvi\u00f3 bruscamente despu\u00e9s de leer el cartel y tom\u00f3 el camino de su consultorio.<\/p>\n<p>Joseph Grand, que lo esperaba, levant\u00f3 otra vez los brazos al verle entrar.<\/p>\n<p>-S\u00ed -dijo Rieux-, ya s\u00e9, las cifras suben.<\/p>\n<p>La v\u00edspera, una docena de enfermos hab\u00eda sucumbido en la ciudad&#8221;. (Albert Camus. &#8220;La peste&#8221;. 1947).<\/p>\n<p>&nbsp;<\/p>\n<p>Esta es &#8220;la decencia&#8221;.<\/p>\n<p>S\u00ed, &#8220;la decencia&#8221; de la que habla, precisamente, el doctor Rieux, personaje central de &#8220;La peste&#8221;, de Albert Camus, en la memorable frase que reprodujimos en entrada anterior. &#8220;La decencia&#8221;, que es el arma con que cuenta una comunidad, una ciudad o una naci\u00f3n para enfrentarse a una epidemia, o la humanidad toda para enfrentarse a una pandemia.<\/p>\n<p>S\u00ed: es la decencia que significa, pongamos por caso, el cumplir con el deber; el ser fieles a unos principios \u00e9ticos, que se ponen a prueba, precisamente, en estos momentos particularmente dif\u00edciles; el procurar no poner jam\u00e1s en riesgo a los dem\u00e1s; el no aprovechar esta clase de coyunturas infortunadas en provecho propio; el tratar de auxiliar a quienes se tenga la posibilidad de ayudar de alguna manera, as\u00ed sea a trav\u00e9s de una voz de fe, de optimismo y de esperanza a trav\u00e9s del tel\u00e9fono.<\/p>\n<p>Pero hay otra decencia. Una decencia de colosal importancia para el planeta. Una decencia que ojal\u00e1 tengan en estas crisis los gobernantes, los poderosos, los amos y se\u00f1ores de los destinos del mundo: la decencia de no generar o atizar el p\u00e1nico colectivo para despu\u00e9s beneficiarse a manos llenas con la vacuna, con el medicamento terap\u00e9utico, con la venta masiva de aquello que el terror convirti\u00f3, sin serlo, en art\u00edculo de primera necesidad.<\/p>\n<p>En fin: despu\u00e9s de esta pandemia \u2014que, como lo habr\u00e1n notado, ha tenido mucha mayor difusi\u00f3n y ha desencadenado m\u00e1s miedo, paranoia y desesperanza que las inmediatamente anteriores, incluida la de la gripa porcina o AH1N1, cuyas verdaderas circunstancias antecedentes, concomitantes y subsiguientes, por cierto, jam\u00e1s fueron aclaradas\u2014, ya nada volver\u00e1 a ser igual.<\/p>\n<p>Queda por ver si ese &#8220;ya nada volver\u00e1 a ser igual&#8221; terminar\u00e1 refiri\u00e9ndose a que de ella saldr\u00e1n fortalecidos los valores \u00e9ticos y morales de nuestra sociedad; virtudes hermosas como la fraternidad y la solidaridad; sentimientos bellos y sublimes como la amistad y el amor; querencias nobles como el sentido de pertenencia a la tierra donde nacimos; ideales altruistas como el de la filantrop\u00eda y el ver siempre al pr\u00f3jimo en los dem\u00e1s.<\/p>\n<p>O si, por el contrario, como temen muchos, precisamente ser\u00e1n esos valores, esas virtudes, esos sentimientos, esas querencias y esos ideales, las mayores v\u00edctimas que deje la pandemia.<\/p>\n<p>_______<\/p>\n<p>&nbsp;<\/p>\n<p>NOTA: &#8220;Santander en la Red&#8221; acata, con respeto, la solicitud que han hecho los mamos de la naci\u00f3n arhuaca, de la Sierra Nevada de Santa Marta, para que no se siga mencionando por su nombre al agente causante de la pandemia, pues con ello se le termina invocando. Y no solo la acata, sino que, adem\u00e1s, se une a ella.<\/p>\n<p>Consecuentes con tal decisi\u00f3n, y como nuestros lectores podr\u00e1n observarlo, hemos procedido a modificar el t\u00edtulo de la serie y algunas partes de su contenido.<\/p>\n<p>&nbsp;<\/p>\n","protected":false},"excerpt":{"rendered":"<p>&nbsp; &#8220;Richard titube\u00f3 y mir\u00f3 a Rieux. -Sinceramente, d\u00edgame usted lo que piensa. \u00bfTiene usted la seguridad de que se trata de la peste? -Plantea usted mal el problema. No es una cuesti\u00f3n de vocabulario: es una cuesti\u00f3n de tiempo. &hellip; <a href=\"https:\/\/oscarhumbertogomez.com\/?p=32584\">Sigue leyendo <span class=\"meta-nav\">&rarr;<\/span><\/a><\/p>\n<div class='heateorSssClear'><\/div><div  class='heateor_sss_sharing_container heateor_sss_horizontal_sharing' heateor-sss-data-href='https:\/\/oscarhumbertogomez.com\/?p=32584'><div class='heateor_sss_sharing_title' style=\"font-weight:bold\" >\u00a1Gracias por compartirla!<\/div><ul class=\"heateor_sss_sharing_ul\"><li class=\"heateorSssSharingRound\"><i style=\"width:35px;height:35px;border-radius:999px;\" alt=\"Facebook\" Title=\"Facebook\" class=\"heateorSssSharing heateorSssFacebookBackground\" onclick='heateorSssPopup(\"https:\/\/www.facebook.com\/sharer\/sharer.php?u=https%3A%2F%2Foscarhumbertogomez.com%2Findex.php%3Frest_route%3D%252Fwp%252Fv2%252Fposts%252F32584\")'><ss style=\"display:block;border-radius:999px;\" class=\"heateorSssSharingSvg heateorSssFacebookSvg\"><\/ss><\/i><\/li><li class=\"heateorSssSharingRound\"><i style=\"width:35px;height:35px;border-radius:999px;\" alt=\"Twitter\" Title=\"Twitter\" class=\"heateorSssSharing heateorSssTwitterBackground\" onclick='heateorSssPopup(\"http:\/\/twitter.com\/intent\/tweet?text=LAS%20PANDEMIAS%20Y%20EL%20REDESCUBRIMIENTO%20DEL%20SER%20HUMANO.%20%28III%29.%20Por%20%C3%93scar%20Humberto%20G%C3%B3mez%20G%C3%B3mez&url=https%3A%2F%2Foscarhumbertogomez.com%2Findex.php%3Frest_route%3D%252Fwp%252Fv2%252Fposts%252F32584\")'><ss style=\"display:block;border-radius:999px;\" class=\"heateorSssSharingSvg heateorSssTwitterSvg\"><\/ss><\/i><\/li><li class=\"heateorSssSharingRound\"><i style=\"width:35px;height:35px;border-radius:999px;\" alt=\"Whatsapp\" Title=\"Whatsapp\" class=\"heateorSssSharing heateorSssWhatsappBackground\" onclick='heateorSssPopup(\"https:\/\/web.whatsapp.com\/send?text=LAS%20PANDEMIAS%20Y%20EL%20REDESCUBRIMIENTO%20DEL%20SER%20HUMANO.%20%28III%29.%20Por%20%C3%93scar%20Humberto%20G%C3%B3mez%20G%C3%B3mez https%3A%2F%2Foscarhumbertogomez.com%2Findex.php%3Frest_route%3D%252Fwp%252Fv2%252Fposts%252F32584\")'><ss style=\"display:block\" class=\"heateorSssSharingSvg heateorSssWhatsappSvg\"><\/ss><\/i><\/li><li class=\"heateorSssSharingRound\"><i style=\"width:35px;height:35px;border-radius:999px;\" alt=\"Pinterest\" Title=\"Pinterest\" class=\"heateorSssSharing heateorSssPinterestBackground\" onclick=\"javascript:void( (function() {var e=document.createElement('script' );e.setAttribute('type','text\/javascript' );e.setAttribute('charset','UTF-8' );e.setAttribute('src','\/\/assets.pinterest.com\/js\/pinmarklet.js?r='+Math.random()*99999999);document.body.appendChild(e)})());\"><ss style=\"display:block;border-radius:999px;\" class=\"heateorSssSharingSvg heateorSssPinterestSvg\"><\/ss><\/i><\/li><li class=\"heateorSssSharingRound\"><i style=\"width:35px;height:35px;border-radius:999px;\" alt=\"Google Gmail\" Title=\"Google Gmail\" class=\"heateorSssSharing heateorSssGoogleGmailBackground\" onclick='heateorSssPopup(\"https:\/\/mail.google.com\/mail\/?ui=2&view=cm&fs=1&tf=1&su=LAS%20PANDEMIAS%20Y%20EL%20REDESCUBRIMIENTO%20DEL%20SER%20HUMANO.%20%28III%29.%20Por%20%C3%93scar%20Humberto%20G%C3%B3mez%20G%C3%B3mez&body=Link:https%3A%2F%2Foscarhumbertogomez.com%2Findex.php%3Frest_route%3D%252Fwp%252Fv2%252Fposts%252F32584\")'><ss style=\"display:block;border-radius:999px;\" class=\"heateorSssSharingSvg heateorSssGoogleGmailSvg\"><\/ss><\/i><\/li><li class=\"heateorSssSharingRound\"><i style=\"width:35px;height:35px;border-radius:999px;\" title=\"More\" alt=\"More\" class=\"heateorSssSharing heateorSssMoreBackground\" onclick=\"heateorSssMoreSharingPopup(this, 'https:\/\/oscarhumbertogomez.com\/index.php?rest_route=%2Fwp%2Fv2%2Fposts%2F32584', 'LAS%20PANDEMIAS%20Y%20EL%20REDESCUBRIMIENTO%20DEL%20SER%20HUMANO.%20%28III%29.%20Por%20%C3%93scar%20Humberto%20G%C3%B3mez%20G%C3%B3mez', '' )\" ><ss style=\"display:block\" class=\"heateorSssSharingSvg heateorSssMoreSvg\"><\/ss><\/i><\/li><\/ul><div class=\"heateorSssClear\"><\/div><\/div><div class='heateorSssClear'><\/div>","protected":false},"author":2,"featured_media":0,"comment_status":"closed","ping_status":"closed","sticky":false,"template":"","format":"standard","meta":{"spay_email":"","footnotes":""},"categories":[1],"tags":[],"class_list":["post-32584","post","type-post","status-publish","format-standard","hentry","category-blog"],"jetpack_featured_media_url":"","jetpack_shortlink":"https:\/\/wp.me\/p1FYrr-8ty","_links":{"self":[{"href":"https:\/\/oscarhumbertogomez.com\/index.php?rest_route=\/wp\/v2\/posts\/32584","targetHints":{"allow":["GET"]}}],"collection":[{"href":"https:\/\/oscarhumbertogomez.com\/index.php?rest_route=\/wp\/v2\/posts"}],"about":[{"href":"https:\/\/oscarhumbertogomez.com\/index.php?rest_route=\/wp\/v2\/types\/post"}],"author":[{"embeddable":true,"href":"https:\/\/oscarhumbertogomez.com\/index.php?rest_route=\/wp\/v2\/users\/2"}],"replies":[{"embeddable":true,"href":"https:\/\/oscarhumbertogomez.com\/index.php?rest_route=%2Fwp%2Fv2%2Fcomments&post=32584"}],"version-history":[{"count":5,"href":"https:\/\/oscarhumbertogomez.com\/index.php?rest_route=\/wp\/v2\/posts\/32584\/revisions"}],"predecessor-version":[{"id":53574,"href":"https:\/\/oscarhumbertogomez.com\/index.php?rest_route=\/wp\/v2\/posts\/32584\/revisions\/53574"}],"wp:attachment":[{"href":"https:\/\/oscarhumbertogomez.com\/index.php?rest_route=%2Fwp%2Fv2%2Fmedia&parent=32584"}],"wp:term":[{"taxonomy":"category","embeddable":true,"href":"https:\/\/oscarhumbertogomez.com\/index.php?rest_route=%2Fwp%2Fv2%2Fcategories&post=32584"},{"taxonomy":"post_tag","embeddable":true,"href":"https:\/\/oscarhumbertogomez.com\/index.php?rest_route=%2Fwp%2Fv2%2Ftags&post=32584"}],"curies":[{"name":"wp","href":"https:\/\/api.w.org\/{rel}","templated":true}]}}