{"id":32754,"date":"2020-03-30T21:42:15","date_gmt":"2020-03-31T02:42:15","guid":{"rendered":"http:\/\/www.oscarhumbertogomez.com\/?p=32754"},"modified":"2025-02-14T22:57:38","modified_gmt":"2025-02-15T03:57:38","slug":"poesia-santandereana-viii-por-oscar-humberto-gomez-gomez","status":"publish","type":"post","link":"https:\/\/oscarhumbertogomez.com\/?p=32754","title":{"rendered":"POES\u00cdA SANTANDEREANA (VIII). Por \u00d3scar Humberto G\u00f3mez G\u00f3mez"},"content":{"rendered":"<p><span style=\"color: #ff0000;\"><strong>NOTA DEL PORTAL<\/strong>:<\/span><\/p>\n<p><strong><em> \u00a1Hola, amigas!<\/em><\/strong><\/p>\n<p><strong><em>\u00a1Hola, amigos!<\/em><\/strong><\/p>\n<p><strong><em><br \/>\n<\/em><\/strong><strong><em>Santander vive. Y la poes\u00eda santandereana vive. Porque la poes\u00eda no es sino la concreci\u00f3n en versos de todos sus sue\u00f1os, de sus fracasos, de sus logros, de sus alegr\u00edas, de sus melancol\u00edas, de sus adversidades. En los versos de nuestros poetas, unos humildes, casi imperceptibles, otros elocuentes, todos bellos, se concretan las ilusiones de los santandereanos, de los de ahora y de los de antes, de los santandereanos de siempre, de los que ya lo eran de esp\u00edritu cuando a\u00fan Santander ni siquiera exist\u00eda. S\u00ed: cuando no era una realidad pol\u00edtica, pero s\u00ed se vislumbraba en la actitud laboriosa de nuestro pueblo, en su negativa irreductible a ser esclavo, en su f\u00e9rrea oposici\u00f3n a las injusticias, en su esperanza indeclinable de ser libre. <\/em><\/strong><\/p>\n<p><strong><em><br \/>\n<\/em><\/strong><strong><em>Que jam\u00e1s perezcan nuestros poetas. Que siempre, pase lo que pase, se perpet\u00faen en el recuerdo imperecedero de su pluma, en el magnetismo de su humildad, en lo admirable de su entereza, en la nobleza de sus ideales, en el verdor de sus esperanzas, en la ilusi\u00f3n siempre viva de que el ma\u00f1ana habr\u00e1 de ser mejor que el hoy, un hoy lleno de pobreza, de tristeza y de incertidumbre. Que jam\u00e1s falte qui\u00e9n desempolve los viejos archivos, qui\u00e9n despierte la protesta dormida, qui\u00e9n refresque los recuerdos, qui\u00e9n reviva lo que fuimos.<\/em><\/strong><\/p>\n<p><strong><em>Aqu\u00ed est\u00e1 de nuevo la Poes\u00eda, en toda la plenitud de su esplendor, de su color y de su belleza.<\/em><\/strong><\/p>\n<p>_______________<\/p>\n<p>&nbsp;<\/p>\n<p><strong><span style=\"color: #800000;\"><strong>EL CIGARRILLO<\/strong><\/span><\/strong><\/p>\n<p>&nbsp;<\/p>\n<p><img loading=\"lazy\" decoding=\"async\" class=\"aligncenter size-full wp-image-32786\" src=\"https:\/\/lapiedrafilosofal.com\/wp-content\/uploads\/2020\/03\/HUMO-AZUL.jpg\" alt=\"\" width=\"626\" height=\"939\" srcset=\"https:\/\/oscarhumbertogomez.com\/wp-content\/uploads\/2020\/03\/HUMO-AZUL.jpg 626w, https:\/\/oscarhumbertogomez.com\/wp-content\/uploads\/2020\/03\/HUMO-AZUL-200x300.jpg 200w\" sizes=\"auto, (max-width: 626px) 100vw, 626px\" \/><\/p>\n<p>&nbsp;<\/p>\n<p>S\u00edmil perfecto del vivir humano,<br \/>\nIgual su brevedad y su tormento,<br \/>\nes el \u00e1gil corcel del pensamiento,<br \/>\nsu fiel amigo y su mejor hermano.<\/p>\n<p>Ora en viril o femenina mano,<br \/>\nsu nerviosa silueta es de un momento,<br \/>\ny va entregando en espiral al viento<br \/>\ntoda la esencia de su ser liviano.<\/p>\n<p>En lo fugaz de su ideal camino,<br \/>\ndiminuto par\u00e9ntesis de gloria,<br \/>\narder y perfumar es su destino.<\/p>\n<p>Tal del hombre la vida se resume:<br \/>\ncuando ha quemado en su dolor la escoria,<br \/>\nva el alma hacia el azul como un perfume.<\/p>\n<p>HORACIO GONZ\u00c1LEZ REYES<\/p>\n<p>________<\/p>\n<p>&nbsp;<\/p>\n<p><span style=\"color: #ff6600;\"><strong>MORRORRICO<\/strong><\/span><\/p>\n<p>&nbsp;<\/p>\n<p><img loading=\"lazy\" decoding=\"async\" class=\"aligncenter size-large wp-image-32787\" src=\"https:\/\/lapiedrafilosofal.com\/wp-content\/uploads\/2020\/03\/SAGRADO-CORAZON-MORRORRICO-BUCARAMANGA--768x1024.jpg\" alt=\"\" width=\"640\" height=\"853\" srcset=\"https:\/\/oscarhumbertogomez.com\/wp-content\/uploads\/2020\/03\/SAGRADO-CORAZON-MORRORRICO-BUCARAMANGA-.jpg 768w, https:\/\/oscarhumbertogomez.com\/wp-content\/uploads\/2020\/03\/SAGRADO-CORAZON-MORRORRICO-BUCARAMANGA--225x300.jpg 225w\" sizes=\"auto, (max-width: 640px) 100vw, 640px\" \/><\/p>\n<p>&nbsp;<\/p>\n<p>Desde el cerro que finge un corpulento<br \/>\nquiosco hecho por la naturaleza,<br \/>\ndomina la comarca bumanguesa<br \/>\nla blanca majestad de un monumento.<\/p>\n<p>Es a Cristo, a quien hizo el firmamento<br \/>\ndotado de esplendor y de belleza,<br \/>\na quien honra, doblando la cabeza,<br \/>\nBucaramanga, la ciudad portento.<\/p>\n<p>Feliz esta ciudad. Su centinela<br \/>\nes el mismo Jes\u00fas que cuida y vela,<br \/>\ny riega bendici\u00f3n por los confines.<\/p>\n<p>Y feliz el que venga a visitarle,<br \/>\npues Jes\u00fas es quien sale a presentarle<br \/>\nla her\u00e1ldica ciudad de los jardines.<\/p>\n<p>H\u00c9CTOR MORENO CANCINO<\/p>\n<p>________<\/p>\n<p>&nbsp;<\/p>\n<p><strong>ME MIRAS<\/strong><\/p>\n<p>&nbsp;<\/p>\n<p><img loading=\"lazy\" decoding=\"async\" class=\"aligncenter size-full wp-image-32789\" src=\"https:\/\/lapiedrafilosofal.com\/wp-content\/uploads\/2020\/03\/JOHN-WILLIAM-GODWARD.jpg\" alt=\"\" width=\"814\" height=\"960\" srcset=\"https:\/\/oscarhumbertogomez.com\/wp-content\/uploads\/2020\/03\/JOHN-WILLIAM-GODWARD.jpg 814w, https:\/\/oscarhumbertogomez.com\/wp-content\/uploads\/2020\/03\/JOHN-WILLIAM-GODWARD-254x300.jpg 254w, https:\/\/oscarhumbertogomez.com\/wp-content\/uploads\/2020\/03\/JOHN-WILLIAM-GODWARD-768x906.jpg 768w\" sizes=\"auto, (max-width: 814px) 100vw, 814px\" \/><\/p>\n<p>&nbsp;<\/p>\n<p>Me miras<br \/>\ncomo si de pronto<br \/>\nla lluvia empezara a caer entre mis ojos,<br \/>\ncomo si el d\u00eda se hiciera m\u00e1s lejano<br \/>\nen el silencio,<br \/>\ncomo si todo fuera un remanso de olas<br \/>\nen los cuerpos,<br \/>\ncomo si la tarde se llenara de azul<br \/>\nen la distancia,<br \/>\ncomo si una barca navegara en el crep\u00fasculo,<br \/>\ncomo si los adioses se murieran en las manos,<br \/>\ncomo si un balc\u00f3n de geranios<br \/>\nse derrumbara en medio de la niebla,<br \/>\ncomo si el verano se llenara de frutas<br \/>\ny la tristeza del mundo<br \/>\ncaminara por todos los senderos de mi alma.<\/p>\n<p>Me miras<br \/>\ncomo si los cabellos se nos llenaran de<br \/>\nhelechos,<br \/>\ncomo si el viento se inundara de p\u00e1jaros,<br \/>\ncomo si nuestros sue\u00f1os volaran<br \/>\nsobre un jard\u00edn lleno de girasoles<br \/>\ngigantescos.<\/p>\n<p>Me miras desde adentro,<br \/>\ndesde tu adolescencia,<br \/>\ncon tu rostro de mujer, de luna nueva,<br \/>\nasomada a la ventana del olvido.<\/p>\n<p>JOS\u00c9 ORTEGA MORENO<\/p>\n<p>___________<\/p>\n<p>&nbsp;<\/p>\n<p><span style=\"color: #0000ff;\"><strong>VESTIDOS<\/strong><\/span><\/p>\n<p>&nbsp;<\/p>\n<p><img loading=\"lazy\" decoding=\"async\" class=\"aligncenter size-full wp-image-32790\" src=\"https:\/\/lapiedrafilosofal.com\/wp-content\/uploads\/2020\/03\/VESTIDOS.jpeg\" alt=\"\" width=\"629\" height=\"506\" srcset=\"https:\/\/oscarhumbertogomez.com\/wp-content\/uploads\/2020\/03\/VESTIDOS.jpeg 629w, https:\/\/oscarhumbertogomez.com\/wp-content\/uploads\/2020\/03\/VESTIDOS-300x241.jpeg 300w\" sizes=\"auto, (max-width: 629px) 100vw, 629px\" \/><\/p>\n<p>&nbsp;<\/p>\n<p><strong>Habr\u00e9 de fijar mis ojos<\/strong><br \/>\n<strong>en mi padre, en mi madre.<\/strong><\/p>\n<p>&nbsp;<\/p>\n<p>Estos vestidos que yo creo m\u00edos<br \/>\nson los mismos que usaron mis antepasados.<br \/>\nEl mismo que empap\u00f3 su sangre,<br \/>\nrecibi\u00f3 el sudor de sus axilas<br \/>\ny cubri\u00f3 sus desnudeces<br \/>\ncon pieles de animales,<br \/>\nel mismo cintur\u00f3n que recogi\u00f3<br \/>\ny ampli\u00f3 sus vientres,<br \/>\nla manga que sostuvo el ritmo de sus brazos,<br \/>\nla blusa que escondi\u00f3 el impulso de sus pechos,<br \/>\nel guante que implor\u00f3,<br \/>\ndio, maldijo,<br \/>\nel zapato que calz\u00f3 sus alegr\u00edas<br \/>\ny sus tristezas,<br \/>\nlas medias que rellenaron de esperanzas,<br \/>\nlos codos que se empinaron<br \/>\nhasta romperse,<br \/>\nel hombro que sostuvo el peso<br \/>\ndel mundo,<br \/>\nel dobladillo que guard\u00f3<br \/>\nsus secretos,<br \/>\nlas hebillas que sujetaron sus carnes<br \/>\nbajo el peso de los metales,<br \/>\nlas arrugas de todas las edades,<br \/>\nlos ojales que abrieron sus heridas<br \/>\ny los botones que las cerraron,<br \/>\nla aguja que cosi\u00f3 los vestidos<br \/>\ncon grandes y peque\u00f1as bastas,<br \/>\nel hilo que uni\u00f3 todos los pedazos,<br \/>\nel reloj que no cesa en su latir<br \/>\nde millones de siglos.<br \/>\nVestidos que habitaron la misma casa<br \/>\ny los mismos roperos de la sangre.<\/p>\n<p>CARMEN DE G\u00d3MEZ MEJ\u00cdA<\/p>\n<p>_________<\/p>\n<p>&nbsp;<\/p>\n<p><span style=\"color: #808080;\"><strong>TODAV\u00cdA<\/strong><\/span><\/p>\n<p>&nbsp;<\/p>\n<p><img loading=\"lazy\" decoding=\"async\" class=\"aligncenter size-large wp-image-11154\" src=\"https:\/\/lapiedrafilosofal.com\/wp-content\/uploads\/2014\/02\/HOMBRE-SOLITARIO-1024x578.jpg\" alt=\"\" width=\"640\" height=\"361\" srcset=\"https:\/\/oscarhumbertogomez.com\/wp-content\/uploads\/2014\/02\/HOMBRE-SOLITARIO-1024x578.jpg 1024w, https:\/\/oscarhumbertogomez.com\/wp-content\/uploads\/2014\/02\/HOMBRE-SOLITARIO-300x169.jpg 300w, https:\/\/oscarhumbertogomez.com\/wp-content\/uploads\/2014\/02\/HOMBRE-SOLITARIO.jpg 1360w\" sizes=\"auto, (max-width: 640px) 100vw, 640px\" \/><\/p>\n<p>&nbsp;<\/p>\n<p>Todav\u00eda mi angustia dolorosa la espera<br \/>\nporque sabe que tiene que volver alg\u00fan d\u00eda<br \/>\ncon sus ojos noct\u00e1mbulos y su risa hechicera<br \/>\ny sus manos transl\u00facidas y su voz&#8230;\u00a1Qui\u00e9n oyera,<br \/>\nqui\u00e9n oyera el milagro de su voz todav\u00eda!<\/p>\n<p>Todav\u00eda la esperan con af\u00e1n infinito<br \/>\ncuantas cosas gozaron de su casta alegr\u00eda:<br \/>\nel espejo empolvado y el florero marchito<br \/>\ny en los frascos aut\u00e9nticos el embrujo maldito<br \/>\ndel perfume que es una tentaci\u00f3n todav\u00eda.<\/p>\n<p>En las claras ma\u00f1anas al mirar la ventana<br \/>\ndonde fueron felices su ternura y la m\u00eda,<br \/>\nme parece al conjuro de esa dicha lejana<br \/>\nque se asoma a esperarme como aquella ma\u00f1ana,<br \/>\ncomo aquella ma\u00f1ana con af\u00e1n todav\u00eda.<\/p>\n<p>Y en las horas de insomnio cuando el p\u00e9ndulo llena<br \/>\nel pavor del embrujo de la estancia vac\u00eda<br \/>\ny es m\u00e1s hondo el recuerdo y es m\u00e1s dura la pena<br \/>\nme parece que viene con su gracia serena<br \/>\ny me ofrece su dulce compasi\u00f3n todav\u00eda.<\/p>\n<p>Y en las tardes alegres cuando todo se mece<br \/>\nal vaiv\u00e9n de las brisas que despiden el d\u00eda,<br \/>\nsi me asomo a la puerta del jard\u00edn me parece<br \/>\nque le cuidan sus manos como ayer y florece<br \/>\nal calor de sus manos el jard\u00edn todav\u00eda.<\/p>\n<p>Y en las noches de invierno si tiritan las frondas<br \/>\ny la luna es un s\u00edmbolo de la melancol\u00eda,<br \/>\nal o\u00edr a lo lejos el rumor de las ondas<br \/>\nque repiten su nombre, qu\u00e9 tristezas tan hondas<br \/>\nlas que siento so\u00f1ando por su amor todav\u00eda.<\/p>\n<p>C\u00f3mo me hace de falta su callada ternura<br \/>\nc\u00f3mo me hace de falta su callada alegr\u00eda<br \/>\npues sin ella la noche como que es m\u00e1s oscura<br \/>\ny la lucha m\u00e1s dura pero mucho m\u00e1s dura<br \/>\ny m\u00e1s lentas las horas del dolor todav\u00eda.<\/p>\n<p>Nadie sabe el secreto de su amor, nadie sabe<br \/>\nel encanto divino de amar que ten\u00eda<br \/>\npara m\u00ed la cadencia milagrosa del ave<br \/>\ny el vaiv\u00e9n de la nube, y el vaiv\u00e9n de la nave<br \/>\nque persiguen mi sorda tempestad todav\u00eda.<\/p>\n<p>JUAN CRIST\u00d3BAL MART\u00cdNEZ (JUANC\u00c9)<\/p>\n<p>&nbsp;<\/p>\n","protected":false},"excerpt":{"rendered":"<p>NOTA DEL PORTAL: \u00a1Hola, amigas! \u00a1Hola, amigos! Santander vive. Y la poes\u00eda santandereana vive. Porque la poes\u00eda no es sino la concreci\u00f3n en versos de todos sus sue\u00f1os, de sus fracasos, de sus logros, de sus alegr\u00edas, de sus melancol\u00edas, &hellip; <a href=\"https:\/\/oscarhumbertogomez.com\/?p=32754\">Sigue leyendo <span class=\"meta-nav\">&rarr;<\/span><\/a><\/p>\n<div class='heateorSssClear'><\/div><div  class='heateor_sss_sharing_container heateor_sss_horizontal_sharing' heateor-sss-data-href='https:\/\/oscarhumbertogomez.com\/?p=32754'><div class='heateor_sss_sharing_title' style=\"font-weight:bold\" >\u00a1Gracias por compartirla!<\/div><ul class=\"heateor_sss_sharing_ul\"><li class=\"heateorSssSharingRound\"><i style=\"width:35px;height:35px;border-radius:999px;\" alt=\"Facebook\" Title=\"Facebook\" class=\"heateorSssSharing heateorSssFacebookBackground\" onclick='heateorSssPopup(\"https:\/\/www.facebook.com\/sharer\/sharer.php?u=https%3A%2F%2Foscarhumbertogomez.com%2Findex.php%3Frest_route%3D%252Fwp%252Fv2%252Fposts%252F32754\")'><ss style=\"display:block;border-radius:999px;\" class=\"heateorSssSharingSvg heateorSssFacebookSvg\"><\/ss><\/i><\/li><li class=\"heateorSssSharingRound\"><i style=\"width:35px;height:35px;border-radius:999px;\" alt=\"Twitter\" Title=\"Twitter\" class=\"heateorSssSharing heateorSssTwitterBackground\" onclick='heateorSssPopup(\"http:\/\/twitter.com\/intent\/tweet?text=POES%C3%8DA%20SANTANDEREANA%20%28VIII%29.%20Por%20%C3%93scar%20Humberto%20G%C3%B3mez%20G%C3%B3mez&url=https%3A%2F%2Foscarhumbertogomez.com%2Findex.php%3Frest_route%3D%252Fwp%252Fv2%252Fposts%252F32754\")'><ss style=\"display:block;border-radius:999px;\" class=\"heateorSssSharingSvg heateorSssTwitterSvg\"><\/ss><\/i><\/li><li class=\"heateorSssSharingRound\"><i style=\"width:35px;height:35px;border-radius:999px;\" alt=\"Whatsapp\" Title=\"Whatsapp\" class=\"heateorSssSharing heateorSssWhatsappBackground\" onclick='heateorSssPopup(\"https:\/\/web.whatsapp.com\/send?text=POES%C3%8DA%20SANTANDEREANA%20%28VIII%29.%20Por%20%C3%93scar%20Humberto%20G%C3%B3mez%20G%C3%B3mez https%3A%2F%2Foscarhumbertogomez.com%2Findex.php%3Frest_route%3D%252Fwp%252Fv2%252Fposts%252F32754\")'><ss style=\"display:block\" class=\"heateorSssSharingSvg heateorSssWhatsappSvg\"><\/ss><\/i><\/li><li class=\"heateorSssSharingRound\"><i style=\"width:35px;height:35px;border-radius:999px;\" alt=\"Pinterest\" Title=\"Pinterest\" class=\"heateorSssSharing heateorSssPinterestBackground\" onclick=\"javascript:void( (function() {var e=document.createElement('script' );e.setAttribute('type','text\/javascript' );e.setAttribute('charset','UTF-8' );e.setAttribute('src','\/\/assets.pinterest.com\/js\/pinmarklet.js?r='+Math.random()*99999999);document.body.appendChild(e)})());\"><ss style=\"display:block;border-radius:999px;\" class=\"heateorSssSharingSvg heateorSssPinterestSvg\"><\/ss><\/i><\/li><li class=\"heateorSssSharingRound\"><i style=\"width:35px;height:35px;border-radius:999px;\" alt=\"Google Gmail\" Title=\"Google Gmail\" class=\"heateorSssSharing heateorSssGoogleGmailBackground\" onclick='heateorSssPopup(\"https:\/\/mail.google.com\/mail\/?ui=2&view=cm&fs=1&tf=1&su=POES%C3%8DA%20SANTANDEREANA%20%28VIII%29.%20Por%20%C3%93scar%20Humberto%20G%C3%B3mez%20G%C3%B3mez&body=Link:https%3A%2F%2Foscarhumbertogomez.com%2Findex.php%3Frest_route%3D%252Fwp%252Fv2%252Fposts%252F32754\")'><ss style=\"display:block;border-radius:999px;\" class=\"heateorSssSharingSvg heateorSssGoogleGmailSvg\"><\/ss><\/i><\/li><li class=\"heateorSssSharingRound\"><i style=\"width:35px;height:35px;border-radius:999px;\" title=\"More\" alt=\"More\" class=\"heateorSssSharing heateorSssMoreBackground\" onclick=\"heateorSssMoreSharingPopup(this, 'https:\/\/oscarhumbertogomez.com\/index.php?rest_route=%2Fwp%2Fv2%2Fposts%2F32754', 'POES%C3%8DA%20SANTANDEREANA%20%28VIII%29.%20Por%20%C3%93scar%20Humberto%20G%C3%B3mez%20G%C3%B3mez', '' )\" ><ss style=\"display:block\" class=\"heateorSssSharingSvg heateorSssMoreSvg\"><\/ss><\/i><\/li><\/ul><div class=\"heateorSssClear\"><\/div><\/div><div class='heateorSssClear'><\/div>","protected":false},"author":2,"featured_media":0,"comment_status":"open","ping_status":"closed","sticky":false,"template":"","format":"standard","meta":{"spay_email":"","footnotes":""},"categories":[7],"tags":[],"class_list":["post-32754","post","type-post","status-publish","format-standard","hentry","category-poesia"],"jetpack_featured_media_url":"","jetpack_shortlink":"https:\/\/wp.me\/p1FYrr-8wi","_links":{"self":[{"href":"https:\/\/oscarhumbertogomez.com\/index.php?rest_route=\/wp\/v2\/posts\/32754","targetHints":{"allow":["GET"]}}],"collection":[{"href":"https:\/\/oscarhumbertogomez.com\/index.php?rest_route=\/wp\/v2\/posts"}],"about":[{"href":"https:\/\/oscarhumbertogomez.com\/index.php?rest_route=\/wp\/v2\/types\/post"}],"author":[{"embeddable":true,"href":"https:\/\/oscarhumbertogomez.com\/index.php?rest_route=\/wp\/v2\/users\/2"}],"replies":[{"embeddable":true,"href":"https:\/\/oscarhumbertogomez.com\/index.php?rest_route=%2Fwp%2Fv2%2Fcomments&post=32754"}],"version-history":[{"count":4,"href":"https:\/\/oscarhumbertogomez.com\/index.php?rest_route=\/wp\/v2\/posts\/32754\/revisions"}],"predecessor-version":[{"id":50692,"href":"https:\/\/oscarhumbertogomez.com\/index.php?rest_route=\/wp\/v2\/posts\/32754\/revisions\/50692"}],"wp:attachment":[{"href":"https:\/\/oscarhumbertogomez.com\/index.php?rest_route=%2Fwp%2Fv2%2Fmedia&parent=32754"}],"wp:term":[{"taxonomy":"category","embeddable":true,"href":"https:\/\/oscarhumbertogomez.com\/index.php?rest_route=%2Fwp%2Fv2%2Fcategories&post=32754"},{"taxonomy":"post_tag","embeddable":true,"href":"https:\/\/oscarhumbertogomez.com\/index.php?rest_route=%2Fwp%2Fv2%2Ftags&post=32754"}],"curies":[{"name":"wp","href":"https:\/\/api.w.org\/{rel}","templated":true}]}}