{"id":32807,"date":"2020-04-01T11:16:25","date_gmt":"2020-04-01T16:16:25","guid":{"rendered":"http:\/\/www.oscarhumbertogomez.com\/?p=32807"},"modified":"2025-02-14T23:00:21","modified_gmt":"2025-02-15T04:00:21","slug":"poesia-santandereana-ix","status":"publish","type":"post","link":"https:\/\/oscarhumbertogomez.com\/?p=32807","title":{"rendered":"POES\u00cdA SANTANDEREANA (IX). Por \u00d3scar Humberto G\u00f3mez G\u00f3mez"},"content":{"rendered":"<p><span style=\"color: #000080;\"><strong>NOTA DEL PORTAL<\/strong><\/span>:<\/p>\n<p>&nbsp;<\/p>\n<p><span style=\"color: #000080;\">\u00a1Hola, amigas!<\/span><\/p>\n<p>&nbsp;<\/p>\n<p><span style=\"color: #000080;\">\u00a1Hola, amigos!<\/span><\/p>\n<p>&nbsp;<\/p>\n<p><span style=\"color: #000080;\">Nos acercamos al final de esta serie. Una serie con la cual hemos querido intentar una aproximaci\u00f3n al hoy por hoy casi ignorado quehacer de nuestros poetas. <\/span><\/p>\n<p><span style=\"color: #000080;\">Como resultaba previsible, no ha sido m\u00e1s que una modesta selecci\u00f3n de algunas pocas de aquellas poes\u00edas que, en lo personal, nos han agradado o en cuyos versos hemos alcanzado a percibir una identificaci\u00f3n entre el sentir de la gente de nuestro terru\u00f1o y lo que quiso exaltar o significar el poeta.<\/span><\/p>\n<p><span style=\"color: #000080;\">El que hayamos escogido este o aquel otro poema no significa \u2014es bueno reiterarlo\u2014 que nos identifiquemos con el autor de los versos; significa tan solo que, desde el punto de vista est\u00e9tico, po\u00e9tico, literario, nos ha parecido de especial sensibilidad o hermosura. As\u00ed, por ejemplo, es posible que a algunos les haya sorprendido la inclusi\u00f3n del soneto &#8220;EL CIGARRILLO&#8221;, sabedores como son de que bastante distamos de ser fumadores.<\/span><\/p>\n<p><span style=\"color: #000080;\">Por supuesto \u2014eso sobra decirlo\u2014, hay m\u00e1s poetas y, consiguientemente, m\u00e1s poemas que podr\u00edan seguir nutriendo esta secuencia y posibilitar\u00edan su prolongaci\u00f3n indefinida. Empero, para no fatigarlos, iremos tan solo con una entrada m\u00e1s, la pr\u00f3xima, que ser\u00e1, por ende, la \u00faltima. Consideramos que con una decena de entradas que publiquemos habremos cumplido con la meta propuesta, que era tan solo la de crear conciencia acerca de que esta tierra nuestra ayer produc\u00eda, hoy produce, ma\u00f1ana producir\u00e1 y debe seguir produciendo por siempre poes\u00eda.&nbsp;<\/span><\/p>\n<p><span style=\"color: #000080;\">\u00a1Bienvenidos! \u00a1Y un mill\u00f3n de gracias por leernos y apoyarnos!<\/span><\/p>\n<p><span style=\"color: #000080;\">Ruitoque, Mesa de las Tempestades, \u00c1rea Metropolitana de Bucaramanga.<\/span><\/p>\n<p>_________<\/p>\n<p>&nbsp;<\/p>\n<p><img loading=\"lazy\" decoding=\"async\" class=\"aligncenter size-large wp-image-32812\" src=\"https:\/\/lapiedrafilosofal.com\/wp-content\/uploads\/2020\/04\/flor-de-rosa-blanca-1024x768.jpg\" alt=\"\" width=\"640\" height=\"480\" srcset=\"https:\/\/oscarhumbertogomez.com\/wp-content\/uploads\/2020\/04\/flor-de-rosa-blanca-1024x768.jpg 1024w, https:\/\/oscarhumbertogomez.com\/wp-content\/uploads\/2020\/04\/flor-de-rosa-blanca-300x225.jpg 300w, https:\/\/oscarhumbertogomez.com\/wp-content\/uploads\/2020\/04\/flor-de-rosa-blanca-768x576.jpg 768w, https:\/\/oscarhumbertogomez.com\/wp-content\/uploads\/2020\/04\/flor-de-rosa-blanca.jpg 1440w\" sizes=\"auto, (max-width: 640px) 100vw, 640px\" \/><\/p>\n<p>&nbsp;<\/p>\n<p><span style=\"color: #ff00ff;\"><strong>T\u00da ERAS BLANCA<\/strong><\/span><\/p>\n<p>&nbsp;<\/p>\n<p><em>A Rebeca Pinto Barajas<\/em><\/p>\n<p>&nbsp;<\/p>\n<p>As\u00ed, cortando el espacio<\/p>\n<p>con filo de voces blancas,<\/p>\n<p>as\u00ed, deambulando solo,<\/p>\n<p>estas voces no te alcanzan.<\/p>\n<p>As\u00ed, cortando las brumas<\/p>\n<p>con palabras de esperanza,<\/p>\n<p>la tarde an\u00e9mica vuela<\/p>\n<p>como vuelan las palabras.<\/p>\n<p>As\u00ed, hollando la arena<\/p>\n<p>y en eterna remembranza,<\/p>\n<p>as\u00ed, mirando una rosa<\/p>\n<p>recuerdo que t\u00fa eras blanca.<\/p>\n<p>&nbsp;<\/p>\n<p>As\u00ed, en te\u00f1ido crep\u00fasculo<\/p>\n<p>y con la luna en la espalda,<\/p>\n<p>miro que el ojo del cielo<\/p>\n<p>tiene un retrato en el agua.<\/p>\n<p>As\u00ed, en la noche que muere<\/p>\n<p>con sus r\u00e1fagas heladas,<\/p>\n<p>as\u00ed, hermana de mi sangre,<\/p>\n<p>as\u00ed, estrella solitaria.<\/p>\n<p>As\u00ed, en la rama del pecho<\/p>\n<p>que se alarga hasta tu alma,<\/p>\n<p>florecen de tronco podrido<\/p>\n<p>duros grumos de esmeralda.<\/p>\n<p>&nbsp;<\/p>\n<p>As\u00ed, en la noche que canto<\/p>\n<p>estoy viejo de nostalgias.<\/p>\n<p>As\u00ed, en la noche que pasa<\/p>\n<p>estoy urdiendo palabras.<\/p>\n<p>As\u00ed, yacente en la arena<\/p>\n<p>y en eterna remembranza,<\/p>\n<p>asi, dormido en la rosa<\/p>\n<p>recuerdo que t\u00fa eras blanca.<\/p>\n<p>&nbsp;<\/p>\n<p>EUGENIO PINTO BARAJAS (1922 &#8211; 1983)<\/p>\n<p>_____<\/p>\n<p>&nbsp;<\/p>\n<p><strong><span style=\"color: #800080;\">DECADENCIA<\/span><\/strong><\/p>\n<p>&nbsp;<\/p>\n<p><img loading=\"lazy\" decoding=\"async\" class=\"aligncenter size-large wp-image-32813\" src=\"https:\/\/lapiedrafilosofal.com\/wp-content\/uploads\/2020\/04\/OTONO--1024x640.jpg\" alt=\"\" width=\"640\" height=\"400\" srcset=\"https:\/\/oscarhumbertogomez.com\/wp-content\/uploads\/2020\/04\/OTONO--1024x640.jpg 1024w, https:\/\/oscarhumbertogomez.com\/wp-content\/uploads\/2020\/04\/OTONO--300x188.jpg 300w, https:\/\/oscarhumbertogomez.com\/wp-content\/uploads\/2020\/04\/OTONO--768x480.jpg 768w, https:\/\/oscarhumbertogomez.com\/wp-content\/uploads\/2020\/04\/OTONO-.jpg 1200w\" sizes=\"auto, (max-width: 640px) 100vw, 640px\" \/><\/p>\n<p>&nbsp;<\/p>\n<p>Siento que ya mi coraz\u00f3n flaquea<\/p>\n<p>Y es la noche tan larga como el d\u00eda,<\/p>\n<p>si por caso me ba\u00f1o en agua fr\u00eda<\/p>\n<p>el esqueleto entero traquetea.<\/p>\n<p>&nbsp;<\/p>\n<p>Mi cabeza vacila y tambalea<\/p>\n<p>cuando voy por la calle sin buj\u00eda<\/p>\n<p>y qu\u00e9 cosas decir yo no sabr\u00eda<\/p>\n<p>pues la lengua al hablar tartamudea.<\/p>\n<p>&nbsp;<\/p>\n<p>Como ando ligero de equipaje<\/p>\n<p>no hay barranco en la sima que me ataje;<\/p>\n<p>una cosa no m\u00e1s me desespera:<\/p>\n<p>&nbsp;<\/p>\n<p>Que si falto, la Tierra sigue andando,<\/p>\n<p>y el Estado, adem\u00e1s, despilfarrando<\/p>\n<p>sin que yo lo censure o lo requiera.<\/p>\n<p>&nbsp;<\/p>\n<p>ANTONIO NAS\u00d3N (Antonio Forero Otero) (1909 &#8211; 2002)<\/p>\n<p>_______<\/p>\n<p>&nbsp;<\/p>\n<p><span style=\"color: #0000ff;\"><strong>ANHELOS<\/strong><\/span><\/p>\n<p>&nbsp;<\/p>\n<p><img loading=\"lazy\" decoding=\"async\" class=\"aligncenter size-large wp-image-32814\" src=\"https:\/\/lapiedrafilosofal.com\/wp-content\/uploads\/2020\/04\/LUNA-1024x576.jpg\" alt=\"\" width=\"640\" height=\"360\" srcset=\"https:\/\/oscarhumbertogomez.com\/wp-content\/uploads\/2020\/04\/LUNA-1024x576.jpg 1024w, https:\/\/oscarhumbertogomez.com\/wp-content\/uploads\/2020\/04\/LUNA-300x169.jpg 300w, https:\/\/oscarhumbertogomez.com\/wp-content\/uploads\/2020\/04\/LUNA-768x432.jpg 768w, https:\/\/oscarhumbertogomez.com\/wp-content\/uploads\/2020\/04\/LUNA.jpg 1920w\" sizes=\"auto, (max-width: 640px) 100vw, 640px\" \/><\/p>\n<p>&nbsp;<\/p>\n<p>Bajo la augusta calma de la tarde serena<\/p>\n<p>entre el p\u00e1lido gualda de la noche lunar,<\/p>\n<p>cuando cesan los ruidos de la humana colmena<\/p>\n<p>y en su lecho de perlas se adormece la mar.<\/p>\n<p>&nbsp;<\/p>\n<p>Cuando es cada lucero fulgurante azucena<\/p>\n<p>y simula fantasmas la quietud del palmar,<\/p>\n<p>siento el alma agitarse bajo ruda cadena<\/p>\n<p>y con vagas nostalgias anhelante vibrar.<\/p>\n<p>&nbsp;<\/p>\n<p>Es mi pecho un abismo que a otro abismo reclama,<\/p>\n<p>es mi alma el reflejo de una c\u00e9lica llama,<\/p>\n<p>es un ave alejada de su nido de amor.<\/p>\n<p>&nbsp;<\/p>\n<p>Por eso bajo el peso de mis hondos anhelos<\/p>\n<p>me agobian los misterios de los profundos cielos<\/p>\n<p>y crecen los vac\u00edos de mi mundo interior.<\/p>\n<p>&nbsp;<\/p>\n<p>JUAN DE DIOS ARIAS (1896 &#8211; 1973)<\/p>\n<p>____________<\/p>\n<p>&nbsp;<\/p>\n<p><span style=\"color: #339966;\"><strong>DISTANCIA<\/strong><\/span><\/p>\n<p>&nbsp;<\/p>\n<p><img loading=\"lazy\" decoding=\"async\" class=\"aligncenter size-full wp-image-32815\" src=\"https:\/\/lapiedrafilosofal.com\/wp-content\/uploads\/2020\/04\/HOMBRE-SOLITARIO.jpg\" alt=\"\" width=\"659\" height=\"343\" srcset=\"https:\/\/oscarhumbertogomez.com\/wp-content\/uploads\/2020\/04\/HOMBRE-SOLITARIO.jpg 659w, https:\/\/oscarhumbertogomez.com\/wp-content\/uploads\/2020\/04\/HOMBRE-SOLITARIO-300x156.jpg 300w\" sizes=\"auto, (max-width: 659px) 100vw, 659px\" \/><\/p>\n<p>&nbsp;<\/p>\n<p>T\u00fa por otros amores y otro olvido,<\/p>\n<p>yo de la bruma del pasado due\u00f1o&#8230;<\/p>\n<p>Y el tiempo aleve con austero ce\u00f1o<\/p>\n<p>pasando entre los dos, lento, sin ruido.<\/p>\n<p>&nbsp;<\/p>\n<p>T\u00fa, con tu alma de marfil risue\u00f1o<\/p>\n<p>lejana del recuerdo y el gemido&#8230;<\/p>\n<p>Y yo, sintiendo el beso dolorido<\/p>\n<p>de una brisa de l\u00e1grimas y sue\u00f1o.<\/p>\n<p>&nbsp;<\/p>\n<p>T\u00fa y yo. Y el tiempo gris como un abismo.<\/p>\n<p>Yo, sinti\u00e9ndome ausente de m\u00ed mismo<\/p>\n<p>y navegando por mi mar distante.<\/p>\n<p>&nbsp;<\/p>\n<p>T\u00fa en un rosado sue\u00f1o que se olvida.<\/p>\n<p>Yo, gozando otra vez sobre la vida<\/p>\n<p>todo el temor divino del instante.<\/p>\n<p>&nbsp;<\/p>\n<p>PEDRO G\u00d3MEZ VALDERRAMA (1916 &#8211; 1992)<\/p>\n<p>_________<\/p>\n<p>&nbsp;<\/p>\n<p><span style=\"color: #000080;\"><strong>A JOS\u00c9 CAMACHO CARRE\u00d1O<\/strong><\/span><\/p>\n<p>&nbsp;<\/p>\n<p><img loading=\"lazy\" decoding=\"async\" class=\"aligncenter size-large wp-image-32816\" src=\"https:\/\/lapiedrafilosofal.com\/wp-content\/uploads\/2020\/04\/MAR-EMBRAVECIDO-1024x684.jpg\" alt=\"\" width=\"640\" height=\"428\" srcset=\"https:\/\/oscarhumbertogomez.com\/wp-content\/uploads\/2020\/04\/MAR-EMBRAVECIDO-1024x684.jpg 1024w, https:\/\/oscarhumbertogomez.com\/wp-content\/uploads\/2020\/04\/MAR-EMBRAVECIDO-300x200.jpg 300w, https:\/\/oscarhumbertogomez.com\/wp-content\/uploads\/2020\/04\/MAR-EMBRAVECIDO-768x513.jpg 768w, https:\/\/oscarhumbertogomez.com\/wp-content\/uploads\/2020\/04\/MAR-EMBRAVECIDO.jpg 1920w\" sizes=\"auto, (max-width: 640px) 100vw, 640px\" \/><\/p>\n<p>&nbsp;<\/p>\n<p>Te nombramos, Jos\u00e9, y huyen veloces<\/p>\n<p>las horas que marcaron tu destino,<\/p>\n<p>luz y sombra trenz\u00e1ndose en un sino<\/p>\n<p>fertil en los dolores y en los goces.<\/p>\n<p>&nbsp;<\/p>\n<p>La lengua de Cervantes tuvo voces<\/p>\n<p>en ti para el ap\u00f3strofe y el trino<\/p>\n<p>y hubieras dialogado en un divino<\/p>\n<p>banquete de Gracia con los mismos dioses.<\/p>\n<p>&nbsp;<\/p>\n<p>Hasta el mar conduj\u00e9rate la muerte<\/p>\n<p>y acaso ante el enigma de tu suerte<\/p>\n<p>ella misma pudiera sollozar.<\/p>\n<p>&nbsp;<\/p>\n<p>Al devorarte el mar indiferente<\/p>\n<p>acall\u00f3 en sus entra\u00f1as un torrente<\/p>\n<p>que s\u00f3lo pudo silenciar el mar.<\/p>\n<p>&nbsp;<\/p>\n<p>LUIS ERNESTO PUYANA (1890 &#8211; 1966)<\/p>\n<p>___________<\/p>\n<p>&nbsp;<\/p>\n","protected":false},"excerpt":{"rendered":"<p>NOTA DEL PORTAL: &nbsp; \u00a1Hola, amigas! &nbsp; \u00a1Hola, amigos! &nbsp; Nos acercamos al final de esta serie. Una serie con la cual hemos querido intentar una aproximaci\u00f3n al hoy por hoy casi ignorado quehacer de nuestros poetas. Como resultaba previsible, &hellip; <a href=\"https:\/\/oscarhumbertogomez.com\/?p=32807\">Sigue leyendo <span class=\"meta-nav\">&rarr;<\/span><\/a><\/p>\n<div class='heateorSssClear'><\/div><div  class='heateor_sss_sharing_container heateor_sss_horizontal_sharing' heateor-sss-data-href='https:\/\/oscarhumbertogomez.com\/?p=32807'><div class='heateor_sss_sharing_title' style=\"font-weight:bold\" >\u00a1Gracias por compartirla!<\/div><ul class=\"heateor_sss_sharing_ul\"><li class=\"heateorSssSharingRound\"><i style=\"width:35px;height:35px;border-radius:999px;\" alt=\"Facebook\" Title=\"Facebook\" class=\"heateorSssSharing heateorSssFacebookBackground\" onclick='heateorSssPopup(\"https:\/\/www.facebook.com\/sharer\/sharer.php?u=https%3A%2F%2Foscarhumbertogomez.com%2Findex.php%3Frest_route%3D%252Fwp%252Fv2%252Fposts%252F32807\")'><ss style=\"display:block;border-radius:999px;\" class=\"heateorSssSharingSvg heateorSssFacebookSvg\"><\/ss><\/i><\/li><li class=\"heateorSssSharingRound\"><i style=\"width:35px;height:35px;border-radius:999px;\" alt=\"Twitter\" Title=\"Twitter\" class=\"heateorSssSharing heateorSssTwitterBackground\" onclick='heateorSssPopup(\"http:\/\/twitter.com\/intent\/tweet?text=POES%C3%8DA%20SANTANDEREANA%20%28IX%29.%20Por%20%C3%93scar%20Humberto%20G%C3%B3mez%20G%C3%B3mez&url=https%3A%2F%2Foscarhumbertogomez.com%2Findex.php%3Frest_route%3D%252Fwp%252Fv2%252Fposts%252F32807\")'><ss style=\"display:block;border-radius:999px;\" class=\"heateorSssSharingSvg heateorSssTwitterSvg\"><\/ss><\/i><\/li><li class=\"heateorSssSharingRound\"><i style=\"width:35px;height:35px;border-radius:999px;\" alt=\"Whatsapp\" Title=\"Whatsapp\" class=\"heateorSssSharing heateorSssWhatsappBackground\" onclick='heateorSssPopup(\"https:\/\/web.whatsapp.com\/send?text=POES%C3%8DA%20SANTANDEREANA%20%28IX%29.%20Por%20%C3%93scar%20Humberto%20G%C3%B3mez%20G%C3%B3mez https%3A%2F%2Foscarhumbertogomez.com%2Findex.php%3Frest_route%3D%252Fwp%252Fv2%252Fposts%252F32807\")'><ss style=\"display:block\" class=\"heateorSssSharingSvg heateorSssWhatsappSvg\"><\/ss><\/i><\/li><li class=\"heateorSssSharingRound\"><i style=\"width:35px;height:35px;border-radius:999px;\" alt=\"Pinterest\" Title=\"Pinterest\" class=\"heateorSssSharing heateorSssPinterestBackground\" onclick=\"javascript:void( (function() {var e=document.createElement('script' );e.setAttribute('type','text\/javascript' );e.setAttribute('charset','UTF-8' );e.setAttribute('src','\/\/assets.pinterest.com\/js\/pinmarklet.js?r='+Math.random()*99999999);document.body.appendChild(e)})());\"><ss style=\"display:block;border-radius:999px;\" class=\"heateorSssSharingSvg heateorSssPinterestSvg\"><\/ss><\/i><\/li><li class=\"heateorSssSharingRound\"><i style=\"width:35px;height:35px;border-radius:999px;\" alt=\"Google Gmail\" Title=\"Google Gmail\" class=\"heateorSssSharing heateorSssGoogleGmailBackground\" onclick='heateorSssPopup(\"https:\/\/mail.google.com\/mail\/?ui=2&view=cm&fs=1&tf=1&su=POES%C3%8DA%20SANTANDEREANA%20%28IX%29.%20Por%20%C3%93scar%20Humberto%20G%C3%B3mez%20G%C3%B3mez&body=Link:https%3A%2F%2Foscarhumbertogomez.com%2Findex.php%3Frest_route%3D%252Fwp%252Fv2%252Fposts%252F32807\")'><ss style=\"display:block;border-radius:999px;\" class=\"heateorSssSharingSvg heateorSssGoogleGmailSvg\"><\/ss><\/i><\/li><li class=\"heateorSssSharingRound\"><i style=\"width:35px;height:35px;border-radius:999px;\" title=\"More\" alt=\"More\" class=\"heateorSssSharing heateorSssMoreBackground\" onclick=\"heateorSssMoreSharingPopup(this, 'https:\/\/oscarhumbertogomez.com\/index.php?rest_route=%2Fwp%2Fv2%2Fposts%2F32807', 'POES%C3%8DA%20SANTANDEREANA%20%28IX%29.%20Por%20%C3%93scar%20Humberto%20G%C3%B3mez%20G%C3%B3mez', '' )\" ><ss style=\"display:block\" class=\"heateorSssSharingSvg heateorSssMoreSvg\"><\/ss><\/i><\/li><\/ul><div class=\"heateorSssClear\"><\/div><\/div><div class='heateorSssClear'><\/div>","protected":false},"author":2,"featured_media":0,"comment_status":"closed","ping_status":"closed","sticky":false,"template":"","format":"standard","meta":{"spay_email":"","footnotes":""},"categories":[7],"tags":[],"class_list":["post-32807","post","type-post","status-publish","format-standard","hentry","category-poesia"],"jetpack_featured_media_url":"","jetpack_shortlink":"https:\/\/wp.me\/p1FYrr-8x9","_links":{"self":[{"href":"https:\/\/oscarhumbertogomez.com\/index.php?rest_route=\/wp\/v2\/posts\/32807","targetHints":{"allow":["GET"]}}],"collection":[{"href":"https:\/\/oscarhumbertogomez.com\/index.php?rest_route=\/wp\/v2\/posts"}],"about":[{"href":"https:\/\/oscarhumbertogomez.com\/index.php?rest_route=\/wp\/v2\/types\/post"}],"author":[{"embeddable":true,"href":"https:\/\/oscarhumbertogomez.com\/index.php?rest_route=\/wp\/v2\/users\/2"}],"replies":[{"embeddable":true,"href":"https:\/\/oscarhumbertogomez.com\/index.php?rest_route=%2Fwp%2Fv2%2Fcomments&post=32807"}],"version-history":[{"count":5,"href":"https:\/\/oscarhumbertogomez.com\/index.php?rest_route=\/wp\/v2\/posts\/32807\/revisions"}],"predecessor-version":[{"id":50693,"href":"https:\/\/oscarhumbertogomez.com\/index.php?rest_route=\/wp\/v2\/posts\/32807\/revisions\/50693"}],"wp:attachment":[{"href":"https:\/\/oscarhumbertogomez.com\/index.php?rest_route=%2Fwp%2Fv2%2Fmedia&parent=32807"}],"wp:term":[{"taxonomy":"category","embeddable":true,"href":"https:\/\/oscarhumbertogomez.com\/index.php?rest_route=%2Fwp%2Fv2%2Fcategories&post=32807"},{"taxonomy":"post_tag","embeddable":true,"href":"https:\/\/oscarhumbertogomez.com\/index.php?rest_route=%2Fwp%2Fv2%2Ftags&post=32807"}],"curies":[{"name":"wp","href":"https:\/\/api.w.org\/{rel}","templated":true}]}}