{"id":32832,"date":"2020-04-02T20:37:49","date_gmt":"2020-04-03T01:37:49","guid":{"rendered":"http:\/\/www.oscarhumbertogomez.com\/?p=32832"},"modified":"2025-02-14T23:03:43","modified_gmt":"2025-02-15T04:03:43","slug":"poesia-santandereana-x-por-oscar-humberto-gomez-gomez","status":"publish","type":"post","link":"https:\/\/oscarhumbertogomez.com\/?p=32832","title":{"rendered":"POES\u00cdA SANTANDEREANA (X). Por \u00d3scar Humberto G\u00f3mez G\u00f3mez"},"content":{"rendered":"<p>&nbsp;<\/p>\n<p><strong><span style=\"color: #339966;\">NOTA DEL PORTAL<\/span><\/strong>:<\/p>\n<p>&nbsp;<\/p>\n<p>Amigas y amigos:<\/p>\n<p>&nbsp;<\/p>\n<p>Tal y como lo anunciamos, con esta d\u00e9cima entrada de la serie damos por concluida la selecci\u00f3n personal con la que quisimos volver a rememorar y a exaltar la vena po\u00e9tica de Santander, valiosa expresi\u00f3n de la riqueza cultural de nuestra tierra.<\/p>\n<p>Ojal\u00e1 ustedes hayan disfrutado este recorrido por el m\u00e1gico mundo de los versos sintiendo la misma satisfacci\u00f3n que nos produjo la labor de publicarlos con la mayor belleza posible.<\/p>\n<p>\u00a1Un mill\u00f3n de gracias por leernos y respaldarnos!<\/p>\n<p>\u00a1Hasta siempre, Poes\u00eda!<\/p>\n<p>__________<\/p>\n<p>&nbsp;<\/p>\n<p><span style=\"color: #00ccff;\"><strong>JUAN CARLOS<\/strong><\/span><\/p>\n<p>&nbsp;<\/p>\n<p><img loading=\"lazy\" decoding=\"async\" class=\"aligncenter size-full wp-image-32833\" src=\"https:\/\/lapiedrafilosofal.com\/wp-content\/uploads\/2020\/04\/MADRE-E-HIJO.jpg\" alt=\"\" width=\"768\" height=\"1023\" srcset=\"https:\/\/oscarhumbertogomez.com\/wp-content\/uploads\/2020\/04\/MADRE-E-HIJO.jpg 768w, https:\/\/oscarhumbertogomez.com\/wp-content\/uploads\/2020\/04\/MADRE-E-HIJO-225x300.jpg 225w\" sizes=\"auto, (max-width: 768px) 100vw, 768px\" \/><\/p>\n<p>&nbsp;<\/p>\n<p>Por alguien pregunta mi voz.<br \/>\n\u00bfEs por el hijo muerto?<br \/>\nPor nueve meses lo llev\u00e9 en mi cuerpo;<br \/>\nse hizo flor en mi sangre.<\/p>\n<p>Su vida tuvo un nombre:<br \/>\nJuan Carlos, espiga de mi coraz\u00f3n.<\/p>\n<p>Se parti\u00f3 en dos su vida<br \/>\ncomo las alas de un \u00e1ngel.<br \/>\nDesprendido de mi carne<br \/>\nse esfum\u00f3 al filo de la primera luz.<\/p>\n<p>\u00bfC\u00f3mo eran sus ojos?<br \/>\n\u00bfC\u00f3mo eran sus cabellos?<\/p>\n<p>Caracoles azules<br \/>\ndeb\u00eda tener en su mirada<br \/>\ny cabellos de noche<br \/>\nsobre su frente de oro.<\/p>\n<p>Y en su garganta ese aletear primero de los bosques<br \/>\ny en sus manos arco iris de presagios<br \/>\ny en sus pies naciendo las ra\u00edces de los lirios.<\/p>\n<p>No hubo dolor en el alumbramiento;<br \/>\nm\u00e1s pesaba la nube que su cuerpo disuelto<br \/>\npor mi pena y la fuerza del tiempo.<\/p>\n<p>Todo el paisaje era blanco.<br \/>\nSub\u00eda por mi garganta un sabor<br \/>\nsalobre de mar muerto;<br \/>\nmi cuerpo no percib\u00eda el milagro.<\/p>\n<p>Voces interiores anunciaron<br \/>\nel mensaje de su muerte.<br \/>\nDespert\u00e9 como de un sue\u00f1o,<br \/>\ntaladrada de silencio.<\/p>\n<p>No estrech\u00e9 contra mi carne<br \/>\nla forma de su cuerpo;<br \/>\nguardaron su sonrisa en la madera blanca<br \/>\nllevada por los \u00e1ngeles.<\/p>\n<p>CARMEN DE G\u00d3MEZ MEJ\u00cdA<\/p>\n<p>__________<\/p>\n<p>&nbsp;<\/p>\n<p><strong><span style=\"color: #0000ff;\">MADRIGAL<\/span><\/strong><\/p>\n<p>&nbsp;<\/p>\n<p><img decoding=\"async\" class=\"aligncenter size-full wp-image-10718\" title=\"ojos bellos\" src=\"https:\/\/lapiedrafilosofal.com\/wp-content\/uploads\/2013\/12\/ojos-bellos.jpg\" alt=\"\" width=\"1000\" srcset=\"https:\/\/oscarhumbertogomez.com\/wp-content\/uploads\/2013\/12\/ojos-bellos.jpg 400w, https:\/\/oscarhumbertogomez.com\/wp-content\/uploads\/2013\/12\/ojos-bellos-300x249.jpg 300w\" sizes=\"(max-width: 400px) 100vw, 400px\" \/><\/p>\n<p>&nbsp;<\/p>\n<p>Con la nostalgia de labrar un fino<br \/>\nmadrigal, un tributo peregrino<br \/>\nde fragancia y de amor, busqu\u00e9 en mi anhelo,<br \/>\npara ensalzar tus ojos ideales,<br \/>\nsinfon\u00edas de luz, cromos del cielo<br \/>\ny temblorosas rimas siderales.<\/p>\n<p>Mas hall\u00e9 mi ilusi\u00f3n pobre y menguada<br \/>\ncuando en la gloria azul del mediod\u00eda<br \/>\nvi que otro inmenso firmamento hab\u00eda<br \/>\nm\u00e1s hermoso que aqu\u00e9l, en tu mirada;<\/p>\n<p>y tan s\u00f3lo colmara mis antojos<br \/>\nal darme t\u00fa la inspiraci\u00f3n, Mar\u00eda,<br \/>\nal darme t\u00fa la luz, y as\u00ed le har\u00eda<br \/>\nun madrigal al cielo con tus ojos.<\/p>\n<p>AURELIO MART\u00cdNEZ MUTIS<\/p>\n<p>_________<\/p>\n<p>&nbsp;<\/p>\n<p><strong><span style=\"color: #ff9900;\">ORGULLO<\/span><\/strong><\/p>\n<p>&nbsp;<\/p>\n<p><img loading=\"lazy\" decoding=\"async\" class=\"aligncenter size-large wp-image-32841\" src=\"https:\/\/lapiedrafilosofal.com\/wp-content\/uploads\/2020\/04\/El-caminante-sobre-el-mar-de-niebla-friedrich-746x1024.jpg\" alt=\"\" width=\"640\" height=\"878\" srcset=\"https:\/\/oscarhumbertogomez.com\/wp-content\/uploads\/2020\/04\/El-caminante-sobre-el-mar-de-niebla-friedrich-746x1024.jpg 746w, https:\/\/oscarhumbertogomez.com\/wp-content\/uploads\/2020\/04\/El-caminante-sobre-el-mar-de-niebla-friedrich-219x300.jpg 219w, https:\/\/oscarhumbertogomez.com\/wp-content\/uploads\/2020\/04\/El-caminante-sobre-el-mar-de-niebla-friedrich-768x1054.jpg 768w, https:\/\/oscarhumbertogomez.com\/wp-content\/uploads\/2020\/04\/El-caminante-sobre-el-mar-de-niebla-friedrich.jpg 1444w\" sizes=\"auto, (max-width: 640px) 100vw, 640px\" \/><\/p>\n<p>&nbsp;<\/p>\n<p>Recluido en mis altas soledades<br \/>\n-inexpugnable torre y muro fiero-<br \/>\npulo mi vida en fr\u00edas claridades,<br \/>\nvecino de la roca y del lucero.<\/p>\n<p>Hondo vivir, dulc\u00edsimas saudades<br \/>\nsuavizan el viril perfil se\u00f1ero.<br \/>\nNi tesoros, ni espl\u00e9ndidas ciudades<br \/>\nconmu\u00e9venme, ni gozo linsojero.<\/p>\n<p>Raudos halcones y \u00e1giles milanos<br \/>\nen el viento; el sol entre mis manos<br \/>\narde y de mis dedos se alimenta.<\/p>\n<p>Pastor de viento y de nubes. Nada<br \/>\ncomo esta augusta casa desolada<br \/>\nde mi ser, que en s\u00ed misma se sustenta.<\/p>\n<p>TOM\u00c1S VARGAS OSORIO<\/p>\n<p>_________<\/p>\n<p>&nbsp;<\/p>\n<p><span style=\"color: #ff6600;\"><strong>EVOCACI\u00d3N<\/strong><\/span><\/p>\n<p>&nbsp;<\/p>\n<p><img loading=\"lazy\" decoding=\"async\" class=\"aligncenter size-full wp-image-32842\" src=\"https:\/\/lapiedrafilosofal.com\/wp-content\/uploads\/2020\/04\/MUJER.jpg\" alt=\"\" width=\"626\" height=\"939\" srcset=\"https:\/\/oscarhumbertogomez.com\/wp-content\/uploads\/2020\/04\/MUJER.jpg 626w, https:\/\/oscarhumbertogomez.com\/wp-content\/uploads\/2020\/04\/MUJER-200x300.jpg 200w\" sizes=\"auto, (max-width: 626px) 100vw, 626px\" \/><\/p>\n<p>&nbsp;<\/p>\n<p>Pureza casi m\u00edstica de cuna,<br \/>\noraci\u00f3n silenciosa en embeleso,<br \/>\nfulgor que cobra el m\u00e1rmol en el beso<br \/>\napagado y ausente de la luna.<\/p>\n<p>Rostro de la miel y alma moruna,<br \/>\nesta mujer con ritmo de intermezzo<br \/>\ntiene a momentos el candor expreso<br \/>\ndel paisaje copiado en la laguna.<\/p>\n<p>Pasa rozando el cielo su aureola,<br \/>\nse deshoja a su lado la corola<br \/>\nde las rosas, de la luz del firmamento,<\/p>\n<p>Y se esfuma intangible el cuerpo alado<br \/>\ncuando la roza el aire enamorado<br \/>\ncon la casta caricia de su aliento.<\/p>\n<p>JAVIER CARRE\u00d1O HARKER (1925 &#8211; 1955)<\/p>\n<p>__________<\/p>\n<p>&nbsp;<\/p>\n<p><strong><span style=\"color: #800000;\">LA COSTURERA<\/span><\/strong><\/p>\n<p>&nbsp;<\/p>\n<p><img loading=\"lazy\" decoding=\"async\" class=\"aligncenter size-full wp-image-27337\" src=\"https:\/\/lapiedrafilosofal.com\/wp-content\/uploads\/2018\/11\/MUJER-COSIENDO-EL-AGUADOR-DE-SEVILLA.jpg\" alt=\"\" width=\"523\" height=\"648\" srcset=\"https:\/\/oscarhumbertogomez.com\/wp-content\/uploads\/2018\/11\/MUJER-COSIENDO-EL-AGUADOR-DE-SEVILLA.jpg 523w, https:\/\/oscarhumbertogomez.com\/wp-content\/uploads\/2018\/11\/MUJER-COSIENDO-EL-AGUADOR-DE-SEVILLA-242x300.jpg 242w\" sizes=\"auto, (max-width: 523px) 100vw, 523px\" \/><\/p>\n<p>&nbsp;<\/p>\n<p>De la aguja a la aguja,<br \/>\nde la aguja a la tela,<br \/>\npor la ma\u00f1ana y a media noche<br \/>\nrueda que rueda.<\/p>\n<p>\u2014Madre:<br \/>\nYo quiero un vestido de lujo<br \/>\ncon lentejuelas.<\/p>\n<p>Ay, la costurera&#8230;<br \/>\nEl hilo de sus sue\u00f1os<br \/>\nno cose seda.<\/p>\n<p>GUSTAVO COTE URIBE<\/p>\n<p>_________<\/p>\n<p>&nbsp;<\/p>\n<p><strong><span style=\"color: #000000;\">SILENCIO<\/span><\/strong><\/p>\n<p>&nbsp;<\/p>\n<p><img loading=\"lazy\" decoding=\"async\" class=\"aligncenter size-full wp-image-32843\" src=\"https:\/\/lapiedrafilosofal.com\/wp-content\/uploads\/2020\/04\/MUJER-3.jpg\" alt=\"\" width=\"1000\" height=\"971\" srcset=\"https:\/\/oscarhumbertogomez.com\/wp-content\/uploads\/2020\/04\/MUJER-3.jpg 1000w, https:\/\/oscarhumbertogomez.com\/wp-content\/uploads\/2020\/04\/MUJER-3-300x291.jpg 300w, https:\/\/oscarhumbertogomez.com\/wp-content\/uploads\/2020\/04\/MUJER-3-768x746.jpg 768w\" sizes=\"auto, (max-width: 1000px) 100vw, 1000px\" \/><\/p>\n<p>&nbsp;<\/p>\n<p>Por los tejados de la noche, lento,<br \/>\ncomo la esencia de una flor ignota,<br \/>\nva rodando el silencio, gota a gota,<br \/>\nsobre el eco interior de mi lamento.<\/p>\n<p>Del fondo de la pena surgir siento<br \/>\nuna canci\u00f3n que del silencio brota<br \/>\ny enciende al infinito, nota a nota,<br \/>\ncon la nostalgia de mi propio acento.<\/p>\n<p>Su notaci\u00f3n de m\u00e1gicos sonidos<br \/>\neleva el alma hasta la muda estrella<br \/>\nque flota sobre el mundo de los ruidos.<\/p>\n<p>Y si la voz de la mujer aquella<br \/>\nturba la placidez de mis sentidos<br \/>\n\u00a1mi boca con amor su boca sella!<\/p>\n<p>F\u00c9LIX SILVA DUGARTE<\/p>\n<p>________<\/p>\n<p>&nbsp;<\/p>\n<p><strong><span style=\"color: #808000;\">A SOLAS<\/span><\/strong><\/p>\n<p>&nbsp;<\/p>\n<p><img loading=\"lazy\" decoding=\"async\" class=\"aligncenter size-large wp-image-32844\" src=\"https:\/\/lapiedrafilosofal.com\/wp-content\/uploads\/2020\/04\/MUJER-4-596x1024.jpg\" alt=\"\" width=\"596\" height=\"1024\" srcset=\"https:\/\/oscarhumbertogomez.com\/wp-content\/uploads\/2020\/04\/MUJER-4.jpg 596w, https:\/\/oscarhumbertogomez.com\/wp-content\/uploads\/2020\/04\/MUJER-4-175x300.jpg 175w\" sizes=\"auto, (max-width: 596px) 100vw, 596px\" \/><\/p>\n<p>&nbsp;<\/p>\n<p>\u00bfQuieres que hablemos?&#8230; Est\u00e1 bien&#8230; empieza:<br \/>\nHabla a mi coraz\u00f3n como otros d\u00edas&#8230;<br \/>\n\u00a1Pero no!&#8230; \u00bfqu\u00e9 dir\u00edas?<br \/>\n\u00bfQu\u00e9 podr\u00edas decir a mi tristeza?<br \/>\nNo intentes disculparte&#8230; \u00a1todo es vano!<br \/>\nYa murieron las rosas en el huerto;<br \/>\nel campo verde lo sec\u00f3 el verano,<br \/>\ny mi fe en ti, como mi amor, ha muerto.<\/p>\n<p>Amor arrepentido,<br \/>\nave que quieres regresar al nido<br \/>\nal trav\u00e9s de la escarcha y las neblinas;<br \/>\namor que vienes aterido y yerto,<br \/>\n\u00a1donde fuiste feliz&#8230; ya todo ha muerto!<br \/>\n\u00a1No vuelvas&#8230; Todo lo hallar\u00e1s en ruinas!<\/p>\n<p>\u00bfA qu\u00e9 has venido? \u00bfPara qu\u00e9 volviste?<br \/>\n\u00bfQu\u00e9 buscas?&#8230; \u00a1Nadie habr\u00e1 de responderte!<br \/>\nEst\u00e1 sola mi alma, y estoy triste,<br \/>\ninmensamente triste hasta la muerte.<br \/>\nTodas las ilusiones que te amaron,<br \/>\nlas que quisieron compartir tu suerte,<br \/>\nmucho tiempo en la sombra te esperaron,<br \/>\ny se fueron&#8230; \u00a1cansadas de no verte!<\/p>\n<p>Cuando por vez primera<br \/>\nen mi camino te encontr\u00e9, re\u00eda<br \/>\nen los campos la alegre primavera&#8230;<br \/>\ntoda esa luz, aromas y armon\u00eda.<\/p>\n<p>Hoy&#8230; \u00a1todo cu\u00e1n distinto! Paso a paso<br \/>\ny solo voy por la desierta v\u00eda.<br \/>\n\u2014Nave sin rumbo entre revueltas olas\u2014<br \/>\npensando en las tristezas del ocaso,<br \/>\ny en las tristezas de las almas solas.<\/p>\n<p>En torno la mirada no columbra<br \/>\nsino aspereza y p\u00e1ramos sombr\u00edos;<br \/>\nlos nidos en la nieve est\u00e1n vac\u00edos,<br \/>\ny la estrella que amamos ya no alumbra<br \/>\nel azul de tus sue\u00f1os y los m\u00edos.<\/p>\n<p>Partiste para ignota lontananza<br \/>\ncuando empezaba a descender la sombra.<br \/>\n&#8230;\u00bfRecuerdas? Te imploraba mi esperanza,<br \/>\n\u00a1pero ya mi esperanza no te nombra!<\/p>\n<p>\u00a1No ha de nombrarte!&#8230;\u00bfpara qu\u00e9?&#8230; Vac\u00eda<br \/>\nest\u00e1 el ara, y la historia yace trunca.<br \/>\n\u00a1Ya para qu\u00e9 esperar que irradie el d\u00eda!<br \/>\n\u00a1Ya para qu\u00e9 decirnos: Todav\u00eda!<br \/>\nSi una voz grita en nuestras almas: \u00a1Nunca!<\/p>\n<p>Dices que eres la misma; que en tu pecho<br \/>\nla dulce llama de otros tiempos arde;<br \/>\nque el nido del amor no est\u00e1 deshecho,<br \/>\nque para amarnos otra vez, no es tarde.<\/p>\n<p>\u00a1Te enga\u00f1as!&#8230; \u00a1No lo creas!&#8230; Ya la duda<br \/>\nech\u00f3 en mi coraz\u00f3n fuertes ra\u00edces.<br \/>\nYa la fe de otros a\u00f1os no me escuda&#8230;<br \/>\nQued\u00f3 de sue\u00f1os mi ilusi\u00f3n desnuda,<br \/>\n\u00a1y no puedo creer lo que me dices!<\/p>\n<p>\u00a1No lo puedo creer!&#8230; Mi fe burlada,<br \/>\nmi fe en tu amor perdida,<br \/>\nes ansia de una nave destrozada,<br \/>\n\u00a1ancla en el fondo de la mar ca\u00edda!<\/p>\n<p>Anhelos de un amor, castos, risue\u00f1os,<br \/>\nya nunca volver\u00e1n&#8230; Se van&#8230; \u00a1Se esconden!<br \/>\n\u00bfLos llamas?&#8230; \u00a1Es in\u00fatil!&#8230; No responden&#8230;<br \/>\n\u00a1Ya los cubre el sudario de mis sue\u00f1os!<\/p>\n<p>Hace tiempo se fue la primavera&#8230;<br \/>\n\u00a1Lleg\u00f3 el invierno, f\u00fanebre y sombr\u00edo!<br \/>\nAve fue nuestro amor, ave viajera,<br \/>\n\u00a1y las aves se van cuando hace fr\u00edo!<\/p>\n<p>ISMAEL ENRIQUE ARCINIEGAS<\/p>\n<p>__________<\/p>\n<p>&nbsp;<\/p>\n","protected":false},"excerpt":{"rendered":"<p>&nbsp; NOTA DEL PORTAL: &nbsp; Amigas y amigos: &nbsp; Tal y como lo anunciamos, con esta d\u00e9cima entrada de la serie damos por concluida la selecci\u00f3n personal con la que quisimos volver a rememorar y a exaltar la vena po\u00e9tica &hellip; <a href=\"https:\/\/oscarhumbertogomez.com\/?p=32832\">Sigue leyendo <span class=\"meta-nav\">&rarr;<\/span><\/a><\/p>\n<div class='heateorSssClear'><\/div><div  class='heateor_sss_sharing_container heateor_sss_horizontal_sharing' heateor-sss-data-href='https:\/\/oscarhumbertogomez.com\/?p=32832'><div class='heateor_sss_sharing_title' style=\"font-weight:bold\" >\u00a1Gracias por compartirla!<\/div><ul class=\"heateor_sss_sharing_ul\"><li class=\"heateorSssSharingRound\"><i style=\"width:35px;height:35px;border-radius:999px;\" alt=\"Facebook\" Title=\"Facebook\" class=\"heateorSssSharing heateorSssFacebookBackground\" onclick='heateorSssPopup(\"https:\/\/www.facebook.com\/sharer\/sharer.php?u=https%3A%2F%2Foscarhumbertogomez.com%2Findex.php%3Frest_route%3D%252Fwp%252Fv2%252Fposts%252F32832\")'><ss style=\"display:block;border-radius:999px;\" class=\"heateorSssSharingSvg heateorSssFacebookSvg\"><\/ss><\/i><\/li><li class=\"heateorSssSharingRound\"><i style=\"width:35px;height:35px;border-radius:999px;\" alt=\"Twitter\" Title=\"Twitter\" class=\"heateorSssSharing heateorSssTwitterBackground\" onclick='heateorSssPopup(\"http:\/\/twitter.com\/intent\/tweet?text=POES%C3%8DA%20SANTANDEREANA%20%28X%29.%20Por%20%C3%93scar%20Humberto%20G%C3%B3mez%20G%C3%B3mez&url=https%3A%2F%2Foscarhumbertogomez.com%2Findex.php%3Frest_route%3D%252Fwp%252Fv2%252Fposts%252F32832\")'><ss style=\"display:block;border-radius:999px;\" class=\"heateorSssSharingSvg heateorSssTwitterSvg\"><\/ss><\/i><\/li><li class=\"heateorSssSharingRound\"><i style=\"width:35px;height:35px;border-radius:999px;\" alt=\"Whatsapp\" Title=\"Whatsapp\" class=\"heateorSssSharing heateorSssWhatsappBackground\" onclick='heateorSssPopup(\"https:\/\/web.whatsapp.com\/send?text=POES%C3%8DA%20SANTANDEREANA%20%28X%29.%20Por%20%C3%93scar%20Humberto%20G%C3%B3mez%20G%C3%B3mez https%3A%2F%2Foscarhumbertogomez.com%2Findex.php%3Frest_route%3D%252Fwp%252Fv2%252Fposts%252F32832\")'><ss style=\"display:block\" class=\"heateorSssSharingSvg heateorSssWhatsappSvg\"><\/ss><\/i><\/li><li class=\"heateorSssSharingRound\"><i style=\"width:35px;height:35px;border-radius:999px;\" alt=\"Pinterest\" Title=\"Pinterest\" class=\"heateorSssSharing heateorSssPinterestBackground\" onclick=\"javascript:void( (function() {var e=document.createElement('script' );e.setAttribute('type','text\/javascript' );e.setAttribute('charset','UTF-8' );e.setAttribute('src','\/\/assets.pinterest.com\/js\/pinmarklet.js?r='+Math.random()*99999999);document.body.appendChild(e)})());\"><ss style=\"display:block;border-radius:999px;\" class=\"heateorSssSharingSvg heateorSssPinterestSvg\"><\/ss><\/i><\/li><li class=\"heateorSssSharingRound\"><i style=\"width:35px;height:35px;border-radius:999px;\" alt=\"Google Gmail\" Title=\"Google Gmail\" class=\"heateorSssSharing heateorSssGoogleGmailBackground\" onclick='heateorSssPopup(\"https:\/\/mail.google.com\/mail\/?ui=2&view=cm&fs=1&tf=1&su=POES%C3%8DA%20SANTANDEREANA%20%28X%29.%20Por%20%C3%93scar%20Humberto%20G%C3%B3mez%20G%C3%B3mez&body=Link:https%3A%2F%2Foscarhumbertogomez.com%2Findex.php%3Frest_route%3D%252Fwp%252Fv2%252Fposts%252F32832\")'><ss style=\"display:block;border-radius:999px;\" class=\"heateorSssSharingSvg heateorSssGoogleGmailSvg\"><\/ss><\/i><\/li><li class=\"heateorSssSharingRound\"><i style=\"width:35px;height:35px;border-radius:999px;\" title=\"More\" alt=\"More\" class=\"heateorSssSharing heateorSssMoreBackground\" onclick=\"heateorSssMoreSharingPopup(this, 'https:\/\/oscarhumbertogomez.com\/index.php?rest_route=%2Fwp%2Fv2%2Fposts%2F32832', 'POES%C3%8DA%20SANTANDEREANA%20%28X%29.%20Por%20%C3%93scar%20Humberto%20G%C3%B3mez%20G%C3%B3mez', '' )\" ><ss style=\"display:block\" class=\"heateorSssSharingSvg heateorSssMoreSvg\"><\/ss><\/i><\/li><\/ul><div class=\"heateorSssClear\"><\/div><\/div><div class='heateorSssClear'><\/div>","protected":false},"author":2,"featured_media":0,"comment_status":"closed","ping_status":"closed","sticky":false,"template":"","format":"standard","meta":{"spay_email":"","footnotes":""},"categories":[7],"tags":[],"class_list":["post-32832","post","type-post","status-publish","format-standard","hentry","category-poesia"],"jetpack_featured_media_url":"","jetpack_shortlink":"https:\/\/wp.me\/p1FYrr-8xy","_links":{"self":[{"href":"https:\/\/oscarhumbertogomez.com\/index.php?rest_route=\/wp\/v2\/posts\/32832","targetHints":{"allow":["GET"]}}],"collection":[{"href":"https:\/\/oscarhumbertogomez.com\/index.php?rest_route=\/wp\/v2\/posts"}],"about":[{"href":"https:\/\/oscarhumbertogomez.com\/index.php?rest_route=\/wp\/v2\/types\/post"}],"author":[{"embeddable":true,"href":"https:\/\/oscarhumbertogomez.com\/index.php?rest_route=\/wp\/v2\/users\/2"}],"replies":[{"embeddable":true,"href":"https:\/\/oscarhumbertogomez.com\/index.php?rest_route=%2Fwp%2Fv2%2Fcomments&post=32832"}],"version-history":[{"count":6,"href":"https:\/\/oscarhumbertogomez.com\/index.php?rest_route=\/wp\/v2\/posts\/32832\/revisions"}],"predecessor-version":[{"id":50695,"href":"https:\/\/oscarhumbertogomez.com\/index.php?rest_route=\/wp\/v2\/posts\/32832\/revisions\/50695"}],"wp:attachment":[{"href":"https:\/\/oscarhumbertogomez.com\/index.php?rest_route=%2Fwp%2Fv2%2Fmedia&parent=32832"}],"wp:term":[{"taxonomy":"category","embeddable":true,"href":"https:\/\/oscarhumbertogomez.com\/index.php?rest_route=%2Fwp%2Fv2%2Fcategories&post=32832"},{"taxonomy":"post_tag","embeddable":true,"href":"https:\/\/oscarhumbertogomez.com\/index.php?rest_route=%2Fwp%2Fv2%2Ftags&post=32832"}],"curies":[{"name":"wp","href":"https:\/\/api.w.org\/{rel}","templated":true}]}}