{"id":32887,"date":"2020-04-05T11:22:49","date_gmt":"2020-04-05T16:22:49","guid":{"rendered":"http:\/\/www.oscarhumbertogomez.com\/?p=32887"},"modified":"2025-03-21T11:40:05","modified_gmt":"2025-03-21T16:40:05","slug":"julio-florez-por-oscar-humberto-gomez-gomez-miembro-de-numero-de-la-academia-de-historia-de-santander","status":"publish","type":"post","link":"https:\/\/oscarhumbertogomez.com\/?p=32887","title":{"rendered":"JULIO FL\u00d3REZ. Por \u00d3scar Humberto G\u00f3mez G\u00f3mez, Miembro de N\u00famero de la Academia de Historia de Santander"},"content":{"rendered":"<p><img decoding=\"async\" class=\"size-full wp-image-6018\" title=\"Julio florez\" src=\"https:\/\/lapiedrafilosofal.com\/wp-content\/uploads\/2012\/09\/Julio-florez.jpg\" alt=\"\" width=\"450\" srcset=\"https:\/\/oscarhumbertogomez.com\/wp-content\/uploads\/2012\/09\/Julio-florez.jpg 228w, https:\/\/oscarhumbertogomez.com\/wp-content\/uploads\/2012\/09\/Julio-florez-213x300.jpg 213w\" sizes=\"(max-width: 228px) 100vw, 228px\" \/><\/p>\n<p>&nbsp;<\/p>\n<p>Quince d\u00edas antes de que, v\u00edctima al parecer del c\u00e1ncer, muriera el magn\u00edfico poeta liberal colombiano Julio Fl\u00f3rez, una caravana de ciento sesenta y tres autom\u00f3viles ingres\u00f3 a las polvorientas calles del pueblecito de Usiacur\u00ed, departamento del Atl\u00e1ntico, donde viv\u00eda.<\/p>\n<p>&nbsp;<\/p>\n<p>En tiempos pret\u00e9ritos, cuando todav\u00eda a la Poes\u00eda no la hab\u00eda arrasado el turbi\u00f3n irreflexivo de una modernidad y un progreso mal entendidos, los poetas eran coronados en actos especialmente significativos en los cuales se les pon\u00eda sobre sus sienes una corona de laurel. &nbsp;De hecho, el poeta conservador bumangu\u00e9s Aurelio Mart\u00ednez Mutis fue coronado en el Teatro Santander de Bucaramanga, el poeta conservador curite\u00f1o Ismael Enrique Arciniegas muri\u00f3 cuando se preparaba su coronaci\u00f3n, y talvez la \u00faltima coronaci\u00f3n llevada a cabo por estas tierras fue la del poeta comunista bumangu\u00e9s Pablo Zogoibi (Sebasti\u00e1n Antol\u00ednez) en la Universidad Industrial de Santander.<\/p>\n<p>Pues bien: Julio Fl\u00f3rez iba a ser coronado por aquellos d\u00edas, pero el acto no hab\u00eda podido programarse en la capital de la rep\u00fablica porque el bardo ya se encontraba muy enfermo y pr\u00e1cticamente al borde de la tumba. &nbsp; Desde por lo menos treinta a\u00f1os antes se merec\u00eda ese homenaje m\u00e1ximo. &#8220;Todo nos llega tarde&#8221;, hab\u00eda escrito en uno de sus m\u00e1s famosos poemas:<\/p>\n<p>&#8220;Todo nos llega tarde \u00a1hasta la muerte!<br \/>\nnunca se satisface ni se alcanza<br \/>\nla dulce posesi\u00f3n de una esperanza<br \/>\ncuando el deseo ac\u00f3sanos m\u00e1s fuerte.<\/p>\n<p>Todo puede llegar, pero se advierte<br \/>\nque todo llega tarde: la bonanza,<br \/>\ndespu\u00e9s de la tragedia; la alabanza,<br \/>\ncuando est\u00e1 ya la inspiraci\u00f3n inerte.<\/p>\n<p>La justicia nos muestra su balanza<br \/>\ncuando los siglos en la historia vierte<br \/>\nel tiempo mudo que en el orbe avanza.<\/p>\n<p>Y la gloria, esa ninfa de la suerte,<br \/>\ns\u00f3lo en las viejas sepulturas danza.<br \/>\n\u00a1Todo nos llega tarde, hasta la muerte!&#8221;<\/p>\n<p>&nbsp;<\/p>\n<p><img decoding=\"async\" class=\"size-full wp-image-6056\" title=\"Julio_Florez_1\" src=\"https:\/\/lapiedrafilosofal.com\/wp-content\/uploads\/2012\/10\/Julio_Florez_1.jpg\" alt=\"\" width=\"450\" srcset=\"https:\/\/oscarhumbertogomez.com\/wp-content\/uploads\/2012\/10\/Julio_Florez_1.jpg 200w, https:\/\/oscarhumbertogomez.com\/wp-content\/uploads\/2012\/10\/Julio_Florez_1-189x300.jpg 189w\" sizes=\"(max-width: 200px) 100vw, 200px\" \/><\/p>\n<p>&nbsp;<\/p>\n<p>El destacado vate colombiano profesaba una clara, fuerte e irreductible ideolog\u00eda liberal, a pesar de que si bien su pap\u00e1, el m\u00e9dico Policarpo Mar\u00eda Fl\u00f3rez, era liberal e incluso a nombre de ese partido hab\u00eda sido Presidente del Estado Soberano de Boyac\u00e1, su se\u00f1ora madre, do\u00f1a Dolores Roa de Fl\u00f3rez, militaba en el Partido Conservador.<\/p>\n<p>Su brillante carrera po\u00e9tica empez\u00f3 a la edad de siete a\u00f1os. No fue, sin embargo, el \u00fanico poeta de la familia. Sus hermanos Manuel de Jes\u00fas, m\u00e9dico, Leonidas, abogado, y Alejandro, ingeniero, tambi\u00e9n lo fueron. &nbsp;S\u00f3lo que el brillo de Julio pr\u00e1cticamente eclips\u00f3 la obra po\u00e9tica de sus consangu\u00edneos, de quienes la cr\u00edtica se\u00f1ala, sin embargo, que eran, igualmente, &nbsp;buenos poetas.<\/p>\n<p>Pero mientras sus hermanos fueron profesionales que adem\u00e1s hac\u00edan poes\u00eda, Julio fue un poeta -poeta, es decir, un hombre dedicado en cuerpo y alma a la Poes\u00eda. As\u00ed que mientras Alejandro, por ejemplo, se gradu\u00f3 en la Escuela Superior de Ingenier\u00eda Civil y Militar como Ingeniero (en ese entonces ese era el \u00fanico t\u00edtulo posible en la ingenier\u00eda), Julio tuvo que abandonar sus estudios de Literatura, que cursaba en el Colegio Mayor de Nuestra Se\u00f1ora del Rosario, debido a las dificultades econ\u00f3micas familiares desencadenadas por las guerras civiles, y desde entonces, y para siempre, se dedic\u00f3 a llevar una vida bohemia.<\/p>\n<p>Sus m\u00e1s cercanos amigos en el entorno del arte po\u00e9tico fueron los poetas Jos\u00e9 Asunci\u00f3n Silva y Candelario Obeso. Curiosamente, ambos se suicidaron.<\/p>\n<p>&nbsp;<\/p>\n<p><img decoding=\"async\" class=\"size-full wp-image-6057\" title=\"JULIO F.\" src=\"https:\/\/lapiedrafilosofal.com\/wp-content\/uploads\/2012\/10\/JULIO-F.-.jpg\" alt=\"\" width=\"450\" srcset=\"https:\/\/oscarhumbertogomez.com\/wp-content\/uploads\/2012\/10\/JULIO-F.-.jpg 360w, https:\/\/oscarhumbertogomez.com\/wp-content\/uploads\/2012\/10\/JULIO-F.--300x225.jpg 300w\" sizes=\"(max-width: 360px) 100vw, 360px\" \/><\/p>\n<p>&nbsp;<\/p>\n<p>Durante largos a\u00f1os, el maestro Julio Fl\u00f3rez tuvo que vivir de la poes\u00eda, que era equivalente -y sigue siendo equivalente- a morirse de hambre. &nbsp;De hecho, \u00e9l mismo habla de sus &#8220;hambres de poeta&#8221;.<\/p>\n<p>&nbsp;<\/p>\n<p>No solo escrib\u00eda poes\u00edas, sino que era, adem\u00e1s, un excelente declamador. En aquella \u00e9poca, los recitales de poes\u00eda eran espect\u00e1culos culturales que aglutinaban tanta gente como los musicales. El declamador sal\u00eda al escenario y una vez all\u00ed cautivaba al p\u00fablico con su particular manera de leer sus propios versos o de recitarlos de memoria. Lamentablemente, y por entendibles razones, no contamos con la grabaci\u00f3n de su voz, pero es f\u00e1cil imagin\u00e1rnoslo recitando, por ejemplo, su rom\u00e1ntico poema titulado &#8220;OJOS Y OJERAS&#8221;.<\/p>\n<p>&nbsp;<\/p>\n<p><img decoding=\"async\" class=\"size-full wp-image-6067\" title=\"julio_flores_2\" src=\"https:\/\/lapiedrafilosofal.com\/wp-content\/uploads\/2012\/10\/julio_flores_2.gif\" alt=\"\" width=\"450\" srcset=\"https:\/\/oscarhumbertogomez.com\/wp-content\/uploads\/2012\/10\/julio_flores_2.gif 169w, https:\/\/oscarhumbertogomez.com\/wp-content\/uploads\/2012\/10\/julio_flores_2-128x300.gif 128w\" sizes=\"(max-width: 169px) 100vw, 169px\" \/><\/p>\n<p>&nbsp;<\/p>\n<p>&#8220;En la penumbra, m\u00edstica y opaca,<br \/>\nde tus dos melanc\u00f3licas ojeras,<br \/>\nla aurora de tus ojos se destaca,<br \/>\ndividida en dos f\u00falgidas hogueras.<\/p>\n<p>\u00bfSabes qu\u00e9 son los c\u00edrculos violados<br \/>\nen que esa aurora su fulgor desliza?<br \/>\nSon, por esas hogueras, no colmados<br \/>\na\u00fan, dos tristes pozos de ceniza.<\/p>\n<p>Como arden tanto tus dolientes ojos<br \/>\nen esas cavidades traicioneras,<br \/>\nal caer de esas llamas los despojos,<br \/>\nesos despojos forman tus ojeras.<\/p>\n<p>Es por eso que, siempre, en cada d\u00eda,<br \/>\nesos profundos c\u00edrculos se ensanchan<br \/>\ny llenos de precoz melancol\u00eda,<br \/>\n\u00a1tu palidez adornan\u2026 no la manchan!<\/p>\n<p>Porque son como abiertos calabozos<br \/>\nen que brillan los astros de otra esfera,<br \/>\n\u00a1Qui\u00e9n pudiera caer en esos pozos<br \/>\ny consumirse en tan divina hoguera!&#8221;.<\/p>\n<p>&nbsp;<\/p>\n<p>Pero, adem\u00e1s, de Julio Fl\u00f3rez suele ignorarse que tambi\u00e9n era m\u00fasico. Tocaba el tiple, la guitarra, el viol\u00edn y el piano. Adem\u00e1s, cantaba. Dentro del folclor andino colombiano se destaca el pasillo lento <em>Mis flores negras<\/em>, de su autor\u00eda, que lleg\u00f3 a ser interpretado por Carlos Gardel; en Colombia lo grab\u00f3 el dueto Garz\u00f3n y Collazos, con Jaime Llano Gonz\u00e1lez al \u00f3rgano.<\/p>\n<p>&nbsp;<\/p>\n<p><img loading=\"lazy\" decoding=\"async\" class=\"aligncenter size-full wp-image-6061\" title=\"tiple[1]\" src=\"https:\/\/lapiedrafilosofal.com\/wp-content\/uploads\/2012\/10\/tiple1.jpg\" alt=\"\" width=\"304\" height=\"256\" srcset=\"https:\/\/oscarhumbertogomez.com\/wp-content\/uploads\/2012\/10\/tiple1.jpg 304w, https:\/\/oscarhumbertogomez.com\/wp-content\/uploads\/2012\/10\/tiple1-300x252.jpg 300w\" sizes=\"auto, (max-width: 304px) 100vw, 304px\" \/><\/p>\n<p>&nbsp;<\/p>\n<p>Otra faceta art\u00edstica desconocida del poeta era su talento para un arte hoy en d\u00eda casi desaparecido: era grabador de madera.<\/p>\n<p>&nbsp;<\/p>\n<p><img loading=\"lazy\" decoding=\"async\" class=\"aligncenter size-full wp-image-32908\" src=\"https:\/\/lapiedrafilosofal.com\/wp-content\/uploads\/2020\/04\/RAQUEL-MACIA-RUBIO.jpg\" alt=\"\" width=\"700\" height=\"877\" srcset=\"https:\/\/oscarhumbertogomez.com\/wp-content\/uploads\/2020\/04\/RAQUEL-MACIA-RUBIO.jpg 700w, https:\/\/oscarhumbertogomez.com\/wp-content\/uploads\/2020\/04\/RAQUEL-MACIA-RUBIO-239x300.jpg 239w\" sizes=\"auto, (max-width: 700px) 100vw, 700px\" \/><\/p>\n<p>&nbsp;<\/p>\n<p>Hay una an\u00e9cdota poco conocida de \u00e9l y fue la vez que propuso un concurso consistente en que los participantes deb\u00edan rematar un soneto inconcluso suyo acerca de la muerte. El concurso fue planteado por el propio poeta en carta dirigida al director del peri\u00f3dico <em>El telegrama&nbsp;<\/em>y que apareci\u00f3 publicada junto con el soneto incompleto en la edici\u00f3n del d\u00eda 9 de febrero de 1893.<\/p>\n<p>La carta del aedo dec\u00eda as\u00ed:<\/p>\n<p><em>&#8220;Se\u00f1or Director de El Telegrama. Pte. Le env\u00edo a usted los dos cuartetos de un soneto que no he podido concluir satisfactoriamente. &nbsp; Ofrezco dos libros preciosos a la persona que, a mi parecer, concluya la composici\u00f3n lo mejor posible. &nbsp;Soy de usted afect\u00edsimo servidor, Julio Fl\u00f3rez&#8221;. &nbsp;<\/em><\/p>\n<p>Varios poetas tomaron parte, pero se destaca la participaci\u00f3n del insigne poeta conservador Rafael Pombo. &nbsp;El Instituto Caro y Cuervo en el libro <em>Rafael Pombo. Poes\u00eda in\u00e9dita y olvidada<\/em>, que public\u00f3 en 1970, insert\u00f3 no solo los cuatro sonetos de Fl\u00f3rez, sino los treinta y tres remates que envi\u00f3 Pombo. &nbsp;Incluimos en esta semblanza los dos cuartetos, por supuesto, y algunos de los remates del maestro Pombo, unos de corte religioso y otros con sabor jocoso, todos, desde luego, excelentes.<\/p>\n<p>Aqu\u00ed est\u00e1n:<\/p>\n<p>&nbsp;<\/p>\n<p>DE JULIO FL\u00d3REZ:<\/p>\n<p>&nbsp;<\/p>\n<p>&#8220;Si en la sorda contienda de la vida<br \/>\nNunca duerme el dolor, si airado y fuerte<br \/>\nPulula el mal y por doquier se advierte<br \/>\nLa sombra en las conciencias escondida;<\/p>\n<p>Si herido el coraz\u00f3n, la planta herida<br \/>\nLlora la humanidad su infausta suerte&#8230;<br \/>\n\u00bfPor qu\u00e9 la vida amamos y la muerte<br \/>\nCon su calma sin fin nos intimida?&#8221;<\/p>\n<p>&nbsp;<\/p>\n<p>DE RAFAEL POMBO:<\/p>\n<p>&nbsp;<\/p>\n<p>&#8220;Porque el mundo (y lo prueba este expediente)<br \/>\nDespu\u00e9s de tantos siglos de bautismo<br \/>\nEs cristiano en el nombre \u00fanicamente:<\/p>\n<p>Puesto que al serlo en realidad, supiera<br \/>\nQue la vida no es \u00e9sta, es Jes\u00fas mismo,<br \/>\nY s\u00f3lo vive el que en sus brazos muera&#8221;.<\/p>\n<p>___<\/p>\n<p>&#8220;Si ama un padre a su hijo, le edifica<br \/>\nRegia mansi\u00f3n e inst\u00e1lalo a su gusto<br \/>\nY el muy vil se alza en pago y crucifica<\/p>\n<p>Al genitor, que amante pero justo<br \/>\nLa pena de morir le notifica:<br \/>\n\u00bfIr a ver a Pap\u00e1 no dar\u00e1 susto?&#8221;<\/p>\n<p>___<\/p>\n<p>&#8220;Si consta al vivo esa infinita calma,<br \/>\n<em>Good night!<\/em> La muerte s\u00f3lo al justo inquieta,<br \/>\nDejando al crimen su insolente palma.<\/p>\n<p>Mas no hay visi\u00f3n ni sabio ni poeta<br \/>\nMayor que el hondo presentir del alma<br \/>\nY all\u00ed est\u00e1 Dios, la soluci\u00f3n completa&#8221;.<\/p>\n<p>____<\/p>\n<p>&#8220;Amo esta vida porque aqu\u00ed hay tabaco,<br \/>\nGallos, monte, muchachas, mazamorra,<br \/>\nY un buen sueldo por mes por no hacer nada.<\/p>\n<p>Y en la otra vida el alma de un bellaco<br \/>\nTemo que no la pase tan de gorra<br \/>\nComo en esta parranda organizada&#8221;.<\/p>\n<p>____<\/p>\n<p>&#8220;Porque jam\u00e1s para tan largo viaje<br \/>\nEst\u00e1 uno listo. \u00a1Hay tanto af\u00e1n pendiente!<br \/>\nY aflige ir solo y limpio de equipaje.<\/p>\n<p>No hay, adem\u00e1s, seguros de accidente;<br \/>\nY, si obras buenas pagan el pasaje&#8230;<br \/>\n\u00a1Dame plazo, gran Dios! Me hallo insolvente&#8221;.<\/p>\n<p>____<\/p>\n<p>&nbsp;<\/p>\n<p>Para el a\u00f1o 1895, ya todo hab\u00eda cambiado en la vida personal del maestro Fl\u00f3rez: el \u00e9xito le sonre\u00eda y sus recitales le produc\u00edan el dinero esquivo de otros tiempos. &nbsp;Su compromiso pol\u00edtico con el Partido Liberal lo llev\u00f3 a publicar el libro <em>Flecha roja<\/em>, altamente elogiado por el General Rafael Uribe Uribe.<\/p>\n<p>En 1900, Fl\u00f3rez fund\u00f3 tambi\u00e9n la famosa sociedad de poetas La Gruta Simb\u00f3lica.<\/p>\n<p>&nbsp;<\/p>\n<p><img decoding=\"async\" class=\"size-full wp-image-6065\" title=\"julioflorez\" src=\"https:\/\/lapiedrafilosofal.com\/wp-content\/uploads\/2012\/10\/julioflorez.jpg\" alt=\"\" width=\"450\"><\/p>\n<p>&nbsp;<\/p>\n<p>En 1905, bajo el gobierno del General Rafael Reyes y en plena gloria literaria, tuvo, sin embargo, que irse al exilio. &nbsp;Su prestigio en el exterior fue enorme y resultaron muy exitosas sus giras por diversos pa\u00edses, as\u00ed como fueron un \u00e9xito los libros que public\u00f3 en el exterior durante su exilio.<\/p>\n<p>En 1909, regres\u00f3 a Colombia, dio un recital en Barranquilla y fue cuando desapareci\u00f3. Entonces vino a saberse que se hab\u00eda recluido en el balneario de Usiacur\u00ed, un peque\u00f1o pueblecito de la Costa Atl\u00e1ntica, para beneficiarse de su ambiente tranquilo y de sus aguas medicinales.<\/p>\n<p>Contaba con 42 a\u00f1os cuando conoci\u00f3 a Petrona Moreno, una jovencita oriunda de ese pueblo. &nbsp; Habr\u00edan de terminar viviendo juntos all\u00ed, lo que en aquella \u00e9poca era algo p\u00e9simamente mal visto.<\/p>\n<p>&nbsp;<\/p>\n<p><img decoding=\"async\" class=\"size-full wp-image-6060\" title=\"CASA MUSEO\" src=\"https:\/\/lapiedrafilosofal.com\/wp-content\/uploads\/2012\/10\/CASA-MUSEO-.jpg\" alt=\"\" width=\"450\"><\/p>\n<p>&nbsp;<\/p>\n<p>Al a\u00f1o siguiente, 1910, con motivo del primer centenario del Grito de Independencia, hizo una presentaci\u00f3n apote\u00f3sica en el Teatro Col\u00f3n, con la cual renaci\u00f3 su \u00e9xito y se acrecent\u00f3 su inmensa popularidad.<\/p>\n<p>Doce a\u00f1os m\u00e1s tarde, en 1922, contrajo matrimonio cat\u00f3lico con su compa\u00f1era. Lo hizo, no porque estuviera convencido de que la solemnidad de aquel sacramento le confiriese al amor conyugal alguna significaci\u00f3n particular, sino porque se le hab\u00eda vaticinado que, en virtud de la estrictez del Concordato celebrado entre Colombia y la Santa Sede, sin el cumplimiento de ese requisito su esposa y sus hijos ir\u00edan a tener inconvenientes de car\u00e1cter sucesoral cuando \u00e9l faltara. (Un an\u00e1lisis por aparte merecer\u00eda ese particular deslinde de orden religioso entre liberales y conservadores que se mantuvo durante tanto tiempo y que tan hondamente se entremezcl\u00f3 con la diferencia de concepciones ideol\u00f3gicas).<\/p>\n<p>El 14 de enero del a\u00f1o siguiente a su casamiento -1923- una caravana de ciento sesenta y tres autom\u00f3viles ingres\u00f3 a Usiacur\u00ed. &nbsp;Ven\u00edan a coronar al ya diezmado poeta Julio Fl\u00f3rez. El 7 de febrero siguiente el homenajeado muri\u00f3.<\/p>\n<p>&#8220;Todo -hab\u00eda escrito- nos llega tarde. Hasta la muerte&#8221;.<\/p>\n<p>&nbsp;<\/p>\n<p><img decoding=\"async\" class=\"aligncenter size-full wp-image-6059\" title=\"tintero\" src=\"https:\/\/lapiedrafilosofal.com\/wp-content\/uploads\/2012\/10\/tintero.jpg\" alt=\"\" width=\"450\"><\/p>\n<p>&nbsp;<\/p>\n<p>En su caso, no obstante, creemos que se equivoc\u00f3 con lo de la muerte, pues \u00e9sta no fue tard\u00eda. &nbsp; En realidad, el maestro Julio Fl\u00f3rez hab\u00eda nacido el 22 de mayo de 1867 (en Chiquinquir\u00e1), as\u00ed que al morir apenas contaba con 55 a\u00f1os. &nbsp;Lo que le lleg\u00f3 tarde fue, m\u00e1s bien, su coronaci\u00f3n como poeta. &nbsp;Una coronaci\u00f3n que merec\u00eda desde por lo menos treinta a\u00f1os antes. Dicen algunas fuentes que el hecho de estar viviendo sin matrimonio fue determinante para que se le negara lo que tan claramente merec\u00eda. De hecho, tan pronto el poeta contrajo nupcias, el gobierno conservador del general Pedro Nel Ospina apoy\u00f3 entusiasta su coronaci\u00f3n y el presidente de la Rep\u00fablica le otorg\u00f3 el t\u00edtulo de Poeta Nacional.<\/p>\n<p>&nbsp;<\/p>\n<p>Julio Fl\u00f3rez public\u00f3 diez libros cuyos t\u00edtulos fueron: <em>Huyeron las golondrinas<\/em>,&nbsp;<em>Horas<\/em>,&nbsp;<em>Cardos y lirios<\/em>,&nbsp;<em>Gotas de ajenjo<\/em>, <em>Cesta de lotos<\/em>,&nbsp;<em>Manojo de Zarzas<\/em>,&nbsp;<em>Haz de espinas<\/em>,&nbsp;<em>Flecha roja<\/em>,&nbsp;<em>De pie los muertos<\/em>,&nbsp;<em>Fronda l\u00edrica<\/em> y&nbsp;<em>Oro y \u00e9bano<\/em>.<\/p>\n<p>El poeta conservador bumangu\u00e9s Aurelio Mart\u00ednez Mutis escribi\u00f3 el libro &#8216;Julio Fl\u00f3rez, su vida y su obra&#8217;, del cual el Instituto Caro y Cuervo llev\u00f3 a cabo una edici\u00f3n, en tapa blanda y 172 p\u00e1ginas, en el a\u00f1o 1973.<\/p>\n<p>Su casa natal en Chiquinquir\u00e1 fue un museo durante alg\u00fan tiempo y en el parque ubicado al frente de ella se erig\u00eda solitario el busto con el que se honraba su memoria. Sin embargo, en reciente visita que hicimos a ese sitio comprobamos que, en primer lugar, las personas que sosten\u00edan el museo \u2014una pareja de viejos esposos\u2014 fallecieron y no hubo nadie que los reemplazara en su conservaci\u00f3n, entre otras cosas porque para llevar a cabo esta tarea \u00a1vaya cosa tan &#8220;rara&#8221; en Colombia! no hab\u00eda presupuesto; y, en segundo lugar, en el parque instalaron varios bustos en homenaje a otros poetas del lugar. La casa est\u00e1 siendo utilizada para una peluquer\u00eda y en el letrero que perpet\u00faa su nombre \u2014no precisamente fundido en bronce\u2014, su apellido est\u00e1 escrito con &#8220;s&#8221;, no con &#8220;z&#8221;.<\/p>\n<p>&nbsp;<\/p>\n<p><img decoding=\"async\" class=\"aligncenter size-full wp-image-6058\" title=\"juliopic\" src=\"https:\/\/lapiedrafilosofal.com\/wp-content\/uploads\/2012\/10\/juliopic.jpg\" alt=\"\" width=\"450\"><\/p>\n<p>&nbsp;<\/p>\n<p>Por lo dem\u00e1s, y como siempre, la cr\u00edtica destructiva, impulsada tan s\u00f3lo por la envidia \u2014y, desde luego, por la falta de objetividad que generan las pasiones pol\u00edticas\u2014, se resisti\u00f3 tozudamente a reconocerle sus innegables m\u00e9ritos. &nbsp;A ellos, a sus cr\u00edticos, el rapsoda los fulmin\u00f3, no obstante, con uno de sus poemas m\u00e1s hermosos, inexplicablemente ausente de los que fueron inscritos en las placas de m\u00e1rmol que rodean su busto erigido en su Chiquinquir\u00e1 natal.<\/p>\n<p>Es con aquel poema que cerramos este modesto homenaje a quien fuera -y sigue siendo- uno de los poetas m\u00e1s grandes que ha dado este pa\u00eds desmemoriado al que, de vez en cuando, conviene refrescarle los recuerdos porque a veces pareciera m\u00e1s inclinado a rememorar lo que no debe.<\/p>\n<p>&nbsp;<\/p>\n<p>&#8220;<strong>A MIS CR\u00cdTICOS<\/strong><\/p>\n<p>&nbsp;<\/p>\n<p>Si supi\u00e9rais con qu\u00e9 piedad os miro<br \/>\ny c\u00f3mo os compadezco en esta hora.<br \/>\nEn medio de la paz de mi retiro<br \/>\nmi lira es m\u00e1s fecunda y m\u00e1s sonora.<\/p>\n<p>Si con ello un pesar mayor os causo<br \/>\ny el dedo pongo en vuestra llaga viva,<br \/>\nsabed que nunca me import\u00f3 el aplauso<br \/>\nni nunca me ha importado la diatriba.<\/p>\n<p>\u00bfA qu\u00e9 dar tanto p\u00e1bulo a la pena<br \/>\nque os produce una l\u00edrica victoria?<br \/>\nYa la posteridad, grave y serena,<\/p>\n<p>al separar el oro de la escoria<br \/>\ndir\u00e1 cuando termine la faena,<br \/>\nquien mereci\u00f3 el olvido y quien la gloria&#8221;.<\/p>\n<p>_____<\/p>\n<p>&nbsp;<\/p>\n<p><strong>FOTOGRAF\u00cdAS:<\/strong> 1. Julio Fl\u00f3rez.<\/p>\n<p>2. Julio Fl\u00f3rez.<\/p>\n<p>3. Busto de Julio Fl\u00f3rez en la Casa Museo de Usuacur\u00ed, Atl\u00e1ntico.<\/p>\n<p>4. Julio Fl\u00f3rez declamando.<\/p>\n<p>5. Tiple, instrumento nacional de Colombia y que Julio Fl\u00f3rez tocaba.<\/p>\n<p>6. Grabado en madera, arte hoy en d\u00eda ex\u00f3tico en Colombia. Lamentablemente, no contamos con grabados sobrevivientes de Julio Fl\u00f3rez. En la fotograf\u00eda, un grabado a fuego en madera de la artista espa\u00f1ola Raquel Maci\u00e1 Rubio.<\/p>\n<p>7. Caricatura de Julio Fl\u00f3rez.<\/p>\n<p>8. Busto de Julio Fl\u00f3rez en la Casa Museo de Usiacur\u00ed, Atl\u00e1ntico.<\/p>\n<p>9. Pluma y tintero.<\/p>\n<p>10. Julio Fl\u00f3rez leyendo.<\/p>\n<p>&nbsp;<\/p>\n<p><em>Mesa de las Tempestades, \u00c1rea Metropolitana de Bucaramanga, domingo 5 de abril de 2020.<\/em><\/p>\n<p>&nbsp;<\/p>\n","protected":false},"excerpt":{"rendered":"<p>&nbsp; Quince d\u00edas antes de que, v\u00edctima al parecer del c\u00e1ncer, muriera el magn\u00edfico poeta liberal colombiano Julio Fl\u00f3rez, una caravana de ciento sesenta y tres autom\u00f3viles ingres\u00f3 a las polvorientas calles del pueblecito de Usiacur\u00ed, departamento del Atl\u00e1ntico, donde &hellip; <a href=\"https:\/\/oscarhumbertogomez.com\/?p=32887\">Sigue leyendo <span class=\"meta-nav\">&rarr;<\/span><\/a><\/p>\n<div class='heateorSssClear'><\/div><div  class='heateor_sss_sharing_container heateor_sss_horizontal_sharing' heateor-sss-data-href='https:\/\/oscarhumbertogomez.com\/?p=32887'><div class='heateor_sss_sharing_title' style=\"font-weight:bold\" >\u00a1Gracias por compartirla!<\/div><ul class=\"heateor_sss_sharing_ul\"><li class=\"heateorSssSharingRound\"><i style=\"width:35px;height:35px;border-radius:999px;\" alt=\"Facebook\" Title=\"Facebook\" class=\"heateorSssSharing heateorSssFacebookBackground\" onclick='heateorSssPopup(\"https:\/\/www.facebook.com\/sharer\/sharer.php?u=https%3A%2F%2Foscarhumbertogomez.com%2Findex.php%3Frest_route%3D%252Fwp%252Fv2%252Fposts%252F32887\")'><ss style=\"display:block;border-radius:999px;\" class=\"heateorSssSharingSvg heateorSssFacebookSvg\"><\/ss><\/i><\/li><li class=\"heateorSssSharingRound\"><i style=\"width:35px;height:35px;border-radius:999px;\" alt=\"Twitter\" Title=\"Twitter\" class=\"heateorSssSharing heateorSssTwitterBackground\" onclick='heateorSssPopup(\"http:\/\/twitter.com\/intent\/tweet?text=JULIO%20FL%C3%93REZ.%20Por%20%C3%93scar%20Humberto%20G%C3%B3mez%20G%C3%B3mez%2C%20Miembro%20de%20N%C3%BAmero%20de%20la%20Academia%20de%20Historia%20de%20Santander&url=https%3A%2F%2Foscarhumbertogomez.com%2Findex.php%3Frest_route%3D%252Fwp%252Fv2%252Fposts%252F32887\")'><ss style=\"display:block;border-radius:999px;\" class=\"heateorSssSharingSvg heateorSssTwitterSvg\"><\/ss><\/i><\/li><li class=\"heateorSssSharingRound\"><i style=\"width:35px;height:35px;border-radius:999px;\" alt=\"Whatsapp\" Title=\"Whatsapp\" class=\"heateorSssSharing heateorSssWhatsappBackground\" onclick='heateorSssPopup(\"https:\/\/web.whatsapp.com\/send?text=JULIO%20FL%C3%93REZ.%20Por%20%C3%93scar%20Humberto%20G%C3%B3mez%20G%C3%B3mez%2C%20Miembro%20de%20N%C3%BAmero%20de%20la%20Academia%20de%20Historia%20de%20Santander https%3A%2F%2Foscarhumbertogomez.com%2Findex.php%3Frest_route%3D%252Fwp%252Fv2%252Fposts%252F32887\")'><ss style=\"display:block\" class=\"heateorSssSharingSvg heateorSssWhatsappSvg\"><\/ss><\/i><\/li><li class=\"heateorSssSharingRound\"><i style=\"width:35px;height:35px;border-radius:999px;\" alt=\"Pinterest\" Title=\"Pinterest\" class=\"heateorSssSharing heateorSssPinterestBackground\" onclick=\"javascript:void( (function() {var e=document.createElement('script' );e.setAttribute('type','text\/javascript' );e.setAttribute('charset','UTF-8' );e.setAttribute('src','\/\/assets.pinterest.com\/js\/pinmarklet.js?r='+Math.random()*99999999);document.body.appendChild(e)})());\"><ss style=\"display:block;border-radius:999px;\" class=\"heateorSssSharingSvg heateorSssPinterestSvg\"><\/ss><\/i><\/li><li class=\"heateorSssSharingRound\"><i style=\"width:35px;height:35px;border-radius:999px;\" alt=\"Google Gmail\" Title=\"Google Gmail\" class=\"heateorSssSharing heateorSssGoogleGmailBackground\" onclick='heateorSssPopup(\"https:\/\/mail.google.com\/mail\/?ui=2&view=cm&fs=1&tf=1&su=JULIO%20FL%C3%93REZ.%20Por%20%C3%93scar%20Humberto%20G%C3%B3mez%20G%C3%B3mez%2C%20Miembro%20de%20N%C3%BAmero%20de%20la%20Academia%20de%20Historia%20de%20Santander&body=Link:https%3A%2F%2Foscarhumbertogomez.com%2Findex.php%3Frest_route%3D%252Fwp%252Fv2%252Fposts%252F32887\")'><ss style=\"display:block;border-radius:999px;\" class=\"heateorSssSharingSvg heateorSssGoogleGmailSvg\"><\/ss><\/i><\/li><li class=\"heateorSssSharingRound\"><i style=\"width:35px;height:35px;border-radius:999px;\" title=\"More\" alt=\"More\" class=\"heateorSssSharing heateorSssMoreBackground\" onclick=\"heateorSssMoreSharingPopup(this, 'https:\/\/oscarhumbertogomez.com\/index.php?rest_route=%2Fwp%2Fv2%2Fposts%2F32887', 'JULIO%20FL%C3%93REZ.%20Por%20%C3%93scar%20Humberto%20G%C3%B3mez%20G%C3%B3mez%2C%20Miembro%20de%20N%C3%BAmero%20de%20la%20Academia%20de%20Historia%20de%20Santander', '' )\" ><ss style=\"display:block\" class=\"heateorSssSharingSvg heateorSssMoreSvg\"><\/ss><\/i><\/li><\/ul><div class=\"heateorSssClear\"><\/div><\/div><div class='heateorSssClear'><\/div>","protected":false},"author":2,"featured_media":0,"comment_status":"open","ping_status":"open","sticky":false,"template":"","format":"standard","meta":{"spay_email":"","footnotes":""},"categories":[11,7],"tags":[],"class_list":["post-32887","post","type-post","status-publish","format-standard","hentry","category-periodismo","category-poesia"],"jetpack_featured_media_url":"","jetpack_shortlink":"https:\/\/wp.me\/p1FYrr-8yr","_links":{"self":[{"href":"https:\/\/oscarhumbertogomez.com\/index.php?rest_route=\/wp\/v2\/posts\/32887","targetHints":{"allow":["GET"]}}],"collection":[{"href":"https:\/\/oscarhumbertogomez.com\/index.php?rest_route=\/wp\/v2\/posts"}],"about":[{"href":"https:\/\/oscarhumbertogomez.com\/index.php?rest_route=\/wp\/v2\/types\/post"}],"author":[{"embeddable":true,"href":"https:\/\/oscarhumbertogomez.com\/index.php?rest_route=\/wp\/v2\/users\/2"}],"replies":[{"embeddable":true,"href":"https:\/\/oscarhumbertogomez.com\/index.php?rest_route=%2Fwp%2Fv2%2Fcomments&post=32887"}],"version-history":[{"count":4,"href":"https:\/\/oscarhumbertogomez.com\/index.php?rest_route=\/wp\/v2\/posts\/32887\/revisions"}],"predecessor-version":[{"id":52646,"href":"https:\/\/oscarhumbertogomez.com\/index.php?rest_route=\/wp\/v2\/posts\/32887\/revisions\/52646"}],"wp:attachment":[{"href":"https:\/\/oscarhumbertogomez.com\/index.php?rest_route=%2Fwp%2Fv2%2Fmedia&parent=32887"}],"wp:term":[{"taxonomy":"category","embeddable":true,"href":"https:\/\/oscarhumbertogomez.com\/index.php?rest_route=%2Fwp%2Fv2%2Fcategories&post=32887"},{"taxonomy":"post_tag","embeddable":true,"href":"https:\/\/oscarhumbertogomez.com\/index.php?rest_route=%2Fwp%2Fv2%2Ftags&post=32887"}],"curies":[{"name":"wp","href":"https:\/\/api.w.org\/{rel}","templated":true}]}}