{"id":32919,"date":"2020-04-06T19:10:26","date_gmt":"2020-04-07T00:10:26","guid":{"rendered":"http:\/\/www.oscarhumbertogomez.com\/?p=32919"},"modified":"2024-02-18T11:22:25","modified_gmt":"2024-02-18T16:22:25","slug":"la-pandemia-que-a-nadie-asusta-por-oscar-humberto-gomez-gomez","status":"publish","type":"post","link":"https:\/\/oscarhumbertogomez.com\/?p=32919","title":{"rendered":"LA PANDEMIA QUE A NADIE ASUSTA. Por \u00d3scar Humberto G\u00f3mez G\u00f3mez"},"content":{"rendered":"<p><img decoding=\"async\" class=\"aligncenter wp-image-22947\" src=\"https:\/\/lapiedrafilosofal.com\/wp-content\/uploads\/2017\/07\/20170401-170514-678x1024.jpg\" width=\"500\" srcset=\"https:\/\/oscarhumbertogomez.com\/wp-content\/uploads\/2017\/07\/20170401-170514-678x1024.jpg 678w, https:\/\/oscarhumbertogomez.com\/wp-content\/uploads\/2017\/07\/20170401-170514-199x300.jpg 199w, https:\/\/oscarhumbertogomez.com\/wp-content\/uploads\/2017\/07\/20170401-170514-768x1160.jpg 768w\" sizes=\"(max-width: 678px) 100vw, 678px\" \/><\/p>\n<p>&nbsp;<\/p>\n<p>Y que debiera haber asustado \u2014y desde hace mucho rato\u2014 a toda la poblaci\u00f3n que ahora se le esconde a la actual pandemia.<\/p>\n<p>Me refiero a la &#8220;enfermedad por contaminaci\u00f3n ambiental&#8221;.<\/p>\n<p>Llam\u00e9mosla as\u00ed \u2014enfermedad, en singular\u2014, aunque en realidad no se trata de una sola enfermedad, sino de un conjunto complejo de patolog\u00edas y alteraciones f\u00edsicas (y psicol\u00f3gicas, habr\u00eda que agregar) que la contaminaci\u00f3n del medio ambiente a manos \u00a1qu\u00e9 cosa tan &#8220;extra\u00f1a&#8221;! del ser humano, del indolente ser humano, est\u00e1 causando por doquier.<\/p>\n<p>Que est\u00e1 causando por doquier, s\u00ed, aunque perjudicando sobre todo \u00a1qu\u00e9 cosa tan &#8220;curiosa&#8221;! a los m\u00e1s fr\u00e1giles.<\/p>\n<p>Un informe de El Tiempo, por ejemplo, revel\u00f3, el 15 de febrero de 2019, o sea, hace poco m\u00e1s de un a\u00f1o \u2014en vano, claro est\u00e1\u2014, que el Instituto Nacional de Salud (INS) llev\u00f3 a cabo un estudio cient\u00edfico en Colombia (s\u00ed, aqu\u00ed, en este mismo pa\u00eds donde ahora todos estamos escondidos y rezando para que San Roque, de quien nunca nos hab\u00edamos acordado antes, nos proteja) y que ese estudio concluy\u00f3 que aqu\u00ed, tan solo en Colombia, MURIERON en un solo a\u00f1o diecisiete mil (17.000) personas a consecuencia de la contaminaci\u00f3n del aire.<\/p>\n<p>Y ahora leamos lo que, ya a\u00f1os antes, el 25 de marzo de 2014 inform\u00f3 \u2014en vano, por supuesto\u2014 la Organizaci\u00f3n Panamericana de la Salud (OPS), basada (como se observar\u00e1 en la transcripci\u00f3n) en la Organizaci\u00f3n Mundial de la Salud (OMS):<\/p>\n<p>&#8220;En nuevas estimaciones publicadas este 25 de marzo, la Organizaci\u00f3n Mundial de la Salud (OMS) informa que en 2012 unos 7 millones de personas murieron \u2014una de cada ocho del total de muertes en el mundo- como consecuencia de la exposici\u00f3n a la contaminaci\u00f3n atmosf\u00e9rica. Esta conclusi\u00f3n duplica con creces las estimaciones anteriores y confirma que la contaminaci\u00f3n atmosf\u00e9rica constituye en la actualidad, por s\u00ed sola, el riesgo ambiental para la salud m\u00e1s importante del mundo. Si se redujera la contaminaci\u00f3n atmosf\u00e9rica podr\u00edan salvarse millones de vidas&#8221;.<\/p>\n<p>Como nuestros lectores recordar\u00e1n \u2014o si no lo recuerdan, pueden verificarlo en la secci\u00f3n &#8220;Ecolog\u00eda&#8221; de nuestro portal &#8220;Santander en la Red&#8221;\u2014, nosotros hemos luchado \u2014en vano, desde luego\u2014 contra la contaminaci\u00f3n del aire en Bucaramanga, pero principalmente contra la criminal inercia de nuestras autoridades, que JAM\u00c1S instalaron un ret\u00e9n para interceptar, arrestar y multar a los contaminadores de nuestro aire.<\/p>\n<p>Ojal\u00e1 la lucha contra esta evidente y terrible causa de mortalidad \u2014en Colombia y en el mundo\u2014 se convierta en un objetivo que todos abracemos con decisi\u00f3n, una vez el p\u00e1nico a la actual pandemia \u2014que, por muy grave, pareciera ser, en todo caso, menos grave que aquella otra\u2014 nos permita alg\u00fan d\u00eda salir de debajo de la cama y volver a asumir los retos de la vida.<\/p>\n","protected":false},"excerpt":{"rendered":"<p>&nbsp; Y que debiera haber asustado \u2014y desde hace mucho rato\u2014 a toda la poblaci\u00f3n que ahora se le esconde a la actual pandemia. Me refiero a la &#8220;enfermedad por contaminaci\u00f3n ambiental&#8221;. Llam\u00e9mosla as\u00ed \u2014enfermedad, en singular\u2014, aunque en realidad &hellip; <a href=\"https:\/\/oscarhumbertogomez.com\/?p=32919\">Sigue leyendo <span class=\"meta-nav\">&rarr;<\/span><\/a><\/p>\n<div class='heateorSssClear'><\/div><div  class='heateor_sss_sharing_container heateor_sss_horizontal_sharing' heateor-sss-data-href='https:\/\/oscarhumbertogomez.com\/?p=32919'><div class='heateor_sss_sharing_title' style=\"font-weight:bold\" >\u00a1Gracias por compartirla!<\/div><ul class=\"heateor_sss_sharing_ul\"><li class=\"heateorSssSharingRound\"><i style=\"width:35px;height:35px;border-radius:999px;\" alt=\"Facebook\" Title=\"Facebook\" class=\"heateorSssSharing heateorSssFacebookBackground\" onclick='heateorSssPopup(\"https:\/\/www.facebook.com\/sharer\/sharer.php?u=https%3A%2F%2Foscarhumbertogomez.com%2Findex.php%3Frest_route%3D%252Fwp%252Fv2%252Fposts%252F32919\")'><ss style=\"display:block;border-radius:999px;\" class=\"heateorSssSharingSvg heateorSssFacebookSvg\"><\/ss><\/i><\/li><li class=\"heateorSssSharingRound\"><i style=\"width:35px;height:35px;border-radius:999px;\" alt=\"Twitter\" Title=\"Twitter\" class=\"heateorSssSharing heateorSssTwitterBackground\" onclick='heateorSssPopup(\"http:\/\/twitter.com\/intent\/tweet?text=LA%20PANDEMIA%20QUE%20A%20NADIE%20ASUSTA.%20Por%20%C3%93scar%20Humberto%20G%C3%B3mez%20G%C3%B3mez&url=https%3A%2F%2Foscarhumbertogomez.com%2Findex.php%3Frest_route%3D%252Fwp%252Fv2%252Fposts%252F32919\")'><ss style=\"display:block;border-radius:999px;\" class=\"heateorSssSharingSvg heateorSssTwitterSvg\"><\/ss><\/i><\/li><li class=\"heateorSssSharingRound\"><i style=\"width:35px;height:35px;border-radius:999px;\" alt=\"Whatsapp\" Title=\"Whatsapp\" class=\"heateorSssSharing heateorSssWhatsappBackground\" onclick='heateorSssPopup(\"https:\/\/web.whatsapp.com\/send?text=LA%20PANDEMIA%20QUE%20A%20NADIE%20ASUSTA.%20Por%20%C3%93scar%20Humberto%20G%C3%B3mez%20G%C3%B3mez https%3A%2F%2Foscarhumbertogomez.com%2Findex.php%3Frest_route%3D%252Fwp%252Fv2%252Fposts%252F32919\")'><ss style=\"display:block\" class=\"heateorSssSharingSvg heateorSssWhatsappSvg\"><\/ss><\/i><\/li><li class=\"heateorSssSharingRound\"><i style=\"width:35px;height:35px;border-radius:999px;\" alt=\"Pinterest\" Title=\"Pinterest\" class=\"heateorSssSharing heateorSssPinterestBackground\" onclick=\"javascript:void( (function() {var e=document.createElement('script' );e.setAttribute('type','text\/javascript' );e.setAttribute('charset','UTF-8' );e.setAttribute('src','\/\/assets.pinterest.com\/js\/pinmarklet.js?r='+Math.random()*99999999);document.body.appendChild(e)})());\"><ss style=\"display:block;border-radius:999px;\" class=\"heateorSssSharingSvg heateorSssPinterestSvg\"><\/ss><\/i><\/li><li class=\"heateorSssSharingRound\"><i style=\"width:35px;height:35px;border-radius:999px;\" alt=\"Google Gmail\" Title=\"Google Gmail\" class=\"heateorSssSharing heateorSssGoogleGmailBackground\" onclick='heateorSssPopup(\"https:\/\/mail.google.com\/mail\/?ui=2&view=cm&fs=1&tf=1&su=LA%20PANDEMIA%20QUE%20A%20NADIE%20ASUSTA.%20Por%20%C3%93scar%20Humberto%20G%C3%B3mez%20G%C3%B3mez&body=Link:https%3A%2F%2Foscarhumbertogomez.com%2Findex.php%3Frest_route%3D%252Fwp%252Fv2%252Fposts%252F32919\")'><ss style=\"display:block;border-radius:999px;\" class=\"heateorSssSharingSvg heateorSssGoogleGmailSvg\"><\/ss><\/i><\/li><li class=\"heateorSssSharingRound\"><i style=\"width:35px;height:35px;border-radius:999px;\" title=\"More\" alt=\"More\" class=\"heateorSssSharing heateorSssMoreBackground\" onclick=\"heateorSssMoreSharingPopup(this, 'https:\/\/oscarhumbertogomez.com\/index.php?rest_route=%2Fwp%2Fv2%2Fposts%2F32919', 'LA%20PANDEMIA%20QUE%20A%20NADIE%20ASUSTA.%20Por%20%C3%93scar%20Humberto%20G%C3%B3mez%20G%C3%B3mez', '' )\" ><ss style=\"display:block\" class=\"heateorSssSharingSvg heateorSssMoreSvg\"><\/ss><\/i><\/li><\/ul><div class=\"heateorSssClear\"><\/div><\/div><div class='heateorSssClear'><\/div>","protected":false},"author":2,"featured_media":0,"comment_status":"open","ping_status":"open","sticky":false,"template":"","format":"standard","meta":{"spay_email":"","footnotes":""},"categories":[18],"tags":[],"class_list":["post-32919","post","type-post","status-publish","format-standard","hentry","category-ecologia"],"jetpack_featured_media_url":"","jetpack_shortlink":"https:\/\/wp.me\/p1FYrr-8yX","_links":{"self":[{"href":"https:\/\/oscarhumbertogomez.com\/index.php?rest_route=\/wp\/v2\/posts\/32919","targetHints":{"allow":["GET"]}}],"collection":[{"href":"https:\/\/oscarhumbertogomez.com\/index.php?rest_route=\/wp\/v2\/posts"}],"about":[{"href":"https:\/\/oscarhumbertogomez.com\/index.php?rest_route=\/wp\/v2\/types\/post"}],"author":[{"embeddable":true,"href":"https:\/\/oscarhumbertogomez.com\/index.php?rest_route=\/wp\/v2\/users\/2"}],"replies":[{"embeddable":true,"href":"https:\/\/oscarhumbertogomez.com\/index.php?rest_route=%2Fwp%2Fv2%2Fcomments&post=32919"}],"version-history":[{"count":4,"href":"https:\/\/oscarhumbertogomez.com\/index.php?rest_route=\/wp\/v2\/posts\/32919\/revisions"}],"predecessor-version":[{"id":46764,"href":"https:\/\/oscarhumbertogomez.com\/index.php?rest_route=\/wp\/v2\/posts\/32919\/revisions\/46764"}],"wp:attachment":[{"href":"https:\/\/oscarhumbertogomez.com\/index.php?rest_route=%2Fwp%2Fv2%2Fmedia&parent=32919"}],"wp:term":[{"taxonomy":"category","embeddable":true,"href":"https:\/\/oscarhumbertogomez.com\/index.php?rest_route=%2Fwp%2Fv2%2Fcategories&post=32919"},{"taxonomy":"post_tag","embeddable":true,"href":"https:\/\/oscarhumbertogomez.com\/index.php?rest_route=%2Fwp%2Fv2%2Ftags&post=32919"}],"curies":[{"name":"wp","href":"https:\/\/api.w.org\/{rel}","templated":true}]}}