{"id":3292,"date":"2012-03-29T09:45:23","date_gmt":"2012-03-29T14:45:23","guid":{"rendered":"http:\/\/www.oscarhumbertogomez.com\/?p=3292"},"modified":"2025-02-16T11:56:02","modified_gmt":"2025-02-16T16:56:02","slug":"el-caso-jose-franklin-jerez-villalobos-carta-desde-suiza-por-edgard-blackburn-2","status":"publish","type":"post","link":"https:\/\/oscarhumbertogomez.com\/?p=3292","title":{"rendered":"Se debatir\u00e1 de nuevo en los estrados judiciales el vergonzoso caso del joven santandereano Jos\u00e9 Franklin Jerez Villalobos. Por \u00d3scar Humberto G\u00f3mez G\u00f3mez"},"content":{"rendered":"<div id=\"attachment_49906\" style=\"width: 650px\" class=\"wp-caption aligncenter\"><img loading=\"lazy\" decoding=\"async\" aria-describedby=\"caption-attachment-49906\" class=\"size-large wp-image-49906\" src=\"https:\/\/oscarhumbertogomez.com\/wp-content\/uploads\/2011\/06\/WhatsApp-Image-2025-01-19-at-16.33.19-1024x690.jpeg\" alt=\"\" width=\"640\" height=\"431\" srcset=\"https:\/\/oscarhumbertogomez.com\/wp-content\/uploads\/2011\/06\/WhatsApp-Image-2025-01-19-at-16.33.19-1024x690.jpeg 1024w, https:\/\/oscarhumbertogomez.com\/wp-content\/uploads\/2011\/06\/WhatsApp-Image-2025-01-19-at-16.33.19-300x202.jpeg 300w, https:\/\/oscarhumbertogomez.com\/wp-content\/uploads\/2011\/06\/WhatsApp-Image-2025-01-19-at-16.33.19-768x517.jpeg 768w, https:\/\/oscarhumbertogomez.com\/wp-content\/uploads\/2011\/06\/WhatsApp-Image-2025-01-19-at-16.33.19.jpeg 1280w\" sizes=\"auto, (max-width: 640px) 100vw, 640px\" \/><p id=\"caption-attachment-49906\" class=\"wp-caption-text\">\u00d3SCAR HUMBERTO G\u00d3MEZ G\u00d3MEZ. Fotograf\u00eda de Nylse Blackburn. 2009<\/p><\/div>\n<p>&nbsp;<\/p>\n<p>Como nuestros amigos lo saben, el joven santandereano <strong>JOS\u00c9 FRANKIN JEREZ VILLALOBOS<\/strong> fue v\u00edctima del Estado colombiano por partida doble, pues, de un lado, el Ministerio de Transporte lo dej\u00f3 mutilado a trav\u00e9s de una falla del servicio derivada de la irresponsable conducta de uno de sus conductores oficiales, quien, en avanzado estado de embriaguez, lo embisti\u00f3 y le destroz\u00f3 una de sus piernas, extremidad que hubo de serle amputada, y de otro lado, el mismo Ministerio de Transporte le permiti\u00f3 a un delincuente, a trav\u00e9s de funcionarios corruptos, que tranquilamente se llevara de sus instalaciones, ubicadas en el CAN de Bogot\u00e1, un cheque que le correspond\u00eda a \u00e9l y que deb\u00eda serle entregado a su apoderado &#8211; casualmente el director de este portal &#8211; y campantemente lo cobrara por ventanilla en un banco cercano.<\/p>\n<p>&nbsp;<br \/>\n<img loading=\"lazy\" decoding=\"async\" class=\"aligncenter size-full wp-image-3293\" title=\"Banda de los chicos malos\" src=\"https:\/\/lapiedrafilosofal.com\/wp-content\/uploads\/2012\/03\/Banda-de-los-chicos-malos.jpg\" alt=\"\" width=\"333\" height=\"395\" srcset=\"https:\/\/oscarhumbertogomez.com\/wp-content\/uploads\/2012\/03\/Banda-de-los-chicos-malos.jpg 333w, https:\/\/oscarhumbertogomez.com\/wp-content\/uploads\/2012\/03\/Banda-de-los-chicos-malos-252x300.jpg 252w\" sizes=\"auto, (max-width: 333px) 100vw, 333px\" \/><\/p>\n<p>&nbsp;<\/p>\n<p><img loading=\"lazy\" decoding=\"async\" class=\"aligncenter size-full wp-image-3298\" title=\"CORRUPCION\" src=\"https:\/\/lapiedrafilosofal.com\/wp-content\/uploads\/2012\/03\/CORRUPCION1.jpg\" alt=\"\" width=\"300\" height=\"149\"><\/p>\n<p>&nbsp;<\/p>\n<p><img loading=\"lazy\" decoding=\"async\" class=\"aligncenter size-full wp-image-3299\" title=\"CORRUPCI\u00d3N II\" src=\"https:\/\/lapiedrafilosofal.com\/wp-content\/uploads\/2012\/03\/CORRUPCI\u00d3N-II.jpg\" alt=\"\" width=\"320\" height=\"201\" srcset=\"https:\/\/oscarhumbertogomez.com\/wp-content\/uploads\/2012\/03\/CORRUPCI\u00d3N-II.jpg 320w, https:\/\/oscarhumbertogomez.com\/wp-content\/uploads\/2012\/03\/CORRUPCI\u00d3N-II-300x188.jpg 300w\" sizes=\"auto, (max-width: 320px) 100vw, 320px\" \/><\/p>\n<p>&nbsp;<\/p>\n<p><img loading=\"lazy\" decoding=\"async\" class=\"aligncenter size-full wp-image-3300\" title=\"CORRUPCI\u00d3N III\" src=\"https:\/\/lapiedrafilosofal.com\/wp-content\/uploads\/2012\/03\/CORRUPCI\u00d3N-III.jpg\" alt=\"\" width=\"373\" height=\"280\" srcset=\"https:\/\/oscarhumbertogomez.com\/wp-content\/uploads\/2012\/03\/CORRUPCI\u00d3N-III.jpg 373w, https:\/\/oscarhumbertogomez.com\/wp-content\/uploads\/2012\/03\/CORRUPCI\u00d3N-III-300x225.jpg 300w\" sizes=\"auto, (max-width: 373px) 100vw, 373px\" \/><\/p>\n<p>&nbsp;<\/p>\n<p>El caso de JOS\u00c9 FRANKIN ha sido llevado otra vez a los estrados judiciales colombianos mediante nueva demanda contencioso-administrativa, entablada en esta oportunidad contra la Rama Judicial, y a trav\u00e9s de una acci\u00f3n de tutela contra la Fiscal\u00eda General de la Naci\u00f3n.<\/p>\n<p>En el proceso contencioso administrativo, las esperanzas de justicia estar\u00e1n cifradas en los magistrados del Tribunal Administrativo de Santander que no tuvieron participaci\u00f3n alguna en el tr\u00e1mite del anterior proceso -ya que los que conocieron de \u00e9ste tendr\u00e1n que declararse impedidos- y en el Consejo de Estado, Sala de lo Contencioso Administrativo, Secci\u00f3n Tercera, corporaci\u00f3n que tampoco tuvo participaci\u00f3n en el mismo.<\/p>\n<p>En cuanto a la tutela, las esperanzas estar\u00e1n cifradas en la Corte Constitucional, alto tribunal que reiteradamente ha defendido el derecho de los ciudadanos a acudir a la acci\u00f3n de tutela contra decisiones judiciales.<\/p>\n<p>La Corte Constitucional estar\u00e1 en libertad de asumir el conocimiento del caso, si as\u00ed lo desea, seleccionando la tutela para conocer de ella. Si no lo hace, podr\u00eda ser exhortada por el Defensor del Pueblo o el Procurador General de la Naci\u00f3n a trav\u00e9s de lo que se conoce como una solicitud de insistencia. En caso contrario, la Corte Constitucional se pondr\u00e1 al margen de este asunto.<\/p>\n<p>&nbsp;<\/p>\n<div id=\"attachment_2010\" style=\"width: 410px\" class=\"wp-caption aligncenter\"><img loading=\"lazy\" decoding=\"async\" aria-describedby=\"caption-attachment-2010\" class=\"size-full wp-image-2010\" title=\"CONSEJO DE ESTADO\" src=\"https:\/\/lapiedrafilosofal.com\/wp-content\/uploads\/2011\/11\/CONSEJO-DE-ESTADO.jpg\" alt=\"\" width=\"400\" height=\"243\" srcset=\"https:\/\/oscarhumbertogomez.com\/wp-content\/uploads\/2011\/11\/CONSEJO-DE-ESTADO.jpg 400w, https:\/\/oscarhumbertogomez.com\/wp-content\/uploads\/2011\/11\/CONSEJO-DE-ESTADO-300x182.jpg 300w\" sizes=\"auto, (max-width: 400px) 100vw, 400px\" \/><p id=\"caption-attachment-2010\" class=\"wp-caption-text\">CONSEJO DE ESTADO<\/p><\/div>\n<p>&nbsp;<\/p>\n<div id=\"attachment_2016\" style=\"width: 585px\" class=\"wp-caption aligncenter\"><img loading=\"lazy\" decoding=\"async\" aria-describedby=\"caption-attachment-2016\" class=\"size-full wp-image-2016\" title=\"CORTE CONSTITUCIONAL\" src=\"https:\/\/lapiedrafilosofal.com\/wp-content\/uploads\/2011\/11\/CORTE-CONSTITUCIONAL.jpg\" alt=\"\" width=\"575\" height=\"350\" srcset=\"https:\/\/oscarhumbertogomez.com\/wp-content\/uploads\/2011\/11\/CORTE-CONSTITUCIONAL.jpg 575w, https:\/\/oscarhumbertogomez.com\/wp-content\/uploads\/2011\/11\/CORTE-CONSTITUCIONAL-300x182.jpg 300w\" sizes=\"auto, (max-width: 575px) 100vw, 575px\" \/><p id=\"caption-attachment-2016\" class=\"wp-caption-text\">CORTE CONSTITUCIONAL<\/p><\/div>\n<p>&nbsp;<\/p>\n<div id=\"attachment_3449\" style=\"width: 590px\" class=\"wp-caption aligncenter\"><img loading=\"lazy\" decoding=\"async\" aria-describedby=\"caption-attachment-3449\" class=\"size-full wp-image-3449\" title=\"defensor-del-pueblo\" src=\"https:\/\/lapiedrafilosofal.com\/wp-content\/uploads\/2012\/03\/defensor-del-pueblo.jpg\" alt=\"\" width=\"580\" height=\"435\" srcset=\"https:\/\/oscarhumbertogomez.com\/wp-content\/uploads\/2012\/03\/defensor-del-pueblo.jpg 580w, https:\/\/oscarhumbertogomez.com\/wp-content\/uploads\/2012\/03\/defensor-del-pueblo-300x225.jpg 300w\" sizes=\"auto, (max-width: 580px) 100vw, 580px\" \/><p id=\"caption-attachment-3449\" class=\"wp-caption-text\">DR. VOLMAR P\u00c9REZ, DEFENSOR DEL PUEBLO<\/p><\/div>\n<p>&nbsp;<\/p>\n<div id=\"attachment_3452\" style=\"width: 576px\" class=\"wp-caption aligncenter\"><img loading=\"lazy\" decoding=\"async\" aria-describedby=\"caption-attachment-3452\" class=\"size-full wp-image-3452\" title=\"Procurador\" src=\"https:\/\/lapiedrafilosofal.com\/wp-content\/uploads\/2012\/03\/Procurador.jpg\" alt=\"\" width=\"566\" height=\"284\" srcset=\"https:\/\/oscarhumbertogomez.com\/wp-content\/uploads\/2012\/03\/Procurador.jpg 566w, https:\/\/oscarhumbertogomez.com\/wp-content\/uploads\/2012\/03\/Procurador-300x150.jpg 300w\" sizes=\"auto, (max-width: 566px) 100vw, 566px\" \/><p id=\"caption-attachment-3452\" class=\"wp-caption-text\">DR. ALEJANDRO ORD\u00d3\u00d1EZ MALDONADO, PROCURADOR GENERAL DE LA NACI\u00d3N<\/p><\/div>\n<p>&nbsp;<\/p>\n<p>En la demanda de tutela se cuestiona la actuaci\u00f3n desplegada en el caso por la Fiscal\u00eda General de la Naci\u00f3n, entidad que no solo no investig\u00f3 el robo del cheque y torpede\u00f3 la justa reclamaci\u00f3n elevada por la joven v\u00edctima para que el Ministerio de Transporte le pagara lo que segu\u00eda debi\u00e9ndole, sino que, adem\u00e1s, se apresur\u00f3 a pedir, con una argumentaci\u00f3n sesgada, la preclusi\u00f3n y archivo de la investigaci\u00f3n penal que por delitos como los de prevaricato, abuso de autoridad, fraude procesal y obstrucci\u00f3n a la justicia, hab\u00eda sido solicitada ante el Despacho del Fiscal General de la Naci\u00f3n Guillermo Mendoza Diago. La acci\u00f3n de tutela tambi\u00e9n cobija a la Sala de Casaci\u00f3n Penal de la Corte Suprema de Justicia, alta corporaci\u00f3n que respald\u00f3 la solicitud de preclusi\u00f3n formulada por la Fiscal\u00eda.<\/p>\n<p>&nbsp;<\/p>\n<p><img loading=\"lazy\" decoding=\"async\" class=\"aligncenter size-full wp-image-3295\" title=\"CORRUPCI\u00d3N\" src=\"https:\/\/lapiedrafilosofal.com\/wp-content\/uploads\/2012\/03\/CORRUPCI\u00d3N.jpg\" alt=\"\" width=\"200\" height=\"140\"><img loading=\"lazy\" decoding=\"async\" class=\"aligncenter size-full wp-image-3301\" title=\"corrupci\u00f3n IV\" src=\"https:\/\/lapiedrafilosofal.com\/wp-content\/uploads\/2012\/03\/corrupci\u00f3n-IV.jpg\" alt=\"\" width=\"450\" height=\"263\" srcset=\"https:\/\/oscarhumbertogomez.com\/wp-content\/uploads\/2012\/03\/corrupci\u00f3n-IV.jpg 450w, https:\/\/oscarhumbertogomez.com\/wp-content\/uploads\/2012\/03\/corrupci\u00f3n-IV-300x175.jpg 300w\" sizes=\"auto, (max-width: 450px) 100vw, 450px\" \/><\/p>\n<p>&nbsp;<\/p>\n<p>Aunque las perspectivas de la acci\u00f3n de tutela antes de su remisi\u00f3n a la Corte Constitucional no son halag\u00fce\u00f1as, dado que es la misma Corte Suprema de Justicia, a trav\u00e9s de su Sala de Casaci\u00f3n Civil, la que tramita y resuelve las tutelas que se entablan en contra suya, y dicha Corporaci\u00f3n ya ha repetido que la tutela, en su criterio (completamente contrario al de la Corte Constitucional), no procede contra decisiones judiciales, y por ende mucho menos se cree que vaya a aceptar su procedencia contra una decisi\u00f3n emergida del seno de la propia Corte Suprema, se opt\u00f3 por entablarla, de todas maneras, para dejar constancia de que se agotaron todas las v\u00edas posibles del derecho interno colombiano en busca de que se hiciera justicia. Ello, como soporte a la decisi\u00f3n que ya se tom\u00f3 de llevar el asunto de Jos\u00e9 Franklin Jerez Villalobos a la Corte Interamericana de Derechos Humanos (CIDH), con sede en Washington, mediante denuncia contra el Estado colombiano en raz\u00f3n a la actuaci\u00f3n desplegada en este vergonzoso caso por las autoridades locales que tuvieron que ver con \u00e9l.<\/p>\n<p>&nbsp;<\/p>\n<p><img loading=\"lazy\" decoding=\"async\" class=\"aligncenter size-full wp-image-3302\" title=\"PIERNA AMPUTADA\" src=\"https:\/\/lapiedrafilosofal.com\/wp-content\/uploads\/2012\/03\/PIERNA-AMPUTADA.jpg\" alt=\"\" width=\"200\" height=\"231\"><\/p>\n<p>&nbsp;<\/p>\n<p>Para rememorar las circunstancias que han rodeado el absurdo caso de Jos\u00e9 Franklin, d\u00e9, por favor, clic izquierdo encima del siguiente enlace:<\/p>\n<p>&nbsp;<\/p>\n<p><a href=\"http:\/\/www.oscarhumbertogomez.com\/?p=3193\">http:\/\/www.oscarhumbertogomez.com\/?p=3193<\/a><\/p>\n<p>&nbsp;<\/p>\n","protected":false},"excerpt":{"rendered":"<p>&nbsp; Como nuestros amigos lo saben, el joven santandereano JOS\u00c9 FRANKIN JEREZ VILLALOBOS fue v\u00edctima del Estado colombiano por partida doble, pues, de un lado, el Ministerio de Transporte lo dej\u00f3 mutilado a trav\u00e9s de una falla del servicio derivada &hellip; <a href=\"https:\/\/oscarhumbertogomez.com\/?p=3292\">Sigue leyendo <span class=\"meta-nav\">&rarr;<\/span><\/a><\/p>\n<div class='heateorSssClear'><\/div><div  class='heateor_sss_sharing_container heateor_sss_horizontal_sharing' heateor-sss-data-href='https:\/\/oscarhumbertogomez.com\/?p=3292'><div class='heateor_sss_sharing_title' style=\"font-weight:bold\" >\u00a1Gracias por compartirla!<\/div><ul class=\"heateor_sss_sharing_ul\"><li class=\"heateorSssSharingRound\"><i style=\"width:35px;height:35px;border-radius:999px;\" alt=\"Facebook\" Title=\"Facebook\" class=\"heateorSssSharing heateorSssFacebookBackground\" onclick='heateorSssPopup(\"https:\/\/www.facebook.com\/sharer\/sharer.php?u=https%3A%2F%2Foscarhumbertogomez.com%2Findex.php%3Frest_route%3D%252Fwp%252Fv2%252Fposts%252F3292\")'><ss style=\"display:block;border-radius:999px;\" class=\"heateorSssSharingSvg heateorSssFacebookSvg\"><\/ss><\/i><\/li><li class=\"heateorSssSharingRound\"><i style=\"width:35px;height:35px;border-radius:999px;\" alt=\"Twitter\" Title=\"Twitter\" class=\"heateorSssSharing heateorSssTwitterBackground\" onclick='heateorSssPopup(\"http:\/\/twitter.com\/intent\/tweet?text=Se%20debatir%C3%A1%20de%20nuevo%20en%20los%20estrados%20judiciales%20el%20vergonzoso%20caso%20del%20joven%20santandereano%20Jos%C3%A9%20Franklin%20Jerez%20Villalobos.%20Por%20%C3%93scar%20Humberto%20G%C3%B3mez%20G%C3%B3mez&url=https%3A%2F%2Foscarhumbertogomez.com%2Findex.php%3Frest_route%3D%252Fwp%252Fv2%252Fposts%252F3292\")'><ss style=\"display:block;border-radius:999px;\" class=\"heateorSssSharingSvg heateorSssTwitterSvg\"><\/ss><\/i><\/li><li class=\"heateorSssSharingRound\"><i style=\"width:35px;height:35px;border-radius:999px;\" alt=\"Whatsapp\" Title=\"Whatsapp\" class=\"heateorSssSharing heateorSssWhatsappBackground\" onclick='heateorSssPopup(\"https:\/\/web.whatsapp.com\/send?text=Se%20debatir%C3%A1%20de%20nuevo%20en%20los%20estrados%20judiciales%20el%20vergonzoso%20caso%20del%20joven%20santandereano%20Jos%C3%A9%20Franklin%20Jerez%20Villalobos.%20Por%20%C3%93scar%20Humberto%20G%C3%B3mez%20G%C3%B3mez https%3A%2F%2Foscarhumbertogomez.com%2Findex.php%3Frest_route%3D%252Fwp%252Fv2%252Fposts%252F3292\")'><ss style=\"display:block\" class=\"heateorSssSharingSvg heateorSssWhatsappSvg\"><\/ss><\/i><\/li><li class=\"heateorSssSharingRound\"><i style=\"width:35px;height:35px;border-radius:999px;\" alt=\"Pinterest\" Title=\"Pinterest\" class=\"heateorSssSharing heateorSssPinterestBackground\" onclick=\"javascript:void( (function() {var e=document.createElement('script' );e.setAttribute('type','text\/javascript' );e.setAttribute('charset','UTF-8' );e.setAttribute('src','\/\/assets.pinterest.com\/js\/pinmarklet.js?r='+Math.random()*99999999);document.body.appendChild(e)})());\"><ss style=\"display:block;border-radius:999px;\" class=\"heateorSssSharingSvg heateorSssPinterestSvg\"><\/ss><\/i><\/li><li class=\"heateorSssSharingRound\"><i style=\"width:35px;height:35px;border-radius:999px;\" alt=\"Google Gmail\" Title=\"Google Gmail\" class=\"heateorSssSharing heateorSssGoogleGmailBackground\" onclick='heateorSssPopup(\"https:\/\/mail.google.com\/mail\/?ui=2&view=cm&fs=1&tf=1&su=Se%20debatir%C3%A1%20de%20nuevo%20en%20los%20estrados%20judiciales%20el%20vergonzoso%20caso%20del%20joven%20santandereano%20Jos%C3%A9%20Franklin%20Jerez%20Villalobos.%20Por%20%C3%93scar%20Humberto%20G%C3%B3mez%20G%C3%B3mez&body=Link:https%3A%2F%2Foscarhumbertogomez.com%2Findex.php%3Frest_route%3D%252Fwp%252Fv2%252Fposts%252F3292\")'><ss style=\"display:block;border-radius:999px;\" class=\"heateorSssSharingSvg heateorSssGoogleGmailSvg\"><\/ss><\/i><\/li><li class=\"heateorSssSharingRound\"><i style=\"width:35px;height:35px;border-radius:999px;\" title=\"More\" alt=\"More\" class=\"heateorSssSharing heateorSssMoreBackground\" onclick=\"heateorSssMoreSharingPopup(this, 'https:\/\/oscarhumbertogomez.com\/index.php?rest_route=%2Fwp%2Fv2%2Fposts%2F3292', 'Se%20debatir%C3%A1%20de%20nuevo%20en%20los%20estrados%20judiciales%20el%20vergonzoso%20caso%20del%20joven%20santandereano%20Jos%C3%A9%20Franklin%20Jerez%20Villalobos.%20Por%20%C3%93scar%20Humberto%20G%C3%B3mez%20G%C3%B3mez', '' )\" ><ss style=\"display:block\" class=\"heateorSssSharingSvg heateorSssMoreSvg\"><\/ss><\/i><\/li><\/ul><div class=\"heateorSssClear\"><\/div><\/div><div class='heateorSssClear'><\/div>","protected":false},"author":2,"featured_media":0,"comment_status":"closed","ping_status":"closed","sticky":false,"template":"","format":"standard","meta":{"spay_email":"","footnotes":""},"categories":[10],"tags":[],"class_list":["post-3292","post","type-post","status-publish","format-standard","hentry","category-derecho"],"jetpack_featured_media_url":"","jetpack_shortlink":"https:\/\/wp.me\/p1FYrr-R6","_links":{"self":[{"href":"https:\/\/oscarhumbertogomez.com\/index.php?rest_route=\/wp\/v2\/posts\/3292","targetHints":{"allow":["GET"]}}],"collection":[{"href":"https:\/\/oscarhumbertogomez.com\/index.php?rest_route=\/wp\/v2\/posts"}],"about":[{"href":"https:\/\/oscarhumbertogomez.com\/index.php?rest_route=\/wp\/v2\/types\/post"}],"author":[{"embeddable":true,"href":"https:\/\/oscarhumbertogomez.com\/index.php?rest_route=\/wp\/v2\/users\/2"}],"replies":[{"embeddable":true,"href":"https:\/\/oscarhumbertogomez.com\/index.php?rest_route=%2Fwp%2Fv2%2Fcomments&post=3292"}],"version-history":[{"count":5,"href":"https:\/\/oscarhumbertogomez.com\/index.php?rest_route=\/wp\/v2\/posts\/3292\/revisions"}],"predecessor-version":[{"id":50789,"href":"https:\/\/oscarhumbertogomez.com\/index.php?rest_route=\/wp\/v2\/posts\/3292\/revisions\/50789"}],"wp:attachment":[{"href":"https:\/\/oscarhumbertogomez.com\/index.php?rest_route=%2Fwp%2Fv2%2Fmedia&parent=3292"}],"wp:term":[{"taxonomy":"category","embeddable":true,"href":"https:\/\/oscarhumbertogomez.com\/index.php?rest_route=%2Fwp%2Fv2%2Fcategories&post=3292"},{"taxonomy":"post_tag","embeddable":true,"href":"https:\/\/oscarhumbertogomez.com\/index.php?rest_route=%2Fwp%2Fv2%2Ftags&post=3292"}],"curies":[{"name":"wp","href":"https:\/\/api.w.org\/{rel}","templated":true}]}}