{"id":32974,"date":"2020-04-10T12:49:30","date_gmt":"2020-04-10T17:49:30","guid":{"rendered":"http:\/\/www.oscarhumbertogomez.com\/?p=32974"},"modified":"2025-04-18T11:46:44","modified_gmt":"2025-04-18T16:46:44","slug":"memorias-de-un-viernes-santo-por-oscar-humberto-gomez-gomez","status":"publish","type":"post","link":"https:\/\/oscarhumbertogomez.com\/?p=32974","title":{"rendered":"MEMORIAS DE UN VIERNES SANTO. Por \u00d3scar Humberto G\u00f3mez G\u00f3mez"},"content":{"rendered":"\n<figure class=\"wp-block-image\"><img loading=\"lazy\" decoding=\"async\" width=\"1024\" height=\"678\" src=\"https:\/\/www.oscarhumbertogomez.com\/wp-content\/uploads\/2020\/04\/ALVAREZ-1024x678.jpg\" alt=\"\" class=\"wp-image-33011\" srcset=\"https:\/\/oscarhumbertogomez.com\/wp-content\/uploads\/2020\/04\/ALVAREZ-1024x678.jpg 1024w, https:\/\/oscarhumbertogomez.com\/wp-content\/uploads\/2020\/04\/ALVAREZ-300x199.jpg 300w, https:\/\/oscarhumbertogomez.com\/wp-content\/uploads\/2020\/04\/ALVAREZ-768x509.jpg 768w\" sizes=\"auto, (max-width: 1024px) 100vw, 1024px\" \/><\/figure>\n\n\n<p>&nbsp;<\/p>\n<p>Para el a\u00f1o 1969, el templo de la Sant\u00edsima Trinidad ten\u00eda frente a s\u00ed, en su costado occidental, m\u00e1s all\u00e1 de la larga carrera 43, un generoso parque. <\/p>\n<p>Era un parque abierto, sin esas construcciones deportivas y recreativas que hoy por hoy lo achican visualmente y nos dificultan reconstruirlo para estos recuerdos, sobre todo ante quienes lo conocen y siempre lo han conocido tal y como est\u00e1 hoy en d\u00eda. <\/p>\n<p>La carrera 43 comenzaba en la carpinter\u00eda de los Lizcano, ubicada al norte de la iglesia, en la esquina de la calle 32, y remataba en una tienda ubicada al sur del templo, en la esquina de la calle 34, en aquel entonces, por cierto, una calle por la que, al contrario de lo que se impondr\u00eda despu\u00e9s, el bus azul de la ruta \u00c1lvarez Restrepo sub\u00eda hacia el oriente y doblaba justamente en esa esquina a la izquierda para continuar hacia el norte rumbo a la cercana estaci\u00f3n, donde finalizaba su recorrido.<\/p>\n<p>El cura p\u00e1rroco, casualmente uno de los personajes de mi novela &#8216;Tierra de cigarras&#8217; \u2014la \u00fanica que he escrito y que publiqu\u00e9, para mis amigos, familiares y allegados, en el ya lejano a\u00f1o 2000\u2014 se llamaba Pablo Arias Delgado.<\/p>\n<p>Este sacerdote \u2014de quien, aparte de las an\u00e9cdotas que, con las licencias de la literatura claro est\u00e1, relato en aquel modesto libro, recuerdo otras cosas como, por ejemplo, que de cuando en cuando nos retribu\u00eda nuestros servicios con pesadas bolsas repletas de monedas de cinco centavos, fortuna que casi de inmediato nos \u00edbamos a derrochar en la f\u00e1brica de obleas San, de donde sal\u00edamos risue\u00f1os y cargados de recortes\u2014 invit\u00f3 ese a\u00f1o, para que pronunciara el tradicional Serm\u00f3n de las Siete Palabras, al general \u00c1lvaro Valencia Tovar, quien para ese momento fung\u00eda de comandante de la Quinta Brigada del Ej\u00e9rcito Nacional y ya era reconocido en nuestro medio, m\u00e1s all\u00e1 de sus actividades militares, como un hombre de particular cultura y de singular elocuencia.<\/p>\n<p>Hasta ese memorable d\u00eda me hab\u00edan dejado ser algunas veces el monaguillo campanero durante las liturgias, pero aquella tarde, en la que seg\u00fan nos explic\u00f3 el cura no se tocaba la campana, fui encargado a \u00faltima hora por el presb\u00edtero Arias para tocar el instrumento que la reemplazar\u00eda, la matraca, instrumento de madera que habr\u00eda de o\u00edr sonar ese viernes 4 de abril de 1969 por primera vez en mi vida y cuyo peculiar sonido estuvo a punto de provocar mi fulminante despido como ac\u00f3lito de la parroquia por la inoportuna risa que trat\u00f3 de atacarme en un momento de tanta solemnidad, la cual, por fortuna, pude controlar evitando as\u00ed la que hubiese sido mi m\u00e1s vergonzosa deshonra p\u00fablica.<\/p>\n<p>Al contrario, lejos de ser destituido y echado como un vulgar indeseable, esa misma noche ya estaba dirigiendo el rezo del rosario, sentado en la cabina de una camioneta cerrada perteneciente a Gaseosas Lux y  Postob\u00f3n, utilizando un micr\u00f3fono a trav\u00e9s del cual iba rememorando los cinco misterios dolorosos. Mi voz iba saliendo a trav\u00e9s de dos cornetas amplificadoras instaladas \u2014en sentido contrario una de la otra\u2014 sobre el techo de aquel veh\u00edculo, surcado en su carrocer\u00eda por los emblemas y el eslogan de la empresa que, seg\u00fan yo ten\u00eda que estar repitiendo, por orden expresa del cura, produc\u00eda &#8220;los refrescos de Colombia&#8221;. El gent\u00edo, provisto de  velas encendidas y dentro del cual, aparte de varias monjas, se destacaba la figura del p\u00e1rroco, iba caminando lentamente detr\u00e1s del automotor, contestando cada una de las salutaciones ang\u00e9licas \u2014las que ya nadie conoce con ese nombre, pues todo el mundo les dice simplemente avemar\u00edas\u2014 y los padrenuestros con que se daba inicio a cada una de las cinco contemplaciones: la oraci\u00f3n de Jes\u00fas en el huerto, su flagelaci\u00f3n, la corona de espinas puesta sobre sus sienes, la cruz a cuestas con la que fue obligado a transitar camino del monte Calvario y, finalmente, su crucifixi\u00f3n, su agon\u00eda y su muerte, contemplaciones de aquellos misterios que ten\u00edan, por cierto, una redacci\u00f3n muy particular, de la que yo \u2014a pesar de mi personal apego a la pureza de las tradiciones\u2014 intencionalmente trataba de separarme para intentar hacer una presentaci\u00f3n de ellas m\u00e1s acorde con los vientos innovadores que se percib\u00edan en la Iglesia Cat\u00f3lica, pero sobre todo con la corta edad de mis amigos, todos ellos vecinos del barrio, quienes tambi\u00e9n, junto a los otros cuatro monaguillos, formaban parte de la concurrida procesi\u00f3n que marchaba detr\u00e1s de la camioneta.<\/p>\n<p>Cuando el automotor comenz\u00f3 su aproximaci\u00f3n parsimoniosa para pasar frente a la casa de la familia Anaya, donde resid\u00eda la destinataria de \u2014digamos\u2014 mi admiraci\u00f3n, sent\u00ed que aquel coraz\u00f3n de adolescente que palpitaba dentro de mi pecho se me aceleraba ante la inminencia de ver, durante los segundos siguientes, en las escaleras de su hogar, que justamente daban hacia la calle, a Yamile, la jovencita de los ojos verdes y del cabello marr\u00f3n, liso e interminable que, en mis sue\u00f1os trastornados de ese a\u00f1o, muy pronto, seg\u00fan mis optimistas e infundadas predicciones, iba a apropiarse de \u00e9l, y yo del de ella, cosa esta \u00faltima que, por cierto, en realidad no sucedi\u00f3, tal y como, evocando la natural desolaci\u00f3n de aquel entonces, lo confieso en la novela. <\/p>\n<p>Conforme lo describo tambi\u00e9n en mi obra (llam\u00e9mosla as\u00ed porque en estos instantes no se me ocurre otro sin\u00f3nimo menos petulante), \u00e9ramos, en efecto, cinco monaguillos, con ninguno de los cuales, dicho sea de paso, habr\u00eda de volver a verme jam\u00e1s en la vida, debido a las tristes circunstancias que all\u00ed plasm\u00e9, y que plasm\u00e9 a trav\u00e9s de unas letras que, como lo descubrieron con gran facilidad mis fieles y pacientes lectores, fueron escritas menos con talento literario que con sinceros sentimientos de amistad hacia quienes durante aquel inolvidable a\u00f1o de 1969, y seguramente sin saberlo, y menos porque se lo hubiesen propuesto, me alegraron tanto, pero tanto la existencia.<\/p>\n<p>La Semana Santa de ese a\u00f1o transcurri\u00f3 entre el domingo 30 de marzo y el domingo 6 de abril, y aunque, desde luego, disfrut\u00e9 muchas otras semanas mayores a lo largo de mi juventud \u2014y tambi\u00e9n siendo cada vez menos joven\u2014, dif\u00edcilmente alguna de estas se le compara, en lo m\u00e1s profundo de mi ser, a aquella que viv\u00ed hace m\u00e1s de medio siglo, quiz\u00e1s por el importante papel protag\u00f3nico que ese a\u00f1o de 1969, err\u00f3neamente por supuesto, cre\u00ed desempe\u00f1ar mientras luc\u00eda, presa de la m\u00e1s pecaminosa, pero dulce e ingenua vanidad, mi impecable traje blanco de monaguillo anudado con un cintur\u00f3n de lazo.<\/p>\n<p>__________<\/p>\n<p><strong>FOTOGRAF\u00cdA<\/strong>: <em>Costado occidental del templo de la Sant\u00edsima Trinidad, sobre la carrera 43 con calle 33 del barrio \u00c1lvarez Restrepo, al oriente de la ciudad de Bucaramanga. Fotograf\u00eda: Fernando Rueda V. <\/em><\/p>\n<p><\/p>","protected":false},"excerpt":{"rendered":"<p>&nbsp; Para el a\u00f1o 1969, el templo de la Sant\u00edsima Trinidad ten\u00eda frente a s\u00ed, en su costado occidental, m\u00e1s all\u00e1 de la larga carrera 43, un generoso parque. Era un parque abierto, sin esas construcciones deportivas y recreativas que &hellip; <a href=\"https:\/\/oscarhumbertogomez.com\/?p=32974\">Sigue leyendo <span class=\"meta-nav\">&rarr;<\/span><\/a><\/p>\n<div class='heateorSssClear'><\/div><div  class='heateor_sss_sharing_container heateor_sss_horizontal_sharing' heateor-sss-data-href='https:\/\/oscarhumbertogomez.com\/?p=32974'><div class='heateor_sss_sharing_title' style=\"font-weight:bold\" >\u00a1Gracias por compartirla!<\/div><ul class=\"heateor_sss_sharing_ul\"><li class=\"heateorSssSharingRound\"><i style=\"width:35px;height:35px;border-radius:999px;\" alt=\"Facebook\" Title=\"Facebook\" class=\"heateorSssSharing heateorSssFacebookBackground\" onclick='heateorSssPopup(\"https:\/\/www.facebook.com\/sharer\/sharer.php?u=https%3A%2F%2Foscarhumbertogomez.com%2Findex.php%3Frest_route%3D%252Fwp%252Fv2%252Fposts%252F32974\")'><ss style=\"display:block;border-radius:999px;\" class=\"heateorSssSharingSvg heateorSssFacebookSvg\"><\/ss><\/i><\/li><li class=\"heateorSssSharingRound\"><i style=\"width:35px;height:35px;border-radius:999px;\" alt=\"Twitter\" Title=\"Twitter\" class=\"heateorSssSharing heateorSssTwitterBackground\" onclick='heateorSssPopup(\"http:\/\/twitter.com\/intent\/tweet?text=MEMORIAS%20DE%20UN%20VIERNES%20SANTO.%20Por%20%C3%93scar%20Humberto%20G%C3%B3mez%20G%C3%B3mez&url=https%3A%2F%2Foscarhumbertogomez.com%2Findex.php%3Frest_route%3D%252Fwp%252Fv2%252Fposts%252F32974\")'><ss style=\"display:block;border-radius:999px;\" class=\"heateorSssSharingSvg heateorSssTwitterSvg\"><\/ss><\/i><\/li><li class=\"heateorSssSharingRound\"><i style=\"width:35px;height:35px;border-radius:999px;\" alt=\"Whatsapp\" Title=\"Whatsapp\" class=\"heateorSssSharing heateorSssWhatsappBackground\" onclick='heateorSssPopup(\"https:\/\/web.whatsapp.com\/send?text=MEMORIAS%20DE%20UN%20VIERNES%20SANTO.%20Por%20%C3%93scar%20Humberto%20G%C3%B3mez%20G%C3%B3mez https%3A%2F%2Foscarhumbertogomez.com%2Findex.php%3Frest_route%3D%252Fwp%252Fv2%252Fposts%252F32974\")'><ss style=\"display:block\" class=\"heateorSssSharingSvg heateorSssWhatsappSvg\"><\/ss><\/i><\/li><li class=\"heateorSssSharingRound\"><i style=\"width:35px;height:35px;border-radius:999px;\" alt=\"Pinterest\" Title=\"Pinterest\" class=\"heateorSssSharing heateorSssPinterestBackground\" onclick=\"javascript:void( (function() {var e=document.createElement('script' );e.setAttribute('type','text\/javascript' );e.setAttribute('charset','UTF-8' );e.setAttribute('src','\/\/assets.pinterest.com\/js\/pinmarklet.js?r='+Math.random()*99999999);document.body.appendChild(e)})());\"><ss style=\"display:block;border-radius:999px;\" class=\"heateorSssSharingSvg heateorSssPinterestSvg\"><\/ss><\/i><\/li><li class=\"heateorSssSharingRound\"><i style=\"width:35px;height:35px;border-radius:999px;\" alt=\"Google Gmail\" Title=\"Google Gmail\" class=\"heateorSssSharing heateorSssGoogleGmailBackground\" onclick='heateorSssPopup(\"https:\/\/mail.google.com\/mail\/?ui=2&view=cm&fs=1&tf=1&su=MEMORIAS%20DE%20UN%20VIERNES%20SANTO.%20Por%20%C3%93scar%20Humberto%20G%C3%B3mez%20G%C3%B3mez&body=Link:https%3A%2F%2Foscarhumbertogomez.com%2Findex.php%3Frest_route%3D%252Fwp%252Fv2%252Fposts%252F32974\")'><ss style=\"display:block;border-radius:999px;\" class=\"heateorSssSharingSvg heateorSssGoogleGmailSvg\"><\/ss><\/i><\/li><li class=\"heateorSssSharingRound\"><i style=\"width:35px;height:35px;border-radius:999px;\" title=\"More\" alt=\"More\" class=\"heateorSssSharing heateorSssMoreBackground\" onclick=\"heateorSssMoreSharingPopup(this, 'https:\/\/oscarhumbertogomez.com\/index.php?rest_route=%2Fwp%2Fv2%2Fposts%2F32974', 'MEMORIAS%20DE%20UN%20VIERNES%20SANTO.%20Por%20%C3%93scar%20Humberto%20G%C3%B3mez%20G%C3%B3mez', '' )\" ><ss style=\"display:block\" class=\"heateorSssSharingSvg heateorSssMoreSvg\"><\/ss><\/i><\/li><\/ul><div class=\"heateorSssClear\"><\/div><\/div><div class='heateorSssClear'><\/div>","protected":false},"author":2,"featured_media":0,"comment_status":"open","ping_status":"open","sticky":false,"template":"","format":"standard","meta":{"spay_email":"","footnotes":""},"categories":[1],"tags":[],"class_list":["post-32974","post","type-post","status-publish","format-standard","hentry","category-blog"],"jetpack_featured_media_url":"","jetpack_shortlink":"https:\/\/wp.me\/p1FYrr-8zQ","_links":{"self":[{"href":"https:\/\/oscarhumbertogomez.com\/index.php?rest_route=\/wp\/v2\/posts\/32974","targetHints":{"allow":["GET"]}}],"collection":[{"href":"https:\/\/oscarhumbertogomez.com\/index.php?rest_route=\/wp\/v2\/posts"}],"about":[{"href":"https:\/\/oscarhumbertogomez.com\/index.php?rest_route=\/wp\/v2\/types\/post"}],"author":[{"embeddable":true,"href":"https:\/\/oscarhumbertogomez.com\/index.php?rest_route=\/wp\/v2\/users\/2"}],"replies":[{"embeddable":true,"href":"https:\/\/oscarhumbertogomez.com\/index.php?rest_route=%2Fwp%2Fv2%2Fcomments&post=32974"}],"version-history":[{"count":5,"href":"https:\/\/oscarhumbertogomez.com\/index.php?rest_route=\/wp\/v2\/posts\/32974\/revisions"}],"predecessor-version":[{"id":53725,"href":"https:\/\/oscarhumbertogomez.com\/index.php?rest_route=\/wp\/v2\/posts\/32974\/revisions\/53725"}],"wp:attachment":[{"href":"https:\/\/oscarhumbertogomez.com\/index.php?rest_route=%2Fwp%2Fv2%2Fmedia&parent=32974"}],"wp:term":[{"taxonomy":"category","embeddable":true,"href":"https:\/\/oscarhumbertogomez.com\/index.php?rest_route=%2Fwp%2Fv2%2Fcategories&post=32974"},{"taxonomy":"post_tag","embeddable":true,"href":"https:\/\/oscarhumbertogomez.com\/index.php?rest_route=%2Fwp%2Fv2%2Ftags&post=32974"}],"curies":[{"name":"wp","href":"https:\/\/api.w.org\/{rel}","templated":true}]}}