{"id":33283,"date":"2020-04-26T16:09:46","date_gmt":"2020-04-26T21:09:46","guid":{"rendered":"http:\/\/www.oscarhumbertogomez.com\/?p=33283"},"modified":"2024-02-18T11:27:43","modified_gmt":"2024-02-18T16:27:43","slug":"el-paramo-santurban-es-nuestro-pasaporte-al-futuro-mediante-carta-abierta-al-presidente-ivan-duque-opositores-al-proyecto-de-mineria-en-el-paramo-de-santurban-rechazan-el-otorgamiento-de-licencia","status":"publish","type":"post","link":"https:\/\/oscarhumbertogomez.com\/?p=33283","title":{"rendered":"&#8220;El p\u00e1ramo Santurb\u00e1n es nuestro pasaporte al futuro&#8221;. Mediante carta abierta al presidente Iv\u00e1n Duque, opositores al proyecto de miner\u00eda en el p\u00e1ramo de Santurb\u00e1n rechazan el otorgamiento de licencia ambiental a Minesa. Por \u00d3scar Humberto G\u00f3mez G\u00f3mez, Miembro del Colegio Nacional de Periodistas"},"content":{"rendered":"<p><img decoding=\"async\" class=\"aligncenter wp-image-22947\" src=\"https:\/\/lapiedrafilosofal.com\/wp-content\/uploads\/2017\/07\/20170401-170514-678x1024.jpg\" width=\"500\" srcset=\"https:\/\/oscarhumbertogomez.com\/wp-content\/uploads\/2017\/07\/20170401-170514-678x1024.jpg 678w, https:\/\/oscarhumbertogomez.com\/wp-content\/uploads\/2017\/07\/20170401-170514-199x300.jpg 199w, https:\/\/oscarhumbertogomez.com\/wp-content\/uploads\/2017\/07\/20170401-170514-768x1160.jpg 768w\" sizes=\"(max-width: 678px) 100vw, 678px\" \/><\/p>\n<p>&nbsp;<\/p>\n<p><img loading=\"lazy\" decoding=\"async\" class=\"aligncenter size-full wp-image-23802\" src=\"https:\/\/lapiedrafilosofal.com\/wp-content\/uploads\/2017\/10\/SANTURBAN.jpg\" alt=\"\" width=\"650\" height=\"367\" srcset=\"https:\/\/oscarhumbertogomez.com\/wp-content\/uploads\/2017\/10\/SANTURBAN.jpg 650w, https:\/\/oscarhumbertogomez.com\/wp-content\/uploads\/2017\/10\/SANTURBAN-300x169.jpg 300w\" sizes=\"auto, (max-width: 650px) 100vw, 650px\" \/><\/p>\n<p>&nbsp;<\/p>\n<p>El ingeniero Luis \u00c1lvaro Mej\u00eda Arg\u00fcello, vocero del Movimiento C\u00edvico Conciencia Ciudadana, ha puesto a circular entre diversos estamentos sociales de esta regi\u00f3n de Colombia una carta abierta por medio de la cual se le hace saber al presidente de la Rep\u00fablica la absoluta oposici\u00f3n al otorgamiento de la licencia ambiental a una poderosa empresa privada de Emiratos \u00c1rabes para que, a cambio de un porcentaje de regal\u00edas, pueda llevar a cabo la explotaci\u00f3n minera que proyecta en el p\u00e1ramo de Santurb\u00e1n, una de las m\u00e1s valiosas reservas naturales con que contamos, la cual expondr\u00eda a peligrosas eventualidades la pureza del agua que consumimos los santandereanos residentes en esta \u00e1rea geogr\u00e1fica al quedar expuesta a ser contaminada con los nocivos elementos qu\u00edmicos que dicha explotaci\u00f3n requiere.<\/p>\n<p>La misiva, que ha sido respaldada por personalidades como, entre otros, el periodista, historiador y escritor nortesantandereano Alberto Donadio, el soci\u00f3logo, historiador y poeta santandereano Libardo Le\u00f3n Guar\u00edn, y el m\u00e9dico dermat\u00f3logo y columnista de prensa Donaldo Ortiz Latorre, y que pueden respaldar con su nombre todos los santandereanos que se identifiquen con ella, escribiendo al e-mail lama0868@yahoo.com, o llamando al celular 317 6427707, dice lo siguiente:<\/p>\n<p>&nbsp;<\/p>\n<p><img loading=\"lazy\" decoding=\"async\" class=\"aligncenter size-full wp-image-23803\" src=\"https:\/\/lapiedrafilosofal.com\/wp-content\/uploads\/2017\/10\/santurban-780x514.jpg\" alt=\"\" width=\"780\" height=\"514\" srcset=\"https:\/\/oscarhumbertogomez.com\/wp-content\/uploads\/2017\/10\/santurban-780x514.jpg 780w, https:\/\/oscarhumbertogomez.com\/wp-content\/uploads\/2017\/10\/santurban-780x514-300x198.jpg 300w, https:\/\/oscarhumbertogomez.com\/wp-content\/uploads\/2017\/10\/santurban-780x514-768x506.jpg 768w\" sizes=\"auto, (max-width: 780px) 100vw, 780px\" \/><\/p>\n<p>&nbsp;<\/p>\n<p>&#8220;CARTA ABIERTA<\/p>\n<p>Bucaramanga Abril 27 de 2020<\/p>\n<p>Doctor<br \/>\nIV\u00c1N DUQUE M\u00c1RQUEZ<br \/>\nPresidente de la Rep\u00fablica de Colombia.<br \/>\nPalacio de Nari\u00f1o<br \/>\nBogot\u00e1.<\/p>\n<p>Respetado Se\u00f1or Presidente:<\/p>\n<p>Nos parece inaudito que aprovechando nuestro aparente estado de indefensi\u00f3n debido a la pandemia que azota al mundo, y abusando del estado de excepci\u00f3n, se est\u00e9n intentando medidas antidemocr\u00e1ticas que lesionan los intereses, los derechos fundamentales y el ambiente sano de las comunidades, mediante procedimientos que son contrarios a la ley y a la constituci\u00f3n.<\/p>\n<p>Las solicitudes de sectores econ\u00f3micos y posturas de miembros del gobierno como las del ministro de Hacienda Alberto Carrasquilla y la del ministro de Ambiente Ricardo Lozano, demuestran hasta d\u00f3nde les importa la vida de millones de colombianos. Es un atentado, en las actuales circunstancias promover la entrega de la Licencia Ambiental mediante dichos procedimientos, por dem\u00e1s ilegales e inconstitucionales, para que destruyan el p\u00e1ramo de Santurb\u00e1n, en beneficio del inter\u00e9s del proyecto de gran miner\u00eda de la multinacional MINESA, ubicado en inmediaciones del \u00e1rea fr\u00e1gil y ambientalmente protegida del p\u00e1ramo de Santurb\u00e1n.<\/p>\n<p>Sentimos que nuestro pa\u00eds es un ejemplo de malas pr\u00e1cticas en las pol\u00edticas ambientales con la complicidad de distintos Gobiernos, sectores econ\u00f3micos nacionales y extranjeros, y pol\u00edticos en el proceso del tr\u00e1mite e intervenci\u00f3n de proyectos minero-energ\u00e9ticos con graves impactos en destrucci\u00f3n de selvas, bosques, r\u00edos, humedales y p\u00e1ramos, afectando gravemente importantes ecosistemas fundamentales para la sostenibilidad de la vida. No es razonable que hoy, cuando una pandemia est\u00e1 destruyendo la vida humana, no seamos conscientes de que el virus es resultado del deterioro y destrucci\u00f3n del medio ambiente&#8221;.<\/p>\n<p>&nbsp;<\/p>\n<p><img loading=\"lazy\" decoding=\"async\" class=\"aligncenter size-full wp-image-23804\" src=\"https:\/\/lapiedrafilosofal.com\/wp-content\/uploads\/2017\/10\/paramo_agua_foto_carcdmb_2.jpg\" alt=\"\" width=\"650\" height=\"466\" srcset=\"https:\/\/oscarhumbertogomez.com\/wp-content\/uploads\/2017\/10\/paramo_agua_foto_carcdmb_2.jpg 650w, https:\/\/oscarhumbertogomez.com\/wp-content\/uploads\/2017\/10\/paramo_agua_foto_carcdmb_2-300x215.jpg 300w\" sizes=\"auto, (max-width: 650px) 100vw, 650px\" \/><\/p>\n<p>&nbsp;<\/p>\n<p>&#8220;El acceso al agua potable es un derecho humano fundamental y es lo que determina la sobrevivencia de los seres humanos. Nuevas equivocaciones en las decisiones pol\u00edticas desde el alto gobierno, no nos pueden quitar el derecho a la existencia que tenemos m\u00e1s de dos millones quinientas mil personas, habitantes del Gran Santander. Por eso convocamos y apelamos al sentido solidario que nos est\u00e1 uniendo en esta pandemia, primordial en la cultura ganada, en este tiempo de aislamiento y oportunidad para repensar el mundo anhelado, la cual se fundamenta en el respeto y defensa de la naturaleza y la vida.<\/p>\n<p>El p\u00e1ramo Santurb\u00e1n es nuestro pasaporte al futuro. El p\u00e1ramo se remite a un ecosistema que arranca en las partes m\u00e1s altas de nuestras monta\u00f1as en la provincia de Soto Norte, (Alto del Viejo en el municipio de California), irrigando los campos y comunidades rurales, hasta llegar a las goteras de nuestras ciudades&#8221;.<\/p>\n<p>&nbsp;<\/p>\n<p><img loading=\"lazy\" decoding=\"async\" class=\"aligncenter size-full wp-image-23803\" src=\"https:\/\/lapiedrafilosofal.com\/wp-content\/uploads\/2017\/10\/santurban-780x514.jpg\" alt=\"\" width=\"780\" height=\"514\" srcset=\"https:\/\/oscarhumbertogomez.com\/wp-content\/uploads\/2017\/10\/santurban-780x514.jpg 780w, https:\/\/oscarhumbertogomez.com\/wp-content\/uploads\/2017\/10\/santurban-780x514-300x198.jpg 300w, https:\/\/oscarhumbertogomez.com\/wp-content\/uploads\/2017\/10\/santurban-780x514-768x506.jpg 768w\" sizes=\"auto, (max-width: 780px) 100vw, 780px\" \/><\/p>\n<p>&nbsp;<\/p>\n<p>&#8220;Resulta anti-cient\u00edfico y por dem\u00e1s incomprensible que se pretenda hacer una delimitaci\u00f3n del p\u00e1ramo con una l\u00ednea f\u00edsica arbitraria. Santurb\u00e1n es nuestro ecosistema paramuno integral, tiene en todos sus niveles componentes interdependientes que les permiten funcionar como un solo cuerpo como f\u00e1brica de agua.<\/p>\n<p>De otra parte, estudios rigurosos han demostrado que Santurb\u00e1n es uno de los territorios m\u00e1s importantes de Colombia, ubicado entre los departamentos de Norte de Santander y Santander con una extensi\u00f3n de 142.000 hect\u00e1reas; es la estrella h\u00eddrica que permite abastecer una poblaci\u00f3n de distintos municipios, entre ellos C\u00facuta, El Zulia, \u00c1brego, Arboledas, Oca\u00f1a, Cucutilla, Pamplona, y los que corresponden al \u00c1rea Metropolitana de Bucaramanga, entre otros. El sistema actual del acueducto del \u00c1rea Metropolitana de Bucaramanga toma las aguas de los r\u00edos Surat\u00e1 para abastecer la planta de Bosconia, del r\u00edo Tona para la planta de La Flora y Morrorico, y del r\u00edo Fr\u00edo para la planta de Floridablanca. Los principales afluentes del r\u00edo Surat\u00e1 son los r\u00edos Vetas, Charta y Tona&#8221;.<\/p>\n<p>&nbsp;<\/p>\n<p><img loading=\"lazy\" decoding=\"async\" class=\"aligncenter size-full wp-image-23805\" src=\"https:\/\/lapiedrafilosofal.com\/wp-content\/uploads\/2017\/10\/1908santurban.jpg\" alt=\"\" width=\"640\" height=\"425\" srcset=\"https:\/\/oscarhumbertogomez.com\/wp-content\/uploads\/2017\/10\/1908santurban.jpg 640w, https:\/\/oscarhumbertogomez.com\/wp-content\/uploads\/2017\/10\/1908santurban-300x199.jpg 300w\" sizes=\"auto, (max-width: 640px) 100vw, 640px\" \/><\/p>\n<p>&nbsp;<\/p>\n<p>&#8220;Se\u00f1or Presidente: La legislaci\u00f3n ambiental actual hace inviable cualquier proyecto minero que se ubique por encima de las bocatomas del acueducto de Bucaramanga El proyecto de mega-miner\u00eda de MINESA con su pretendida explotaci\u00f3n por socavones ocasionar\u00e1 cambios en el microclima y presentar\u00e1 multiplicaci\u00f3n de agentes pat\u00f3genos en charcos y zonas cubiertas con aguas estancadas. La presencia del Uranio, no reconocida en las proporciones reales, identificada en estudios hechos por instituciones del Estado, nos lleva a concluir que la exposici\u00f3n al uranio y la emanaci\u00f3n consecuente del gas rad\u00f3n, el radio y el \u00e1cido sulf\u00farico, adem\u00e1s de las enfermedades que producen en el ser humano, contaminan las aguas tanto superficiales como subterr\u00e1neas. La poblaci\u00f3n que actualmente habita en el p\u00e1ramo no debe ser desplazada por la actividad megaminera. El concepto de da\u00f1os a perpetuidad no existe en la legislaci\u00f3n colombiana todav\u00eda, pero en los pa\u00edses industrializados s\u00ed es una norma vigente.<\/p>\n<p>Advertimos los incalculables da\u00f1os sociales, econ\u00f3micos y ambientales que puede generar el proyecto de mega-miner\u00eda de MINESA en Santurb\u00e1n. Invocamos la ley 99, el principio de precauci\u00f3n y acompa\u00f1ados de la protecci\u00f3n a los derechos colectivos de conformidad con la Constituci\u00f3n y la Ley (Art\u00edculos 2 y 79): el goce de un ambiente sano; la existencia del equilibrio ecol\u00f3gico y el manejo y aprovechamiento racional de los recursos naturales para garantizar su desarrollo sostenible; la conservaci\u00f3n de las especies animales y vegetales; la protecci\u00f3n de un \u00e1rea de especial importancia ecol\u00f3gica estrat\u00e9gica, \u00fanica cuenca h\u00eddrica que le brinda el agua para la vida a distintos municipios de los departamentos de Norte de Santander y Santander, haciendo posibles la seguridad, el desarrollo econ\u00f3mico y la salubridad p\u00fablicas&#8221;.<\/p>\n<p>&nbsp;<\/p>\n<p><img loading=\"lazy\" decoding=\"async\" class=\"aligncenter size-full wp-image-23812\" src=\"https:\/\/lapiedrafilosofal.com\/wp-content\/uploads\/2017\/10\/san-turban-1.jpg\" alt=\"\" width=\"871\" height=\"386\" srcset=\"https:\/\/oscarhumbertogomez.com\/wp-content\/uploads\/2017\/10\/san-turban-1.jpg 871w, https:\/\/oscarhumbertogomez.com\/wp-content\/uploads\/2017\/10\/san-turban-1-300x133.jpg 300w, https:\/\/oscarhumbertogomez.com\/wp-content\/uploads\/2017\/10\/san-turban-1-768x340.jpg 768w\" sizes=\"auto, (max-width: 871px) 100vw, 871px\" \/><\/p>\n<p>&nbsp;<\/p>\n<p>&#8220;La intervenci\u00f3n del p\u00e1ramo por parte de la empresa Minesa, de los Emiratos \u00c1rabes, es un atentado contra la vida de los santandereanos. Sabemos que la escasez del agua no solo produce desplazamiento, sino que la producci\u00f3n de alimentos, industria y servicios se ver\u00e1n gravemente afectados. Nuestro llamado es a que las decisiones en materia de pol\u00edticas p\u00fablicas ambientales atiendan y adopten la utilizaci\u00f3n de la raz\u00f3n y el sentido com\u00fan. El oro es nuestro, pero se lo llevan los \u00e1rabes, sin tener la compensaci\u00f3n por los incalculables da\u00f1os causados con la contaminaci\u00f3n de las aguas y destrucci\u00f3n del ecosistema, a perpetuidad.<\/p>\n<p>Ustedes y nosotros sabemos que los recursos que le quedan a la regi\u00f3n y al pa\u00eds no compensar\u00e1n jam\u00e1s el valor de la vida de millones de personas. Su pol\u00edtica tributaria con inaceptables tratamientos que privilegian a las multinacionales mineras y a los super-ricos de \u00e9ste pa\u00eds, solo ha servido para ampliar la desigualdad, y propiciar en las zonas mineras la miseria y el abandono por parte del Estado.<\/p>\n<p>Consideramos y reiteramos nuestra solicitud al gobierno nacional que, de acuerdo a la Ley y al inter\u00e9s p\u00fablico, la ANLA tenga en consideraci\u00f3n la aplicaci\u00f3n del principio de precauci\u00f3n y se abstenga de conceder licencia o autorizaci\u00f3n para la exploraci\u00f3n y explotaci\u00f3n del oro a cualquier empresa nacional o internacional en general, y a la Sociedad Minera de Santander S.A.S., Minesa, en particular, la cual afecta al p\u00e1ramo de Santurb\u00e1n, departamentos de Santander y Norte de Santander. As\u00ed mismo y atendiendo a sus postulados, se suspenda el ejercicio de toda actividad mega minera que en la actualidad se est\u00e9 realizando o se pretenda hacer, en el p\u00e1ramo de Santurb\u00e1n.<\/p>\n<p>El pa\u00eds, pasado ma\u00f1ana ser\u00e1 otro. Pensamos que la naturaleza ser\u00e1 nuestra prioridad de vida, para el encuentro de caminos que nos lleve a la construcci\u00f3n de una sociedad sostenible, justa y equitativa&#8221;.<\/p>\n<p>&#8220;Atento saludo,&#8221;<\/p>\n<p>Firman:<br \/>\n&#8211;<br \/>\n&#8211;<br \/>\n&#8211;<br \/>\n&#8211;<\/p>\n<p>Siguen&#8230;<\/p>\n<p>&#8220;Copia a:<\/p>\n<p>\uf0b7 Alberto Carrasquilla Barrera<br \/>\nMinisterio de Hacienda y Cr\u00e9dito P\u00fablico<\/p>\n<p>\uf0b7 Ricardo Jos\u00e9 Lozano Pic\u00f3n<br \/>\nMinistro de Ambiente y Desarrollo Sostenible<\/p>\n<p>\uf0b7 Rodrigo Su\u00e1rez Casta\u00f1o<br \/>\nDirector Autoridad Nacional de Licencias Ambientales-ANLA<\/p>\n<p>\uf0b7 Fernando Carrillo Fl\u00f3rez<br \/>\nProcurador General de la Naci\u00f3n&#8221;.<\/p>\n<p>&nbsp;<\/p>\n","protected":false},"excerpt":{"rendered":"<p>&nbsp; &nbsp; El ingeniero Luis \u00c1lvaro Mej\u00eda Arg\u00fcello, vocero del Movimiento C\u00edvico Conciencia Ciudadana, ha puesto a circular entre diversos estamentos sociales de esta regi\u00f3n de Colombia una carta abierta por medio de la cual se le hace saber al &hellip; <a href=\"https:\/\/oscarhumbertogomez.com\/?p=33283\">Sigue leyendo <span class=\"meta-nav\">&rarr;<\/span><\/a><\/p>\n<div class='heateorSssClear'><\/div><div  class='heateor_sss_sharing_container heateor_sss_horizontal_sharing' heateor-sss-data-href='https:\/\/oscarhumbertogomez.com\/?p=33283'><div class='heateor_sss_sharing_title' style=\"font-weight:bold\" >\u00a1Gracias por compartirla!<\/div><ul class=\"heateor_sss_sharing_ul\"><li class=\"heateorSssSharingRound\"><i style=\"width:35px;height:35px;border-radius:999px;\" alt=\"Facebook\" Title=\"Facebook\" class=\"heateorSssSharing heateorSssFacebookBackground\" onclick='heateorSssPopup(\"https:\/\/www.facebook.com\/sharer\/sharer.php?u=https%3A%2F%2Foscarhumbertogomez.com%2Findex.php%3Frest_route%3D%252Fwp%252Fv2%252Fposts%252F33283\")'><ss style=\"display:block;border-radius:999px;\" class=\"heateorSssSharingSvg heateorSssFacebookSvg\"><\/ss><\/i><\/li><li class=\"heateorSssSharingRound\"><i style=\"width:35px;height:35px;border-radius:999px;\" alt=\"Twitter\" Title=\"Twitter\" class=\"heateorSssSharing heateorSssTwitterBackground\" onclick='heateorSssPopup(\"http:\/\/twitter.com\/intent\/tweet?text=%22El%20p%C3%A1ramo%20Santurb%C3%A1n%20es%20nuestro%20pasaporte%20al%20futuro%22.%20Mediante%20carta%20abierta%20al%20presidente%20Iv%C3%A1n%20Duque%2C%20opositores%20al%20proyecto%20de%20miner%C3%ADa%20en%20el%20p%C3%A1ramo%20de%20Santurb%C3%A1n%20rechazan%20el%20otorgamiento%20de%20licencia%20ambiental%20a%20Minesa.%20Por%20%C3%93scar%20Humberto%20G%C3%B3mez%20G%C3%B3mez%2C%20Miembro%20del%20Colegio%20Nacional%20de%20Periodistas&url=https%3A%2F%2Foscarhumbertogomez.com%2Findex.php%3Frest_route%3D%252Fwp%252Fv2%252Fposts%252F33283\")'><ss style=\"display:block;border-radius:999px;\" class=\"heateorSssSharingSvg heateorSssTwitterSvg\"><\/ss><\/i><\/li><li class=\"heateorSssSharingRound\"><i style=\"width:35px;height:35px;border-radius:999px;\" alt=\"Whatsapp\" Title=\"Whatsapp\" class=\"heateorSssSharing heateorSssWhatsappBackground\" onclick='heateorSssPopup(\"https:\/\/web.whatsapp.com\/send?text=%22El%20p%C3%A1ramo%20Santurb%C3%A1n%20es%20nuestro%20pasaporte%20al%20futuro%22.%20Mediante%20carta%20abierta%20al%20presidente%20Iv%C3%A1n%20Duque%2C%20opositores%20al%20proyecto%20de%20miner%C3%ADa%20en%20el%20p%C3%A1ramo%20de%20Santurb%C3%A1n%20rechazan%20el%20otorgamiento%20de%20licencia%20ambiental%20a%20Minesa.%20Por%20%C3%93scar%20Humberto%20G%C3%B3mez%20G%C3%B3mez%2C%20Miembro%20del%20Colegio%20Nacional%20de%20Periodistas https%3A%2F%2Foscarhumbertogomez.com%2Findex.php%3Frest_route%3D%252Fwp%252Fv2%252Fposts%252F33283\")'><ss style=\"display:block\" class=\"heateorSssSharingSvg heateorSssWhatsappSvg\"><\/ss><\/i><\/li><li class=\"heateorSssSharingRound\"><i style=\"width:35px;height:35px;border-radius:999px;\" alt=\"Pinterest\" Title=\"Pinterest\" class=\"heateorSssSharing heateorSssPinterestBackground\" onclick=\"javascript:void( (function() {var e=document.createElement('script' );e.setAttribute('type','text\/javascript' );e.setAttribute('charset','UTF-8' );e.setAttribute('src','\/\/assets.pinterest.com\/js\/pinmarklet.js?r='+Math.random()*99999999);document.body.appendChild(e)})());\"><ss style=\"display:block;border-radius:999px;\" class=\"heateorSssSharingSvg heateorSssPinterestSvg\"><\/ss><\/i><\/li><li class=\"heateorSssSharingRound\"><i style=\"width:35px;height:35px;border-radius:999px;\" alt=\"Google Gmail\" Title=\"Google Gmail\" class=\"heateorSssSharing heateorSssGoogleGmailBackground\" onclick='heateorSssPopup(\"https:\/\/mail.google.com\/mail\/?ui=2&view=cm&fs=1&tf=1&su=%22El%20p%C3%A1ramo%20Santurb%C3%A1n%20es%20nuestro%20pasaporte%20al%20futuro%22.%20Mediante%20carta%20abierta%20al%20presidente%20Iv%C3%A1n%20Duque%2C%20opositores%20al%20proyecto%20de%20miner%C3%ADa%20en%20el%20p%C3%A1ramo%20de%20Santurb%C3%A1n%20rechazan%20el%20otorgamiento%20de%20licencia%20ambiental%20a%20Minesa.%20Por%20%C3%93scar%20Humberto%20G%C3%B3mez%20G%C3%B3mez%2C%20Miembro%20del%20Colegio%20Nacional%20de%20Periodistas&body=Link:https%3A%2F%2Foscarhumbertogomez.com%2Findex.php%3Frest_route%3D%252Fwp%252Fv2%252Fposts%252F33283\")'><ss style=\"display:block;border-radius:999px;\" class=\"heateorSssSharingSvg heateorSssGoogleGmailSvg\"><\/ss><\/i><\/li><li class=\"heateorSssSharingRound\"><i style=\"width:35px;height:35px;border-radius:999px;\" title=\"More\" alt=\"More\" class=\"heateorSssSharing heateorSssMoreBackground\" onclick=\"heateorSssMoreSharingPopup(this, 'https:\/\/oscarhumbertogomez.com\/index.php?rest_route=%2Fwp%2Fv2%2Fposts%2F33283', '%22El%20p%C3%A1ramo%20Santurb%C3%A1n%20es%20nuestro%20pasaporte%20al%20futuro%22.%20Mediante%20carta%20abierta%20al%20presidente%20Iv%C3%A1n%20Duque%2C%20opositores%20al%20proyecto%20de%20miner%C3%ADa%20en%20el%20p%C3%A1ramo%20de%20Santurb%C3%A1n%20rechazan%20el%20otorgamiento%20de%20licencia%20ambiental%20a%20Minesa.%20Por%20%C3%93scar%20Humberto%20G%C3%B3mez%20G%C3%B3mez%2C%20Miembro%20del%20Colegio%20Nacional%20de%20Periodistas', '' )\" ><ss style=\"display:block\" class=\"heateorSssSharingSvg heateorSssMoreSvg\"><\/ss><\/i><\/li><\/ul><div class=\"heateorSssClear\"><\/div><\/div><div class='heateorSssClear'><\/div>","protected":false},"author":2,"featured_media":0,"comment_status":"open","ping_status":"open","sticky":false,"template":"","format":"standard","meta":{"spay_email":"","footnotes":""},"categories":[18],"tags":[],"class_list":["post-33283","post","type-post","status-publish","format-standard","hentry","category-ecologia"],"jetpack_featured_media_url":"","jetpack_shortlink":"https:\/\/wp.me\/p1FYrr-8EP","_links":{"self":[{"href":"https:\/\/oscarhumbertogomez.com\/index.php?rest_route=\/wp\/v2\/posts\/33283","targetHints":{"allow":["GET"]}}],"collection":[{"href":"https:\/\/oscarhumbertogomez.com\/index.php?rest_route=\/wp\/v2\/posts"}],"about":[{"href":"https:\/\/oscarhumbertogomez.com\/index.php?rest_route=\/wp\/v2\/types\/post"}],"author":[{"embeddable":true,"href":"https:\/\/oscarhumbertogomez.com\/index.php?rest_route=\/wp\/v2\/users\/2"}],"replies":[{"embeddable":true,"href":"https:\/\/oscarhumbertogomez.com\/index.php?rest_route=%2Fwp%2Fv2%2Fcomments&post=33283"}],"version-history":[{"count":5,"href":"https:\/\/oscarhumbertogomez.com\/index.php?rest_route=\/wp\/v2\/posts\/33283\/revisions"}],"predecessor-version":[{"id":46767,"href":"https:\/\/oscarhumbertogomez.com\/index.php?rest_route=\/wp\/v2\/posts\/33283\/revisions\/46767"}],"wp:attachment":[{"href":"https:\/\/oscarhumbertogomez.com\/index.php?rest_route=%2Fwp%2Fv2%2Fmedia&parent=33283"}],"wp:term":[{"taxonomy":"category","embeddable":true,"href":"https:\/\/oscarhumbertogomez.com\/index.php?rest_route=%2Fwp%2Fv2%2Fcategories&post=33283"},{"taxonomy":"post_tag","embeddable":true,"href":"https:\/\/oscarhumbertogomez.com\/index.php?rest_route=%2Fwp%2Fv2%2Ftags&post=33283"}],"curies":[{"name":"wp","href":"https:\/\/api.w.org\/{rel}","templated":true}]}}