{"id":3373,"date":"2012-03-24T13:58:39","date_gmt":"2012-03-24T18:58:39","guid":{"rendered":"http:\/\/www.oscarhumbertogomez.com\/?p=3373"},"modified":"2024-02-16T10:41:55","modified_gmt":"2024-02-16T15:41:55","slug":"al-fin-cual-es-la-posicion-del-estado-colombiano-frente-al-ruido-en-las-horas-nocturnas","status":"publish","type":"post","link":"https:\/\/oscarhumbertogomez.com\/?p=3373","title":{"rendered":"Al fin, \u00bfcu\u00e1l es la posici\u00f3n del Estado colombiano frente al ruido en las horas nocturnas? Por \u00d3scar Humberto G\u00f3mez G\u00f3mez"},"content":{"rendered":"<div id=\"attachment_3376\" style=\"width: 810px\" class=\"wp-caption aligncenter\"><img loading=\"lazy\" decoding=\"async\" aria-describedby=\"caption-attachment-3376\" class=\"size-full wp-image-3376\" title=\"Parque Giordano Bruno\" src=\"https:\/\/lapiedrafilosofal.com\/wp-content\/uploads\/2012\/03\/Parque-Giordano-Bruno.jpg\" alt=\"\" width=\"800\" height=\"600\" srcset=\"https:\/\/oscarhumbertogomez.com\/wp-content\/uploads\/2012\/03\/Parque-Giordano-Bruno.jpg 800w, https:\/\/oscarhumbertogomez.com\/wp-content\/uploads\/2012\/03\/Parque-Giordano-Bruno-300x225.jpg 300w\" sizes=\"auto, (max-width: 800px) 100vw, 800px\" \/><p id=\"caption-attachment-3376\" class=\"wp-caption-text\">PARQUE GIORDANO BRUNO. BOGOT\u00c1. (Fotograf\u00eda tomada de WIKIPEDIA. Usuario Pedro Felipe. Licencia de Creative Commons)<\/p><\/div>\n<p><strong>&nbsp;<\/strong><\/p>\n<p>La agresi\u00f3n de la que fue v\u00edctima la arquitecta \u00c1ngela de Francisco en el restaurante <em>Pampa gaucha<\/em>, en el parque Giordano Bruno, sector de Chapinero, en la ciudad de Bogot\u00e1, por parte de personas que participaban de la fiesta de graduaci\u00f3n de un abogado, s\u00f3lo por haberse hecho presente a reclamar ante el alto volumen de la m\u00fasica en plena madrugada, ha desatado una explicable ola de indignaci\u00f3n, no s\u00f3lo en Bogot\u00e1, sino en el resto de Colombia, a la cual nos unimos nosotros desde el departamento de Santander.<\/p>\n<p><strong>&nbsp;<\/strong><\/p>\n<p><img loading=\"lazy\" decoding=\"async\" class=\"aligncenter size-full wp-image-3377\" title=\"ruido-ntnva1\" src=\"https:\/\/lapiedrafilosofal.com\/wp-content\/uploads\/2012\/03\/ruido-ntnva1.jpg\" alt=\"\" width=\"320\" height=\"247\" srcset=\"https:\/\/oscarhumbertogomez.com\/wp-content\/uploads\/2012\/03\/ruido-ntnva1.jpg 320w, https:\/\/oscarhumbertogomez.com\/wp-content\/uploads\/2012\/03\/ruido-ntnva1-300x231.jpg 300w\" sizes=\"auto, (max-width: 320px) 100vw, 320px\" \/><\/p>\n<p><strong>&nbsp;<\/strong><\/p>\n<p>Y es que el ruido y la pataner\u00eda se han apoderado de todos los barrios y sectores de las ciudades, grandes y peque\u00f1as, y amenazan con tomarse tambi\u00e9n los otrora apacibles pueblos y villorrios.<\/p>\n<p>En Bucaramanga, el antes pac\u00edfico y sereno sector de Cabecera del Llano, por ejemplo, sufri\u00f3, y sigue sufriendo la peor degradaci\u00f3n de su historia. El peri\u00f3dico <em>Gente de Cabecera<\/em>, que recoge el sentir de los residentes en el exclusivo sector residencial, ya no tan exclusivo, no cesa de insertar en sus ediciones las quejas de los vecinos, a quienes no hay autoridad que los escuche.<\/p>\n<p><strong>&nbsp;<\/strong><\/p>\n<p><img loading=\"lazy\" decoding=\"async\" class=\"aligncenter size-full wp-image-3378\" title=\"RUIDO\" src=\"https:\/\/lapiedrafilosofal.com\/wp-content\/uploads\/2012\/03\/RUIDO.jpg\" alt=\"\" width=\"450\" height=\"338\" srcset=\"https:\/\/oscarhumbertogomez.com\/wp-content\/uploads\/2012\/03\/RUIDO.jpg 450w, https:\/\/oscarhumbertogomez.com\/wp-content\/uploads\/2012\/03\/RUIDO-300x225.jpg 300w\" sizes=\"auto, (max-width: 450px) 100vw, 450px\" \/><\/p>\n<p><strong>&nbsp;<\/strong><\/p>\n<p>En el sector de Ciudadela Real de Minas se lleg\u00f3, hace unos pocos a\u00f1os, al extremo de que un vigilante termin\u00f3 matando a tiros a un vecino del conjunto residencial donde prestaba sus servicios, quien no tuvo empacho en llegar, parquear su camioneta frente a su residencia y poner a todo volumen el equipo de sonido del automotor para ensordecer al vecindario con vallenatos y rancheras.<\/p>\n<p>El ruido cunde por doquier. En la hasta hace unos a\u00f1os apacible villa de San Gil, el auge del turismo acab\u00f3 con el silencio de las noches, seg\u00fan denuncia que hizo no hace mucho tiempo el peri\u00f3dico <em>La zigarra<\/em>, el cual hizo alusi\u00f3n tambi\u00e9n al creciente &#8220;turismo sexual&#8221; y a la degradaci\u00f3n de la calidad de vida en la peque\u00f1a ciudad santandereana.<\/p>\n<p><strong>&nbsp;<\/strong><\/p>\n<p><img loading=\"lazy\" decoding=\"async\" class=\"aligncenter size-full wp-image-3379\" title=\"RUIDO II\" src=\"https:\/\/lapiedrafilosofal.com\/wp-content\/uploads\/2012\/03\/RUIDO-II.jpg\" alt=\"\" width=\"400\" height=\"358\" srcset=\"https:\/\/oscarhumbertogomez.com\/wp-content\/uploads\/2012\/03\/RUIDO-II.jpg 400w, https:\/\/oscarhumbertogomez.com\/wp-content\/uploads\/2012\/03\/RUIDO-II-300x268.jpg 300w\" sizes=\"auto, (max-width: 400px) 100vw, 400px\" \/><\/p>\n<p><strong>&nbsp;<\/strong><\/p>\n<p>El gusto musical se pretende imponer a punta de elevar los decibeles. Parlantes gigantescos son instalados todos los d\u00edas en autom\u00f3viles, camperos y camionetas por personas que, obviamente, no esperan escuchar con ellos la m\u00fasica a bajo volumen, sino imponerles sus gustos musicales a los dem\u00e1s. La m\u00fasica vallenata comercial, la m\u00fasica norte\u00f1a, la m\u00fasica ranchera y el reggaet\u00f3n son los aires m\u00e1s difundidos a trav\u00e9s de estos altoparlantes m\u00f3viles, denominados popularmente &#8220;discotecas ambulantes&#8221;.<\/p>\n<p><strong>&nbsp;<\/strong><\/p>\n<p><img loading=\"lazy\" decoding=\"async\" class=\"aligncenter size-full wp-image-3380\" title=\"Musica-alta-es-problematica-300x223\" src=\"https:\/\/lapiedrafilosofal.com\/wp-content\/uploads\/2012\/03\/Musica-alta-es-problematica-300x223.jpg\" alt=\"\" width=\"300\" height=\"223\"><\/p>\n<p><strong>&nbsp;<\/strong><\/p>\n<p>Y, lo peor de todo, es que la m\u00e1s m\u00ednima reclamaci\u00f3n que se eleve para que, por favor, se le baje el volumen a la m\u00fasica, es respondida, como acaba de suceder en el parque Giordano Bruno, con la m\u00e1s insolente y vulgar altaner\u00eda.<\/p>\n<p>Ahora, con violencia f\u00edsica adem\u00e1s. Una violencia ejercida contra una dama, que fue derribada al suelo, donde permaneci\u00f3 largo rato sin que nadie la auxiliara.<\/p>\n<p>Y que eso ocurra en una fiesta de graduaci\u00f3n nada menos que de un hombre de leyes, s\u00ed que resulta m\u00e1s inadmisible.<\/p>\n<p>En el C\u00f3digo Nacional de Polic\u00eda y en el C\u00f3digo Nacional de Tr\u00e1nsito est\u00e1n prohibidas tales conductas. Pero las autoridades no parecieran andar enteradas de la existencia de dichas prohibiciones. O est\u00e1n enteradas, pero consideran que luchar contra la cada vez peor contaminaci\u00f3n auditiva no es tarea que les concierna.<\/p>\n<p>Ya es hora de que el gobierno nacional diga algo al respecto.<\/p>\n<p>Pero, sobre todo, que lo haga.<\/p>\n<p><strong>&nbsp;<\/strong><\/p>\n<p><img loading=\"lazy\" decoding=\"async\" class=\"aligncenter size-full wp-image-3381\" title=\"RUIDO III\" src=\"https:\/\/lapiedrafilosofal.com\/wp-content\/uploads\/2012\/03\/RUIDO-III.jpg\" alt=\"\" width=\"400\" height=\"266\" srcset=\"https:\/\/oscarhumbertogomez.com\/wp-content\/uploads\/2012\/03\/RUIDO-III.jpg 400w, https:\/\/oscarhumbertogomez.com\/wp-content\/uploads\/2012\/03\/RUIDO-III-300x199.jpg 300w\" sizes=\"auto, (max-width: 400px) 100vw, 400px\" \/><\/p>\n<p><strong>&nbsp;<\/strong><\/p>\n<p>D\u00e9, por favor, clic izquierdo encima del enlace, si desea leer la noticia.<\/p>\n<p><strong>&nbsp;<\/strong><\/p>\n<p><a href=\"http:\/\/www.eltiempo.com\/colombia\/bogota\/golpean-a-mujer-porque-se-quejo-del-excesivo-ruido-en-el-restaurante-la-pampa-gaucha_11422083-4\">http:\/\/www.eltiempo.com\/colombia\/bogota\/golpean-a-mujer-porque-se-quejo-del-excesivo-ruido-en-el-restaurante-la-pampa-gaucha_11422083-4<\/a><\/p>\n<p><strong>&nbsp;<\/strong><\/p>\n","protected":false},"excerpt":{"rendered":"<p>&nbsp; La agresi\u00f3n de la que fue v\u00edctima la arquitecta \u00c1ngela de Francisco en el restaurante Pampa gaucha, en el parque Giordano Bruno, sector de Chapinero, en la ciudad de Bogot\u00e1, por parte de personas que participaban de la fiesta &hellip; <a href=\"https:\/\/oscarhumbertogomez.com\/?p=3373\">Sigue leyendo <span class=\"meta-nav\">&rarr;<\/span><\/a><\/p>\n<div class='heateorSssClear'><\/div><div  class='heateor_sss_sharing_container heateor_sss_horizontal_sharing' heateor-sss-data-href='https:\/\/oscarhumbertogomez.com\/?p=3373'><div class='heateor_sss_sharing_title' style=\"font-weight:bold\" >\u00a1Gracias por compartirla!<\/div><ul class=\"heateor_sss_sharing_ul\"><li class=\"heateorSssSharingRound\"><i style=\"width:35px;height:35px;border-radius:999px;\" alt=\"Facebook\" Title=\"Facebook\" class=\"heateorSssSharing heateorSssFacebookBackground\" onclick='heateorSssPopup(\"https:\/\/www.facebook.com\/sharer\/sharer.php?u=https%3A%2F%2Foscarhumbertogomez.com%2Findex.php%3Frest_route%3D%252Fwp%252Fv2%252Fposts%252F3373\")'><ss style=\"display:block;border-radius:999px;\" class=\"heateorSssSharingSvg heateorSssFacebookSvg\"><\/ss><\/i><\/li><li class=\"heateorSssSharingRound\"><i style=\"width:35px;height:35px;border-radius:999px;\" alt=\"Twitter\" Title=\"Twitter\" class=\"heateorSssSharing heateorSssTwitterBackground\" onclick='heateorSssPopup(\"http:\/\/twitter.com\/intent\/tweet?text=Al%20fin%2C%20%C2%BFcu%C3%A1l%20es%20la%20posici%C3%B3n%20del%20Estado%20colombiano%20frente%20al%20ruido%20en%20las%20horas%20nocturnas%3F%20Por%20%C3%93scar%20Humberto%20G%C3%B3mez%20G%C3%B3mez&url=https%3A%2F%2Foscarhumbertogomez.com%2Findex.php%3Frest_route%3D%252Fwp%252Fv2%252Fposts%252F3373\")'><ss style=\"display:block;border-radius:999px;\" class=\"heateorSssSharingSvg heateorSssTwitterSvg\"><\/ss><\/i><\/li><li class=\"heateorSssSharingRound\"><i style=\"width:35px;height:35px;border-radius:999px;\" alt=\"Whatsapp\" Title=\"Whatsapp\" class=\"heateorSssSharing heateorSssWhatsappBackground\" onclick='heateorSssPopup(\"https:\/\/web.whatsapp.com\/send?text=Al%20fin%2C%20%C2%BFcu%C3%A1l%20es%20la%20posici%C3%B3n%20del%20Estado%20colombiano%20frente%20al%20ruido%20en%20las%20horas%20nocturnas%3F%20Por%20%C3%93scar%20Humberto%20G%C3%B3mez%20G%C3%B3mez https%3A%2F%2Foscarhumbertogomez.com%2Findex.php%3Frest_route%3D%252Fwp%252Fv2%252Fposts%252F3373\")'><ss style=\"display:block\" class=\"heateorSssSharingSvg heateorSssWhatsappSvg\"><\/ss><\/i><\/li><li class=\"heateorSssSharingRound\"><i style=\"width:35px;height:35px;border-radius:999px;\" alt=\"Pinterest\" Title=\"Pinterest\" class=\"heateorSssSharing heateorSssPinterestBackground\" onclick=\"javascript:void( (function() {var e=document.createElement('script' );e.setAttribute('type','text\/javascript' );e.setAttribute('charset','UTF-8' );e.setAttribute('src','\/\/assets.pinterest.com\/js\/pinmarklet.js?r='+Math.random()*99999999);document.body.appendChild(e)})());\"><ss style=\"display:block;border-radius:999px;\" class=\"heateorSssSharingSvg heateorSssPinterestSvg\"><\/ss><\/i><\/li><li class=\"heateorSssSharingRound\"><i style=\"width:35px;height:35px;border-radius:999px;\" alt=\"Google Gmail\" Title=\"Google Gmail\" class=\"heateorSssSharing heateorSssGoogleGmailBackground\" onclick='heateorSssPopup(\"https:\/\/mail.google.com\/mail\/?ui=2&view=cm&fs=1&tf=1&su=Al%20fin%2C%20%C2%BFcu%C3%A1l%20es%20la%20posici%C3%B3n%20del%20Estado%20colombiano%20frente%20al%20ruido%20en%20las%20horas%20nocturnas%3F%20Por%20%C3%93scar%20Humberto%20G%C3%B3mez%20G%C3%B3mez&body=Link:https%3A%2F%2Foscarhumbertogomez.com%2Findex.php%3Frest_route%3D%252Fwp%252Fv2%252Fposts%252F3373\")'><ss style=\"display:block;border-radius:999px;\" class=\"heateorSssSharingSvg heateorSssGoogleGmailSvg\"><\/ss><\/i><\/li><li class=\"heateorSssSharingRound\"><i style=\"width:35px;height:35px;border-radius:999px;\" title=\"More\" alt=\"More\" class=\"heateorSssSharing heateorSssMoreBackground\" onclick=\"heateorSssMoreSharingPopup(this, 'https:\/\/oscarhumbertogomez.com\/index.php?rest_route=%2Fwp%2Fv2%2Fposts%2F3373', 'Al%20fin%2C%20%C2%BFcu%C3%A1l%20es%20la%20posici%C3%B3n%20del%20Estado%20colombiano%20frente%20al%20ruido%20en%20las%20horas%20nocturnas%3F%20Por%20%C3%93scar%20Humberto%20G%C3%B3mez%20G%C3%B3mez', '' )\" ><ss style=\"display:block\" class=\"heateorSssSharingSvg heateorSssMoreSvg\"><\/ss><\/i><\/li><\/ul><div class=\"heateorSssClear\"><\/div><\/div><div class='heateorSssClear'><\/div>","protected":false},"author":2,"featured_media":0,"comment_status":"open","ping_status":"open","sticky":false,"template":"","format":"standard","meta":{"spay_email":"","footnotes":""},"categories":[18],"tags":[],"class_list":["post-3373","post","type-post","status-publish","format-standard","hentry","category-ecologia"],"jetpack_featured_media_url":"","jetpack_shortlink":"https:\/\/wp.me\/p1FYrr-Sp","_links":{"self":[{"href":"https:\/\/oscarhumbertogomez.com\/index.php?rest_route=\/wp\/v2\/posts\/3373","targetHints":{"allow":["GET"]}}],"collection":[{"href":"https:\/\/oscarhumbertogomez.com\/index.php?rest_route=\/wp\/v2\/posts"}],"about":[{"href":"https:\/\/oscarhumbertogomez.com\/index.php?rest_route=\/wp\/v2\/types\/post"}],"author":[{"embeddable":true,"href":"https:\/\/oscarhumbertogomez.com\/index.php?rest_route=\/wp\/v2\/users\/2"}],"replies":[{"embeddable":true,"href":"https:\/\/oscarhumbertogomez.com\/index.php?rest_route=%2Fwp%2Fv2%2Fcomments&post=3373"}],"version-history":[{"count":5,"href":"https:\/\/oscarhumbertogomez.com\/index.php?rest_route=\/wp\/v2\/posts\/3373\/revisions"}],"predecessor-version":[{"id":46708,"href":"https:\/\/oscarhumbertogomez.com\/index.php?rest_route=\/wp\/v2\/posts\/3373\/revisions\/46708"}],"wp:attachment":[{"href":"https:\/\/oscarhumbertogomez.com\/index.php?rest_route=%2Fwp%2Fv2%2Fmedia&parent=3373"}],"wp:term":[{"taxonomy":"category","embeddable":true,"href":"https:\/\/oscarhumbertogomez.com\/index.php?rest_route=%2Fwp%2Fv2%2Fcategories&post=3373"},{"taxonomy":"post_tag","embeddable":true,"href":"https:\/\/oscarhumbertogomez.com\/index.php?rest_route=%2Fwp%2Fv2%2Ftags&post=3373"}],"curies":[{"name":"wp","href":"https:\/\/api.w.org\/{rel}","templated":true}]}}