{"id":34181,"date":"2020-05-31T14:12:25","date_gmt":"2020-05-31T19:12:25","guid":{"rendered":"http:\/\/www.oscarhumbertogomez.com\/?p=34181"},"modified":"2024-06-30T16:14:04","modified_gmt":"2024-06-30T21:14:04","slug":"murio-el-ingeniero-e-historiador-santandereano-pedro-antonio-vivas-guevara-por-oscar-humberto-gomez-gomez","status":"publish","type":"post","link":"https:\/\/oscarhumbertogomez.com\/?p=34181","title":{"rendered":"MURI\u00d3 EL INGENIERO E HISTORIADOR SANTANDEREANO PEDRO ANTONIO VIVAS GUEVARA. Por \u00d3scar Humberto G\u00f3mez G\u00f3mez"},"content":{"rendered":"<p>&nbsp;<\/p>\n\n\n<div class=\"wp-block-image\"><figure class=\"aligncenter size-large\"><img loading=\"lazy\" decoding=\"async\" width=\"360\" height=\"640\" src=\"https:\/\/www.oscarhumbertogomez.com\/wp-content\/uploads\/2020\/05\/IMG_3863.png\" alt=\"\" class=\"wp-image-34182\" srcset=\"https:\/\/oscarhumbertogomez.com\/wp-content\/uploads\/2020\/05\/IMG_3863.png 360w, https:\/\/oscarhumbertogomez.com\/wp-content\/uploads\/2020\/05\/IMG_3863-169x300.png 169w\" sizes=\"auto, (max-width: 360px) 100vw, 360px\" \/><figcaption>PEDRO ANTONIO VIVAS GUEVARA (Charal\u00e1, Santander, 1948 &#8211; San Gil, Santander, 2020).<\/figcaption><\/figure><\/div>\n\n\n<p>&nbsp;<\/p>\n\n\n<p>Pedro Vivas \u2014o el doctor Pedrito, como se le conoc\u00eda\u2014 estaba destinado desde ni\u00f1o a vivir una vida vinculada a la Historia Patria.<\/p>\n\n\n\n<p>No solo por haber nacido en la hist\u00f3rica poblaci\u00f3n de Charal\u00e1 y porque su nacimiento tuvo lugar en el hist\u00f3rico a\u00f1o de 1948, en el cual sucedieron hechos como el atentado contra Jorge Eli\u00e9cer Gait\u00e1n o el inicio de las actividades acad\u00e9micas en la Universidad Industrial de Santander (UIS), sino porque entr\u00f3 a cursar el bachillerato en el hist\u00f3rico Colegio Universitario del Socorro, plantel educativo fundado nada menos que por el general Francisco de Paula Santander.<\/p>\n\n\n\n<p>Ya en Bucaramanga, ingres\u00f3 al glorioso Colegio Santander y, con el cart\u00f3n de bachiller en mano, pas\u00f3 a matricularse a la vecina Universidad Industrial de Santander (UIS), de donde sali\u00f3 con su nuevo diploma de Ingeniero Industrial.<\/p>\n\n\n\n<p>Pero para no dejarse descarrilar de la Historia, entr\u00f3 a estudiar Administraci\u00f3n e Investigaci\u00f3n de Archivos Hist\u00f3ricos. <\/p>\n\n\n\n<p>Posteriormente, termin\u00f3 siendo recibido como Miembro Correspondiente y m\u00e1s tarde como Miembro de N\u00famero (sill\u00f3n J) de la Academia de Historia de Santander.<\/p>\n\n\n\n<p>Autor de los libros &#8220;Historia de la Ingenier\u00eda en Santander&#8221;, &#8220;El proceso de fundaci\u00f3n de los municipios santandereanos&#8221;, &#8220;Los pronunciamientos. Origen de las guerras civiles colombianas&#8221;, &#8220;Acercamiento cr\u00edtico a las cr\u00f3nicas de Bucaramanga&#8221; y &#8220;20 a\u00f1os de ingenier\u00eda industrial en Colombia&#8221;, entre otros, dej\u00f3 plasmada tambi\u00e9n la agudeza de su pluma y su fino sentido del humor \u2014tan descaecido en estos tiempos en los que se cree que ser humorista es ser vulgar\u2014 cuando se le midi\u00f3, infortunadamente durante poco tiempo, a escribir las cr\u00f3nicas del que se llam\u00f3 &#8220;El libro de oro&#8221; de la Academia de Historia de Santander, libro en cuyas p\u00e1ginas iba dejando anotados para la posteridad, de su pu\u00f1o y letra, los detalles de lo que hab\u00eda ocurrido en la sesi\u00f3n solemne inmediatamente anterior, pero haci\u00e9ndolo con apuntes que, cuando \u00e9l mismo, en la sesi\u00f3n siguiente, los le\u00eda \u2014con su caracter\u00edstica voz sosegada y su actitud impert\u00e9rrita\u2014, generaban inevitablemente nuestra risa.  Dicho sea de paso, era de esos humoristas excelentes que hasta el final mantienen en sus rostros la seriedad porque en ning\u00fan momento se r\u00eden de sus propios chistes. <\/p>\n\n\n\n<p>En coautor\u00eda con el ingeniero civil e industrial y hoy presidente de la Academia de Historia de Santander Dr. Miguel Jos\u00e9 Pinilla Guti\u00e9rrez, escribi\u00f3 y public\u00f3 el libro &#8220;Moneda y banca en Santander&#8221;, obra de la cual hicimos en su momento una semblanza, que a\u00fan puede leerse en nuestro portal.<\/p>\n\n\n\n<p>Distinguido miembro del Partido Liberal \u2014de esos que nunca lo desdor\u00f3 y, por el contrario, siempre le dio lustre con sus valores \u00e9ticos, principalmente con su honradez, su hombr\u00eda de bien y la evidente sencillez de su vida, una vida desprovista de vanas ambiciones y siempre respetuosa de Dios, de su Patria y de sus semejantes\u2014, no fue, como suele ocurrir por desdicha en los ajetreos de nuestra pol\u00edtica local, lo suficientemente apreciado por el pueblo charale\u00f1o y eso imposibilit\u00f3 que hubiera podido, ya en el oto\u00f1o de su existencia, y como nos hubiese gustado que sucediera, demostrarle a su terru\u00f1o todo el inmenso amor que le profesaba y toda la capacidad de servicio de la que era capaz. Alg\u00fan d\u00eda ser\u00e1n hombres como \u00e9l los que lleguen a los cargos p\u00fablicos de elecci\u00f3n popular y de esa manera nuestra maltrecha democracia llegar\u00e1 a ser lo que ha debido ser siempre.  <\/p>\n\n\n\n<p>El abogado, historiador, periodista, analista pol\u00edtico y ameno escritor santandereano Gerardo Mart\u00ednez Mart\u00ednez dio el parte luctuoso en los siguientes t\u00e9rminos:<\/p>\n\n\n\n<p>&#8220;Con profundo dolor informo que acaba de morir, en el hospital de San Gil, el ingeniero Pedro Antonio Vivas Guevara, ilustre Charale\u00f1o, historiador y miembro de la Academia de Historia de Santander y del Centro de Historia de Charal\u00e1. Profesor universitario. Autor y editor de varios libros y publicaciones sobre historia comarcana. Excelente amigo, tranquilo y ponderado, de prudencia y sensatez envidiables. Pierde Charal\u00e1 un gran ser humano y un eximio profesional. Adi\u00f3s Pedrito querido&#8221;.<\/p>\n\n\n\n<p><\/p>\n\n\n\n<p>  <\/p>\n\n\n<p>&nbsp;<\/p>\n<p><iframe loading=\"lazy\" width=\"560\" height=\"315\" src=\"https:\/\/www.youtube-nocookie.com\/embed\/dL3nNRvd2N0?controls=0\" frameborder=\"0\" allow=\"accelerometer; autoplay; encrypted-media; gyroscope; picture-in-picture\" allowfullscreen=\"\"><\/iframe><\/p>\n<p>&nbsp;<\/p>","protected":false},"excerpt":{"rendered":"<p>&nbsp; &nbsp; Pedro Vivas \u2014o el doctor Pedrito, como se le conoc\u00eda\u2014 estaba destinado desde ni\u00f1o a vivir una vida vinculada a la Historia Patria. No solo por haber nacido en la hist\u00f3rica poblaci\u00f3n de Charal\u00e1 y porque su nacimiento &hellip; <a href=\"https:\/\/oscarhumbertogomez.com\/?p=34181\">Sigue leyendo <span class=\"meta-nav\">&rarr;<\/span><\/a><\/p>\n<div class='heateorSssClear'><\/div><div  class='heateor_sss_sharing_container heateor_sss_horizontal_sharing' heateor-sss-data-href='https:\/\/oscarhumbertogomez.com\/?p=34181'><div class='heateor_sss_sharing_title' style=\"font-weight:bold\" >\u00a1Gracias por compartirla!<\/div><ul class=\"heateor_sss_sharing_ul\"><li class=\"heateorSssSharingRound\"><i style=\"width:35px;height:35px;border-radius:999px;\" alt=\"Facebook\" Title=\"Facebook\" class=\"heateorSssSharing heateorSssFacebookBackground\" onclick='heateorSssPopup(\"https:\/\/www.facebook.com\/sharer\/sharer.php?u=https%3A%2F%2Foscarhumbertogomez.com%2Findex.php%3Frest_route%3D%252Fwp%252Fv2%252Fposts%252F34181\")'><ss style=\"display:block;border-radius:999px;\" class=\"heateorSssSharingSvg heateorSssFacebookSvg\"><\/ss><\/i><\/li><li class=\"heateorSssSharingRound\"><i style=\"width:35px;height:35px;border-radius:999px;\" alt=\"Twitter\" Title=\"Twitter\" class=\"heateorSssSharing heateorSssTwitterBackground\" onclick='heateorSssPopup(\"http:\/\/twitter.com\/intent\/tweet?text=MURI%C3%93%20EL%20INGENIERO%20E%20HISTORIADOR%20SANTANDEREANO%20PEDRO%20ANTONIO%20VIVAS%20GUEVARA.%20Por%20%C3%93scar%20Humberto%20G%C3%B3mez%20G%C3%B3mez&url=https%3A%2F%2Foscarhumbertogomez.com%2Findex.php%3Frest_route%3D%252Fwp%252Fv2%252Fposts%252F34181\")'><ss style=\"display:block;border-radius:999px;\" class=\"heateorSssSharingSvg heateorSssTwitterSvg\"><\/ss><\/i><\/li><li class=\"heateorSssSharingRound\"><i style=\"width:35px;height:35px;border-radius:999px;\" alt=\"Whatsapp\" Title=\"Whatsapp\" class=\"heateorSssSharing heateorSssWhatsappBackground\" onclick='heateorSssPopup(\"https:\/\/web.whatsapp.com\/send?text=MURI%C3%93%20EL%20INGENIERO%20E%20HISTORIADOR%20SANTANDEREANO%20PEDRO%20ANTONIO%20VIVAS%20GUEVARA.%20Por%20%C3%93scar%20Humberto%20G%C3%B3mez%20G%C3%B3mez https%3A%2F%2Foscarhumbertogomez.com%2Findex.php%3Frest_route%3D%252Fwp%252Fv2%252Fposts%252F34181\")'><ss style=\"display:block\" class=\"heateorSssSharingSvg heateorSssWhatsappSvg\"><\/ss><\/i><\/li><li class=\"heateorSssSharingRound\"><i style=\"width:35px;height:35px;border-radius:999px;\" alt=\"Pinterest\" Title=\"Pinterest\" class=\"heateorSssSharing heateorSssPinterestBackground\" onclick=\"javascript:void( (function() {var e=document.createElement('script' );e.setAttribute('type','text\/javascript' );e.setAttribute('charset','UTF-8' );e.setAttribute('src','\/\/assets.pinterest.com\/js\/pinmarklet.js?r='+Math.random()*99999999);document.body.appendChild(e)})());\"><ss style=\"display:block;border-radius:999px;\" class=\"heateorSssSharingSvg heateorSssPinterestSvg\"><\/ss><\/i><\/li><li class=\"heateorSssSharingRound\"><i style=\"width:35px;height:35px;border-radius:999px;\" alt=\"Google Gmail\" Title=\"Google Gmail\" class=\"heateorSssSharing heateorSssGoogleGmailBackground\" onclick='heateorSssPopup(\"https:\/\/mail.google.com\/mail\/?ui=2&view=cm&fs=1&tf=1&su=MURI%C3%93%20EL%20INGENIERO%20E%20HISTORIADOR%20SANTANDEREANO%20PEDRO%20ANTONIO%20VIVAS%20GUEVARA.%20Por%20%C3%93scar%20Humberto%20G%C3%B3mez%20G%C3%B3mez&body=Link:https%3A%2F%2Foscarhumbertogomez.com%2Findex.php%3Frest_route%3D%252Fwp%252Fv2%252Fposts%252F34181\")'><ss style=\"display:block;border-radius:999px;\" class=\"heateorSssSharingSvg heateorSssGoogleGmailSvg\"><\/ss><\/i><\/li><li class=\"heateorSssSharingRound\"><i style=\"width:35px;height:35px;border-radius:999px;\" title=\"More\" alt=\"More\" class=\"heateorSssSharing heateorSssMoreBackground\" onclick=\"heateorSssMoreSharingPopup(this, 'https:\/\/oscarhumbertogomez.com\/index.php?rest_route=%2Fwp%2Fv2%2Fposts%2F34181', 'MURI%C3%93%20EL%20INGENIERO%20E%20HISTORIADOR%20SANTANDEREANO%20PEDRO%20ANTONIO%20VIVAS%20GUEVARA.%20Por%20%C3%93scar%20Humberto%20G%C3%B3mez%20G%C3%B3mez', '' )\" ><ss style=\"display:block\" class=\"heateorSssSharingSvg heateorSssMoreSvg\"><\/ss><\/i><\/li><\/ul><div class=\"heateorSssClear\"><\/div><\/div><div class='heateorSssClear'><\/div>","protected":false},"author":2,"featured_media":0,"comment_status":"open","ping_status":"open","sticky":false,"template":"","format":"standard","meta":{"spay_email":"","footnotes":""},"categories":[1],"tags":[],"class_list":["post-34181","post","type-post","status-publish","format-standard","hentry","category-blog"],"jetpack_featured_media_url":"","jetpack_shortlink":"https:\/\/wp.me\/p1FYrr-8Tj","_links":{"self":[{"href":"https:\/\/oscarhumbertogomez.com\/index.php?rest_route=\/wp\/v2\/posts\/34181","targetHints":{"allow":["GET"]}}],"collection":[{"href":"https:\/\/oscarhumbertogomez.com\/index.php?rest_route=\/wp\/v2\/posts"}],"about":[{"href":"https:\/\/oscarhumbertogomez.com\/index.php?rest_route=\/wp\/v2\/types\/post"}],"author":[{"embeddable":true,"href":"https:\/\/oscarhumbertogomez.com\/index.php?rest_route=\/wp\/v2\/users\/2"}],"replies":[{"embeddable":true,"href":"https:\/\/oscarhumbertogomez.com\/index.php?rest_route=%2Fwp%2Fv2%2Fcomments&post=34181"}],"version-history":[{"count":5,"href":"https:\/\/oscarhumbertogomez.com\/index.php?rest_route=\/wp\/v2\/posts\/34181\/revisions"}],"predecessor-version":[{"id":48384,"href":"https:\/\/oscarhumbertogomez.com\/index.php?rest_route=\/wp\/v2\/posts\/34181\/revisions\/48384"}],"wp:attachment":[{"href":"https:\/\/oscarhumbertogomez.com\/index.php?rest_route=%2Fwp%2Fv2%2Fmedia&parent=34181"}],"wp:term":[{"taxonomy":"category","embeddable":true,"href":"https:\/\/oscarhumbertogomez.com\/index.php?rest_route=%2Fwp%2Fv2%2Fcategories&post=34181"},{"taxonomy":"post_tag","embeddable":true,"href":"https:\/\/oscarhumbertogomez.com\/index.php?rest_route=%2Fwp%2Fv2%2Ftags&post=34181"}],"curies":[{"name":"wp","href":"https:\/\/api.w.org\/{rel}","templated":true}]}}