{"id":3420,"date":"2012-03-26T22:50:33","date_gmt":"2012-03-27T03:50:33","guid":{"rendered":"http:\/\/www.oscarhumbertogomez.com\/?p=3420"},"modified":"2025-02-03T15:48:43","modified_gmt":"2025-02-03T20:48:43","slug":"juan-manuel-prieto-ganador-en-el-xxvi-festival-nacional-de-la-musica-colombiana","status":"publish","type":"post","link":"https:\/\/oscarhumbertogomez.com\/?p=3420","title":{"rendered":"Juan Manuel Prieto, ganador en el XXVI Festival Nacional de la M\u00fasica Colombiana. Por \u00d3scar Humberto G\u00f3mez G\u00f3mez"},"content":{"rendered":"<p><img loading=\"lazy\" decoding=\"async\" class=\"aligncenter size-large wp-image-3421\" title=\"JUAN MANUEL PRIETO\" src=\"https:\/\/lapiedrafilosofal.com\/wp-content\/uploads\/2012\/03\/JUAN-MANUEL-PRIETO-1024x768.jpg\" alt=\"\" width=\"640\" height=\"480\" srcset=\"https:\/\/oscarhumbertogomez.com\/wp-content\/uploads\/2012\/03\/JUAN-MANUEL-PRIETO-1024x768.jpg 1024w, https:\/\/oscarhumbertogomez.com\/wp-content\/uploads\/2012\/03\/JUAN-MANUEL-PRIETO-300x225.jpg 300w, https:\/\/oscarhumbertogomez.com\/wp-content\/uploads\/2012\/03\/JUAN-MANUEL-PRIETO.jpg 1600w\" sizes=\"auto, (max-width: 640px) 100vw, 640px\" \/><\/p>\n<p>&nbsp;<\/p>\n<p>Con la canci\u00f3n in\u00e9dita <em>F\u00e1bula del ed\u00e9n<\/em>, el distinguido ingeniero civil y connotado m\u00fasico santandereano maestro Juan Manuel Prieto gan\u00f3 el Concurso Nacional de Composici\u00f3n &#8220;Leonor Buenaventura&#8221; celebrado en la ciudad tolimense de Ibagu\u00e9, en el marco del Vig\u00e9simosexto Festival Nacional de la M\u00fasica Colombiana. &nbsp;El maestro Prieto es integrante del Dueto Los Hermanos Prieto, del cual forma parte su hermano Javier, destacado arquitecto e, igualmente, consagrado int\u00e9rprete instrumental y vocal de nuestros aires andinos. En el certamen, el compositor -quien interpret\u00f3 su canci\u00f3n acompa\u00f1\u00e1ndose con el tiple- estuvo respaldado en la guitarra por el maestro C\u00e9sar Andr\u00e9s Castro Mora.<\/p>\n<p>Juan Manuel Prieto naci\u00f3 en Bucaramanga el 14 de marzo de 1963 y es exalumno del Colegio San Pedro Claver, del Instituto Tecnol\u00f3gico Santandereano y de la Universidad Industrial de Santander.<\/p>\n<p>Disc\u00edpulo de su t\u00eda, la magn\u00edfica artista santandereana Mar\u00eda Victoria Prieto (22 de octubre de 1949 &#8211; 19 de diciembre de 1978), ha recorrido, al lado de su hermano, todo el pentagrama nacional de la m\u00fasica andina colombiana participando con \u00e9xito en los m\u00e1s prestigiosos encuentros, festivales y concursos que la exaltan.<\/p>\n<p>&nbsp;<\/p>\n<div id=\"attachment_3423\" style=\"width: 650px\" class=\"wp-caption aligncenter\"><img loading=\"lazy\" decoding=\"async\" aria-describedby=\"caption-attachment-3423\" class=\"size-large wp-image-3423\" title=\"JUAN MANUEL PRIETO II\" src=\"https:\/\/lapiedrafilosofal.com\/wp-content\/uploads\/2012\/03\/JUAN-MANUEL-PRIETO-II-1024x768.jpg\" alt=\"\" width=\"640\" height=\"480\" srcset=\"https:\/\/oscarhumbertogomez.com\/wp-content\/uploads\/2012\/03\/JUAN-MANUEL-PRIETO-II-1024x768.jpg 1024w, https:\/\/oscarhumbertogomez.com\/wp-content\/uploads\/2012\/03\/JUAN-MANUEL-PRIETO-II-300x225.jpg 300w, https:\/\/oscarhumbertogomez.com\/wp-content\/uploads\/2012\/03\/JUAN-MANUEL-PRIETO-II.jpg 1600w\" sizes=\"auto, (max-width: 640px) 100vw, 640px\" \/><p id=\"caption-attachment-3423\" class=\"wp-caption-text\">JUAN MANUEL PRIETO (DE PIE Y CON EL TIPLE) ES ACOMPA\u00d1ADO EN LA GUITARRA POR EL MAESTRO C\u00c9SAR ANDR\u00c9S CASTRO MORA<\/p><\/div>\n<p>&nbsp;<\/p>\n<p>La discograf\u00eda de Los Hermanos Prieto ya alcanza varios vol\u00famenes. &nbsp;El maestro Javier Prieto, por su parte, es egresado de la Facultad de Arquitectura de la Universidad Santo Tom\u00e1s y exalumno tambi\u00e9n del Colegio San Pedro Claver y del Instituto Tecnol\u00f3gico Santandereano, habiendo llegado a ocupar la Presidencia de la Sociedad Colombiana de Arquitectos Regional Santander.<\/p>\n<p>Nuestro portal saluda y felicita al maestro Juan Manuel Prieto y a su apreciada familia, entre quienes se cuentan, adem\u00e1s de su hermano Javier, el veterano tiplista don Alonso Prieto Galvis y el joven y virtuoso requintista Alonso Prieto Forero, este \u00faltimo abogado de la Universidad Aut\u00f3noma de Bucaramanga.<\/p>\n<p>&nbsp;<\/p>\n<img loading=\"lazy\" decoding=\"async\" class=\"size-large wp-image-3426\" title=\"JUAN MANUEL PRIETO III\" src=\"https:\/\/lapiedrafilosofal.com\/wp-content\/uploads\/2012\/03\/JUAN-MANUEL-PRIETO-III-1024x768.jpg\" alt=\"\" width=\"640\" height=\"480\" srcset=\"https:\/\/oscarhumbertogomez.com\/wp-content\/uploads\/2012\/03\/JUAN-MANUEL-PRIETO-III-1024x768.jpg 1024w, https:\/\/oscarhumbertogomez.com\/wp-content\/uploads\/2012\/03\/JUAN-MANUEL-PRIETO-III-300x225.jpg 300w, https:\/\/oscarhumbertogomez.com\/wp-content\/uploads\/2012\/03\/JUAN-MANUEL-PRIETO-III.jpg 1600w\" sizes=\"auto, (max-width: 640px) 100vw, 640px\" \/>\n<p>&nbsp;<\/p>\n","protected":false},"excerpt":{"rendered":"<p>&nbsp; Con la canci\u00f3n in\u00e9dita F\u00e1bula del ed\u00e9n, el distinguido ingeniero civil y connotado m\u00fasico santandereano maestro Juan Manuel Prieto gan\u00f3 el Concurso Nacional de Composici\u00f3n &#8220;Leonor Buenaventura&#8221; celebrado en la ciudad tolimense de Ibagu\u00e9, en el marco del Vig\u00e9simosexto &hellip; <a href=\"https:\/\/oscarhumbertogomez.com\/?p=3420\">Sigue leyendo <span class=\"meta-nav\">&rarr;<\/span><\/a><\/p>\n<div class='heateorSssClear'><\/div><div  class='heateor_sss_sharing_container heateor_sss_horizontal_sharing' heateor-sss-data-href='https:\/\/oscarhumbertogomez.com\/?p=3420'><div class='heateor_sss_sharing_title' style=\"font-weight:bold\" >\u00a1Gracias por compartirla!<\/div><ul class=\"heateor_sss_sharing_ul\"><li class=\"heateorSssSharingRound\"><i style=\"width:35px;height:35px;border-radius:999px;\" alt=\"Facebook\" Title=\"Facebook\" class=\"heateorSssSharing heateorSssFacebookBackground\" onclick='heateorSssPopup(\"https:\/\/www.facebook.com\/sharer\/sharer.php?u=https%3A%2F%2Foscarhumbertogomez.com%2Findex.php%3Frest_route%3D%252Fwp%252Fv2%252Fposts%252F3420\")'><ss style=\"display:block;border-radius:999px;\" class=\"heateorSssSharingSvg heateorSssFacebookSvg\"><\/ss><\/i><\/li><li class=\"heateorSssSharingRound\"><i style=\"width:35px;height:35px;border-radius:999px;\" alt=\"Twitter\" Title=\"Twitter\" class=\"heateorSssSharing heateorSssTwitterBackground\" onclick='heateorSssPopup(\"http:\/\/twitter.com\/intent\/tweet?text=Juan%20Manuel%20Prieto%2C%20ganador%20en%20el%20XXVI%20Festival%20Nacional%20de%20la%20M%C3%BAsica%20Colombiana.%20Por%20%C3%93scar%20Humberto%20G%C3%B3mez%20G%C3%B3mez&url=https%3A%2F%2Foscarhumbertogomez.com%2Findex.php%3Frest_route%3D%252Fwp%252Fv2%252Fposts%252F3420\")'><ss style=\"display:block;border-radius:999px;\" class=\"heateorSssSharingSvg heateorSssTwitterSvg\"><\/ss><\/i><\/li><li class=\"heateorSssSharingRound\"><i style=\"width:35px;height:35px;border-radius:999px;\" alt=\"Whatsapp\" Title=\"Whatsapp\" class=\"heateorSssSharing heateorSssWhatsappBackground\" onclick='heateorSssPopup(\"https:\/\/web.whatsapp.com\/send?text=Juan%20Manuel%20Prieto%2C%20ganador%20en%20el%20XXVI%20Festival%20Nacional%20de%20la%20M%C3%BAsica%20Colombiana.%20Por%20%C3%93scar%20Humberto%20G%C3%B3mez%20G%C3%B3mez https%3A%2F%2Foscarhumbertogomez.com%2Findex.php%3Frest_route%3D%252Fwp%252Fv2%252Fposts%252F3420\")'><ss style=\"display:block\" class=\"heateorSssSharingSvg heateorSssWhatsappSvg\"><\/ss><\/i><\/li><li class=\"heateorSssSharingRound\"><i style=\"width:35px;height:35px;border-radius:999px;\" alt=\"Pinterest\" Title=\"Pinterest\" class=\"heateorSssSharing heateorSssPinterestBackground\" onclick=\"javascript:void( (function() {var e=document.createElement('script' );e.setAttribute('type','text\/javascript' );e.setAttribute('charset','UTF-8' );e.setAttribute('src','\/\/assets.pinterest.com\/js\/pinmarklet.js?r='+Math.random()*99999999);document.body.appendChild(e)})());\"><ss style=\"display:block;border-radius:999px;\" class=\"heateorSssSharingSvg heateorSssPinterestSvg\"><\/ss><\/i><\/li><li class=\"heateorSssSharingRound\"><i style=\"width:35px;height:35px;border-radius:999px;\" alt=\"Google Gmail\" Title=\"Google Gmail\" class=\"heateorSssSharing heateorSssGoogleGmailBackground\" onclick='heateorSssPopup(\"https:\/\/mail.google.com\/mail\/?ui=2&view=cm&fs=1&tf=1&su=Juan%20Manuel%20Prieto%2C%20ganador%20en%20el%20XXVI%20Festival%20Nacional%20de%20la%20M%C3%BAsica%20Colombiana.%20Por%20%C3%93scar%20Humberto%20G%C3%B3mez%20G%C3%B3mez&body=Link:https%3A%2F%2Foscarhumbertogomez.com%2Findex.php%3Frest_route%3D%252Fwp%252Fv2%252Fposts%252F3420\")'><ss style=\"display:block;border-radius:999px;\" class=\"heateorSssSharingSvg heateorSssGoogleGmailSvg\"><\/ss><\/i><\/li><li class=\"heateorSssSharingRound\"><i style=\"width:35px;height:35px;border-radius:999px;\" title=\"More\" alt=\"More\" class=\"heateorSssSharing heateorSssMoreBackground\" onclick=\"heateorSssMoreSharingPopup(this, 'https:\/\/oscarhumbertogomez.com\/index.php?rest_route=%2Fwp%2Fv2%2Fposts%2F3420', 'Juan%20Manuel%20Prieto%2C%20ganador%20en%20el%20XXVI%20Festival%20Nacional%20de%20la%20M%C3%BAsica%20Colombiana.%20Por%20%C3%93scar%20Humberto%20G%C3%B3mez%20G%C3%B3mez', '' )\" ><ss style=\"display:block\" class=\"heateorSssSharingSvg heateorSssMoreSvg\"><\/ss><\/i><\/li><\/ul><div class=\"heateorSssClear\"><\/div><\/div><div class='heateorSssClear'><\/div>","protected":false},"author":2,"featured_media":0,"comment_status":"open","ping_status":"open","sticky":false,"template":"","format":"standard","meta":{"spay_email":"","footnotes":""},"categories":[1],"tags":[],"class_list":["post-3420","post","type-post","status-publish","format-standard","hentry","category-blog"],"jetpack_featured_media_url":"","jetpack_shortlink":"https:\/\/wp.me\/p1FYrr-Ta","_links":{"self":[{"href":"https:\/\/oscarhumbertogomez.com\/index.php?rest_route=\/wp\/v2\/posts\/3420","targetHints":{"allow":["GET"]}}],"collection":[{"href":"https:\/\/oscarhumbertogomez.com\/index.php?rest_route=\/wp\/v2\/posts"}],"about":[{"href":"https:\/\/oscarhumbertogomez.com\/index.php?rest_route=\/wp\/v2\/types\/post"}],"author":[{"embeddable":true,"href":"https:\/\/oscarhumbertogomez.com\/index.php?rest_route=\/wp\/v2\/users\/2"}],"replies":[{"embeddable":true,"href":"https:\/\/oscarhumbertogomez.com\/index.php?rest_route=%2Fwp%2Fv2%2Fcomments&post=3420"}],"version-history":[{"count":5,"href":"https:\/\/oscarhumbertogomez.com\/index.php?rest_route=\/wp\/v2\/posts\/3420\/revisions"}],"predecessor-version":[{"id":50138,"href":"https:\/\/oscarhumbertogomez.com\/index.php?rest_route=\/wp\/v2\/posts\/3420\/revisions\/50138"}],"wp:attachment":[{"href":"https:\/\/oscarhumbertogomez.com\/index.php?rest_route=%2Fwp%2Fv2%2Fmedia&parent=3420"}],"wp:term":[{"taxonomy":"category","embeddable":true,"href":"https:\/\/oscarhumbertogomez.com\/index.php?rest_route=%2Fwp%2Fv2%2Fcategories&post=3420"},{"taxonomy":"post_tag","embeddable":true,"href":"https:\/\/oscarhumbertogomez.com\/index.php?rest_route=%2Fwp%2Fv2%2Ftags&post=3420"}],"curies":[{"name":"wp","href":"https:\/\/api.w.org\/{rel}","templated":true}]}}