{"id":34228,"date":"2020-06-04T14:49:59","date_gmt":"2020-06-04T19:49:59","guid":{"rendered":"http:\/\/www.oscarhumbertogomez.com\/?p=34228"},"modified":"2025-02-23T12:43:52","modified_gmt":"2025-02-23T17:43:52","slug":"de-que-color-es-la-piel-de-dios-thomas-wilkes-david-stevenson-carmela-y-rafael","status":"publish","type":"post","link":"https:\/\/oscarhumbertogomez.com\/?p=34228","title":{"rendered":"\u00bfDE QU\u00c9 COLOR ES LA PIEL DE DIOS? (Thomas Wilkes &#8211; David Stevenson). CARMELA Y RAFAEL. 1970. Por \u00d3scar Humberto G\u00f3mez G\u00f3mez"},"content":{"rendered":"<p><img loading=\"lazy\" decoding=\"async\" class=\"aligncenter size-full wp-image-34233\" src=\"https:\/\/lapiedrafilosofal.com\/wp-content\/uploads\/2020\/06\/NINOS.jpg\" alt=\"\" width=\"460\" height=\"167\" srcset=\"https:\/\/oscarhumbertogomez.com\/wp-content\/uploads\/2020\/06\/NINOS.jpg 460w, https:\/\/oscarhumbertogomez.com\/wp-content\/uploads\/2020\/06\/NINOS-300x109.jpg 300w\" sizes=\"auto, (max-width: 460px) 100vw, 460px\" \/><\/p>\n<p>&nbsp;<\/p>\n<p>El dueto &#8220;Carmela y Rafael&#8221; naci\u00f3 en 1959 y tuvo en la d\u00e9cada de los a\u00f1os 60 una gran popularidad, que se vio prorrogada durante la d\u00e9cada siguiente. Estaba integrado por los esposos Carmela Rey y Rafael V\u00e1squez, ambos mexicanos, quienes convivieron hasta la muerte de la artista, acaecida en su casa, al lado de su c\u00f3nyuge y compa\u00f1ero art\u00edstico, el 13 de febrero de 2018 en su M\u00e9xico natal.<\/p>\n<p>&nbsp;<\/p>\n<p>La canci\u00f3n &#8220;\u00bfDe qu\u00e9 color es la piel de Dios?&#8221; fue grabada en Colombia, en los inicios de los a\u00f1os 70, por la cantante nortesantandereana Yolanda P\u00e9rez Manzano, artista sobre quien pr\u00f3ximamente estaremos publicando una entrada, texto que forma parte de las memorias del director de este portal.<\/p>\n<p>&nbsp;<\/p>\n<p><iframe loading=\"lazy\" src=\"https:\/\/www.youtube-nocookie.com\/embed\/P3jN1yqM2_o?controls=0\" width=\"560\" height=\"315\" frameborder=\"0\" allowfullscreen=\"allowfullscreen\"><\/iframe><\/p>\n<p>&nbsp;<\/p>\n","protected":false},"excerpt":{"rendered":"<p>&nbsp; El dueto &#8220;Carmela y Rafael&#8221; naci\u00f3 en 1959 y tuvo en la d\u00e9cada de los a\u00f1os 60 una gran popularidad, que se vio prorrogada durante la d\u00e9cada siguiente. Estaba integrado por los esposos Carmela Rey y Rafael V\u00e1squez, ambos &hellip; <a href=\"https:\/\/oscarhumbertogomez.com\/?p=34228\">Sigue leyendo <span class=\"meta-nav\">&rarr;<\/span><\/a><\/p>\n<div class='heateorSssClear'><\/div><div  class='heateor_sss_sharing_container heateor_sss_horizontal_sharing' heateor-sss-data-href='https:\/\/oscarhumbertogomez.com\/?p=34228'><div class='heateor_sss_sharing_title' style=\"font-weight:bold\" >\u00a1Gracias por compartirla!<\/div><ul class=\"heateor_sss_sharing_ul\"><li class=\"heateorSssSharingRound\"><i style=\"width:35px;height:35px;border-radius:999px;\" alt=\"Facebook\" Title=\"Facebook\" class=\"heateorSssSharing heateorSssFacebookBackground\" onclick='heateorSssPopup(\"https:\/\/www.facebook.com\/sharer\/sharer.php?u=https%3A%2F%2Foscarhumbertogomez.com%2Findex.php%3Frest_route%3D%252Fwp%252Fv2%252Fposts%252F34228\")'><ss style=\"display:block;border-radius:999px;\" class=\"heateorSssSharingSvg heateorSssFacebookSvg\"><\/ss><\/i><\/li><li class=\"heateorSssSharingRound\"><i style=\"width:35px;height:35px;border-radius:999px;\" alt=\"Twitter\" Title=\"Twitter\" class=\"heateorSssSharing heateorSssTwitterBackground\" onclick='heateorSssPopup(\"http:\/\/twitter.com\/intent\/tweet?text=%C2%BFDE%20QU%C3%89%20COLOR%20ES%20LA%20PIEL%20DE%20DIOS%3F%20%28Thomas%20Wilkes%20-%20David%20Stevenson%29.%20CARMELA%20Y%20RAFAEL.%201970.%20Por%20%C3%93scar%20Humberto%20G%C3%B3mez%20G%C3%B3mez&url=https%3A%2F%2Foscarhumbertogomez.com%2Findex.php%3Frest_route%3D%252Fwp%252Fv2%252Fposts%252F34228\")'><ss style=\"display:block;border-radius:999px;\" class=\"heateorSssSharingSvg heateorSssTwitterSvg\"><\/ss><\/i><\/li><li class=\"heateorSssSharingRound\"><i style=\"width:35px;height:35px;border-radius:999px;\" alt=\"Whatsapp\" Title=\"Whatsapp\" class=\"heateorSssSharing heateorSssWhatsappBackground\" onclick='heateorSssPopup(\"https:\/\/web.whatsapp.com\/send?text=%C2%BFDE%20QU%C3%89%20COLOR%20ES%20LA%20PIEL%20DE%20DIOS%3F%20%28Thomas%20Wilkes%20-%20David%20Stevenson%29.%20CARMELA%20Y%20RAFAEL.%201970.%20Por%20%C3%93scar%20Humberto%20G%C3%B3mez%20G%C3%B3mez https%3A%2F%2Foscarhumbertogomez.com%2Findex.php%3Frest_route%3D%252Fwp%252Fv2%252Fposts%252F34228\")'><ss style=\"display:block\" class=\"heateorSssSharingSvg heateorSssWhatsappSvg\"><\/ss><\/i><\/li><li class=\"heateorSssSharingRound\"><i style=\"width:35px;height:35px;border-radius:999px;\" alt=\"Pinterest\" Title=\"Pinterest\" class=\"heateorSssSharing heateorSssPinterestBackground\" onclick=\"javascript:void( (function() {var e=document.createElement('script' );e.setAttribute('type','text\/javascript' );e.setAttribute('charset','UTF-8' );e.setAttribute('src','\/\/assets.pinterest.com\/js\/pinmarklet.js?r='+Math.random()*99999999);document.body.appendChild(e)})());\"><ss style=\"display:block;border-radius:999px;\" class=\"heateorSssSharingSvg heateorSssPinterestSvg\"><\/ss><\/i><\/li><li class=\"heateorSssSharingRound\"><i style=\"width:35px;height:35px;border-radius:999px;\" alt=\"Google Gmail\" Title=\"Google Gmail\" class=\"heateorSssSharing heateorSssGoogleGmailBackground\" onclick='heateorSssPopup(\"https:\/\/mail.google.com\/mail\/?ui=2&view=cm&fs=1&tf=1&su=%C2%BFDE%20QU%C3%89%20COLOR%20ES%20LA%20PIEL%20DE%20DIOS%3F%20%28Thomas%20Wilkes%20-%20David%20Stevenson%29.%20CARMELA%20Y%20RAFAEL.%201970.%20Por%20%C3%93scar%20Humberto%20G%C3%B3mez%20G%C3%B3mez&body=Link:https%3A%2F%2Foscarhumbertogomez.com%2Findex.php%3Frest_route%3D%252Fwp%252Fv2%252Fposts%252F34228\")'><ss style=\"display:block;border-radius:999px;\" class=\"heateorSssSharingSvg heateorSssGoogleGmailSvg\"><\/ss><\/i><\/li><li class=\"heateorSssSharingRound\"><i style=\"width:35px;height:35px;border-radius:999px;\" title=\"More\" alt=\"More\" class=\"heateorSssSharing heateorSssMoreBackground\" onclick=\"heateorSssMoreSharingPopup(this, 'https:\/\/oscarhumbertogomez.com\/index.php?rest_route=%2Fwp%2Fv2%2Fposts%2F34228', '%C2%BFDE%20QU%C3%89%20COLOR%20ES%20LA%20PIEL%20DE%20DIOS%3F%20%28Thomas%20Wilkes%20-%20David%20Stevenson%29.%20CARMELA%20Y%20RAFAEL.%201970.%20Por%20%C3%93scar%20Humberto%20G%C3%B3mez%20G%C3%B3mez', '' )\" ><ss style=\"display:block\" class=\"heateorSssSharingSvg heateorSssMoreSvg\"><\/ss><\/i><\/li><\/ul><div class=\"heateorSssClear\"><\/div><\/div><div class='heateorSssClear'><\/div>","protected":false},"author":2,"featured_media":0,"comment_status":"closed","ping_status":"closed","sticky":false,"template":"","format":"standard","meta":{"spay_email":"","footnotes":""},"categories":[8],"tags":[],"class_list":["post-34228","post","type-post","status-publish","format-standard","hentry","category-musica"],"jetpack_featured_media_url":"","jetpack_shortlink":"https:\/\/wp.me\/p1FYrr-8U4","_links":{"self":[{"href":"https:\/\/oscarhumbertogomez.com\/index.php?rest_route=\/wp\/v2\/posts\/34228","targetHints":{"allow":["GET"]}}],"collection":[{"href":"https:\/\/oscarhumbertogomez.com\/index.php?rest_route=\/wp\/v2\/posts"}],"about":[{"href":"https:\/\/oscarhumbertogomez.com\/index.php?rest_route=\/wp\/v2\/types\/post"}],"author":[{"embeddable":true,"href":"https:\/\/oscarhumbertogomez.com\/index.php?rest_route=\/wp\/v2\/users\/2"}],"replies":[{"embeddable":true,"href":"https:\/\/oscarhumbertogomez.com\/index.php?rest_route=%2Fwp%2Fv2%2Fcomments&post=34228"}],"version-history":[{"count":5,"href":"https:\/\/oscarhumbertogomez.com\/index.php?rest_route=\/wp\/v2\/posts\/34228\/revisions"}],"predecessor-version":[{"id":51189,"href":"https:\/\/oscarhumbertogomez.com\/index.php?rest_route=\/wp\/v2\/posts\/34228\/revisions\/51189"}],"wp:attachment":[{"href":"https:\/\/oscarhumbertogomez.com\/index.php?rest_route=%2Fwp%2Fv2%2Fmedia&parent=34228"}],"wp:term":[{"taxonomy":"category","embeddable":true,"href":"https:\/\/oscarhumbertogomez.com\/index.php?rest_route=%2Fwp%2Fv2%2Fcategories&post=34228"},{"taxonomy":"post_tag","embeddable":true,"href":"https:\/\/oscarhumbertogomez.com\/index.php?rest_route=%2Fwp%2Fv2%2Ftags&post=34228"}],"curies":[{"name":"wp","href":"https:\/\/api.w.org\/{rel}","templated":true}]}}