{"id":34298,"date":"2020-06-08T12:01:30","date_gmt":"2020-06-08T17:01:30","guid":{"rendered":"http:\/\/www.oscarhumbertogomez.com\/?p=34298"},"modified":"2024-02-18T11:29:41","modified_gmt":"2024-02-18T16:29:41","slug":"la-casa-comun-laudato-si-por-brigadier-general-luis-ernesto-garcia-hernandez","status":"publish","type":"post","link":"https:\/\/oscarhumbertogomez.com\/?p=34298","title":{"rendered":"La \u201ccasa com\u00fan\u201d. (Laudato si) Por: Brigadier General Luis Ernesto Garc\u00eda Hern\u00e1ndez*"},"content":{"rendered":"<p>&nbsp;<\/p>\n<p><img decoding=\"async\" class=\"aligncenter size-full wp-image-34310\" src=\"https:\/\/lapiedrafilosofal.com\/wp-content\/uploads\/2020\/06\/GENERAL-GARCIA-.jpg\" alt=\"\" width=\"350\" srcset=\"https:\/\/oscarhumbertogomez.com\/wp-content\/uploads\/2020\/06\/GENERAL-GARCIA-.jpg 185w, https:\/\/oscarhumbertogomez.com\/wp-content\/uploads\/2020\/06\/GENERAL-GARCIA--150x150.jpg 150w\" sizes=\"(max-width: 185px) 100vw, 185px\" \/><\/p>\n<p>&nbsp;<\/p>\n<p>Desde 1974 la Organizaci\u00f3n de las Naciones Unidas estableci\u00f3 el 5 de junio como el D\u00eda Mundial del Medio Ambiente, con el fin de priorizar en la agenda p\u00fablica los diferentes elementos constitutivos de la vida, para dar \u201calcance p\u00fablico\u201d a las acciones de Gobiernos, empresas privadas y ciudadanos en general. Este hecho es de gran relevancia para la coexistencia de todas las especies en el planeta y representa un respeto profundo por la biodiversidad.<\/p>\n<p>Por su parte y con visi\u00f3n sist\u00e9mica, el papa Francisco, en su segunda enc\u00edclica \u2014Laudato si\u2014, describe el planeta como la \u201ccasa com\u00fan\u201d, haciendo un llamado urgente a todos los l\u00edderes del mundo para su protecci\u00f3n, instando a todas las familias a unirse en pro de la conservaci\u00f3n y el desarrollo sostenible. Sin duda, \u201cla relaci\u00f3n que existe entre la naturaleza y la sociedad que la habita\u201d es la base para entender c\u00f3mo las acciones individuales de las personas tienen incidencia directa en el medio ambiente, y c\u00f3mo los procesos de ecoeducaci\u00f3n deben fortalecerse desde la formaci\u00f3n inicial, con el fin de generar buenos h\u00e1bitos sociales y organizacionales que, a la postre, se conviertan en la consciencia colectiva de respeto hacia la \u201ccasa com\u00fan\u201d.<\/p>\n<p>La celebraci\u00f3n del D\u00eda Mundial del Medio Ambiente y el llamado enf\u00e1tico y reflexivo a la conservaci\u00f3n y al consumo responsable nos invitan a ver esta \u00e9poca pand\u00e9mica de manera diferente, en la que se ha puesto a prueba a la humanidad y la ciencia para controlar la propagaci\u00f3n y los efectos que causa la COVID-19 en la salud; esto no solo debe verse como una amenaza de salud p\u00fablica, sino como un grito de la naturaleza a la inconsciencia humana. Una profunda renovaci\u00f3n cultural, edificada sobre esos valores de respeto por nuestro planeta y con sentido transgeneracional, se convierte en la mejor herramienta para construir un mejor mundo.<\/p>\n<p>Las situaciones de crisis, ya sean sociales, econ\u00f3micas o sanitarias, en el fondo se deben mirar como oportunidades. Se hace necesario que las organizaciones privadas y p\u00fablicas trabajen incansablemente por una vida basada en el respeto por la tierra, y por esas posibilidades vitales que representan para la humanidad las fuentes de agua, la biodiversidad y, sobre todo, el consumo racional de los recursos.<\/p>\n<p>Estamos en una tierra llena de riquezas, Santander es fuente de vida, con una posici\u00f3n privilegiada gracias a su biodiversidad, pero tambi\u00e9n es un lugar finito; por tal motivo, se debe profundizar en acciones de desarrollo sostenible que potencien lo existente sin agotar los recursos.<\/p>\n<p>La Polic\u00eda Nacional, con un trabajo intra e interinstitucional, deber\u00e1 seguir orientando los esfuerzos para la prevenci\u00f3n y el control del comportamiento humano que permitan preservar el medio ambiente y la convivencia, pues ello representa la construcci\u00f3n de un mundo m\u00e1s fraterno. Tenemos una responsabilidad hist\u00f3rica con las futuras generaciones y no podemos ser inferiores a ella.<\/p>\n<p>\u00a1Cuanta m\u00e1s conciencia colectiva tengamos, m\u00e1s f\u00e1cil ser\u00e1 construirlo!<\/p>\n<p>_________<\/p>\n<p>&nbsp;<\/p>\n<p>* <strong>LUIS ERNESTO GARC\u00cdA HERN\u00c1NDEZ<\/strong>. \u2014 Abogado, polic\u00eda y escritor colombiano. Comandante de la Polic\u00eda Metropolitana de Bucaramanga. [Fotograf\u00eda: Direcci\u00f3n General de la Polic\u00eda Nacional de Colombia).<\/p>\n<p>&nbsp;<\/p>\n","protected":false},"excerpt":{"rendered":"<p>&nbsp; &nbsp; Desde 1974 la Organizaci\u00f3n de las Naciones Unidas estableci\u00f3 el 5 de junio como el D\u00eda Mundial del Medio Ambiente, con el fin de priorizar en la agenda p\u00fablica los diferentes elementos constitutivos de la vida, para dar &hellip; <a href=\"https:\/\/oscarhumbertogomez.com\/?p=34298\">Sigue leyendo <span class=\"meta-nav\">&rarr;<\/span><\/a><\/p>\n<div class='heateorSssClear'><\/div><div  class='heateor_sss_sharing_container heateor_sss_horizontal_sharing' heateor-sss-data-href='https:\/\/oscarhumbertogomez.com\/?p=34298'><div class='heateor_sss_sharing_title' style=\"font-weight:bold\" >\u00a1Gracias por compartirla!<\/div><ul class=\"heateor_sss_sharing_ul\"><li class=\"heateorSssSharingRound\"><i style=\"width:35px;height:35px;border-radius:999px;\" alt=\"Facebook\" Title=\"Facebook\" class=\"heateorSssSharing heateorSssFacebookBackground\" onclick='heateorSssPopup(\"https:\/\/www.facebook.com\/sharer\/sharer.php?u=https%3A%2F%2Foscarhumbertogomez.com%2Findex.php%3Frest_route%3D%252Fwp%252Fv2%252Fposts%252F34298\")'><ss style=\"display:block;border-radius:999px;\" class=\"heateorSssSharingSvg heateorSssFacebookSvg\"><\/ss><\/i><\/li><li class=\"heateorSssSharingRound\"><i style=\"width:35px;height:35px;border-radius:999px;\" alt=\"Twitter\" Title=\"Twitter\" class=\"heateorSssSharing heateorSssTwitterBackground\" onclick='heateorSssPopup(\"http:\/\/twitter.com\/intent\/tweet?text=La%20%E2%80%9Ccasa%20com%C3%BAn%E2%80%9D.%20%28Laudato%20si%29%20Por%3A%20Brigadier%20General%20Luis%20Ernesto%20Garc%C3%ADa%20Hern%C3%A1ndez%2A&url=https%3A%2F%2Foscarhumbertogomez.com%2Findex.php%3Frest_route%3D%252Fwp%252Fv2%252Fposts%252F34298\")'><ss style=\"display:block;border-radius:999px;\" class=\"heateorSssSharingSvg heateorSssTwitterSvg\"><\/ss><\/i><\/li><li class=\"heateorSssSharingRound\"><i style=\"width:35px;height:35px;border-radius:999px;\" alt=\"Whatsapp\" Title=\"Whatsapp\" class=\"heateorSssSharing heateorSssWhatsappBackground\" onclick='heateorSssPopup(\"https:\/\/web.whatsapp.com\/send?text=La%20%E2%80%9Ccasa%20com%C3%BAn%E2%80%9D.%20%28Laudato%20si%29%20Por%3A%20Brigadier%20General%20Luis%20Ernesto%20Garc%C3%ADa%20Hern%C3%A1ndez%2A https%3A%2F%2Foscarhumbertogomez.com%2Findex.php%3Frest_route%3D%252Fwp%252Fv2%252Fposts%252F34298\")'><ss style=\"display:block\" class=\"heateorSssSharingSvg heateorSssWhatsappSvg\"><\/ss><\/i><\/li><li class=\"heateorSssSharingRound\"><i style=\"width:35px;height:35px;border-radius:999px;\" alt=\"Pinterest\" Title=\"Pinterest\" class=\"heateorSssSharing heateorSssPinterestBackground\" onclick=\"javascript:void( (function() {var e=document.createElement('script' );e.setAttribute('type','text\/javascript' );e.setAttribute('charset','UTF-8' );e.setAttribute('src','\/\/assets.pinterest.com\/js\/pinmarklet.js?r='+Math.random()*99999999);document.body.appendChild(e)})());\"><ss style=\"display:block;border-radius:999px;\" class=\"heateorSssSharingSvg heateorSssPinterestSvg\"><\/ss><\/i><\/li><li class=\"heateorSssSharingRound\"><i style=\"width:35px;height:35px;border-radius:999px;\" alt=\"Google Gmail\" Title=\"Google Gmail\" class=\"heateorSssSharing heateorSssGoogleGmailBackground\" onclick='heateorSssPopup(\"https:\/\/mail.google.com\/mail\/?ui=2&view=cm&fs=1&tf=1&su=La%20%E2%80%9Ccasa%20com%C3%BAn%E2%80%9D.%20%28Laudato%20si%29%20Por%3A%20Brigadier%20General%20Luis%20Ernesto%20Garc%C3%ADa%20Hern%C3%A1ndez%2A&body=Link:https%3A%2F%2Foscarhumbertogomez.com%2Findex.php%3Frest_route%3D%252Fwp%252Fv2%252Fposts%252F34298\")'><ss style=\"display:block;border-radius:999px;\" class=\"heateorSssSharingSvg heateorSssGoogleGmailSvg\"><\/ss><\/i><\/li><li class=\"heateorSssSharingRound\"><i style=\"width:35px;height:35px;border-radius:999px;\" title=\"More\" alt=\"More\" class=\"heateorSssSharing heateorSssMoreBackground\" onclick=\"heateorSssMoreSharingPopup(this, 'https:\/\/oscarhumbertogomez.com\/index.php?rest_route=%2Fwp%2Fv2%2Fposts%2F34298', 'La%20%E2%80%9Ccasa%20com%C3%BAn%E2%80%9D.%20%28Laudato%20si%29%20Por%3A%20Brigadier%20General%20Luis%20Ernesto%20Garc%C3%ADa%20Hern%C3%A1ndez%2A', '' )\" ><ss style=\"display:block\" class=\"heateorSssSharingSvg heateorSssMoreSvg\"><\/ss><\/i><\/li><\/ul><div class=\"heateorSssClear\"><\/div><\/div><div class='heateorSssClear'><\/div>","protected":false},"author":2,"featured_media":0,"comment_status":"closed","ping_status":"closed","sticky":false,"template":"","format":"standard","meta":{"spay_email":"","footnotes":""},"categories":[18],"tags":[],"class_list":["post-34298","post","type-post","status-publish","format-standard","hentry","category-ecologia"],"jetpack_featured_media_url":"","jetpack_shortlink":"https:\/\/wp.me\/p1FYrr-8Vc","_links":{"self":[{"href":"https:\/\/oscarhumbertogomez.com\/index.php?rest_route=\/wp\/v2\/posts\/34298","targetHints":{"allow":["GET"]}}],"collection":[{"href":"https:\/\/oscarhumbertogomez.com\/index.php?rest_route=\/wp\/v2\/posts"}],"about":[{"href":"https:\/\/oscarhumbertogomez.com\/index.php?rest_route=\/wp\/v2\/types\/post"}],"author":[{"embeddable":true,"href":"https:\/\/oscarhumbertogomez.com\/index.php?rest_route=\/wp\/v2\/users\/2"}],"replies":[{"embeddable":true,"href":"https:\/\/oscarhumbertogomez.com\/index.php?rest_route=%2Fwp%2Fv2%2Fcomments&post=34298"}],"version-history":[{"count":5,"href":"https:\/\/oscarhumbertogomez.com\/index.php?rest_route=\/wp\/v2\/posts\/34298\/revisions"}],"predecessor-version":[{"id":34592,"href":"https:\/\/oscarhumbertogomez.com\/index.php?rest_route=\/wp\/v2\/posts\/34298\/revisions\/34592"}],"wp:attachment":[{"href":"https:\/\/oscarhumbertogomez.com\/index.php?rest_route=%2Fwp%2Fv2%2Fmedia&parent=34298"}],"wp:term":[{"taxonomy":"category","embeddable":true,"href":"https:\/\/oscarhumbertogomez.com\/index.php?rest_route=%2Fwp%2Fv2%2Fcategories&post=34298"},{"taxonomy":"post_tag","embeddable":true,"href":"https:\/\/oscarhumbertogomez.com\/index.php?rest_route=%2Fwp%2Fv2%2Ftags&post=34298"}],"curies":[{"name":"wp","href":"https:\/\/api.w.org\/{rel}","templated":true}]}}