{"id":34321,"date":"2020-06-08T15:18:52","date_gmt":"2020-06-08T20:18:52","guid":{"rendered":"http:\/\/www.oscarhumbertogomez.com\/?p=34321"},"modified":"2021-01-16T17:35:25","modified_gmt":"2021-01-16T22:35:25","slug":"racismo-en-estados-unidos-aurelio-martinez-mutis-profeta","status":"publish","type":"post","link":"https:\/\/oscarhumbertogomez.com\/?p=34321","title":{"rendered":"Racismo en Estados Unidos. Aurelio Mart\u00ednez Mutis: \u00bfprofeta? Por \u00d3scar Humberto G\u00f3mez G\u00f3mez.*"},"content":{"rendered":"<p>&nbsp;<\/p>\n<div id=\"attachment_10357\" style=\"width: 427px\" class=\"wp-caption aligncenter\"><img loading=\"lazy\" decoding=\"async\" aria-describedby=\"caption-attachment-10357\" class=\"size-full wp-image-10357\" title=\"AURELIO MART\u00cdNEZ MUTIS\" src=\"https:\/\/lapiedrafilosofal.com\/wp-content\/uploads\/2013\/11\/AURELIO-MART\u00cdNEZ-MUTIS.jpg\" alt=\"\" width=\"417\" height=\"640\" srcset=\"https:\/\/oscarhumbertogomez.com\/wp-content\/uploads\/2013\/11\/AURELIO-MART\u00cdNEZ-MUTIS.jpg 417w, https:\/\/oscarhumbertogomez.com\/wp-content\/uploads\/2013\/11\/AURELIO-MART\u00cdNEZ-MUTIS-195x300.jpg 195w\" sizes=\"auto, (max-width: 417px) 100vw, 417px\" \/><p id=\"caption-attachment-10357\" class=\"wp-caption-text\">EL POETA SANTANDEREANO AURELIO MART\u00cdNEZ MUTIS EN SU JUVENTUD<\/p><\/div>\n<p>&nbsp;<\/p>\n<p>&#8220;\u00a1Oh, Tiro, orgullosa, con tanta gloria y riquezas:<br \/>\ntus navegantes han tocado en todas las costas,<br \/>\ny ahora las olas del mar van a alzarse contra ti;<br \/>\nun viento impetuoso te precipitar\u00e1 en medio del abismo.<br \/>\nEn el d\u00eda de tu ruina, tus riquezas, tu comercio,<br \/>\ntus negociantes, tus marineros, tus pilotos,<br \/>\ntus hombres de guerra y ese pueblo que llena<br \/>\ntus asambleas, caer\u00e1n contigo&#8221;.<\/p>\n<p>Ezequiel, XXVII, 1-8.<\/p>\n<p>&nbsp;<\/p>\n<p>(&#8230;)<\/p>\n<p>Un poeta,<br \/>\npeque\u00f1o como el \u00e1tomo, infelice,<br \/>\npero grande y vidente porque canta<br \/>\nde pie sobre Am\u00e9rica, predice<br \/>\nla epopeya del pueblo,<br \/>\nque crece y se agiganta,<br \/>\ncomo el viejo profeta que el desastre<br \/>\nanunci\u00f3 de la orgullosa Tiro:<br \/>\n\u00a1Oh, Tit\u00e1n soberbio, yo te auguro<br \/>\nla ruina; es tu grandeza<br \/>\nun opulento roble<br \/>\nde ramas fuertes y rotundas,<br \/>\npero un gusano ha puesto en sus ra\u00edces<br \/>\nla justicia de Dios&#8230;<\/p>\n<p>(&#8230;)<\/p>\n<p>&nbsp;<\/p>\n<p>(&#8230;) tras el prodigio<br \/>\nde lid recia y gigante cual ninguna,<br \/>\nel hombre negro redimido al cabo,<br \/>\na par del gorro frigio<br \/>\nsigui\u00f3 llevando el hierro del esclavo.<\/p>\n<p>Y en tanto que esa hond\u00edsima gangrena<br \/>\ncamina en las entra\u00f1as del Coloso<br \/>\ny para breve plazo lo condena<br \/>\na caer con estr\u00e9pito espantoso,<br \/>\nla savia nueva, generosa y rica<br \/>\nque nos dieran ayer nuestros mayores<br \/>\nabajo el tronco nutre y fortifica<br \/>\ny arriba salta en eclosi\u00f3n de flores!<\/p>\n<p>(&#8230;)<\/p>\n<p>&nbsp;<\/p>\n<p>(Aurelio Mart\u00ednez Mutis. La epopeya del c\u00f3ndor. 1913).<\/p>\n<p>&nbsp;<\/p>\n<p>El poeta santandereano Aurelio Mart\u00ednez Mutis (Bucaramanga, 7 de septiembre de 1884 &#8211; Par\u00eds, 25 de febrero de  1954) vaticin\u00f3, hace poco m\u00e1s de un siglo, que la naci\u00f3n estadounidense albergaba dentro de s\u00ed misma la causa de su propia destrucci\u00f3n: el racismo.<\/p>\n<p>Ciertamente, y a pesar de los avances logrados en tan sensible materia, Estados Unidos no ha podido superar ese terrible problema interno. Al contrario, el racismo es un sentimiento que no solo pareciera perpetuarse, sino acentuarse en el interior de la naci\u00f3n norteamericana.<\/p>\n<p>Se trata de un tema muy complejo, de un grav\u00edsimo problema interno que, a\u00f1adido a los grandes problemas externos, particularmente a los grandes odios que se gan\u00f3 el pa\u00eds por su pol\u00edtica internacional, hace ver el futuro de los Estados Unidos como sumido en la m\u00e1s completa incertidumbre.<\/p>\n<p>No sabemos qu\u00e9 vaya a suceder. Ojal\u00e1 esa naci\u00f3n, cuya importancia hemisf\u00e9rica y mundial es indiscutible, encuentre, entre otras rectificaciones, el camino de una sincera reconciliaci\u00f3n interna y as\u00ed una tara, tan antigua como cada vez menos defendible, sea finalmente superada y el hermoso sue\u00f1o de Martin Luther King, que le cost\u00f3 la vida, se convierta, por fin, en una plena y bella realidad. Ser\u00eda un paso de trascendencia suma hacia la consolidaci\u00f3n de un mundo mejor, m\u00e1s libre de violencia y m\u00e1s lleno de amor, de justicia y de esperanza. De lo contrario, los versos prof\u00e9ticos del poeta bumangu\u00e9s, escritos con elocuente e indignada pluma, para participar en un importante concurso en Francia \u2014cuando apenas diez a\u00f1os hab\u00edan transcurrido desde la abrupta separaci\u00f3n del departamento de Panam\u00e1 y de que, a los pocos d\u00edas de esta, el nuevo pa\u00eds le entregara a Estados Unidos la construcci\u00f3n del Canal\u2014, podr\u00edan trascender un d\u00eda los m\u00e1gicos linderos de la literatura.<\/p>\n<p>&nbsp;<\/p>\n<p>_______<\/p>\n<p>* Abogado, periodista, historiador y compositor. Miembro del Colegio de Abogados de Santander, Miembro del Colegio Nacional de Periodistas, Miembro de N\u00famero (sill\u00f3n I) de la Academia de Historia de Santander y Miembro Activo de la Sociedad de Autores y Compositores de Colombia (SAYCO).<\/p>\n<p>&nbsp;<\/p>\n","protected":false},"excerpt":{"rendered":"<p>&nbsp; &nbsp; &#8220;\u00a1Oh, Tiro, orgullosa, con tanta gloria y riquezas: tus navegantes han tocado en todas las costas, y ahora las olas del mar van a alzarse contra ti; un viento impetuoso te precipitar\u00e1 en medio del abismo. En el &hellip; <a href=\"https:\/\/oscarhumbertogomez.com\/?p=34321\">Sigue leyendo <span class=\"meta-nav\">&rarr;<\/span><\/a><\/p>\n<div class='heateorSssClear'><\/div><div  class='heateor_sss_sharing_container heateor_sss_horizontal_sharing' heateor-sss-data-href='https:\/\/oscarhumbertogomez.com\/?p=34321'><div class='heateor_sss_sharing_title' style=\"font-weight:bold\" >\u00a1Gracias por compartirla!<\/div><ul class=\"heateor_sss_sharing_ul\"><li class=\"heateorSssSharingRound\"><i style=\"width:35px;height:35px;border-radius:999px;\" alt=\"Facebook\" Title=\"Facebook\" class=\"heateorSssSharing heateorSssFacebookBackground\" onclick='heateorSssPopup(\"https:\/\/www.facebook.com\/sharer\/sharer.php?u=https%3A%2F%2Foscarhumbertogomez.com%2Findex.php%3Frest_route%3D%252Fwp%252Fv2%252Fposts%252F34321\")'><ss style=\"display:block;border-radius:999px;\" class=\"heateorSssSharingSvg heateorSssFacebookSvg\"><\/ss><\/i><\/li><li class=\"heateorSssSharingRound\"><i style=\"width:35px;height:35px;border-radius:999px;\" alt=\"Twitter\" Title=\"Twitter\" class=\"heateorSssSharing heateorSssTwitterBackground\" onclick='heateorSssPopup(\"http:\/\/twitter.com\/intent\/tweet?text=Racismo%20en%20Estados%20Unidos.%20Aurelio%20Mart%C3%ADnez%20Mutis%3A%20%C2%BFprofeta%3F%20Por%20%C3%93scar%20Humberto%20G%C3%B3mez%20G%C3%B3mez.%2A&url=https%3A%2F%2Foscarhumbertogomez.com%2Findex.php%3Frest_route%3D%252Fwp%252Fv2%252Fposts%252F34321\")'><ss style=\"display:block;border-radius:999px;\" class=\"heateorSssSharingSvg heateorSssTwitterSvg\"><\/ss><\/i><\/li><li class=\"heateorSssSharingRound\"><i style=\"width:35px;height:35px;border-radius:999px;\" alt=\"Whatsapp\" Title=\"Whatsapp\" class=\"heateorSssSharing heateorSssWhatsappBackground\" onclick='heateorSssPopup(\"https:\/\/web.whatsapp.com\/send?text=Racismo%20en%20Estados%20Unidos.%20Aurelio%20Mart%C3%ADnez%20Mutis%3A%20%C2%BFprofeta%3F%20Por%20%C3%93scar%20Humberto%20G%C3%B3mez%20G%C3%B3mez.%2A https%3A%2F%2Foscarhumbertogomez.com%2Findex.php%3Frest_route%3D%252Fwp%252Fv2%252Fposts%252F34321\")'><ss style=\"display:block\" class=\"heateorSssSharingSvg heateorSssWhatsappSvg\"><\/ss><\/i><\/li><li class=\"heateorSssSharingRound\"><i style=\"width:35px;height:35px;border-radius:999px;\" alt=\"Pinterest\" Title=\"Pinterest\" class=\"heateorSssSharing heateorSssPinterestBackground\" onclick=\"javascript:void( (function() {var e=document.createElement('script' );e.setAttribute('type','text\/javascript' );e.setAttribute('charset','UTF-8' );e.setAttribute('src','\/\/assets.pinterest.com\/js\/pinmarklet.js?r='+Math.random()*99999999);document.body.appendChild(e)})());\"><ss style=\"display:block;border-radius:999px;\" class=\"heateorSssSharingSvg heateorSssPinterestSvg\"><\/ss><\/i><\/li><li class=\"heateorSssSharingRound\"><i style=\"width:35px;height:35px;border-radius:999px;\" alt=\"Google Gmail\" Title=\"Google Gmail\" class=\"heateorSssSharing heateorSssGoogleGmailBackground\" onclick='heateorSssPopup(\"https:\/\/mail.google.com\/mail\/?ui=2&view=cm&fs=1&tf=1&su=Racismo%20en%20Estados%20Unidos.%20Aurelio%20Mart%C3%ADnez%20Mutis%3A%20%C2%BFprofeta%3F%20Por%20%C3%93scar%20Humberto%20G%C3%B3mez%20G%C3%B3mez.%2A&body=Link:https%3A%2F%2Foscarhumbertogomez.com%2Findex.php%3Frest_route%3D%252Fwp%252Fv2%252Fposts%252F34321\")'><ss style=\"display:block;border-radius:999px;\" class=\"heateorSssSharingSvg heateorSssGoogleGmailSvg\"><\/ss><\/i><\/li><li class=\"heateorSssSharingRound\"><i style=\"width:35px;height:35px;border-radius:999px;\" title=\"More\" alt=\"More\" class=\"heateorSssSharing heateorSssMoreBackground\" onclick=\"heateorSssMoreSharingPopup(this, 'https:\/\/oscarhumbertogomez.com\/index.php?rest_route=%2Fwp%2Fv2%2Fposts%2F34321', 'Racismo%20en%20Estados%20Unidos.%20Aurelio%20Mart%C3%ADnez%20Mutis%3A%20%C2%BFprofeta%3F%20Por%20%C3%93scar%20Humberto%20G%C3%B3mez%20G%C3%B3mez.%2A', '' )\" ><ss style=\"display:block\" class=\"heateorSssSharingSvg heateorSssMoreSvg\"><\/ss><\/i><\/li><\/ul><div class=\"heateorSssClear\"><\/div><\/div><div class='heateorSssClear'><\/div>","protected":false},"author":2,"featured_media":0,"comment_status":"closed","ping_status":"closed","sticky":false,"template":"","format":"standard","meta":{"spay_email":"","footnotes":""},"categories":[7],"tags":[],"class_list":["post-34321","post","type-post","status-publish","format-standard","hentry","category-poesia"],"jetpack_featured_media_url":"","jetpack_shortlink":"https:\/\/wp.me\/p1FYrr-8Vz","_links":{"self":[{"href":"https:\/\/oscarhumbertogomez.com\/index.php?rest_route=\/wp\/v2\/posts\/34321","targetHints":{"allow":["GET"]}}],"collection":[{"href":"https:\/\/oscarhumbertogomez.com\/index.php?rest_route=\/wp\/v2\/posts"}],"about":[{"href":"https:\/\/oscarhumbertogomez.com\/index.php?rest_route=\/wp\/v2\/types\/post"}],"author":[{"embeddable":true,"href":"https:\/\/oscarhumbertogomez.com\/index.php?rest_route=\/wp\/v2\/users\/2"}],"replies":[{"embeddable":true,"href":"https:\/\/oscarhumbertogomez.com\/index.php?rest_route=%2Fwp%2Fv2%2Fcomments&post=34321"}],"version-history":[{"count":5,"href":"https:\/\/oscarhumbertogomez.com\/index.php?rest_route=\/wp\/v2\/posts\/34321\/revisions"}],"predecessor-version":[{"id":34538,"href":"https:\/\/oscarhumbertogomez.com\/index.php?rest_route=\/wp\/v2\/posts\/34321\/revisions\/34538"}],"wp:attachment":[{"href":"https:\/\/oscarhumbertogomez.com\/index.php?rest_route=%2Fwp%2Fv2%2Fmedia&parent=34321"}],"wp:term":[{"taxonomy":"category","embeddable":true,"href":"https:\/\/oscarhumbertogomez.com\/index.php?rest_route=%2Fwp%2Fv2%2Fcategories&post=34321"},{"taxonomy":"post_tag","embeddable":true,"href":"https:\/\/oscarhumbertogomez.com\/index.php?rest_route=%2Fwp%2Fv2%2Ftags&post=34321"}],"curies":[{"name":"wp","href":"https:\/\/api.w.org\/{rel}","templated":true}]}}