{"id":34410,"date":"2020-06-19T20:39:05","date_gmt":"2020-06-20T01:39:05","guid":{"rendered":"http:\/\/www.oscarhumbertogomez.com\/?p=34410"},"modified":"2022-04-04T21:30:55","modified_gmt":"2022-04-05T02:30:55","slug":"los-vestibulos-de-higea-proyecto-destacado-en-el-reto-covid-19-por-oscar-humberto-gomez-gomez-miembro-del-colegio-nacional-de-periodistas","status":"publish","type":"post","link":"https:\/\/oscarhumbertogomez.com\/?p=34410","title":{"rendered":"&#8216;LOS VEST\u00cdBULOS DE HIGEA&#8217;, &#8220;Proyecto Destacado&#8221; en el &#8220;Reto COVID-19. Arquitectura por la vida&#8221;. Por \u00d3scar Humberto G\u00f3mez G\u00f3mez, Miembro del Colegio Nacional de Periodistas"},"content":{"rendered":"<p>&nbsp;<\/p>\n<div id=\"attachment_30698\" style=\"width: 650px\" class=\"wp-caption aligncenter\"><img loading=\"lazy\" decoding=\"async\" aria-describedby=\"caption-attachment-30698\" class=\"size-large wp-image-30698\" src=\"https:\/\/lapiedrafilosofal.com\/wp-content\/uploads\/2019\/10\/DAVID-ARIAS-M-1024x768.jpeg\" alt=\"\" width=\"640\" height=\"480\" srcset=\"https:\/\/oscarhumbertogomez.com\/wp-content\/uploads\/2019\/10\/DAVID-ARIAS-M-1024x768.jpeg 1024w, https:\/\/oscarhumbertogomez.com\/wp-content\/uploads\/2019\/10\/DAVID-ARIAS-M-300x225.jpeg 300w, https:\/\/oscarhumbertogomez.com\/wp-content\/uploads\/2019\/10\/DAVID-ARIAS-M-768x576.jpeg 768w, https:\/\/oscarhumbertogomez.com\/wp-content\/uploads\/2019\/10\/DAVID-ARIAS-M.jpeg 1280w\" sizes=\"auto, (max-width: 640px) 100vw, 640px\" \/><p id=\"caption-attachment-30698\" class=\"wp-caption-text\">DAVID ALBERTO ARIAS MANTILLA, ARQUITECTO SANTANDEREANO<\/p><\/div>\n<p>&nbsp;<\/p>\n<p>El proyecto santandereano &#8220;Los vest\u00edbulos de Higea&#8221;, presentado por la firma &#8216;Arquitectura Colombiana&#8217;, de Bucaramanga, fue uno de los seis proyectos arquitect\u00f3nicos seleccionados por el jurado calificador en el certamen nacional &#8220;Reto Covid-19. Arquitectura por la vida&#8221; convocado desde la capital de la Rep\u00fablica por la Sociedad Colombiana de Arquitectos a trav\u00e9s de su Centro de Innovaci\u00f3n y Productividad para exhortar al gremio con miras a que la arquitectura nacional hiciera presencia con propuestas encaminadas a asumir dentro de Colombia la nueva realidad mundial generada por la pandemia. El proyecto santandereano fue el \u00fanico del oriente colombiano que result\u00f3 galardonado.<\/p>\n<p>El importante encuentro nacional cont\u00f3 con la vinculaci\u00f3n de la Presidencia de la Rep\u00fablica, la C\u00e1mara de Comercio de Bogot\u00e1, la Agremiaci\u00f3n Colombiana de Facultades de Arquitectura y el Consejo Profesional Nacional de Arquitectura y sus Profesiones Auxiliares, entre otros entes, dentro de los cuales se destaca Tecnoparque Nodo de Bucaramanga.<\/p>\n<p>Como memoria del gran evento, fue editada una lujosa revista con los pormenores de cada una de las propuestas seleccionadas.<\/p>\n<p>La sesi\u00f3n final cont\u00f3 con la presencia del Presidente Nacional de la SCA, arquitecto Alfredo Manuel Reyes Rojas, y del Dr. H\u00e9ctor Manuel Mej\u00eda Hoyos, M.D., Gerente de Hospital Design &amp; Quality, as\u00ed como de los voceros de los proyectos que fueron exaltados.<\/p>\n<p>Luego de las palabras del Presidente Nacional de la SCA, se dio inicio a la explicaci\u00f3n p\u00fablica de cada uno de los proyectos.<\/p>\n<p>&nbsp;<\/p>\n<div id=\"attachment_34414\" style=\"width: 374px\" class=\"wp-caption aligncenter\"><img loading=\"lazy\" decoding=\"async\" aria-describedby=\"caption-attachment-34414\" class=\"size-full wp-image-34414\" src=\"https:\/\/lapiedrafilosofal.com\/wp-content\/uploads\/2020\/06\/poster-promocional-del-certamen.png\" alt=\"\" width=\"364\" height=\"471\" srcset=\"https:\/\/oscarhumbertogomez.com\/wp-content\/uploads\/2020\/06\/poster-promocional-del-certamen.png 364w, https:\/\/oscarhumbertogomez.com\/wp-content\/uploads\/2020\/06\/poster-promocional-del-certamen-232x300.png 232w\" sizes=\"auto, (max-width: 364px) 100vw, 364px\" \/><p id=\"caption-attachment-34414\" class=\"wp-caption-text\">POSTER PROMOCIONAL DEL CERTAMEN<\/p><\/div>\n<p>&nbsp;<\/p>\n<p>Inici\u00f3 la exposici\u00f3n el joven arquitecto dise\u00f1ador de la Universidad Santo Tom\u00e1s <strong>Aris Felipe Mena Robledo<\/strong> quien, junto con su equipo de trabajo, present\u00f3 el proyecto &#8220;R\u00edo Atrato de frente. La tradici\u00f3n cultural en tiempo de emergencia. La plaza de mercado de Quibd\u00f3&#8221;. En una emotiva intervenci\u00f3n, el joven arquitecto, cofundador de la empresa EntreCubos &#8211; Estudio de Arquitectura, comenz\u00f3 dando &#8220;gracias a Dios por permitir compartir estos espacios tan conmovedores, porque estamos pensando en el bien com\u00fan y esto es algo que deber\u00eda ser siempre valorado en nuestra humanidad&#8221;.<\/p>\n<p>Hizo la presentaci\u00f3n de su equipo, el cual estuvo integrado, adem\u00e1s del expositor, por Holmer Esteban Palacio, licenciado en Literatura y Espa\u00f1ol de la Universidad Tecnol\u00f3gica del Choc\u00f3, John Alexander Garc\u00eda Mozo, estudiante de Contadur\u00eda P\u00fablica, y Argensy Andr\u00e9s Renter\u00eda Guerrero, estudiante de Arquitectura de la Universidad Pontificia Bolivariana.<\/p>\n<p>Plante\u00f3 la necesidad de una reforma educativa sobre el modelo de ense\u00f1anza, pues \u2014dijo\u2014 siempre se parte de cero, se destruye lo que est\u00e1 y se construye lo nuevo, pero por qu\u00e9 no le sacamos fruto a lo cultural, a lo tradicional, a lo que tiene historia.<\/p>\n<p>Remat\u00f3 su introducci\u00f3n diciendo que quer\u00eda hacerlo con una bella frase: &#8220;Ayudad al planeta y sembrad un \u00e1rbol&#8221;.<\/p>\n<p>Explic\u00f3 que para la estrategia &#8220;R\u00edo Atrato de frente&#8221; hicieron primero un &#8220;An\u00e1lisis territorial&#8221;, de ese an\u00e1lisis escogieron un &#8220;Complejo deportivo&#8221;, porque vieron las habilidades y fortalezas que ten\u00edan los j\u00f3venes del departamento y luego, del an\u00e1lisis urbano del proyecto, extrajimos varios proyectos de magnitud macro, proyectos grandes; los llamamos &#8220;Proyectos \u00e9lites&#8221;.<\/p>\n<p>Rememor\u00f3 la ubicaci\u00f3n del Choc\u00f3, en el Pac\u00edfico colombiano, y que el r\u00edo Atrato atraviesa todo el centro del municipio que pretenden intervenir.<\/p>\n<p>Pero tambi\u00e9n hemos visto \u2014dice\u2014 que doce municipios podr\u00edan enlazar y servir de fuentes de distribuci\u00f3n para el mercado, que hoy en d\u00eda se encuentra en condiciones de deterioro.<\/p>\n<p>El proyecto, en general, est\u00e1, pues, dise\u00f1ado para las plazas de mercadeo en el a\u00f1o 2030, pues la aspiraci\u00f3n es que Quibd\u00f3 se convierta en una ciudad que aporte su riqueza natural, sus condiciones geogr\u00e1ficas, su belleza tur\u00edstica. Se quiere &#8220;Tejer las desigualdades y construir ciudades colectivas&#8221;. En cuanto al proyecto concreto que expondr\u00e1, advirti\u00f3 que siempre se empieza con propuestas m\u00ednimas y se termina desarrollando proyectos mayores. De ah\u00ed surge la conveniencia de adelantar proyectos como un mercado, donde las personas se sientan formidables.<\/p>\n<p>El expositor present\u00f3, entonces, im\u00e1genes elocuentes de c\u00f3mo se est\u00e1n manipulando los alimentos, c\u00f3mo se est\u00e1n distribuyendo, c\u00f3mo se les est\u00e1 mostrando a las personas, c\u00f3mo es su transporte a los corregimientos y a los dem\u00e1s municipios del departamento, c\u00f3mo se est\u00e1n cubriendo los m\u00f3dulos del mercado. Present\u00f3 un &#8220;collage conceptual&#8221; con que se quiso mostrar la riqueza de alimentos que all\u00ed se produce.<\/p>\n<p>Identific\u00f3 los problemas diagnosticados por su equipo: Puestos de trabajo en malas condiciones, trabajos manuales con poca higiene, transporte fluvial sin control y el hecho de que los residuos son arrojados al r\u00edo. Plante\u00f3, entonces, unas estrategias: Promover el mitigar la problem\u00e1tica desde el mobiliario, facilitar la distribuci\u00f3n al cliente, estudiar la ergonom\u00eda y el proceso de distribuci\u00f3n, dise\u00f1ar muelles m\u00f3viles y adecuar sistemas de reciclaje municipal en quebradas y r\u00edos.<\/p>\n<p>Dijo que, en consecuencia, de lo que se trata es de intervenir el mobiliario porque el mobiliario condiciona los espacios.<\/p>\n<p>Relat\u00f3 el recorrido que el equipo hizo por toda el \u00e1rea de influencia \u2014lo llam\u00f3 an\u00e1lisis sectorial\u2014, en desarrollo del cual entraron a los barrios, compartieron con la gente, etc\u00e9tera; mostr\u00f3 la quebrada El Cara\u00f1o, en el barrio Kennedy, as\u00ed como otros sitios e indic\u00f3 que el mercado era como la esquina de ese pol\u00edgono y luego, ah\u00ed s\u00ed, a partir de mostrar, sobre un gr\u00e1fico, la sombrilla con la que cubre su ventorrillo un vendedor, habl\u00f3 de la necesidad de brindar sombra y que el entorno motive a las personas, &#8220;que sintamos el espacio como propio&#8221;. Dijo que no deb\u00edamos esperar a que los proyectos lleguen ya con cifras, con n\u00fameros, sino empezar por lo elemental, que es crear conciencia. Mostr\u00f3 a continuaci\u00f3n las im\u00e1genes de su propuesta, que reemplazar\u00eda la condici\u00f3n de los actuales ventorrillos, y explic\u00f3 que los materiales de composici\u00f3n eran el aluminio, el cobre y el policarbonato.<\/p>\n<p>Aclar\u00f3 que el mobiliario del proyecto es muy peque\u00f1o, de f\u00e1cil alcance para todos, de 1.95 de alto y 3 metros de ancho, se puede acondicionar en cualquier espacio, posee sistema de reciclaje y tiene una relaci\u00f3n con el exterior que permita a las personas ver el producto de cerca, pero en unas condiciones confortables.<\/p>\n<p>&nbsp;<\/p>\n<div id=\"attachment_34414\" style=\"width: 374px\" class=\"wp-caption aligncenter\"><img loading=\"lazy\" decoding=\"async\" aria-describedby=\"caption-attachment-34414\" class=\"size-full wp-image-34414\" src=\"https:\/\/lapiedrafilosofal.com\/wp-content\/uploads\/2020\/06\/poster-promocional-del-certamen.png\" alt=\"\" width=\"364\" height=\"471\" srcset=\"https:\/\/oscarhumbertogomez.com\/wp-content\/uploads\/2020\/06\/poster-promocional-del-certamen.png 364w, https:\/\/oscarhumbertogomez.com\/wp-content\/uploads\/2020\/06\/poster-promocional-del-certamen-232x300.png 232w\" sizes=\"auto, (max-width: 364px) 100vw, 364px\" \/><p id=\"caption-attachment-34414\" class=\"wp-caption-text\">POSTER PROMOCIONAL DEL CERTAMEN<\/p><\/div>\n<p>&nbsp;<\/p>\n<p>La arquitecta <strong>Vivian P\u00e9rez<\/strong>, de la Universidad del Valle, present\u00f3, en su propio nombre y en el de sus compa\u00f1eros, quienes son profesionales en otras \u00e1reas auxiliares \u2014dise\u00f1o gr\u00e1fico, dise\u00f1o industrial y l\u00fadica, actividades representadas por M\u00f3nica Garc\u00eda Abad\u00eda, Luis Fernando Cardona y Juan David Cardona\u2014, el proyecto denominado &#8220;APIS&#8221;, basado en la observaci\u00f3n de los panales de las abejas, observaci\u00f3n con base en la cual ellos abordaron el reto de darle una soluci\u00f3n al problema de las zonas de juego de los ni\u00f1os, zonas que hoy permanecen y seguramente deber\u00e1n permanecer cerradas. APIS propone la &#8220;Selecci\u00f3n de \u00e1reas a intervenir; el reactivar espacios de juego comunes como el PATIO ESCOLAR, manteniendo el distanciamiento f\u00edsico para mitigar la probabilidad del contagio, sin dejar de aprender, socializar y compartir; y la b\u00fasqueda de herramientas en pro de dignificar el uso del espacio de los ni\u00f1os y las ni\u00f1as&#8221;.<\/p>\n<p>Ante las dificultades de espacio que generar\u00e1 el distanciamiento que se est\u00e1 exigiendo, lo que se propone es ense\u00f1ar a los ni\u00f1os formas novedosas de socializar tomando como &#8220;eje de desarrollo morfol\u00f3gico el hex\u00e1gono, debido a su eficacia geom\u00e9trica, inspirada en la naturaleza&#8221;.<\/p>\n<p>La propuesta plantea, entonces, unidades hexagonales de seis piezas con diferentes alturas y diferentes dimensiones, esto es, cinco piezas combinadas y un dado pivotante.<\/p>\n<p>&nbsp;<\/p>\n<div id=\"attachment_34414\" style=\"width: 374px\" class=\"wp-caption aligncenter\"><img loading=\"lazy\" decoding=\"async\" aria-describedby=\"caption-attachment-34414\" class=\"size-full wp-image-34414\" src=\"https:\/\/lapiedrafilosofal.com\/wp-content\/uploads\/2020\/06\/poster-promocional-del-certamen.png\" alt=\"\" width=\"364\" height=\"471\" srcset=\"https:\/\/oscarhumbertogomez.com\/wp-content\/uploads\/2020\/06\/poster-promocional-del-certamen.png 364w, https:\/\/oscarhumbertogomez.com\/wp-content\/uploads\/2020\/06\/poster-promocional-del-certamen-232x300.png 232w\" sizes=\"auto, (max-width: 364px) 100vw, 364px\" \/><p id=\"caption-attachment-34414\" class=\"wp-caption-text\">POSTER PROMOCIONAL DEL CERTAMEN<\/p><\/div>\n<p>&nbsp;<\/p>\n<p>El arquitecto <strong>Alfredo Carrasco<\/strong>, de la firma HGC Arquitectos, de Bogot\u00e1, empez\u00f3 su intervenci\u00f3n tomando como premisa la de que &#8220;Los mayores riesgos de contagio est\u00e1n en lo cotidiano&#8221; y que ser\u00e1n &#8220;los ascensores uno de los espacios de m\u00e1s alto riesgo&#8221;. Por ello, su propuesta es la de &#8220;Implementar divisiones dentro de las cabinas de los ascensores&#8221;.<\/p>\n<p>Esas divisiones ser\u00edan de vidrio templado (vidrio de seguridad) con perfiles de aluminio. Ambos \u2014vidrio y aluminio- son de f\u00e1cil desinfecci\u00f3n. Adem\u00e1s, se pueden armar y desarmar.<\/p>\n<p>&#8220;Al ser un m\u00f3dulo de f\u00e1cil armado es posible adaptarlo a cualquier tama\u00f1o de ascensor sin afectar su estructura&#8221;. Fuera de ello, &#8220;existe la posibilidad de aplicar material pedag\u00f3gico e ilustrativo&#8221;.<\/p>\n<p>Precis\u00f3 que, si bien hasta aqu\u00ed iba su propuesta de soluci\u00f3n, dejaban abiertas las sugerencias a los fabricantes de ascensores acerca de las necesidades futuras que deber\u00e1n preocuparse por satisfacer a la luz de la nueva realidad y se\u00f1al\u00f3 las siguientes: sistema de desinfecci\u00f3n con luz UV, realizable mientras la cabina se encuentre desocupada; sistemas de re-ventilaci\u00f3n; que todo se haga por control de voz y, finalmente, la implementaci\u00f3n de los estrictos protocolos de limpieza que la nueva situaci\u00f3n exige.<\/p>\n<p>&nbsp;<\/p>\n<div id=\"attachment_34414\" style=\"width: 374px\" class=\"wp-caption aligncenter\"><img loading=\"lazy\" decoding=\"async\" aria-describedby=\"caption-attachment-34414\" class=\"size-full wp-image-34414\" src=\"https:\/\/lapiedrafilosofal.com\/wp-content\/uploads\/2020\/06\/poster-promocional-del-certamen.png\" alt=\"\" width=\"364\" height=\"471\" srcset=\"https:\/\/oscarhumbertogomez.com\/wp-content\/uploads\/2020\/06\/poster-promocional-del-certamen.png 364w, https:\/\/oscarhumbertogomez.com\/wp-content\/uploads\/2020\/06\/poster-promocional-del-certamen-232x300.png 232w\" sizes=\"auto, (max-width: 364px) 100vw, 364px\" \/><p id=\"caption-attachment-34414\" class=\"wp-caption-text\">POSTER PROMOCIONAL DEL CERTAMEN<\/p><\/div>\n<p>&nbsp;<\/p>\n<p>El arquitecto <strong>Juli\u00e1n Quiroz<\/strong>, de la Universidad Javeriana, con maestr\u00eda en Dise\u00f1o Urbano, Arte, Ciudad y Sociedad de la Universidad de Barcelona, y su compa\u00f1ero Juli\u00e1n Baham\u00f3n, arquitecto de la misma alma mater, con maestr\u00eda en Arquitectura y Dise\u00f1o Urbano de la Universidad de Columbia, explicaron su proyecto &#8220;Sistema de abastos que salvar\u00e1 vidas&#8221;.<\/p>\n<p>Este proyecto parti\u00f3 de la pregunta: &#8220;\u00bfC\u00f3mo proteger al campesino, al transportador, al vendedor y al consumidor?&#8221;.<\/p>\n<p>La propuesta arquitect\u00f3nica parte de una base fundamental: la de que hay que descentralizar Corabastos. Y ello, porque hoy Corabastos se apoya en tres ejes: desorganizaci\u00f3n, informalidad y un modelo centralizado, tr\u00edpode que significa una grave amenaza. Se requiere, pues, un nuevo sistema de abastos. Los retos son: mitigar la aglomeraci\u00f3n; implementar el Corabastos Express y reducir dr\u00e1sticamente la huella de carbono generando un uso \u00f3ptimo de la malla vial, la reducci\u00f3n de intermediarios y que se d\u00e9 una menor manipulaci\u00f3n de los productos. Para ello, se requiere apoyarnos en la tecnolog\u00eda, fortalecer la relaci\u00f3n entre el campesino y el consumidor, y formalizar el mercadeo. El proyecto plantea cubiertas verdes, capacitaci\u00f3n de la agricultura urbana a trav\u00e9s del Sena, tratamiento de los residuos org\u00e1nicos y, b\u00e1sicamente, integrar una arquitectura rural al paisaje urbano manteniendo ambas identidades. El m\u00f3dulo propuesto se integrar\u00eda, pues, al espacio p\u00fablico.<\/p>\n<p>&nbsp;<\/p>\n<div id=\"attachment_34414\" style=\"width: 374px\" class=\"wp-caption aligncenter\"><img loading=\"lazy\" decoding=\"async\" aria-describedby=\"caption-attachment-34414\" class=\"size-full wp-image-34414\" src=\"https:\/\/lapiedrafilosofal.com\/wp-content\/uploads\/2020\/06\/poster-promocional-del-certamen.png\" alt=\"\" width=\"364\" height=\"471\" srcset=\"https:\/\/oscarhumbertogomez.com\/wp-content\/uploads\/2020\/06\/poster-promocional-del-certamen.png 364w, https:\/\/oscarhumbertogomez.com\/wp-content\/uploads\/2020\/06\/poster-promocional-del-certamen-232x300.png 232w\" sizes=\"auto, (max-width: 364px) 100vw, 364px\" \/><p id=\"caption-attachment-34414\" class=\"wp-caption-text\">POSTER PROMOCIONAL DEL CERTAMEN<\/p><\/div>\n<p>&nbsp;<\/p>\n<p>El arquitecto santandereano <strong>David Alberto Arias Mantilla<\/strong>, de la Universidad Santo Tom\u00e1s Seccional Bucaramanga, fue el vocero que ilustr\u00f3 sobre el proyecto &#8220;Los vest\u00edbulos de Higea&#8221;, propuesta de la firma &#8220;Arquitectura colombiana&#8221;, de Bucaramanga, en la que tomaron parte, adem\u00e1s del expositor, el arquitecto Otto Federico Cala Ardila, la arquitecta Carolina Navas Vel\u00e1squez y el t\u00e9cnico en carpinter\u00eda William Arias Mantilla. Como asesores en los temas de Salud, el equipo cont\u00f3 con la asesor\u00eda del Dr. \u00c1lvaro Enrique Ni\u00f1o Rodr\u00edguez, M.D., la Dra. Sylvia Cristina M\u00e9ndez D\u00edaz, M.D., y el Dr. Gustavo Adolfo Pizarro Nieto, M.D.<\/p>\n<p>El arquitecto Arias Mantilla dio inicio a su intervenci\u00f3n exponiendo como contexto introductorio de su propuesta la conciliaci\u00f3n necesaria que debe existir entre el esp\u00edritu y la materia.<\/p>\n<p>El proyecto persigue la protecci\u00f3n de la vida sobre tres aspectos fundamentales: la salud, la arquitectura y la educaci\u00f3n.<\/p>\n<p>El nombre del proyecto fue tomado de la mitolog\u00eda griega, en la cual Higea \u2014o Hig\u00eda\u2014 era la diosa de la higiene y de la salud.<\/p>\n<p>La propuesta arquitect\u00f3nica santandereana rememora que en los tiempos de anta\u00f1o la vivienda estaba concebida a partir de espacios y de una transici\u00f3n entre ellos, distribuci\u00f3n esta que permit\u00eda, en casos como este por el cual estamos atravesando, contar con diferentes l\u00edneas de defensa. As\u00ed, la primera l\u00ednea de defensa era el vest\u00edbulo.<\/p>\n<p>Pues bien; lo que se propone es la vivienda modular y la vinculaci\u00f3n de los colores a la identificaci\u00f3n, sencilla, r\u00e1pida y rutinaria, de los diferentes espacios de la casa o del apartamento, mediante el empleo de un color que identifique los espacios seg\u00fan el nivel de riesgo, empleando el rojo para identificar los de riesgo muy alto (prevenci\u00f3n m\u00e1xima) hasta llegar al blanco, pasando por el anaranjado, el amarillo y el azul.<\/p>\n<p>As\u00ed, el lavado de las manos luego de haber estado el residente en la calle se dar\u00eda en un mueble pintado de rojo, los elementos tra\u00eddos de la calle se dejar\u00edan en su respectiva cuarentena en un mueble de color azul y el blanco indicar\u00eda d\u00f3nde se encuentra la ropa limpia. La comodidad en el espacio destinado a despojarse de la ropa que se trae puesta se asegurar\u00eda con elementos como un banquito auxiliar donde la persona pueda sentarse.<\/p>\n<p>El proyecto contempla las facilidades para las personas con discapacidad y la buena ventilaci\u00f3n de los espacios, as\u00ed como tambi\u00e9n el que los m\u00f3dulos sean deslizables en ambos sentidos.<\/p>\n<p>De igual manera, contempla las posibilidades de implementaci\u00f3n en los estratos medios \u2014en los que podr\u00eda emplearse la madera lavable\u2014, en los estratos altos \u2014donde podr\u00eda utilizarse el vidrio o el acero\u2014, en el campo, donde se aplicar\u00eda la soluci\u00f3n de madera para un lavadero donde se pueda dejar la ropa que se trae sucia de las faenas, y, por supuesto, en las viviendas de inter\u00e9s social.<\/p>\n<p>Se trata, en fin, de una arquitectura flexible, modular e incluyente.<\/p>\n<p>El proyecto habla de que estamos ante un nuevo reto: &#8220;A los arquitectos -dice\u2014 nos corresponde dise\u00f1ar los espacios en el territorio y los edificios para un nuevo ser humano \u2014un nuevo ciudadano\u2014, un nuevo esp\u00edritu, que revitalice nuestra mentalidad colectiva y la confianza&#8221;.<\/p>\n<p>&#8220;Las deficiencias de buena Arquitectura, Salud y Educaci\u00f3n \u2014finaliza\u2014 favorecen los efectos nocivos de cualquier pandemia&#8221;.<\/p>\n<p>&nbsp;<\/p>\n<div id=\"attachment_34414\" style=\"width: 374px\" class=\"wp-caption aligncenter\"><img loading=\"lazy\" decoding=\"async\" aria-describedby=\"caption-attachment-34414\" class=\"size-full wp-image-34414\" src=\"https:\/\/lapiedrafilosofal.com\/wp-content\/uploads\/2020\/06\/poster-promocional-del-certamen.png\" alt=\"\" width=\"364\" height=\"471\" srcset=\"https:\/\/oscarhumbertogomez.com\/wp-content\/uploads\/2020\/06\/poster-promocional-del-certamen.png 364w, https:\/\/oscarhumbertogomez.com\/wp-content\/uploads\/2020\/06\/poster-promocional-del-certamen-232x300.png 232w\" sizes=\"auto, (max-width: 364px) 100vw, 364px\" \/><p id=\"caption-attachment-34414\" class=\"wp-caption-text\">POSTER PROMOCIONAL DEL CERTAMEN<\/p><\/div>\n<p>&nbsp;<\/p>\n<p>El arquitecto <strong>Alejandro Saldarriaga Rubio<\/strong>, de la Universidad de los Andes, quien adelanta su maestr\u00eda en Dise\u00f1o Arquitect\u00f3nico en la Universidad de Harvard, principi\u00f3 su exposici\u00f3n haciendo notar el atraso que presentaba Colombia respecto de los pa\u00edses por donde ya hab\u00eda pasado la pandemia y explic\u00f3 que eso nos permit\u00eda observar cu\u00e1l era la conducta de las personas despu\u00e9s de la cuarentena y a partir de la reactivaci\u00f3n de la normalidad.<\/p>\n<p>Su proyecto aborda el punto concerniente al retorno a los parques.<\/p>\n<p>Dijo que el acceso a los parques no tiene un filtro. \u00bfC\u00f3mo asegurarnos, entonces, un distanciamiento social en los parques p\u00fablicos del pa\u00eds de una manera r\u00e1pida, sencilla y sostenible?<\/p>\n<p>Se refiri\u00f3, entonces, a las esculturas paisajistas y mencion\u00f3 a Lee Kun-Yong, autor de La l\u00f3gica del lugar (1975), quien formul\u00f3 el c\u00edrculo como la figura que, trazada en el piso, se\u00f1alaba los l\u00edmites del espacio personal. Tambi\u00e9n hizo referencia a Richard Long, quien se\u00f1al\u00f3 ese espacio a trav\u00e9s de la reorganizaci\u00f3n de las piedras.<\/p>\n<p>La propuesta del arquitecto Saldarriaga, entonces, es la de reorganizar el proceso de mantenimiento del c\u00e9sped.<\/p>\n<p>Record\u00f3 que el c\u00e9sped crece y, entonces, se poda. La idea es, pues, &#8220;Dibujar nubes de distanciamiento social en el pasto de los parques urbanos utilizando el cotidiano quehacer de cortar el c\u00e9sped&#8221;.<\/p>\n<p>Explic\u00f3 el expositor que as\u00ed &#8220;Se asegura el distanciamiento sanitario de los usuarios, se reactivan los servicios y trabajos de jardiner\u00eda, se reactivan los comercios cercanos y se promueve la salud mental de los ciudadanos al darles un espacio de recreaci\u00f3n seguro despu\u00e9s de haber permanecido largo tiempo en confinamiento&#8221;.<\/p>\n<p>Al enumerar las ventajas de la propuesta, se\u00f1al\u00f3 que &#8220;su implementaci\u00f3n es pr\u00e1cticamente gratis, se puede dar su implementaci\u00f3n simult\u00e1nea en el pa\u00eds, es altamente flexible frente a la posibilidad de que sean levantadas las normativas de distanciamiento y, finalmente, las nubes pueden desaparecer y con su desaparici\u00f3n se celebrar\u00e1 el fin de la pandemia&#8221;.<\/p>\n<p>Puso como ejemplo el parque de la 93, de Bogot\u00e1, pero insisti\u00f3 en que su propuesta puede ser aplicada en cualquier parque de Colombia.<\/p>\n<p>Al cierre de su exposici\u00f3n cit\u00f3 otras autoridades del tema como Junya Ishigami y el arquitecto y artista Roberto Burle Marxs.<\/p>\n<p>Denomin\u00f3 su proyecto &#8220;Parques Nube. Paisajismo para el comportamiento colectivo&#8221;.<\/p>\n<p>&nbsp;<\/p>\n<div id=\"attachment_34414\" style=\"width: 374px\" class=\"wp-caption aligncenter\"><img loading=\"lazy\" decoding=\"async\" aria-describedby=\"caption-attachment-34414\" class=\"size-full wp-image-34414\" src=\"https:\/\/lapiedrafilosofal.com\/wp-content\/uploads\/2020\/06\/poster-promocional-del-certamen.png\" alt=\"\" width=\"364\" height=\"471\" srcset=\"https:\/\/oscarhumbertogomez.com\/wp-content\/uploads\/2020\/06\/poster-promocional-del-certamen.png 364w, https:\/\/oscarhumbertogomez.com\/wp-content\/uploads\/2020\/06\/poster-promocional-del-certamen-232x300.png 232w\" sizes=\"auto, (max-width: 364px) 100vw, 364px\" \/><p id=\"caption-attachment-34414\" class=\"wp-caption-text\">POSTER PROMOCIONAL DEL CERTAMEN<\/p><\/div>\n<p>&nbsp;<\/p>\n<p>El arquitecto <strong>Henry Gualdr\u00f3n<\/strong> cerr\u00f3 las exposiciones con la exhibici\u00f3n de la revista, tanto de su portada como de sus p\u00e1ginas interiores, realmente una publicaci\u00f3n excelente.<\/p>\n<p>Finalmente, el Presidente Nacional de la SCA puso fin al acto.<\/p>\n<p>&nbsp;<\/p>\n<div id=\"attachment_34414\" style=\"width: 374px\" class=\"wp-caption aligncenter\"><img loading=\"lazy\" decoding=\"async\" aria-describedby=\"caption-attachment-34414\" class=\"size-full wp-image-34414\" src=\"https:\/\/lapiedrafilosofal.com\/wp-content\/uploads\/2020\/06\/poster-promocional-del-certamen.png\" alt=\"\" width=\"364\" height=\"471\" srcset=\"https:\/\/oscarhumbertogomez.com\/wp-content\/uploads\/2020\/06\/poster-promocional-del-certamen.png 364w, https:\/\/oscarhumbertogomez.com\/wp-content\/uploads\/2020\/06\/poster-promocional-del-certamen-232x300.png 232w\" sizes=\"auto, (max-width: 364px) 100vw, 364px\" \/><p id=\"caption-attachment-34414\" class=\"wp-caption-text\">POSTER PROMOCIONAL DEL CERTAMEN<\/p><\/div>\n<p>&nbsp;<\/p>\n<p>&#8220;Santander en la Red&#8221; felicita a todos y cada uno de los autores de los proyectos seleccionados, pero tambi\u00e9n a los casi medio centenar de participantes en el certamen, quienes al acoger entusiastas la convocatoria y trabajar con ah\u00ednco en sus propuestas pusieron en evidencia su amor por su pa\u00eds, su sensibilidad humana, su inter\u00e9s en buscar soluciones pr\u00e1cticas y sencillas a los desaf\u00edos que nos esperan y, por supuesto, su inmenso amor hacia la bella carrera que estudiaron y la hermosa profesi\u00f3n que hoy en d\u00eda ejercen, m\u00e1s all\u00e1 de todas las dificultades con las que les toc\u00f3 hacerlo en estos tiempos de adversidad e incertidumbre: la profesi\u00f3n de la Arquitectura, la misma que, como bellamente dicen los masones, es la profesi\u00f3n de Dios.<\/p>\n<p>&nbsp;<\/p>\n<p><img loading=\"lazy\" decoding=\"async\" class=\"aligncenter size-large wp-image-34432\" src=\"https:\/\/lapiedrafilosofal.com\/wp-content\/uploads\/2020\/06\/LOS-VESTIBULOS-DE-HIGEA-I-1024x570.jpeg\" alt=\"\" width=\"640\" height=\"356\" srcset=\"https:\/\/oscarhumbertogomez.com\/wp-content\/uploads\/2020\/06\/LOS-VESTIBULOS-DE-HIGEA-I-1024x570.jpeg 1024w, https:\/\/oscarhumbertogomez.com\/wp-content\/uploads\/2020\/06\/LOS-VESTIBULOS-DE-HIGEA-I-300x167.jpeg 300w, https:\/\/oscarhumbertogomez.com\/wp-content\/uploads\/2020\/06\/LOS-VESTIBULOS-DE-HIGEA-I-768x428.jpeg 768w, https:\/\/oscarhumbertogomez.com\/wp-content\/uploads\/2020\/06\/LOS-VESTIBULOS-DE-HIGEA-I.jpeg 1280w\" sizes=\"auto, (max-width: 640px) 100vw, 640px\" \/><\/p>\n<p>&nbsp;<\/p>\n<p><img loading=\"lazy\" decoding=\"async\" class=\"aligncenter size-large wp-image-34433\" src=\"https:\/\/lapiedrafilosofal.com\/wp-content\/uploads\/2020\/06\/LOS-VESTIBULOS-DE-HIGEA-II-1024x937.jpeg\" alt=\"\" width=\"640\" height=\"586\" srcset=\"https:\/\/oscarhumbertogomez.com\/wp-content\/uploads\/2020\/06\/LOS-VESTIBULOS-DE-HIGEA-II-1024x937.jpeg 1024w, https:\/\/oscarhumbertogomez.com\/wp-content\/uploads\/2020\/06\/LOS-VESTIBULOS-DE-HIGEA-II-300x274.jpeg 300w, https:\/\/oscarhumbertogomez.com\/wp-content\/uploads\/2020\/06\/LOS-VESTIBULOS-DE-HIGEA-II-768x703.jpeg 768w, https:\/\/oscarhumbertogomez.com\/wp-content\/uploads\/2020\/06\/LOS-VESTIBULOS-DE-HIGEA-II.jpeg 1280w\" sizes=\"auto, (max-width: 640px) 100vw, 640px\" \/><\/p>\n<p>&nbsp;<\/p>\n<p><img loading=\"lazy\" decoding=\"async\" class=\"aligncenter size-large wp-image-34434\" src=\"https:\/\/lapiedrafilosofal.com\/wp-content\/uploads\/2020\/06\/LOS-VESTIBULOS-DE-HIGEA-III-1024x1024.jpeg\" alt=\"\" width=\"640\" height=\"640\" srcset=\"https:\/\/oscarhumbertogomez.com\/wp-content\/uploads\/2020\/06\/LOS-VESTIBULOS-DE-HIGEA-III-1024x1024.jpeg 1024w, https:\/\/oscarhumbertogomez.com\/wp-content\/uploads\/2020\/06\/LOS-VESTIBULOS-DE-HIGEA-III-300x300.jpeg 300w, https:\/\/oscarhumbertogomez.com\/wp-content\/uploads\/2020\/06\/LOS-VESTIBULOS-DE-HIGEA-III-150x150.jpeg 150w, https:\/\/oscarhumbertogomez.com\/wp-content\/uploads\/2020\/06\/LOS-VESTIBULOS-DE-HIGEA-III-768x768.jpeg 768w, https:\/\/oscarhumbertogomez.com\/wp-content\/uploads\/2020\/06\/LOS-VESTIBULOS-DE-HIGEA-III.jpeg 1280w\" sizes=\"auto, (max-width: 640px) 100vw, 640px\" \/><\/p>\n<p>&nbsp;<\/p>\n<p><img loading=\"lazy\" decoding=\"async\" class=\"aligncenter size-large wp-image-34435\" src=\"https:\/\/lapiedrafilosofal.com\/wp-content\/uploads\/2020\/06\/LOS-VESTIBULOS-DE-HIGEA-IV-1024x866.jpeg\" alt=\"\" width=\"640\" height=\"541\" srcset=\"https:\/\/oscarhumbertogomez.com\/wp-content\/uploads\/2020\/06\/LOS-VESTIBULOS-DE-HIGEA-IV-1024x866.jpeg 1024w, https:\/\/oscarhumbertogomez.com\/wp-content\/uploads\/2020\/06\/LOS-VESTIBULOS-DE-HIGEA-IV-300x254.jpeg 300w, https:\/\/oscarhumbertogomez.com\/wp-content\/uploads\/2020\/06\/LOS-VESTIBULOS-DE-HIGEA-IV-768x649.jpeg 768w, https:\/\/oscarhumbertogomez.com\/wp-content\/uploads\/2020\/06\/LOS-VESTIBULOS-DE-HIGEA-IV.jpeg 1280w\" sizes=\"auto, (max-width: 640px) 100vw, 640px\" \/><\/p>\n<p>&nbsp;<\/p>\n<p><img loading=\"lazy\" decoding=\"async\" class=\"aligncenter size-large wp-image-34436\" src=\"https:\/\/lapiedrafilosofal.com\/wp-content\/uploads\/2020\/06\/LOS-VESTIBULOS-DE-HIGEA-V-1024x892.jpeg\" alt=\"\" width=\"640\" height=\"558\" srcset=\"https:\/\/oscarhumbertogomez.com\/wp-content\/uploads\/2020\/06\/LOS-VESTIBULOS-DE-HIGEA-V-1024x892.jpeg 1024w, https:\/\/oscarhumbertogomez.com\/wp-content\/uploads\/2020\/06\/LOS-VESTIBULOS-DE-HIGEA-V-300x261.jpeg 300w, https:\/\/oscarhumbertogomez.com\/wp-content\/uploads\/2020\/06\/LOS-VESTIBULOS-DE-HIGEA-V-768x669.jpeg 768w, https:\/\/oscarhumbertogomez.com\/wp-content\/uploads\/2020\/06\/LOS-VESTIBULOS-DE-HIGEA-V.jpeg 1280w\" sizes=\"auto, (max-width: 640px) 100vw, 640px\" \/><\/p>\n<p>&nbsp;<\/p>\n<div id=\"attachment_30697\" style=\"width: 650px\" class=\"wp-caption aligncenter\"><img loading=\"lazy\" decoding=\"async\" aria-describedby=\"caption-attachment-30697\" class=\"size-large wp-image-30697\" src=\"https:\/\/lapiedrafilosofal.com\/wp-content\/uploads\/2019\/10\/David-Arias-1024x768.jpeg\" alt=\"\" width=\"640\" height=\"480\" srcset=\"https:\/\/oscarhumbertogomez.com\/wp-content\/uploads\/2019\/10\/David-Arias-1024x768.jpeg 1024w, https:\/\/oscarhumbertogomez.com\/wp-content\/uploads\/2019\/10\/David-Arias-300x225.jpeg 300w, https:\/\/oscarhumbertogomez.com\/wp-content\/uploads\/2019\/10\/David-Arias-768x576.jpeg 768w, https:\/\/oscarhumbertogomez.com\/wp-content\/uploads\/2019\/10\/David-Arias.jpeg 1280w\" sizes=\"auto, (max-width: 640px) 100vw, 640px\" \/><p id=\"caption-attachment-30697\" class=\"wp-caption-text\">ARQ. DAVID ALBERTO ARIAS MANTILLA, SOCIO FUNDADOR DE &#8220;ARQUTECTURA COLOMBIANA&#8221;, DE BUCARAMANGA, Y SU VOCERO EN EL &#8220;RETO COVID-19&#8221;<\/p><\/div>\n<p>&nbsp;<\/p>\n<p><img loading=\"lazy\" decoding=\"async\" class=\"aligncenter size-large wp-image-34437\" src=\"https:\/\/lapiedrafilosofal.com\/wp-content\/uploads\/2020\/06\/LOS-VESTIBULOS-DE-HIGEA-VI-675x1024.jpeg\" alt=\"\" width=\"640\" height=\"971\" srcset=\"https:\/\/oscarhumbertogomez.com\/wp-content\/uploads\/2020\/06\/LOS-VESTIBULOS-DE-HIGEA-VI-675x1024.jpeg 675w, https:\/\/oscarhumbertogomez.com\/wp-content\/uploads\/2020\/06\/LOS-VESTIBULOS-DE-HIGEA-VI-198x300.jpeg 198w, https:\/\/oscarhumbertogomez.com\/wp-content\/uploads\/2020\/06\/LOS-VESTIBULOS-DE-HIGEA-VI.jpeg 750w\" sizes=\"auto, (max-width: 640px) 100vw, 640px\" \/><\/p>\n<p>&nbsp;<\/p>\n","protected":false},"excerpt":{"rendered":"<p>&nbsp; &nbsp; El proyecto santandereano &#8220;Los vest\u00edbulos de Higea&#8221;, presentado por la firma &#8216;Arquitectura Colombiana&#8217;, de Bucaramanga, fue uno de los seis proyectos arquitect\u00f3nicos seleccionados por el jurado calificador en el certamen nacional &#8220;Reto Covid-19. Arquitectura por la vida&#8221; convocado &hellip; <a href=\"https:\/\/oscarhumbertogomez.com\/?p=34410\">Sigue leyendo <span class=\"meta-nav\">&rarr;<\/span><\/a><\/p>\n<div class='heateorSssClear'><\/div><div  class='heateor_sss_sharing_container heateor_sss_horizontal_sharing' heateor-sss-data-href='https:\/\/oscarhumbertogomez.com\/?p=34410'><div class='heateor_sss_sharing_title' style=\"font-weight:bold\" >\u00a1Gracias por compartirla!<\/div><ul class=\"heateor_sss_sharing_ul\"><li class=\"heateorSssSharingRound\"><i style=\"width:35px;height:35px;border-radius:999px;\" alt=\"Facebook\" Title=\"Facebook\" class=\"heateorSssSharing heateorSssFacebookBackground\" onclick='heateorSssPopup(\"https:\/\/www.facebook.com\/sharer\/sharer.php?u=https%3A%2F%2Foscarhumbertogomez.com%2Findex.php%3Frest_route%3D%252Fwp%252Fv2%252Fposts%252F34410\")'><ss style=\"display:block;border-radius:999px;\" class=\"heateorSssSharingSvg heateorSssFacebookSvg\"><\/ss><\/i><\/li><li class=\"heateorSssSharingRound\"><i style=\"width:35px;height:35px;border-radius:999px;\" alt=\"Twitter\" Title=\"Twitter\" class=\"heateorSssSharing heateorSssTwitterBackground\" onclick='heateorSssPopup(\"http:\/\/twitter.com\/intent\/tweet?text=%27LOS%20VEST%C3%8DBULOS%20DE%20HIGEA%27%2C%20%22Proyecto%20Destacado%22%20en%20el%20%22Reto%20COVID-19.%20Arquitectura%20por%20la%20vida%22.%20Por%20%C3%93scar%20Humberto%20G%C3%B3mez%20G%C3%B3mez%2C%20Miembro%20del%20Colegio%20Nacional%20de%20Periodistas&url=https%3A%2F%2Foscarhumbertogomez.com%2Findex.php%3Frest_route%3D%252Fwp%252Fv2%252Fposts%252F34410\")'><ss style=\"display:block;border-radius:999px;\" class=\"heateorSssSharingSvg heateorSssTwitterSvg\"><\/ss><\/i><\/li><li class=\"heateorSssSharingRound\"><i style=\"width:35px;height:35px;border-radius:999px;\" alt=\"Whatsapp\" Title=\"Whatsapp\" class=\"heateorSssSharing heateorSssWhatsappBackground\" onclick='heateorSssPopup(\"https:\/\/web.whatsapp.com\/send?text=%27LOS%20VEST%C3%8DBULOS%20DE%20HIGEA%27%2C%20%22Proyecto%20Destacado%22%20en%20el%20%22Reto%20COVID-19.%20Arquitectura%20por%20la%20vida%22.%20Por%20%C3%93scar%20Humberto%20G%C3%B3mez%20G%C3%B3mez%2C%20Miembro%20del%20Colegio%20Nacional%20de%20Periodistas https%3A%2F%2Foscarhumbertogomez.com%2Findex.php%3Frest_route%3D%252Fwp%252Fv2%252Fposts%252F34410\")'><ss style=\"display:block\" class=\"heateorSssSharingSvg heateorSssWhatsappSvg\"><\/ss><\/i><\/li><li class=\"heateorSssSharingRound\"><i style=\"width:35px;height:35px;border-radius:999px;\" alt=\"Pinterest\" Title=\"Pinterest\" class=\"heateorSssSharing heateorSssPinterestBackground\" onclick=\"javascript:void( (function() {var e=document.createElement('script' );e.setAttribute('type','text\/javascript' );e.setAttribute('charset','UTF-8' );e.setAttribute('src','\/\/assets.pinterest.com\/js\/pinmarklet.js?r='+Math.random()*99999999);document.body.appendChild(e)})());\"><ss style=\"display:block;border-radius:999px;\" class=\"heateorSssSharingSvg heateorSssPinterestSvg\"><\/ss><\/i><\/li><li class=\"heateorSssSharingRound\"><i style=\"width:35px;height:35px;border-radius:999px;\" alt=\"Google Gmail\" Title=\"Google Gmail\" class=\"heateorSssSharing heateorSssGoogleGmailBackground\" onclick='heateorSssPopup(\"https:\/\/mail.google.com\/mail\/?ui=2&view=cm&fs=1&tf=1&su=%27LOS%20VEST%C3%8DBULOS%20DE%20HIGEA%27%2C%20%22Proyecto%20Destacado%22%20en%20el%20%22Reto%20COVID-19.%20Arquitectura%20por%20la%20vida%22.%20Por%20%C3%93scar%20Humberto%20G%C3%B3mez%20G%C3%B3mez%2C%20Miembro%20del%20Colegio%20Nacional%20de%20Periodistas&body=Link:https%3A%2F%2Foscarhumbertogomez.com%2Findex.php%3Frest_route%3D%252Fwp%252Fv2%252Fposts%252F34410\")'><ss style=\"display:block;border-radius:999px;\" class=\"heateorSssSharingSvg heateorSssGoogleGmailSvg\"><\/ss><\/i><\/li><li class=\"heateorSssSharingRound\"><i style=\"width:35px;height:35px;border-radius:999px;\" title=\"More\" alt=\"More\" class=\"heateorSssSharing heateorSssMoreBackground\" onclick=\"heateorSssMoreSharingPopup(this, 'https:\/\/oscarhumbertogomez.com\/index.php?rest_route=%2Fwp%2Fv2%2Fposts%2F34410', '%27LOS%20VEST%C3%8DBULOS%20DE%20HIGEA%27%2C%20%22Proyecto%20Destacado%22%20en%20el%20%22Reto%20COVID-19.%20Arquitectura%20por%20la%20vida%22.%20Por%20%C3%93scar%20Humberto%20G%C3%B3mez%20G%C3%B3mez%2C%20Miembro%20del%20Colegio%20Nacional%20de%20Periodistas', '' )\" ><ss style=\"display:block\" class=\"heateorSssSharingSvg heateorSssMoreSvg\"><\/ss><\/i><\/li><\/ul><div class=\"heateorSssClear\"><\/div><\/div><div class='heateorSssClear'><\/div>","protected":false},"author":2,"featured_media":0,"comment_status":"open","ping_status":"open","sticky":false,"template":"","format":"standard","meta":{"spay_email":"","footnotes":""},"categories":[64,11],"tags":[],"class_list":["post-34410","post","type-post","status-publish","format-standard","hentry","category-arquitectura","category-periodismo"],"jetpack_featured_media_url":"","jetpack_shortlink":"https:\/\/wp.me\/p1FYrr-8X0","_links":{"self":[{"href":"https:\/\/oscarhumbertogomez.com\/index.php?rest_route=\/wp\/v2\/posts\/34410","targetHints":{"allow":["GET"]}}],"collection":[{"href":"https:\/\/oscarhumbertogomez.com\/index.php?rest_route=\/wp\/v2\/posts"}],"about":[{"href":"https:\/\/oscarhumbertogomez.com\/index.php?rest_route=\/wp\/v2\/types\/post"}],"author":[{"embeddable":true,"href":"https:\/\/oscarhumbertogomez.com\/index.php?rest_route=\/wp\/v2\/users\/2"}],"replies":[{"embeddable":true,"href":"https:\/\/oscarhumbertogomez.com\/index.php?rest_route=%2Fwp%2Fv2%2Fcomments&post=34410"}],"version-history":[{"count":5,"href":"https:\/\/oscarhumbertogomez.com\/index.php?rest_route=\/wp\/v2\/posts\/34410\/revisions"}],"predecessor-version":[{"id":41650,"href":"https:\/\/oscarhumbertogomez.com\/index.php?rest_route=\/wp\/v2\/posts\/34410\/revisions\/41650"}],"wp:attachment":[{"href":"https:\/\/oscarhumbertogomez.com\/index.php?rest_route=%2Fwp%2Fv2%2Fmedia&parent=34410"}],"wp:term":[{"taxonomy":"category","embeddable":true,"href":"https:\/\/oscarhumbertogomez.com\/index.php?rest_route=%2Fwp%2Fv2%2Fcategories&post=34410"},{"taxonomy":"post_tag","embeddable":true,"href":"https:\/\/oscarhumbertogomez.com\/index.php?rest_route=%2Fwp%2Fv2%2Ftags&post=34410"}],"curies":[{"name":"wp","href":"https:\/\/api.w.org\/{rel}","templated":true}]}}