{"id":3487,"date":"2012-03-31T12:32:57","date_gmt":"2012-03-31T17:32:57","guid":{"rendered":"http:\/\/www.oscarhumbertogomez.com\/?p=3487"},"modified":"2025-04-01T18:07:02","modified_gmt":"2025-04-01T23:07:02","slug":"crisis-de-la-justicia-en-colombia-los-oportunistas-de-ultima-hora-por-oscar-humberto-gomez-gomez","status":"publish","type":"post","link":"https:\/\/oscarhumbertogomez.com\/?p=3487","title":{"rendered":"La crisis de la justicia en Colombia y los oportunistas de \u00faltima hora. Por \u00d3scar Humberto G\u00f3mez G\u00f3mez"},"content":{"rendered":"<div id=\"attachment_49906\" style=\"width: 650px\" class=\"wp-caption aligncenter\"><img loading=\"lazy\" decoding=\"async\" aria-describedby=\"caption-attachment-49906\" class=\"size-large wp-image-49906\" src=\"https:\/\/oscarhumbertogomez.com\/wp-content\/uploads\/2011\/06\/WhatsApp-Image-2025-01-19-at-16.33.19-1024x690.jpeg\" alt=\"\" width=\"640\" height=\"431\" srcset=\"https:\/\/oscarhumbertogomez.com\/wp-content\/uploads\/2011\/06\/WhatsApp-Image-2025-01-19-at-16.33.19-1024x690.jpeg 1024w, https:\/\/oscarhumbertogomez.com\/wp-content\/uploads\/2011\/06\/WhatsApp-Image-2025-01-19-at-16.33.19-300x202.jpeg 300w, https:\/\/oscarhumbertogomez.com\/wp-content\/uploads\/2011\/06\/WhatsApp-Image-2025-01-19-at-16.33.19-768x517.jpeg 768w, https:\/\/oscarhumbertogomez.com\/wp-content\/uploads\/2011\/06\/WhatsApp-Image-2025-01-19-at-16.33.19.jpeg 1280w\" sizes=\"auto, (max-width: 640px) 100vw, 640px\" \/><p id=\"caption-attachment-49906\" class=\"wp-caption-text\">\u00d3SCAR HUMBERTO G\u00d3MEZ G\u00d3MEZ. Fotograf\u00eda de Nylse Blackburn. 2009<\/p><\/div>\n<p>&nbsp;<\/p>\n<p>H\u00e1bilmente, algunas personas que delinquieron y que, por ello, est\u00e1n siendo perseguidas por la Justicia colombiana, vienen aprovechando la circunstancia desgraciada de que dentro de nuestro aparato judicial se han detectado reprobables procederes, para pretender distraer la atenci\u00f3n respecto de las conductas que cometieron y por las cuales se les est\u00e1 juzgando.<\/p>\n<p>Para zafarse de su deber de dar la cara y asumir con entereza sus propias responsabilidades, tal y como le toca hacerlo al resto del sufrido pueblo colombiano, estos oportunistas personajes se han parapetado detr\u00e1s de fen\u00f3menos indudablemente condenables como los &#8220;carruseles&#8221; de pensiones, el sesgo pol\u00edtico de algunos funcionarios judiciales, la manera como se est\u00e1n proveyendo los cargos de jueces y magistrados -donde por momentos pareciera d\u00e1rsele m\u00e1s importancia a la rosca que al inter\u00e9s superior de la justicia-, los palmarios errores procesales que se cometen, la falta de profundidad en el estudio de los expedientes o las decisiones manifiestamente injustas, males que, entre otros no menos graves, tienen a la Justicia sumida en una de sus peores crisis de credibilidad. &nbsp;Se trata, pues, de pescadores astutos que aprovechan para pescar en r\u00edo revuelto.<\/p>\n<p>La Justicia no debe dar pie para que los destinatarios de sus actuaciones puedan cuestionarla y restarle cr\u00e9dito. Por eso es que insistimos tanto en que quienes sean investidos con el poder jurisdiccional del Estado deben ser personas intachables y que en su comportamiento personal, social y oficial no den pie a consejas, dudas ni reproches de ninguna \u00edndole. Ese es el precio que hay que pagar por ser juez, un cargo que, como sugiere Pietro Ellero, casi que eleva a quien lo ostenta a la altura de los dioses.<\/p>\n<p>Pero una cosa es que la Justicia est\u00e9 en el ojo del hurac\u00e1n y otra, muy distinta, que viejos zorros aprovechen esa coyuntura para tender un manto de duda sobre las cosas indebidas que han hecho.<\/p>\n<p>Nunca los sagaces oportunistas de ahora exhibieron la m\u00e1s m\u00ednima preocupaci\u00f3n por la Justicia colombiana, por la tragedia de hombres humildes como, pongamos por caso, el se\u00f1or Mena, condenado a largos a\u00f1os de prisi\u00f3n y liberado a los tres a\u00f1os por ser inocente, gracias a la diligente gesti\u00f3n del programa <em>Inocencia<\/em> de la Universidad Manuela Beltr\u00e1n; ni por los juicios que se demoran veinte a\u00f1os; ni por el drama de viudas, hu\u00e9rfanos y lisiados que siguen a la espera interminable de un fallo judicial; ni por la tragedia inenarrable de los padres que se envejecieron o murieron esperando justicia ante la muerte de sus hijos o de los ni\u00f1os que se hicieron adultos esperando que se hiciera justicia por la muerte de sus padres; en fin, jam\u00e1s les import\u00f3 la lamentable situaci\u00f3n judicial en la que sucumbe Colombia, la misma que s\u00f3lo algunos pocos abogados colombianos hemos tenido el valor civil de denunciar y contra la que venimos luchando desde hace lustros, poniendo la cara, dando nuestros nombres y apellidos, y someti\u00e9ndonos a retaliaciones soterradas y persecuciones disciplinarias (todas, por cierto, terminadas con exoneraci\u00f3n total). &nbsp;Solamente ahora, cuando los afectados con sentencias condenatorias o privaciones de libertad son ellos mismos, o sus parientes pr\u00f3ximos, o los amigos o compa\u00f1eros de partido pol\u00edtico o de andanzas, salen a despotricar contra la Justicia de este pa\u00eds para hacer creer a los ingenuos que su suerte no responde a sus acciones reprochables, sino a que son perseguidos de la Justicia.<\/p>\n<p>S\u00ed: la Justicia ha cometido atropellos, errores y abusos. Nosotros los hemos denunciado y los seguiremos denunciando, as\u00ed como tambi\u00e9n continuaremos luchando porque la Administraci\u00f3n de Justicia colombiana est\u00e9 en las mejores manos, porque el leguleyismo sea desterrado de la actuaci\u00f3n jurisdiccional para siempre, porque el martillo del juez no se emplee para golpear con \u00e9l a quienes no gozan de sus simpat\u00edas.<\/p>\n<p>Pero que no vengan los oportunistas a pretender presentarse como adalides de lo que nunca fueron y a borrar su mala imagen p\u00fablica desprestigiando a jueces, magistrados y fiscales, muchos de los cuales son funcionarios rectos, estudiosos y decentes.<\/p>\n<p>Cada caso tiene sus propias particularidades. Y en el an\u00e1lisis de si la Justicia est\u00e1 funcionando o no, es bueno que se tenga ojo avizor y no se permita que detr\u00e1s de la cr\u00edtica -m\u00e1s que merecida- a los protuberantes lunares de nuestra Administraci\u00f3n de Justicia, terminen agazap\u00e1ndose quienes s\u00ed actuaron mal y que, en consecuencia, en el fondo no han sido condenados por tribunal alguno, sino por sus propios actos repudiables.<\/p>\n<p>&nbsp;<\/p>\n","protected":false},"excerpt":{"rendered":"<p>&nbsp; H\u00e1bilmente, algunas personas que delinquieron y que, por ello, est\u00e1n siendo perseguidas por la Justicia colombiana, vienen aprovechando la circunstancia desgraciada de que dentro de nuestro aparato judicial se han detectado reprobables procederes, para pretender distraer la atenci\u00f3n respecto &hellip; <a href=\"https:\/\/oscarhumbertogomez.com\/?p=3487\">Sigue leyendo <span class=\"meta-nav\">&rarr;<\/span><\/a><\/p>\n<div class='heateorSssClear'><\/div><div  class='heateor_sss_sharing_container heateor_sss_horizontal_sharing' heateor-sss-data-href='https:\/\/oscarhumbertogomez.com\/?p=3487'><div class='heateor_sss_sharing_title' style=\"font-weight:bold\" >\u00a1Gracias por compartirla!<\/div><ul class=\"heateor_sss_sharing_ul\"><li class=\"heateorSssSharingRound\"><i style=\"width:35px;height:35px;border-radius:999px;\" alt=\"Facebook\" Title=\"Facebook\" class=\"heateorSssSharing heateorSssFacebookBackground\" onclick='heateorSssPopup(\"https:\/\/www.facebook.com\/sharer\/sharer.php?u=https%3A%2F%2Foscarhumbertogomez.com%2Findex.php%3Frest_route%3D%252Fwp%252Fv2%252Fposts%252F3487\")'><ss style=\"display:block;border-radius:999px;\" class=\"heateorSssSharingSvg heateorSssFacebookSvg\"><\/ss><\/i><\/li><li class=\"heateorSssSharingRound\"><i style=\"width:35px;height:35px;border-radius:999px;\" alt=\"Twitter\" Title=\"Twitter\" class=\"heateorSssSharing heateorSssTwitterBackground\" onclick='heateorSssPopup(\"http:\/\/twitter.com\/intent\/tweet?text=La%20crisis%20de%20la%20justicia%20en%20Colombia%20y%20los%20oportunistas%20de%20%C3%BAltima%20hora.%20Por%20%C3%93scar%20Humberto%20G%C3%B3mez%20G%C3%B3mez&url=https%3A%2F%2Foscarhumbertogomez.com%2Findex.php%3Frest_route%3D%252Fwp%252Fv2%252Fposts%252F3487\")'><ss style=\"display:block;border-radius:999px;\" class=\"heateorSssSharingSvg heateorSssTwitterSvg\"><\/ss><\/i><\/li><li class=\"heateorSssSharingRound\"><i style=\"width:35px;height:35px;border-radius:999px;\" alt=\"Whatsapp\" Title=\"Whatsapp\" class=\"heateorSssSharing heateorSssWhatsappBackground\" onclick='heateorSssPopup(\"https:\/\/web.whatsapp.com\/send?text=La%20crisis%20de%20la%20justicia%20en%20Colombia%20y%20los%20oportunistas%20de%20%C3%BAltima%20hora.%20Por%20%C3%93scar%20Humberto%20G%C3%B3mez%20G%C3%B3mez https%3A%2F%2Foscarhumbertogomez.com%2Findex.php%3Frest_route%3D%252Fwp%252Fv2%252Fposts%252F3487\")'><ss style=\"display:block\" class=\"heateorSssSharingSvg heateorSssWhatsappSvg\"><\/ss><\/i><\/li><li class=\"heateorSssSharingRound\"><i style=\"width:35px;height:35px;border-radius:999px;\" alt=\"Pinterest\" Title=\"Pinterest\" class=\"heateorSssSharing heateorSssPinterestBackground\" onclick=\"javascript:void( (function() {var e=document.createElement('script' );e.setAttribute('type','text\/javascript' );e.setAttribute('charset','UTF-8' );e.setAttribute('src','\/\/assets.pinterest.com\/js\/pinmarklet.js?r='+Math.random()*99999999);document.body.appendChild(e)})());\"><ss style=\"display:block;border-radius:999px;\" class=\"heateorSssSharingSvg heateorSssPinterestSvg\"><\/ss><\/i><\/li><li class=\"heateorSssSharingRound\"><i style=\"width:35px;height:35px;border-radius:999px;\" alt=\"Google Gmail\" Title=\"Google Gmail\" class=\"heateorSssSharing heateorSssGoogleGmailBackground\" onclick='heateorSssPopup(\"https:\/\/mail.google.com\/mail\/?ui=2&view=cm&fs=1&tf=1&su=La%20crisis%20de%20la%20justicia%20en%20Colombia%20y%20los%20oportunistas%20de%20%C3%BAltima%20hora.%20Por%20%C3%93scar%20Humberto%20G%C3%B3mez%20G%C3%B3mez&body=Link:https%3A%2F%2Foscarhumbertogomez.com%2Findex.php%3Frest_route%3D%252Fwp%252Fv2%252Fposts%252F3487\")'><ss style=\"display:block;border-radius:999px;\" class=\"heateorSssSharingSvg heateorSssGoogleGmailSvg\"><\/ss><\/i><\/li><li class=\"heateorSssSharingRound\"><i style=\"width:35px;height:35px;border-radius:999px;\" title=\"More\" alt=\"More\" class=\"heateorSssSharing heateorSssMoreBackground\" onclick=\"heateorSssMoreSharingPopup(this, 'https:\/\/oscarhumbertogomez.com\/index.php?rest_route=%2Fwp%2Fv2%2Fposts%2F3487', 'La%20crisis%20de%20la%20justicia%20en%20Colombia%20y%20los%20oportunistas%20de%20%C3%BAltima%20hora.%20Por%20%C3%93scar%20Humberto%20G%C3%B3mez%20G%C3%B3mez', '' )\" ><ss style=\"display:block\" class=\"heateorSssSharingSvg heateorSssMoreSvg\"><\/ss><\/i><\/li><\/ul><div class=\"heateorSssClear\"><\/div><\/div><div class='heateorSssClear'><\/div>","protected":false},"author":2,"featured_media":0,"comment_status":"open","ping_status":"open","sticky":false,"template":"","format":"standard","meta":{"spay_email":"","footnotes":""},"categories":[1],"tags":[],"class_list":["post-3487","post","type-post","status-publish","format-standard","hentry","category-blog"],"jetpack_featured_media_url":"","jetpack_shortlink":"https:\/\/wp.me\/p1FYrr-Uf","_links":{"self":[{"href":"https:\/\/oscarhumbertogomez.com\/index.php?rest_route=\/wp\/v2\/posts\/3487","targetHints":{"allow":["GET"]}}],"collection":[{"href":"https:\/\/oscarhumbertogomez.com\/index.php?rest_route=\/wp\/v2\/posts"}],"about":[{"href":"https:\/\/oscarhumbertogomez.com\/index.php?rest_route=\/wp\/v2\/types\/post"}],"author":[{"embeddable":true,"href":"https:\/\/oscarhumbertogomez.com\/index.php?rest_route=\/wp\/v2\/users\/2"}],"replies":[{"embeddable":true,"href":"https:\/\/oscarhumbertogomez.com\/index.php?rest_route=%2Fwp%2Fv2%2Fcomments&post=3487"}],"version-history":[{"count":5,"href":"https:\/\/oscarhumbertogomez.com\/index.php?rest_route=\/wp\/v2\/posts\/3487\/revisions"}],"predecessor-version":[{"id":53402,"href":"https:\/\/oscarhumbertogomez.com\/index.php?rest_route=\/wp\/v2\/posts\/3487\/revisions\/53402"}],"wp:attachment":[{"href":"https:\/\/oscarhumbertogomez.com\/index.php?rest_route=%2Fwp%2Fv2%2Fmedia&parent=3487"}],"wp:term":[{"taxonomy":"category","embeddable":true,"href":"https:\/\/oscarhumbertogomez.com\/index.php?rest_route=%2Fwp%2Fv2%2Fcategories&post=3487"},{"taxonomy":"post_tag","embeddable":true,"href":"https:\/\/oscarhumbertogomez.com\/index.php?rest_route=%2Fwp%2Fv2%2Ftags&post=3487"}],"curies":[{"name":"wp","href":"https:\/\/api.w.org\/{rel}","templated":true}]}}