{"id":3514,"date":"2012-04-01T13:26:47","date_gmt":"2012-04-01T18:26:47","guid":{"rendered":"http:\/\/www.oscarhumbertogomez.com\/?p=3514"},"modified":"2024-02-16T10:43:39","modified_gmt":"2024-02-16T15:43:39","slug":"quienes-estan-detras-del-crimen-ecologico-contra-el-parque-santander-de-bucaramanga","status":"publish","type":"post","link":"https:\/\/oscarhumbertogomez.com\/?p=3514","title":{"rendered":"\u00bfQui\u00e9nes est\u00e1n detr\u00e1s del crimen ecol\u00f3gico contra el parque Santander de Bucaramanga? Por \u00d3scar Humberto G\u00f3mez G\u00f3mez"},"content":{"rendered":"<p><img loading=\"lazy\" decoding=\"async\" class=\"aligncenter size-full wp-image-3515\" title=\"Parque Santander\" src=\"https:\/\/lapiedrafilosofal.com\/wp-content\/uploads\/2012\/04\/Parque-Santander.jpg\" alt=\"\" width=\"600\" height=\"400\" srcset=\"https:\/\/oscarhumbertogomez.com\/wp-content\/uploads\/2012\/04\/Parque-Santander.jpg 600w, https:\/\/oscarhumbertogomez.com\/wp-content\/uploads\/2012\/04\/Parque-Santander-300x200.jpg 300w\" sizes=\"auto, (max-width: 600px) 100vw, 600px\" \/><\/p>\n<p><strong>&nbsp;<\/strong><\/p>\n<p>\u00bfQui\u00e9nes fueron los b\u00e1rbaros que autorizaron la criminal tala de treinta y tres \u00e1rboles en el parque Santander de Bucaramanga? \u00bfPor qu\u00e9 era tan estrictamente necesario semejante conspiraci\u00f3n en contra de la naturaleza?<\/p>\n<p><strong>&nbsp;<\/strong><\/p>\n<p>\u00bfPor qu\u00e9 era tan indispensable modificar de ra\u00edz ese tradicional parque, ayer un remanso de descanso y solaz, hoy convertido en un peladero donde no hay siquiera c\u00f3mo resguardarse del sol abrasador?<\/p>\n<p><strong>&nbsp;<\/strong><\/p>\n<p>Ese parque, al fin, de qui\u00e9n es: \u00bfdel Departamento de Santander o del Municipio de Bucaramanga?<\/p>\n<p><strong>&nbsp;<\/strong><\/p>\n<p>\u00bfNo fue, acaso, el Municipio de Bucaramanga el que le compr\u00f3 a la Iglesia Cat\u00f3lica la antigua Plaza de Bel\u00e9n?<\/p>\n<p><strong>&nbsp;<\/strong><\/p>\n<p>\u00bfPor qu\u00e9, entonces, fue -seg\u00fan dicen- el gobernador del departamento de Santander Horacio Serpa Uribe el que dispuso la remodelaci\u00f3n del parque?<\/p>\n<p><strong>&nbsp;<\/strong><\/p>\n<p>\u00bfEn qu\u00e9 momento el parque pas\u00f3 de ser del Municipio a ser del Departamento?<\/p>\n<p><strong>&nbsp;<\/strong><\/p>\n<p>\u00bfQu\u00e9 dijo el alcalde municipal de Bucaramanga respecto al proyecto, que contemplaba el arboricidio?<\/p>\n<p><strong>&nbsp;<\/strong><\/p>\n<p>\u00bfQui\u00e9n fue el genio que dise\u00f1\u00f3 esas gigantescas y horrorosas bancas? \u00bfPor qu\u00e9 las construyeron de madera, si obviamente les caer\u00e1 el agua de las lluvias?<\/p>\n<p><strong>&nbsp;<\/strong><\/p>\n<p>\u00bfSe dieron cuenta ya de que dentro de los intersticios que quedaron entre tabla y tabla se cuelan desechos de toda clase?<\/p>\n<p><strong>&nbsp;<\/strong><\/p>\n<p>\u00bfPara qu\u00e9 quer\u00edan que los visitantes que se sentaran a descansar tuvieran que sentir c\u00f3mo su cabeza pr\u00e1cticamente se toca con la cabeza de quien est\u00e1 sentado detr\u00e1s?<\/p>\n<p><strong>&nbsp;<\/strong><\/p>\n<p>\u00bfSe quiso copiar el modelo de las plazas coste\u00f1as?<\/p>\n<p><strong>&nbsp;<\/strong><\/p>\n<p>\u00bfTuvo qu\u00e9 ver con ese modelo el hecho de que para la remodelaci\u00f3n del parque la Gobernaci\u00f3n contrat\u00f3 a una empresa de Barranquilla?<\/p>\n<p><strong>&nbsp;<\/strong><\/p>\n<p>\u00bfEn qu\u00e9 pararon las manifestaciones de total inconformidad hechas a <em>Vanguardia Liberal<\/em> por el propio gobernador Serpa Uribe con relaci\u00f3n a que esa empresa contratista barranquillera, pese a que hab\u00eda sido muy bien recomendada, hab\u00eda resultado ser extremadamente incumplida? \u00bfQui\u00e9n la recomend\u00f3 y por qu\u00e9?<\/p>\n<p><strong>&nbsp;<\/strong><\/p>\n<p>\u00bfEs que, definitivamente, queremos renegar de nuestra condici\u00f3n de ciudad andina para d\u00e1rnoslas de que somos coste\u00f1os?<\/p>\n<p><strong>&nbsp;<\/strong><\/p>\n<p>\u00bfPor qu\u00e9 nos averg\u00fcenza tanto el sentirnos santandereanos?<\/p>\n<p><strong>&nbsp;<\/strong><\/p>\n<p>\u00bfEs que no hab\u00eda aqu\u00ed mismo, en Santander, una empresa capaz de remodelar el parque?<\/p>\n<p><strong>&nbsp;<\/strong><\/p>\n<p><img loading=\"lazy\" decoding=\"async\" class=\"aligncenter size-full wp-image-3516\" title=\"Parque Santander II\" src=\"https:\/\/lapiedrafilosofal.com\/wp-content\/uploads\/2012\/04\/Parque-Santander-II.jpg\" alt=\"\" width=\"600\" height=\"400\" srcset=\"https:\/\/oscarhumbertogomez.com\/wp-content\/uploads\/2012\/04\/Parque-Santander-II.jpg 600w, https:\/\/oscarhumbertogomez.com\/wp-content\/uploads\/2012\/04\/Parque-Santander-II-300x200.jpg 300w\" sizes=\"auto, (max-width: 600px) 100vw, 600px\" \/><\/p>\n<p><strong>&nbsp;<\/strong><\/p>\n<p>El exalcalde del hermano municipio de Tona \/ Santander don <strong>Alberto Fl\u00f3rez Fl\u00f3rez<\/strong>, aquel mandatario que hasta trabajaba gratis, porque su sueldo lo donaba para obras de su terru\u00f1o, y quien hoy se halla dedicado a las letras y a la promoci\u00f3n de la cultura local tonera y santandereana, en medio del respeto y el cari\u00f1o de su pueblo, public\u00f3 en el peri\u00f3dico <em>Vanguardia Liberal <\/em>unos versos de protesta contra este exabrupto -hasta hoy impune- que se cometi\u00f3 en contra del que era uno de los lugares m\u00e1s representativos de &#8220;La Ciudad de los Parques&#8221;. Nuestro portal los reproduce, con la venia de don Alberto, por supuesto:<\/p>\n<p><strong>&nbsp;<\/strong><\/p>\n<p><img loading=\"lazy\" decoding=\"async\" class=\"aligncenter size-full wp-image-3517\" title=\"ALBERTO FL\u00d3REZ\" src=\"https:\/\/lapiedrafilosofal.com\/wp-content\/uploads\/2012\/04\/ALBERTO-FL\u00d3REZ.jpg\" alt=\"\" width=\"320\" height=\"240\" srcset=\"https:\/\/oscarhumbertogomez.com\/wp-content\/uploads\/2012\/04\/ALBERTO-FL\u00d3REZ.jpg 320w, https:\/\/oscarhumbertogomez.com\/wp-content\/uploads\/2012\/04\/ALBERTO-FL\u00d3REZ-300x225.jpg 300w\" sizes=\"auto, (max-width: 320px) 100vw, 320px\" \/><\/p>\n<p><strong>&nbsp;<\/strong><\/p>\n<p>El parque qued\u00f3 muy feo,<br \/>\nnuestro parque Santander,<br \/>\nse acab\u00f3 nuestro paseo<br \/>\nde dialogar y leer.<\/p>\n<p><strong>&nbsp;<\/strong><\/p>\n<p>De est\u00e9tica nada tiene,<br \/>\npara la gente, un tormento;<br \/>\ninvestigarla conviene:<br \/>\nobra fea y de gris cemento.<\/p>\n<p><strong>&nbsp;<\/strong><\/p>\n<p>No hubo concertaci\u00f3n,<br \/>\n\u00a1a la ciudad se respeta!<br \/>\nd\u00edganle a la poblaci\u00f3n:<br \/>\n\u00bfqui\u00e9n dise\u00f1\u00f3 esa banqueta!<\/p>\n<p><strong>&nbsp;<\/strong><\/p>\n<p>\u00a1Cu\u00e1nto dinero invertido!<br \/>\n\u00a1qu\u00e9 obra tan de mal gusto!<br \/>\nesto no tiene sentido,<br \/>\n\u00bfqu\u00e9 se hicieron fuente y busto!<\/p>\n<p><strong>&nbsp;<\/strong><\/p>\n<p>Amerita revisi\u00f3n,<br \/>\ncumpliendo con el deber,<br \/>\nde la ciudad coraz\u00f3n,<br \/>\nnuestro parque Santander.<\/p>\n<p><strong>&nbsp;<\/strong><\/p>\n<p>Que se revise el proyecto<br \/>\npara el parque reformar,<br \/>\nrequiriendo al arquitecto<br \/>\na ver qu\u00e9 puede arreglar.<\/p>\n<p><strong>&nbsp;<\/strong><\/p>\n<p>Que en el parque Santander<br \/>\nhaya mejor estructura:<br \/>\nde nuestro pueblo, el deber;<br \/>\ndel arte, su arquitectura.<\/p>\n<p><strong>&nbsp;<\/strong><\/p>\n<p><strong>&nbsp;<\/strong><\/p>\n","protected":false},"excerpt":{"rendered":"<p>&nbsp; \u00bfQui\u00e9nes fueron los b\u00e1rbaros que autorizaron la criminal tala de treinta y tres \u00e1rboles en el parque Santander de Bucaramanga? \u00bfPor qu\u00e9 era tan estrictamente necesario semejante conspiraci\u00f3n en contra de la naturaleza? &nbsp; \u00bfPor qu\u00e9 era tan indispensable &hellip; <a href=\"https:\/\/oscarhumbertogomez.com\/?p=3514\">Sigue leyendo <span class=\"meta-nav\">&rarr;<\/span><\/a><\/p>\n<div class='heateorSssClear'><\/div><div  class='heateor_sss_sharing_container heateor_sss_horizontal_sharing' heateor-sss-data-href='https:\/\/oscarhumbertogomez.com\/?p=3514'><div class='heateor_sss_sharing_title' style=\"font-weight:bold\" >\u00a1Gracias por compartirla!<\/div><ul class=\"heateor_sss_sharing_ul\"><li class=\"heateorSssSharingRound\"><i style=\"width:35px;height:35px;border-radius:999px;\" alt=\"Facebook\" Title=\"Facebook\" class=\"heateorSssSharing heateorSssFacebookBackground\" onclick='heateorSssPopup(\"https:\/\/www.facebook.com\/sharer\/sharer.php?u=https%3A%2F%2Foscarhumbertogomez.com%2Findex.php%3Frest_route%3D%252Fwp%252Fv2%252Fposts%252F3514\")'><ss style=\"display:block;border-radius:999px;\" class=\"heateorSssSharingSvg heateorSssFacebookSvg\"><\/ss><\/i><\/li><li class=\"heateorSssSharingRound\"><i style=\"width:35px;height:35px;border-radius:999px;\" alt=\"Twitter\" Title=\"Twitter\" class=\"heateorSssSharing heateorSssTwitterBackground\" onclick='heateorSssPopup(\"http:\/\/twitter.com\/intent\/tweet?text=%C2%BFQui%C3%A9nes%20est%C3%A1n%20detr%C3%A1s%20del%20crimen%20ecol%C3%B3gico%20contra%20el%20parque%20Santander%20de%20Bucaramanga%3F%20Por%20%C3%93scar%20Humberto%20G%C3%B3mez%20G%C3%B3mez&url=https%3A%2F%2Foscarhumbertogomez.com%2Findex.php%3Frest_route%3D%252Fwp%252Fv2%252Fposts%252F3514\")'><ss style=\"display:block;border-radius:999px;\" class=\"heateorSssSharingSvg heateorSssTwitterSvg\"><\/ss><\/i><\/li><li class=\"heateorSssSharingRound\"><i style=\"width:35px;height:35px;border-radius:999px;\" alt=\"Whatsapp\" Title=\"Whatsapp\" class=\"heateorSssSharing heateorSssWhatsappBackground\" onclick='heateorSssPopup(\"https:\/\/web.whatsapp.com\/send?text=%C2%BFQui%C3%A9nes%20est%C3%A1n%20detr%C3%A1s%20del%20crimen%20ecol%C3%B3gico%20contra%20el%20parque%20Santander%20de%20Bucaramanga%3F%20Por%20%C3%93scar%20Humberto%20G%C3%B3mez%20G%C3%B3mez https%3A%2F%2Foscarhumbertogomez.com%2Findex.php%3Frest_route%3D%252Fwp%252Fv2%252Fposts%252F3514\")'><ss style=\"display:block\" class=\"heateorSssSharingSvg heateorSssWhatsappSvg\"><\/ss><\/i><\/li><li class=\"heateorSssSharingRound\"><i style=\"width:35px;height:35px;border-radius:999px;\" alt=\"Pinterest\" Title=\"Pinterest\" class=\"heateorSssSharing heateorSssPinterestBackground\" onclick=\"javascript:void( (function() {var e=document.createElement('script' );e.setAttribute('type','text\/javascript' );e.setAttribute('charset','UTF-8' );e.setAttribute('src','\/\/assets.pinterest.com\/js\/pinmarklet.js?r='+Math.random()*99999999);document.body.appendChild(e)})());\"><ss style=\"display:block;border-radius:999px;\" class=\"heateorSssSharingSvg heateorSssPinterestSvg\"><\/ss><\/i><\/li><li class=\"heateorSssSharingRound\"><i style=\"width:35px;height:35px;border-radius:999px;\" alt=\"Google Gmail\" Title=\"Google Gmail\" class=\"heateorSssSharing heateorSssGoogleGmailBackground\" onclick='heateorSssPopup(\"https:\/\/mail.google.com\/mail\/?ui=2&view=cm&fs=1&tf=1&su=%C2%BFQui%C3%A9nes%20est%C3%A1n%20detr%C3%A1s%20del%20crimen%20ecol%C3%B3gico%20contra%20el%20parque%20Santander%20de%20Bucaramanga%3F%20Por%20%C3%93scar%20Humberto%20G%C3%B3mez%20G%C3%B3mez&body=Link:https%3A%2F%2Foscarhumbertogomez.com%2Findex.php%3Frest_route%3D%252Fwp%252Fv2%252Fposts%252F3514\")'><ss style=\"display:block;border-radius:999px;\" class=\"heateorSssSharingSvg heateorSssGoogleGmailSvg\"><\/ss><\/i><\/li><li class=\"heateorSssSharingRound\"><i style=\"width:35px;height:35px;border-radius:999px;\" title=\"More\" alt=\"More\" class=\"heateorSssSharing heateorSssMoreBackground\" onclick=\"heateorSssMoreSharingPopup(this, 'https:\/\/oscarhumbertogomez.com\/index.php?rest_route=%2Fwp%2Fv2%2Fposts%2F3514', '%C2%BFQui%C3%A9nes%20est%C3%A1n%20detr%C3%A1s%20del%20crimen%20ecol%C3%B3gico%20contra%20el%20parque%20Santander%20de%20Bucaramanga%3F%20Por%20%C3%93scar%20Humberto%20G%C3%B3mez%20G%C3%B3mez', '' )\" ><ss style=\"display:block\" class=\"heateorSssSharingSvg heateorSssMoreSvg\"><\/ss><\/i><\/li><\/ul><div class=\"heateorSssClear\"><\/div><\/div><div class='heateorSssClear'><\/div>","protected":false},"author":2,"featured_media":0,"comment_status":"open","ping_status":"open","sticky":false,"template":"","format":"standard","meta":{"spay_email":"","footnotes":""},"categories":[18],"tags":[],"class_list":["post-3514","post","type-post","status-publish","format-standard","hentry","category-ecologia"],"jetpack_featured_media_url":"","jetpack_shortlink":"https:\/\/wp.me\/p1FYrr-UG","_links":{"self":[{"href":"https:\/\/oscarhumbertogomez.com\/index.php?rest_route=\/wp\/v2\/posts\/3514","targetHints":{"allow":["GET"]}}],"collection":[{"href":"https:\/\/oscarhumbertogomez.com\/index.php?rest_route=\/wp\/v2\/posts"}],"about":[{"href":"https:\/\/oscarhumbertogomez.com\/index.php?rest_route=\/wp\/v2\/types\/post"}],"author":[{"embeddable":true,"href":"https:\/\/oscarhumbertogomez.com\/index.php?rest_route=\/wp\/v2\/users\/2"}],"replies":[{"embeddable":true,"href":"https:\/\/oscarhumbertogomez.com\/index.php?rest_route=%2Fwp%2Fv2%2Fcomments&post=3514"}],"version-history":[{"count":5,"href":"https:\/\/oscarhumbertogomez.com\/index.php?rest_route=\/wp\/v2\/posts\/3514\/revisions"}],"predecessor-version":[{"id":46709,"href":"https:\/\/oscarhumbertogomez.com\/index.php?rest_route=\/wp\/v2\/posts\/3514\/revisions\/46709"}],"wp:attachment":[{"href":"https:\/\/oscarhumbertogomez.com\/index.php?rest_route=%2Fwp%2Fv2%2Fmedia&parent=3514"}],"wp:term":[{"taxonomy":"category","embeddable":true,"href":"https:\/\/oscarhumbertogomez.com\/index.php?rest_route=%2Fwp%2Fv2%2Fcategories&post=3514"},{"taxonomy":"post_tag","embeddable":true,"href":"https:\/\/oscarhumbertogomez.com\/index.php?rest_route=%2Fwp%2Fv2%2Ftags&post=3514"}],"curies":[{"name":"wp","href":"https:\/\/api.w.org\/{rel}","templated":true}]}}