{"id":35285,"date":"2020-09-24T09:54:33","date_gmt":"2020-09-24T14:54:33","guid":{"rendered":"http:\/\/www.oscarhumbertogomez.com\/?p=35285"},"modified":"2025-04-04T21:43:40","modified_gmt":"2025-04-05T02:43:40","slug":"la-paila-gocha-una-justicia-selectiva-por-el-diablillo-del-parnaso","status":"publish","type":"post","link":"https:\/\/oscarhumbertogomez.com\/?p=35285","title":{"rendered":"La paila gocha \/\/ \u00bfUNA JUSTICIA SELECTIVA? Por El Diablillo del Parnaso"},"content":{"rendered":"<p><a href=\"https:\/\/lapiedrafilosofal.com\/wp-content\/uploads\/2014\/07\/diablillo.jpg\"><img loading=\"lazy\" decoding=\"async\" class=\"aligncenter size-full wp-image-12793\" src=\"https:\/\/lapiedrafilosofal.com\/wp-content\/uploads\/2014\/07\/diablillo.jpg\" alt=\"\" width=\"100\" height=\"122\"><\/a><\/p>\n<p>&nbsp;<\/p>\n<p><strong>La Sala Plena del Consejo de Estado conden\u00f3 a la Naci\u00f3n por el secuestro y posterior asesinato de los diputados del Valle a manos de las FARC.<\/strong><\/p>\n<p>&nbsp;<\/p>\n<p><a href=\"https:\/\/lapiedrafilosofal.com\/wp-content\/uploads\/2014\/07\/diablillo.jpg\"><img loading=\"lazy\" decoding=\"async\" class=\"aligncenter size-full wp-image-12793\" src=\"https:\/\/lapiedrafilosofal.com\/wp-content\/uploads\/2014\/07\/diablillo.jpg\" alt=\"\" width=\"100\" height=\"122\"><\/a><\/p>\n<p>&nbsp;<\/p>\n<p>Andan despistados, sin embargo, los que creen que se trat\u00f3 de una acci\u00f3n de reparaci\u00f3n directa com\u00fan y corriente. No, no hay tal: se trat\u00f3 de una acci\u00f3n de grupo. Fue eso, precisamente, lo que permiti\u00f3 que se diera en ese sonado caso una verdadera tercera instancia. Es decir, justamente aquella tercera instancia cuya supuesta b\u00fasqueda tanto se les critica a los an\u00f3nimos colombianos humildes y ajenos a la figuraci\u00f3n pol\u00edtica que, completamente en solitario y en casos que no suenan, tratan de lograr, por la v\u00eda de la tutela, que al menos una subsecci\u00f3n de una secci\u00f3n del Consejo de Estado examine la sentencia que, en su proceso de reparaci\u00f3n directa, ha proferido un tribunal administrativo y que los ha dejado sin sus aspiraciones indemnizatorias.<\/p>\n<p>&nbsp;<\/p>\n<p><a href=\"https:\/\/lapiedrafilosofal.com\/wp-content\/uploads\/2014\/07\/diablillo.jpg\"><img loading=\"lazy\" decoding=\"async\" class=\"aligncenter size-full wp-image-12793\" src=\"https:\/\/lapiedrafilosofal.com\/wp-content\/uploads\/2014\/07\/diablillo.jpg\" alt=\"\" width=\"100\" height=\"122\"><\/a><\/p>\n<p>&nbsp;<\/p>\n<p><strong>En efecto, en el caso de los pol\u00edticos vallecaucanos ya hab\u00eda dictado sentencia un juzgado administrativo en primera instancia y ya hab\u00eda habido, igualmente, una sentencia de tribunal administrativo en segunda instancia. Es decir, el proceso como tal ya se hab\u00eda acabado. Pues bien: a los damnificados con aquel sonado hecho se les hab\u00edan denegado sus pretensiones. Hasta aqu\u00ed les llega a los colombianos del com\u00fan \u2014en la pr\u00e1ctica\u2014 su aspiraci\u00f3n de justicia. <\/strong><\/p>\n<p>&nbsp;<\/p>\n<p><a href=\"https:\/\/lapiedrafilosofal.com\/wp-content\/uploads\/2014\/07\/diablillo.jpg\"><img loading=\"lazy\" decoding=\"async\" class=\"aligncenter size-full wp-image-12793\" src=\"https:\/\/lapiedrafilosofal.com\/wp-content\/uploads\/2014\/07\/diablillo.jpg\" alt=\"\" width=\"100\" height=\"122\"><\/a><\/p>\n<p>&nbsp;<\/p>\n<p>En el caso de los pol\u00edticos vallecaucanos la cosa fue totalmente distinta. En ese sonado caso, a los demandantes, que ya hab\u00edan perdido el pleito, les apareci\u00f3 el salvavidas: el Consejo de Estado ten\u00eda la potestad de revisar el asunto, incluso sin que siquiera se lo solicitaran, y decidi\u00f3 hacerlo, con el resultado ya conocido.<\/p>\n<p>&nbsp;<\/p>\n<p><a href=\"https:\/\/lapiedrafilosofal.com\/wp-content\/uploads\/2014\/07\/diablillo.jpg\"><img loading=\"lazy\" decoding=\"async\" class=\"aligncenter size-full wp-image-12793\" src=\"https:\/\/lapiedrafilosofal.com\/wp-content\/uploads\/2014\/07\/diablillo.jpg\" alt=\"\" width=\"100\" height=\"122\"><\/a><\/p>\n<p>&nbsp;<\/p>\n<p><strong>No han corrido semejante suerte, en cambio, colombianos an\u00f3nimos que han demandado por la muerte de seres queridos tan an\u00f3nimos como ellos. &#8220;Lo que pretende el recurrente es una tercera instancia&#8221;, les ha repetido el Consejo de Estado a esos ciudadanos del com\u00fan cuando han acudido, v\u00eda tutela, ante esa corporaci\u00f3n en casos similares. De hecho, durante veinte a\u00f1os les rechaz\u00f3 sus demandas de tutela sin siquiera estudiar el fondo de ellas, \u00fanicamente con el repetido argumento de que toda tutela en contra de una sentencia judicial era improcedente. <\/strong><\/p>\n<p>&nbsp;<\/p>\n<p><a href=\"https:\/\/lapiedrafilosofal.com\/wp-content\/uploads\/2014\/07\/diablillo.jpg\"><img loading=\"lazy\" decoding=\"async\" class=\"aligncenter size-full wp-image-12793\" src=\"https:\/\/lapiedrafilosofal.com\/wp-content\/uploads\/2014\/07\/diablillo.jpg\" alt=\"\" width=\"100\" height=\"122\"><\/a><\/p>\n<p>&nbsp;<\/p>\n<p>Ello le sucedi\u00f3, pongamos por caso, a una an\u00f3nima joven madre cabeza de familia de Bucaramanga que, por hacerse vacunar en una jornada de vacunaci\u00f3n masiva, termin\u00f3 con uno de sus brazos afectado, su trabajo perdido, su hogar destruido y vi\u00e9ndose obligada a irse ilegalmente para el Per\u00fa en busca de un mejor destino. Adem\u00e1s de una reprimenda, lo que le dijo el Consejo de Estado fue que en Colombia no exist\u00eda tercera instancia.<\/p>\n<p>&nbsp;<\/p>\n<p><a href=\"https:\/\/lapiedrafilosofal.com\/wp-content\/uploads\/2014\/07\/diablillo.jpg\"><img loading=\"lazy\" decoding=\"async\" class=\"aligncenter size-full wp-image-12793\" src=\"https:\/\/lapiedrafilosofal.com\/wp-content\/uploads\/2014\/07\/diablillo.jpg\" alt=\"\" width=\"100\" height=\"122\"><\/a><\/p>\n<p>&nbsp;<\/p>\n<p><strong>Pues, as\u00ed se quiera aseverar lo contrario, en el caso de los diputados del Valle del Cauca lo que hubo no fue otra cosa que, precisamente, una tercera instancia.<\/strong><\/p>\n<p>&nbsp;<\/p>\n<p><a href=\"https:\/\/lapiedrafilosofal.com\/wp-content\/uploads\/2014\/07\/diablillo.jpg\"><img loading=\"lazy\" decoding=\"async\" class=\"aligncenter size-full wp-image-12793\" src=\"https:\/\/lapiedrafilosofal.com\/wp-content\/uploads\/2014\/07\/diablillo.jpg\" alt=\"\" width=\"100\" height=\"122\"><\/a><\/p>\n<p>&nbsp;<\/p>\n<p>El parecido de los dos casos no puede ser m\u00e1s claro: en el caso de la solitaria y an\u00f3nima joven madre bumanguesa un juzgado administrativo de Bucaramanga hab\u00eda dictado en primera instancia sentencia condenatoria mientras que en el caso de los diputados del Valle un juzgado administrativo de Cali tambi\u00e9n hab\u00eda dictado en primera instancia sentencia condenatoria.<\/p>\n<p>&nbsp;<\/p>\n<p><a href=\"https:\/\/lapiedrafilosofal.com\/wp-content\/uploads\/2014\/07\/diablillo.jpg\"><img loading=\"lazy\" decoding=\"async\" class=\"aligncenter size-full wp-image-12793\" src=\"https:\/\/lapiedrafilosofal.com\/wp-content\/uploads\/2014\/07\/diablillo.jpg\" alt=\"\" width=\"100\" height=\"122\"><\/a><\/p>\n<p>&nbsp;<\/p>\n<p>Y<strong>, de igual manera, en el caso de la solitaria y an\u00f3nima joven madre bumanguesa el Tribunal Administrativo de Santander hab\u00eda revocado el fallo condenatorio del juzgado y denegado las pretensiones de la parte demandante mientras que en el caso de los pol\u00edticos del Valle tambi\u00e9n el Tribunal Administrativo del Valle hab\u00eda revocado el fallo condenatorio del juzgado y denegado las pretensiones de la parte demandante.<\/strong><\/p>\n<p>&nbsp;<\/p>\n<p><a href=\"https:\/\/lapiedrafilosofal.com\/wp-content\/uploads\/2014\/07\/diablillo.jpg\"><img loading=\"lazy\" decoding=\"async\" class=\"aligncenter size-full wp-image-12793\" src=\"https:\/\/lapiedrafilosofal.com\/wp-content\/uploads\/2014\/07\/diablillo.jpg\" alt=\"\" width=\"100\" height=\"122\"><\/a><\/p>\n<p>&nbsp;<\/p>\n<p>La diferencia entre los dos casos \u2014el sonado y el an\u00f3nimo\u2014 radic\u00f3 en que mientras los familiares de los pol\u00edticos lograron que el Consejo de Estado se interesara en revisar la sentencia del tribunal, la solitaria madre cabeza de familia no logr\u00f3 lo mismo cuando acudi\u00f3 ante esa corporaci\u00f3n en ejercicio de la acci\u00f3n de tutela. Por el contrario, lo que le dijo el Consejo de Estado fue que, por esa v\u00eda, no pod\u00eda pretender una tercera instancia y que el Consejo de Estado ten\u00eda que respetar la valoraci\u00f3n que el tribunal hab\u00eda hecho de las pruebas y la decisi\u00f3n que hab\u00eda tomado acerca del caso, porque eso estaba dentro del margen de discrecionalidad que los jueces ten\u00edan para resolver los casos sometidos a su consideraci\u00f3n.<\/p>\n<p>&nbsp;<\/p>\n<p><a href=\"https:\/\/lapiedrafilosofal.com\/wp-content\/uploads\/2014\/07\/diablillo.jpg\"><img loading=\"lazy\" decoding=\"async\" class=\"aligncenter size-full wp-image-12793\" src=\"https:\/\/lapiedrafilosofal.com\/wp-content\/uploads\/2014\/07\/diablillo.jpg\" alt=\"\" width=\"100\" height=\"122\"><\/a><\/p>\n<p>&nbsp;<\/p>\n<p><strong>La Corte Constitucional puede, igualmente, seleccionar libremente las tutelas que quiera para revisi\u00f3n, tal y como lo hizo, pongamos por caso, con la del ex ministro Andr\u00e9s Felipe Arias. La tutela de la an\u00f3nima joven madre no la seleccion\u00f3.<\/strong><\/p>\n<p>&nbsp;<\/p>\n<p><a href=\"https:\/\/lapiedrafilosofal.com\/wp-content\/uploads\/2014\/07\/diablillo.jpg\"><img loading=\"lazy\" decoding=\"async\" class=\"aligncenter size-full wp-image-12793\" src=\"https:\/\/lapiedrafilosofal.com\/wp-content\/uploads\/2014\/07\/diablillo.jpg\" alt=\"\" width=\"100\" height=\"122\"><\/a><\/p>\n<p>&nbsp;<\/p>\n<p>En fin, lamentablemente, da la impresi\u00f3n de que las nuevas acciones consagradas en la Constituci\u00f3n de 1991 \u2014la acci\u00f3n de tutela y la acci\u00f3n de grupo\u2014 est\u00e1n generando una justicia selectiva.<\/p>\n<p>&nbsp;<\/p>\n<p><a href=\"https:\/\/lapiedrafilosofal.com\/wp-content\/uploads\/2014\/07\/diablillo.jpg\"><img loading=\"lazy\" decoding=\"async\" class=\"aligncenter size-full wp-image-12793\" src=\"https:\/\/lapiedrafilosofal.com\/wp-content\/uploads\/2014\/07\/diablillo.jpg\" alt=\"\" width=\"100\" height=\"122\"><\/a><\/p>\n<p>&nbsp;<\/p>\n<p><strong>Una justicia selectiva en la que, m\u00e1s all\u00e1 del ropaje argumentativo de car\u00e1cter jur\u00eddico, el hecho de ser pol\u00edtico y el hecho de no serlo parecieran marcar la diferencia.<\/strong><\/p>\n<p>&nbsp;<\/p>\n<p><a href=\"https:\/\/lapiedrafilosofal.com\/wp-content\/uploads\/2014\/07\/diablillo.jpg\"><img loading=\"lazy\" decoding=\"async\" class=\"aligncenter size-full wp-image-12793\" src=\"https:\/\/lapiedrafilosofal.com\/wp-content\/uploads\/2014\/07\/diablillo.jpg\" alt=\"\" width=\"100\" height=\"122\"><\/a><\/p>\n<p>&nbsp;<\/p>\n","protected":false},"excerpt":{"rendered":"<p>&nbsp; La Sala Plena del Consejo de Estado conden\u00f3 a la Naci\u00f3n por el secuestro y posterior asesinato de los diputados del Valle a manos de las FARC. &nbsp; &nbsp; Andan despistados, sin embargo, los que creen que se trat\u00f3 &hellip; <a href=\"https:\/\/oscarhumbertogomez.com\/?p=35285\">Sigue leyendo <span class=\"meta-nav\">&rarr;<\/span><\/a><\/p>\n<div class='heateorSssClear'><\/div><div  class='heateor_sss_sharing_container heateor_sss_horizontal_sharing' heateor-sss-data-href='https:\/\/oscarhumbertogomez.com\/?p=35285'><div class='heateor_sss_sharing_title' style=\"font-weight:bold\" >\u00a1Gracias por compartirla!<\/div><ul class=\"heateor_sss_sharing_ul\"><li class=\"heateorSssSharingRound\"><i style=\"width:35px;height:35px;border-radius:999px;\" alt=\"Facebook\" Title=\"Facebook\" class=\"heateorSssSharing heateorSssFacebookBackground\" onclick='heateorSssPopup(\"https:\/\/www.facebook.com\/sharer\/sharer.php?u=https%3A%2F%2Foscarhumbertogomez.com%2Findex.php%3Frest_route%3D%252Fwp%252Fv2%252Fposts%252F35285\")'><ss style=\"display:block;border-radius:999px;\" class=\"heateorSssSharingSvg heateorSssFacebookSvg\"><\/ss><\/i><\/li><li class=\"heateorSssSharingRound\"><i style=\"width:35px;height:35px;border-radius:999px;\" alt=\"Twitter\" Title=\"Twitter\" class=\"heateorSssSharing heateorSssTwitterBackground\" onclick='heateorSssPopup(\"http:\/\/twitter.com\/intent\/tweet?text=La%20paila%20gocha%20%2F%2F%20%C2%BFUNA%20JUSTICIA%20SELECTIVA%3F%20Por%20El%20Diablillo%20del%20Parnaso&url=https%3A%2F%2Foscarhumbertogomez.com%2Findex.php%3Frest_route%3D%252Fwp%252Fv2%252Fposts%252F35285\")'><ss style=\"display:block;border-radius:999px;\" class=\"heateorSssSharingSvg heateorSssTwitterSvg\"><\/ss><\/i><\/li><li class=\"heateorSssSharingRound\"><i style=\"width:35px;height:35px;border-radius:999px;\" alt=\"Whatsapp\" Title=\"Whatsapp\" class=\"heateorSssSharing heateorSssWhatsappBackground\" onclick='heateorSssPopup(\"https:\/\/web.whatsapp.com\/send?text=La%20paila%20gocha%20%2F%2F%20%C2%BFUNA%20JUSTICIA%20SELECTIVA%3F%20Por%20El%20Diablillo%20del%20Parnaso https%3A%2F%2Foscarhumbertogomez.com%2Findex.php%3Frest_route%3D%252Fwp%252Fv2%252Fposts%252F35285\")'><ss style=\"display:block\" class=\"heateorSssSharingSvg heateorSssWhatsappSvg\"><\/ss><\/i><\/li><li class=\"heateorSssSharingRound\"><i style=\"width:35px;height:35px;border-radius:999px;\" alt=\"Pinterest\" Title=\"Pinterest\" class=\"heateorSssSharing heateorSssPinterestBackground\" onclick=\"javascript:void( (function() {var e=document.createElement('script' );e.setAttribute('type','text\/javascript' );e.setAttribute('charset','UTF-8' );e.setAttribute('src','\/\/assets.pinterest.com\/js\/pinmarklet.js?r='+Math.random()*99999999);document.body.appendChild(e)})());\"><ss style=\"display:block;border-radius:999px;\" class=\"heateorSssSharingSvg heateorSssPinterestSvg\"><\/ss><\/i><\/li><li class=\"heateorSssSharingRound\"><i style=\"width:35px;height:35px;border-radius:999px;\" alt=\"Google Gmail\" Title=\"Google Gmail\" class=\"heateorSssSharing heateorSssGoogleGmailBackground\" onclick='heateorSssPopup(\"https:\/\/mail.google.com\/mail\/?ui=2&view=cm&fs=1&tf=1&su=La%20paila%20gocha%20%2F%2F%20%C2%BFUNA%20JUSTICIA%20SELECTIVA%3F%20Por%20El%20Diablillo%20del%20Parnaso&body=Link:https%3A%2F%2Foscarhumbertogomez.com%2Findex.php%3Frest_route%3D%252Fwp%252Fv2%252Fposts%252F35285\")'><ss style=\"display:block;border-radius:999px;\" class=\"heateorSssSharingSvg heateorSssGoogleGmailSvg\"><\/ss><\/i><\/li><li class=\"heateorSssSharingRound\"><i style=\"width:35px;height:35px;border-radius:999px;\" title=\"More\" alt=\"More\" class=\"heateorSssSharing heateorSssMoreBackground\" onclick=\"heateorSssMoreSharingPopup(this, 'https:\/\/oscarhumbertogomez.com\/index.php?rest_route=%2Fwp%2Fv2%2Fposts%2F35285', 'La%20paila%20gocha%20%2F%2F%20%C2%BFUNA%20JUSTICIA%20SELECTIVA%3F%20Por%20El%20Diablillo%20del%20Parnaso', '' )\" ><ss style=\"display:block\" class=\"heateorSssSharingSvg heateorSssMoreSvg\"><\/ss><\/i><\/li><\/ul><div class=\"heateorSssClear\"><\/div><\/div><div class='heateorSssClear'><\/div>","protected":false},"author":2,"featured_media":0,"comment_status":"closed","ping_status":"closed","sticky":false,"template":"","format":"standard","meta":{"spay_email":"","footnotes":""},"categories":[1],"tags":[],"class_list":["post-35285","post","type-post","status-publish","format-standard","hentry","category-blog"],"jetpack_featured_media_url":"","jetpack_shortlink":"https:\/\/wp.me\/p1FYrr-9b7","_links":{"self":[{"href":"https:\/\/oscarhumbertogomez.com\/index.php?rest_route=\/wp\/v2\/posts\/35285","targetHints":{"allow":["GET"]}}],"collection":[{"href":"https:\/\/oscarhumbertogomez.com\/index.php?rest_route=\/wp\/v2\/posts"}],"about":[{"href":"https:\/\/oscarhumbertogomez.com\/index.php?rest_route=\/wp\/v2\/types\/post"}],"author":[{"embeddable":true,"href":"https:\/\/oscarhumbertogomez.com\/index.php?rest_route=\/wp\/v2\/users\/2"}],"replies":[{"embeddable":true,"href":"https:\/\/oscarhumbertogomez.com\/index.php?rest_route=%2Fwp%2Fv2%2Fcomments&post=35285"}],"version-history":[{"count":5,"href":"https:\/\/oscarhumbertogomez.com\/index.php?rest_route=\/wp\/v2\/posts\/35285\/revisions"}],"predecessor-version":[{"id":53581,"href":"https:\/\/oscarhumbertogomez.com\/index.php?rest_route=\/wp\/v2\/posts\/35285\/revisions\/53581"}],"wp:attachment":[{"href":"https:\/\/oscarhumbertogomez.com\/index.php?rest_route=%2Fwp%2Fv2%2Fmedia&parent=35285"}],"wp:term":[{"taxonomy":"category","embeddable":true,"href":"https:\/\/oscarhumbertogomez.com\/index.php?rest_route=%2Fwp%2Fv2%2Fcategories&post=35285"},{"taxonomy":"post_tag","embeddable":true,"href":"https:\/\/oscarhumbertogomez.com\/index.php?rest_route=%2Fwp%2Fv2%2Ftags&post=35285"}],"curies":[{"name":"wp","href":"https:\/\/api.w.org\/{rel}","templated":true}]}}