{"id":35446,"date":"2020-10-06T18:04:05","date_gmt":"2020-10-06T23:04:05","guid":{"rendered":"http:\/\/www.oscarhumbertogomez.com\/?p=35446"},"modified":"2025-04-04T21:45:05","modified_gmt":"2025-04-05T02:45:05","slug":"la-paila-gocha-a-odiarnos-se-dijo-por-el-diablillo-del-parnaso","status":"publish","type":"post","link":"https:\/\/oscarhumbertogomez.com\/?p=35446","title":{"rendered":"La paila gocha \/\/ \u00a1\u00a1\u00a1 A ODIARNOS SE DIJO !!! Por El Diablillo del Parnaso"},"content":{"rendered":"<p><a href=\"https:\/\/lapiedrafilosofal.com\/wp-content\/uploads\/2014\/07\/diablillo11.jpg\" rel=\"attachment wp-att-12808\"><img loading=\"lazy\" decoding=\"async\" class=\"aligncenter size-full wp-image-12808\" src=\"https:\/\/lapiedrafilosofal.com\/wp-content\/uploads\/2014\/07\/diablillo11.jpg\" alt=\"diablillo\" width=\"100\" height=\"122\"><\/a><\/p>\n<p>&nbsp;<\/p>\n<p><strong>Antes de que pudieran prenderles el covid en el cuerpo, ya muchos colombianos se hab\u00edan dejado prender el odio en el alma.<\/strong><\/p>\n<p>&nbsp;<\/p>\n<p><a href=\"https:\/\/lapiedrafilosofal.com\/wp-content\/uploads\/2014\/07\/diablillo11.jpg\" rel=\"attachment wp-att-12808\"><img loading=\"lazy\" decoding=\"async\" class=\"aligncenter size-full wp-image-12808\" src=\"https:\/\/lapiedrafilosofal.com\/wp-content\/uploads\/2014\/07\/diablillo11.jpg\" alt=\"diablillo\" width=\"100\" height=\"122\"><\/a><\/p>\n<p>&nbsp;<\/p>\n<p>La llegada a nuestro pa\u00eds (igual que al planeta) de las llamadas \u201credes sociales\u201d, como Twitter, Facebook, Instagram y WhatsApp, lo que hizo fue desnudar la esencia belicista de un considerable sector de los colombianos en contra de sus propios compatriotas.<\/p>\n<p>&nbsp;<\/p>\n<p><a href=\"https:\/\/lapiedrafilosofal.com\/wp-content\/uploads\/2014\/07\/diablillo11.jpg\" rel=\"attachment wp-att-12808\"><img loading=\"lazy\" decoding=\"async\" class=\"aligncenter size-full wp-image-12808\" src=\"https:\/\/lapiedrafilosofal.com\/wp-content\/uploads\/2014\/07\/diablillo11.jpg\" alt=\"diablillo\" width=\"100\" height=\"122\"><\/a><\/p>\n<p>&nbsp;<\/p>\n<p><strong>Esencia t\u00f3xica esta que pareciera ser parte de su informaci\u00f3n gen\u00e9tica.<\/strong><\/p>\n<p>&nbsp;<\/p>\n<p><a href=\"https:\/\/lapiedrafilosofal.com\/wp-content\/uploads\/2014\/07\/diablillo11.jpg\" rel=\"attachment wp-att-12808\"><img loading=\"lazy\" decoding=\"async\" class=\"aligncenter size-full wp-image-12808\" src=\"https:\/\/lapiedrafilosofal.com\/wp-content\/uploads\/2014\/07\/diablillo11.jpg\" alt=\"diablillo\" width=\"100\" height=\"122\"><\/a><\/p>\n<p>&nbsp;<\/p>\n<p>Es triste observar a amigos de uno, a familiares de uno, a colegas de uno y a vecinos de uno odi\u00e1ndose entre ellos.<\/p>\n<p>&nbsp;<\/p>\n<p><a href=\"https:\/\/lapiedrafilosofal.com\/wp-content\/uploads\/2014\/07\/diablillo11.jpg\" rel=\"attachment wp-att-12808\"><img loading=\"lazy\" decoding=\"async\" class=\"aligncenter size-full wp-image-12808\" src=\"https:\/\/lapiedrafilosofal.com\/wp-content\/uploads\/2014\/07\/diablillo11.jpg\" alt=\"diablillo\" width=\"100\" height=\"122\"><\/a><\/p>\n<p>&nbsp;<\/p>\n<p><strong>Es de suponer que tambi\u00e9n lo odien a uno, as\u00ed nunca se lo hayan expresado.<\/strong><\/p>\n<p>&nbsp;<\/p>\n<p><a href=\"https:\/\/lapiedrafilosofal.com\/wp-content\/uploads\/2014\/07\/diablillo11.jpg\" rel=\"attachment wp-att-12808\"><img loading=\"lazy\" decoding=\"async\" class=\"aligncenter size-full wp-image-12808\" src=\"https:\/\/lapiedrafilosofal.com\/wp-content\/uploads\/2014\/07\/diablillo11.jpg\" alt=\"diablillo\" width=\"100\" height=\"122\"><\/a><\/p>\n<p>&nbsp;<\/p>\n<p>Es lamentable que ahora tengamos que tratar a los amigos, a los familiares y a los vecinos por separado.<\/p>\n<p>&nbsp;<\/p>\n<p><a href=\"https:\/\/lapiedrafilosofal.com\/wp-content\/uploads\/2014\/07\/diablillo11.jpg\" rel=\"attachment wp-att-12808\"><img loading=\"lazy\" decoding=\"async\" class=\"aligncenter size-full wp-image-12808\" src=\"https:\/\/lapiedrafilosofal.com\/wp-content\/uploads\/2014\/07\/diablillo11.jpg\" alt=\"diablillo\" width=\"100\" height=\"122\"><\/a><\/p>\n<p>&nbsp;<\/p>\n<p><strong>Y es que se volvi\u00f3 una haza\u00f1a casi imposible hasta la de crear un \u201cgrupo\u201d de amigos en la Red sin el riesgo de que alguno lo abandone al poco tiempo -incluso el mismo d\u00eda de su \u201cinauguraci\u00f3n\u201d- dando un portazo.<\/strong><\/p>\n<p>&nbsp;<\/p>\n<p><a href=\"https:\/\/lapiedrafilosofal.com\/wp-content\/uploads\/2014\/07\/diablillo11.jpg\" rel=\"attachment wp-att-12808\"><img loading=\"lazy\" decoding=\"async\" class=\"aligncenter size-full wp-image-12808\" src=\"https:\/\/lapiedrafilosofal.com\/wp-content\/uploads\/2014\/07\/diablillo11.jpg\" alt=\"diablillo\" width=\"100\" height=\"122\"><\/a><\/p>\n<p>&nbsp;<\/p>\n<p>Se vinieron en barrena -y entraron en franca crisis- valores hermosos que ayer nos enaltec\u00edan como sociedad, nos prodigaban alegr\u00eda y nos insuflaban una visi\u00f3n optimista de la vida y del futuro: la amistad, la buena vecindad, el compa\u00f1erismo, la fraternidad, la familia, el respeto, la conversaci\u00f3n, la tertulia, la libertad de pensamiento, de conciencia y de expresi\u00f3n, la sensibilidad humana, la solidaridad con los que sufren, la sencillez, la empat\u00eda, y, en fin, un largo y plausible etc\u00e9tera.<\/p>\n<p>&nbsp;<\/p>\n<p><a href=\"https:\/\/lapiedrafilosofal.com\/wp-content\/uploads\/2014\/07\/diablillo11.jpg\" rel=\"attachment wp-att-12808\"><img loading=\"lazy\" decoding=\"async\" class=\"aligncenter size-full wp-image-12808\" src=\"https:\/\/lapiedrafilosofal.com\/wp-content\/uploads\/2014\/07\/diablillo11.jpg\" alt=\"diablillo\" width=\"100\" height=\"122\"><\/a><\/p>\n<p>&nbsp;<\/p>\n<p><strong>Hoy en d\u00eda, el m\u00e1s m\u00ednimo comentario cr\u00edtico hacia alguien o el m\u00e1s m\u00ednimo reconocimiento a los m\u00e9ritos de otro son reputados de inmediato como simpat\u00eda con la \u201cizquierda\u201d o connivencia con la \u201cderecha\u201d (cuando no con los guerrilleros o con los paramilitares) y propician de una vez el desencadenamiento de la m\u00e1s irreflexiva y virulenta hostilidad.<\/strong><\/p>\n<p>&nbsp;<\/p>\n<p><a href=\"https:\/\/lapiedrafilosofal.com\/wp-content\/uploads\/2014\/07\/diablillo11.jpg\" rel=\"attachment wp-att-12808\"><img loading=\"lazy\" decoding=\"async\" class=\"aligncenter size-full wp-image-12808\" src=\"https:\/\/lapiedrafilosofal.com\/wp-content\/uploads\/2014\/07\/diablillo11.jpg\" alt=\"diablillo\" width=\"100\" height=\"122\"><\/a><\/p>\n<p>&nbsp;<\/p>\n<p>Es como si nadie aceptara que uno tuviese derecho, como persona, a pensar por s\u00ed mismo; es como si ahora se exigiera que los colombianos nos limitemos a calcar, sin el m\u00e1s m\u00ednimo apartamiento, lo que nos dicta un pu\u00f1ado de personajillos de diversas tendencias y con el ego m\u00e1s grande que &#8220;La Sagrada Familia&#8221; de Antoni Gaud\u00ed en Barcelona, quienes se sienten los \u00fanicos poseedores no solo de inteligencia, sino de c\u00e9dula de ciudadan\u00eda.<\/p>\n<p>&nbsp;<\/p>\n<p><a href=\"https:\/\/lapiedrafilosofal.com\/wp-content\/uploads\/2014\/07\/diablillo11.jpg\" rel=\"attachment wp-att-12808\"><img loading=\"lazy\" decoding=\"async\" class=\"aligncenter size-full wp-image-12808\" src=\"https:\/\/lapiedrafilosofal.com\/wp-content\/uploads\/2014\/07\/diablillo11.jpg\" alt=\"diablillo\" width=\"100\" height=\"122\"><\/a><\/p>\n<p>&nbsp;<\/p>\n<p><strong>Lamentablemente, los medios de comunicaci\u00f3n, que deber\u00edan ser nuestros faros orientadores y los divulgadores generosos de las inquietudes que nos asisten como miembros de esta Naci\u00f3n, hoy no son m\u00e1s que trincheras pol\u00edticas, fan\u00e1ticas e intolerantes, y dif\u00edcilmente encuentra uno un columnista de prensa, o un periodista de prensa, de radio, de televisi\u00f3n, o un &#8220;youtuber&#8221;, que no hable destilando odio pol\u00edtico y el m\u00e1s irreflexivo sectarismo; ni mucho menos encuentra uno un interlocutor (periodista o no) a quien le interesen otros temas diferentes a los del mundillo cada vez m\u00e1s insoportable de la politiquer\u00eda partidista.<\/strong><\/p>\n<p>&nbsp;<\/p>\n<p><a href=\"https:\/\/lapiedrafilosofal.com\/wp-content\/uploads\/2014\/07\/diablillo11.jpg\" rel=\"attachment wp-att-12808\"><img loading=\"lazy\" decoding=\"async\" class=\"aligncenter size-full wp-image-12808\" src=\"https:\/\/lapiedrafilosofal.com\/wp-content\/uploads\/2014\/07\/diablillo11.jpg\" alt=\"diablillo\" width=\"100\" height=\"122\"><\/a><\/p>\n<p>&nbsp;<\/p>\n<p>Esa politiquer\u00eda partidista repartidora de odio, que divide a las familias, a los amigos, a las comunidades y a la sociedad toda, y que culpa siempre a los dem\u00e1s de todos los males porque carece del m\u00e1s m\u00ednimo sentido de lo que significa el juicio interno de reproche o la autocr\u00edtica.<\/p>\n<p>&nbsp;<\/p>\n<p><a href=\"https:\/\/lapiedrafilosofal.com\/wp-content\/uploads\/2014\/07\/diablillo11.jpg\" rel=\"attachment wp-att-12808\"><img loading=\"lazy\" decoding=\"async\" class=\"aligncenter size-full wp-image-12808\" src=\"https:\/\/lapiedrafilosofal.com\/wp-content\/uploads\/2014\/07\/diablillo11.jpg\" alt=\"diablillo\" width=\"100\" height=\"122\"><\/a><\/p>\n<p>&nbsp;<\/p>\n<p><strong>En s\u00edntesis, se politiz\u00f3 Colombia.<\/strong><\/p>\n<p>&nbsp;<\/p>\n<p><a href=\"https:\/\/lapiedrafilosofal.com\/wp-content\/uploads\/2014\/07\/diablillo11.jpg\" rel=\"attachment wp-att-12808\"><img loading=\"lazy\" decoding=\"async\" class=\"aligncenter size-full wp-image-12808\" src=\"https:\/\/lapiedrafilosofal.com\/wp-content\/uploads\/2014\/07\/diablillo11.jpg\" alt=\"diablillo\" width=\"100\" height=\"122\"><\/a><\/p>\n<p>&nbsp;<\/p>\n<p>En el peor de los sentidos, por supuesto.<\/p>\n<p>&nbsp;<\/p>\n","protected":false},"excerpt":{"rendered":"<p>&nbsp; Antes de que pudieran prenderles el covid en el cuerpo, ya muchos colombianos se hab\u00edan dejado prender el odio en el alma. &nbsp; &nbsp; La llegada a nuestro pa\u00eds (igual que al planeta) de las llamadas \u201credes sociales\u201d, como &hellip; <a href=\"https:\/\/oscarhumbertogomez.com\/?p=35446\">Sigue leyendo <span class=\"meta-nav\">&rarr;<\/span><\/a><\/p>\n<div class='heateorSssClear'><\/div><div  class='heateor_sss_sharing_container heateor_sss_horizontal_sharing' heateor-sss-data-href='https:\/\/oscarhumbertogomez.com\/?p=35446'><div class='heateor_sss_sharing_title' style=\"font-weight:bold\" >\u00a1Gracias por compartirla!<\/div><ul class=\"heateor_sss_sharing_ul\"><li class=\"heateorSssSharingRound\"><i style=\"width:35px;height:35px;border-radius:999px;\" alt=\"Facebook\" Title=\"Facebook\" class=\"heateorSssSharing heateorSssFacebookBackground\" onclick='heateorSssPopup(\"https:\/\/www.facebook.com\/sharer\/sharer.php?u=https%3A%2F%2Foscarhumbertogomez.com%2Findex.php%3Frest_route%3D%252Fwp%252Fv2%252Fposts%252F35446\")'><ss style=\"display:block;border-radius:999px;\" class=\"heateorSssSharingSvg heateorSssFacebookSvg\"><\/ss><\/i><\/li><li class=\"heateorSssSharingRound\"><i style=\"width:35px;height:35px;border-radius:999px;\" alt=\"Twitter\" Title=\"Twitter\" class=\"heateorSssSharing heateorSssTwitterBackground\" onclick='heateorSssPopup(\"http:\/\/twitter.com\/intent\/tweet?text=La%20paila%20gocha%20%2F%2F%20%C2%A1%C2%A1%C2%A1%20A%20ODIARNOS%20SE%20DIJO%20%21%21%21%20Por%20El%20Diablillo%20del%20Parnaso&url=https%3A%2F%2Foscarhumbertogomez.com%2Findex.php%3Frest_route%3D%252Fwp%252Fv2%252Fposts%252F35446\")'><ss style=\"display:block;border-radius:999px;\" class=\"heateorSssSharingSvg heateorSssTwitterSvg\"><\/ss><\/i><\/li><li class=\"heateorSssSharingRound\"><i style=\"width:35px;height:35px;border-radius:999px;\" alt=\"Whatsapp\" Title=\"Whatsapp\" class=\"heateorSssSharing heateorSssWhatsappBackground\" onclick='heateorSssPopup(\"https:\/\/web.whatsapp.com\/send?text=La%20paila%20gocha%20%2F%2F%20%C2%A1%C2%A1%C2%A1%20A%20ODIARNOS%20SE%20DIJO%20%21%21%21%20Por%20El%20Diablillo%20del%20Parnaso https%3A%2F%2Foscarhumbertogomez.com%2Findex.php%3Frest_route%3D%252Fwp%252Fv2%252Fposts%252F35446\")'><ss style=\"display:block\" class=\"heateorSssSharingSvg heateorSssWhatsappSvg\"><\/ss><\/i><\/li><li class=\"heateorSssSharingRound\"><i style=\"width:35px;height:35px;border-radius:999px;\" alt=\"Pinterest\" Title=\"Pinterest\" class=\"heateorSssSharing heateorSssPinterestBackground\" onclick=\"javascript:void( (function() {var e=document.createElement('script' );e.setAttribute('type','text\/javascript' );e.setAttribute('charset','UTF-8' );e.setAttribute('src','\/\/assets.pinterest.com\/js\/pinmarklet.js?r='+Math.random()*99999999);document.body.appendChild(e)})());\"><ss style=\"display:block;border-radius:999px;\" class=\"heateorSssSharingSvg heateorSssPinterestSvg\"><\/ss><\/i><\/li><li class=\"heateorSssSharingRound\"><i style=\"width:35px;height:35px;border-radius:999px;\" alt=\"Google Gmail\" Title=\"Google Gmail\" class=\"heateorSssSharing heateorSssGoogleGmailBackground\" onclick='heateorSssPopup(\"https:\/\/mail.google.com\/mail\/?ui=2&view=cm&fs=1&tf=1&su=La%20paila%20gocha%20%2F%2F%20%C2%A1%C2%A1%C2%A1%20A%20ODIARNOS%20SE%20DIJO%20%21%21%21%20Por%20El%20Diablillo%20del%20Parnaso&body=Link:https%3A%2F%2Foscarhumbertogomez.com%2Findex.php%3Frest_route%3D%252Fwp%252Fv2%252Fposts%252F35446\")'><ss style=\"display:block;border-radius:999px;\" class=\"heateorSssSharingSvg heateorSssGoogleGmailSvg\"><\/ss><\/i><\/li><li class=\"heateorSssSharingRound\"><i style=\"width:35px;height:35px;border-radius:999px;\" title=\"More\" alt=\"More\" class=\"heateorSssSharing heateorSssMoreBackground\" onclick=\"heateorSssMoreSharingPopup(this, 'https:\/\/oscarhumbertogomez.com\/index.php?rest_route=%2Fwp%2Fv2%2Fposts%2F35446', 'La%20paila%20gocha%20%2F%2F%20%C2%A1%C2%A1%C2%A1%20A%20ODIARNOS%20SE%20DIJO%20%21%21%21%20Por%20El%20Diablillo%20del%20Parnaso', '' )\" ><ss style=\"display:block\" class=\"heateorSssSharingSvg heateorSssMoreSvg\"><\/ss><\/i><\/li><\/ul><div class=\"heateorSssClear\"><\/div><\/div><div class='heateorSssClear'><\/div>","protected":false},"author":2,"featured_media":0,"comment_status":"closed","ping_status":"closed","sticky":false,"template":"","format":"standard","meta":{"spay_email":"","footnotes":""},"categories":[1],"tags":[],"class_list":["post-35446","post","type-post","status-publish","format-standard","hentry","category-blog"],"jetpack_featured_media_url":"","jetpack_shortlink":"https:\/\/wp.me\/p1FYrr-9dI","_links":{"self":[{"href":"https:\/\/oscarhumbertogomez.com\/index.php?rest_route=\/wp\/v2\/posts\/35446","targetHints":{"allow":["GET"]}}],"collection":[{"href":"https:\/\/oscarhumbertogomez.com\/index.php?rest_route=\/wp\/v2\/posts"}],"about":[{"href":"https:\/\/oscarhumbertogomez.com\/index.php?rest_route=\/wp\/v2\/types\/post"}],"author":[{"embeddable":true,"href":"https:\/\/oscarhumbertogomez.com\/index.php?rest_route=\/wp\/v2\/users\/2"}],"replies":[{"embeddable":true,"href":"https:\/\/oscarhumbertogomez.com\/index.php?rest_route=%2Fwp%2Fv2%2Fcomments&post=35446"}],"version-history":[{"count":5,"href":"https:\/\/oscarhumbertogomez.com\/index.php?rest_route=\/wp\/v2\/posts\/35446\/revisions"}],"predecessor-version":[{"id":53583,"href":"https:\/\/oscarhumbertogomez.com\/index.php?rest_route=\/wp\/v2\/posts\/35446\/revisions\/53583"}],"wp:attachment":[{"href":"https:\/\/oscarhumbertogomez.com\/index.php?rest_route=%2Fwp%2Fv2%2Fmedia&parent=35446"}],"wp:term":[{"taxonomy":"category","embeddable":true,"href":"https:\/\/oscarhumbertogomez.com\/index.php?rest_route=%2Fwp%2Fv2%2Fcategories&post=35446"},{"taxonomy":"post_tag","embeddable":true,"href":"https:\/\/oscarhumbertogomez.com\/index.php?rest_route=%2Fwp%2Fv2%2Ftags&post=35446"}],"curies":[{"name":"wp","href":"https:\/\/api.w.org\/{rel}","templated":true}]}}