{"id":35552,"date":"2020-10-16T22:07:43","date_gmt":"2020-10-17T03:07:43","guid":{"rendered":"http:\/\/www.oscarhumbertogomez.com\/?p=35552"},"modified":"2025-04-05T19:41:44","modified_gmt":"2025-04-06T00:41:44","slug":"rama-politico-judicial-del-poder-publico-por-oscar-humberto-gomez-gomez","status":"publish","type":"post","link":"https:\/\/oscarhumbertogomez.com\/?p=35552","title":{"rendered":"\u00bfRama &#8220;pol\u00edtico-judicial&#8221; del Poder P\u00fablico? Por \u00d3scar Humberto G\u00f3mez G\u00f3mez"},"content":{"rendered":"<div id=\"attachment_22947\" style=\"width: 650px\" class=\"wp-caption aligncenter\"><img loading=\"lazy\" decoding=\"async\" aria-describedby=\"caption-attachment-22947\" class=\"size-large wp-image-22947\" src=\"https:\/\/oscarhumbertogomez.com\/wp-content\/uploads\/2017\/07\/20170401-170514-678x1024.jpg\" alt=\"\" width=\"640\" height=\"967\" srcset=\"https:\/\/oscarhumbertogomez.com\/wp-content\/uploads\/2017\/07\/20170401-170514-678x1024.jpg 678w, https:\/\/oscarhumbertogomez.com\/wp-content\/uploads\/2017\/07\/20170401-170514-199x300.jpg 199w, https:\/\/oscarhumbertogomez.com\/wp-content\/uploads\/2017\/07\/20170401-170514-768x1160.jpg 768w\" sizes=\"auto, (max-width: 640px) 100vw, 640px\" \/><p id=\"caption-attachment-22947\" class=\"wp-caption-text\">\u00d3SCAR HUMBERTO G\u00d3MEZ G\u00d3MEZ [Fotograf\u00eda: Fernando Rueda V.].<\/p><\/div>\n<p>&nbsp;<\/p>\n<p>La pol\u00edtica pr\u00e1cticamente se apropi\u00f3 de la justicia.<\/p>\n<p>La relaci\u00f3n entre pol\u00edtica y justicia se hizo tan estrecha, que estoy seguro de que los directores y los jefes de redacci\u00f3n de los peri\u00f3dicos ya no atinan a qui\u00e9n encomendar el cubrimiento de las noticias de mayor audiencia hoy en d\u00eda: si a un cronista judicial o a un redactor pol\u00edtico.<\/p>\n<p>Y mientras el turbi\u00f3n noticioso pol\u00edtico-judicial arrasa, mientras a diario se vuelve tendencia, mientras se hace viral en las redes y recibe car\u00e1tula en las revistas, primera p\u00e1gina en los diarios, cubrimiento durante horas en la radio y \u201cprime time\u201d en la televisi\u00f3n, la suerte de los casos que afectan a los ciudadanos comunes no les importan a nadie.<\/p>\n<p>Las decisiones judiciales err\u00f3neas o incluso arbitrarias son numerosas y todas ellas deber\u00edan generar una respuesta solidaria y fuerte de la sociedad. Una injusticia en contra de un miembro de la comunidad deber\u00eda ser considerada una ofensa contra el tejido social todo. Pero no, lamentablemente esas decisiones, por muy err\u00f3neas o arbitrarias que sean, si no afectan a una figura pol\u00edtica de primer orden, o no se refieren a temas con connotaci\u00f3n pol\u00edtica, no merecen atenci\u00f3n alguna por parte de quienes podr\u00edan neutralizar sus da\u00f1inos efectos. Y que lo podr\u00edan hacer, digo, porque cuentan con inmensos poderes para echarlas abajo.<\/p>\n<p>La acci\u00f3n de tutela, por ejemplo, y particularmente cuando se ejerce contra providencias judiciales, est\u00e1 condenada la mayor\u00eda de las veces a la indiferencia absoluta. Los fallos parecieran hechos con una plantilla.<\/p>\n<p>La inmensa mayor\u00eda de las solicitudes de amparo constitucional son falladas de cualquier manera por jueces y magistrados que no son parte realmente de ninguna \u201cjurisdicci\u00f3n constitucional\u201d, sino que simplemente recibieron esa carga adicional de trabajo para que la asumieran ADEM\u00c1S de sus funciones normales.<\/p>\n<p>En efecto, en Colombia no existen juzgados constitucionales, ni tribunales constitucionales, sino tan solo una Corte Constitucional que escoge libremente los casos que quiera y desecha el resto, sin tener que darle a nadie explicaci\u00f3n alguna.<\/p>\n<p>Peor a\u00fan: lo que se comenta es que los jueces y los magistrados a cargo de decidir las tutelas en primera y en segunda instancia realmente no lo hacen y que son subalternos suyos los que tienen que empaparse del asunto. A juzgar por la calidad de las sentencias, pareciera que procuran no mojarse tanto.<\/p>\n<p>As\u00ed, los derechos fundamentales de los fr\u00e1giles, de los que no tienen ninguna significaci\u00f3n pol\u00edtica, de los que no tienen amigos en los grandes medios de comunicaci\u00f3n que llamen la atenci\u00f3n de la Corte Constitucional a ver si se digna escoger sus casos entre los pocos que revisa, naufragan a diario entre monta\u00f1as de hojarasca in\u00fatil y mares y mares de frases de caj\u00f3n y lugares comunes que se repiten una y otra vez: \u201cLa tutela no es una tercera instancia\u201d, \u201cNo se observa arbitrariedad alguna\u201d, \u201cLo que se pretende es reabrir un debate ya clausurado&#8221;, etc\u00e9tera. A m\u00e1s de esas cantinelas, las sentencias de tutela no hacen sino copiar y pegar lo que ya se ha repetido por a\u00f1os.<\/p>\n<p>Pues bien; como si lo anterior fuera poco, ahora resulta que esos ciudadanos an\u00f3nimos para quienes definitivamente no hubo justicia en Colombia \u2014ni por la v\u00eda ordinaria, ni por la v\u00eda constitucional\u2014 tampoco tendr\u00edan la opci\u00f3n extrema de buscarla m\u00e1s all\u00e1 de nuestras fronteras.<\/p>\n<p>En efecto, ahora se pretende sentar como premisa la de que el Sistema Interamericano de Derechos Humanos \u2014dependiente de la Organizaci\u00f3n de Estados Americanos (OEA)\u2014  solo acepte casos &#8220;relevantes&#8221; (l\u00e9ase: pol\u00edticos) y deseche los dem\u00e1s por ser irrelevantes, que es como decir casos de poca monta.<\/p>\n<p>Este \u00faltimo criterio de escogencia, que ahondar\u00eda a\u00fan m\u00e1s la justicia selectiva que ya nos asfixia, est\u00e1 siendo impulsado en el seno de la OEA por Colombia a trav\u00e9s del director de la Agencia Nacional de Defensa Jur\u00eddica del Estado Camilo G\u00f3mez.<\/p>\n<p>Un pol\u00edtico, por supuesto.<\/p>\n<p>&nbsp;<\/p>\n","protected":false},"excerpt":{"rendered":"<p>&nbsp; La pol\u00edtica pr\u00e1cticamente se apropi\u00f3 de la justicia. La relaci\u00f3n entre pol\u00edtica y justicia se hizo tan estrecha, que estoy seguro de que los directores y los jefes de redacci\u00f3n de los peri\u00f3dicos ya no atinan a qui\u00e9n encomendar &hellip; <a href=\"https:\/\/oscarhumbertogomez.com\/?p=35552\">Sigue leyendo <span class=\"meta-nav\">&rarr;<\/span><\/a><\/p>\n<div class='heateorSssClear'><\/div><div  class='heateor_sss_sharing_container heateor_sss_horizontal_sharing' heateor-sss-data-href='https:\/\/oscarhumbertogomez.com\/?p=35552'><div class='heateor_sss_sharing_title' style=\"font-weight:bold\" >\u00a1Gracias por compartirla!<\/div><ul class=\"heateor_sss_sharing_ul\"><li class=\"heateorSssSharingRound\"><i style=\"width:35px;height:35px;border-radius:999px;\" alt=\"Facebook\" Title=\"Facebook\" class=\"heateorSssSharing heateorSssFacebookBackground\" onclick='heateorSssPopup(\"https:\/\/www.facebook.com\/sharer\/sharer.php?u=https%3A%2F%2Foscarhumbertogomez.com%2Findex.php%3Frest_route%3D%252Fwp%252Fv2%252Fposts%252F35552\")'><ss style=\"display:block;border-radius:999px;\" class=\"heateorSssSharingSvg heateorSssFacebookSvg\"><\/ss><\/i><\/li><li class=\"heateorSssSharingRound\"><i style=\"width:35px;height:35px;border-radius:999px;\" alt=\"Twitter\" Title=\"Twitter\" class=\"heateorSssSharing heateorSssTwitterBackground\" onclick='heateorSssPopup(\"http:\/\/twitter.com\/intent\/tweet?text=%C2%BFRama%20%22pol%C3%ADtico-judicial%22%20del%20Poder%20P%C3%BAblico%3F%20Por%20%C3%93scar%20Humberto%20G%C3%B3mez%20G%C3%B3mez&url=https%3A%2F%2Foscarhumbertogomez.com%2Findex.php%3Frest_route%3D%252Fwp%252Fv2%252Fposts%252F35552\")'><ss style=\"display:block;border-radius:999px;\" class=\"heateorSssSharingSvg heateorSssTwitterSvg\"><\/ss><\/i><\/li><li class=\"heateorSssSharingRound\"><i style=\"width:35px;height:35px;border-radius:999px;\" alt=\"Whatsapp\" Title=\"Whatsapp\" class=\"heateorSssSharing heateorSssWhatsappBackground\" onclick='heateorSssPopup(\"https:\/\/web.whatsapp.com\/send?text=%C2%BFRama%20%22pol%C3%ADtico-judicial%22%20del%20Poder%20P%C3%BAblico%3F%20Por%20%C3%93scar%20Humberto%20G%C3%B3mez%20G%C3%B3mez https%3A%2F%2Foscarhumbertogomez.com%2Findex.php%3Frest_route%3D%252Fwp%252Fv2%252Fposts%252F35552\")'><ss style=\"display:block\" class=\"heateorSssSharingSvg heateorSssWhatsappSvg\"><\/ss><\/i><\/li><li class=\"heateorSssSharingRound\"><i style=\"width:35px;height:35px;border-radius:999px;\" alt=\"Pinterest\" Title=\"Pinterest\" class=\"heateorSssSharing heateorSssPinterestBackground\" onclick=\"javascript:void( (function() {var e=document.createElement('script' );e.setAttribute('type','text\/javascript' );e.setAttribute('charset','UTF-8' );e.setAttribute('src','\/\/assets.pinterest.com\/js\/pinmarklet.js?r='+Math.random()*99999999);document.body.appendChild(e)})());\"><ss style=\"display:block;border-radius:999px;\" class=\"heateorSssSharingSvg heateorSssPinterestSvg\"><\/ss><\/i><\/li><li class=\"heateorSssSharingRound\"><i style=\"width:35px;height:35px;border-radius:999px;\" alt=\"Google Gmail\" Title=\"Google Gmail\" class=\"heateorSssSharing heateorSssGoogleGmailBackground\" onclick='heateorSssPopup(\"https:\/\/mail.google.com\/mail\/?ui=2&view=cm&fs=1&tf=1&su=%C2%BFRama%20%22pol%C3%ADtico-judicial%22%20del%20Poder%20P%C3%BAblico%3F%20Por%20%C3%93scar%20Humberto%20G%C3%B3mez%20G%C3%B3mez&body=Link:https%3A%2F%2Foscarhumbertogomez.com%2Findex.php%3Frest_route%3D%252Fwp%252Fv2%252Fposts%252F35552\")'><ss style=\"display:block;border-radius:999px;\" class=\"heateorSssSharingSvg heateorSssGoogleGmailSvg\"><\/ss><\/i><\/li><li class=\"heateorSssSharingRound\"><i style=\"width:35px;height:35px;border-radius:999px;\" title=\"More\" alt=\"More\" class=\"heateorSssSharing heateorSssMoreBackground\" onclick=\"heateorSssMoreSharingPopup(this, 'https:\/\/oscarhumbertogomez.com\/index.php?rest_route=%2Fwp%2Fv2%2Fposts%2F35552', '%C2%BFRama%20%22pol%C3%ADtico-judicial%22%20del%20Poder%20P%C3%BAblico%3F%20Por%20%C3%93scar%20Humberto%20G%C3%B3mez%20G%C3%B3mez', '' )\" ><ss style=\"display:block\" class=\"heateorSssSharingSvg heateorSssMoreSvg\"><\/ss><\/i><\/li><\/ul><div class=\"heateorSssClear\"><\/div><\/div><div class='heateorSssClear'><\/div>","protected":false},"author":2,"featured_media":0,"comment_status":"closed","ping_status":"closed","sticky":false,"template":"","format":"standard","meta":{"spay_email":"","footnotes":""},"categories":[60],"tags":[],"class_list":["post-35552","post","type-post","status-publish","format-standard","hentry","category-tribuna-de-opinion"],"jetpack_featured_media_url":"","jetpack_shortlink":"https:\/\/wp.me\/p1FYrr-9fq","_links":{"self":[{"href":"https:\/\/oscarhumbertogomez.com\/index.php?rest_route=\/wp\/v2\/posts\/35552","targetHints":{"allow":["GET"]}}],"collection":[{"href":"https:\/\/oscarhumbertogomez.com\/index.php?rest_route=\/wp\/v2\/posts"}],"about":[{"href":"https:\/\/oscarhumbertogomez.com\/index.php?rest_route=\/wp\/v2\/types\/post"}],"author":[{"embeddable":true,"href":"https:\/\/oscarhumbertogomez.com\/index.php?rest_route=\/wp\/v2\/users\/2"}],"replies":[{"embeddable":true,"href":"https:\/\/oscarhumbertogomez.com\/index.php?rest_route=%2Fwp%2Fv2%2Fcomments&post=35552"}],"version-history":[{"count":5,"href":"https:\/\/oscarhumbertogomez.com\/index.php?rest_route=\/wp\/v2\/posts\/35552\/revisions"}],"predecessor-version":[{"id":53620,"href":"https:\/\/oscarhumbertogomez.com\/index.php?rest_route=\/wp\/v2\/posts\/35552\/revisions\/53620"}],"wp:attachment":[{"href":"https:\/\/oscarhumbertogomez.com\/index.php?rest_route=%2Fwp%2Fv2%2Fmedia&parent=35552"}],"wp:term":[{"taxonomy":"category","embeddable":true,"href":"https:\/\/oscarhumbertogomez.com\/index.php?rest_route=%2Fwp%2Fv2%2Fcategories&post=35552"},{"taxonomy":"post_tag","embeddable":true,"href":"https:\/\/oscarhumbertogomez.com\/index.php?rest_route=%2Fwp%2Fv2%2Ftags&post=35552"}],"curies":[{"name":"wp","href":"https:\/\/api.w.org\/{rel}","templated":true}]}}