{"id":35851,"date":"2020-11-07T19:58:28","date_gmt":"2020-11-08T00:58:28","guid":{"rendered":"http:\/\/www.oscarhumbertogomez.com\/?p=35851"},"modified":"2025-04-04T21:46:15","modified_gmt":"2025-04-05T02:46:15","slug":"salvador-rodriguez-capitulo-ii-por-oscar-humberto-gomez-gomez-memorias","status":"publish","type":"post","link":"https:\/\/oscarhumbertogomez.com\/?p=35851","title":{"rendered":"SALVADOR RODR\u00cdGUEZ (Cap\u00edtulo II) Por \u00d3scar Humberto G\u00f3mez G\u00f3mez [Memorias]"},"content":{"rendered":"<p><img decoding=\"async\" class=\"aligncenter size-medium wp-image-35834\" src=\"https:\/\/lapiedrafilosofal.com\/wp-content\/uploads\/2020\/11\/SALVADOR-RODRI\u0301GUEZ-1-300x225.jpg\" alt=\"\" width=\"500\" srcset=\"https:\/\/oscarhumbertogomez.com\/wp-content\/uploads\/2020\/11\/SALVADOR-RODRI\u0301GUEZ-1-300x225.jpg 300w, https:\/\/oscarhumbertogomez.com\/wp-content\/uploads\/2020\/11\/SALVADOR-RODRI\u0301GUEZ-1-1024x768.jpg 1024w, https:\/\/oscarhumbertogomez.com\/wp-content\/uploads\/2020\/11\/SALVADOR-RODRI\u0301GUEZ-1-768x576.jpg 768w, https:\/\/oscarhumbertogomez.com\/wp-content\/uploads\/2020\/11\/SALVADOR-RODRI\u0301GUEZ-1.jpg 1280w\" sizes=\"(max-width: 300px) 100vw, 300px\" \/><\/p>\n<p>&nbsp;<\/p>\n<p>Hasta el hogar de Salvador Rodr\u00edguez, como hasta el de miles y miles de colombianos residentes en nuestros campos y en nuestros pueblos, lleg\u00f3 el sino maldito de la violencia pol\u00edtica.<\/p>\n<p>Avanzaba la segunda mitad de los a\u00f1os cuarenta y la sangre de compatriotas que tan solo ayer, como buenos vecinos, se saludaban en la calle y compart\u00edan el gusto por la misma m\u00fasica decembrina, la misma admiraci\u00f3n por los poetas y el mismo pasado hist\u00f3rico cuyo devenir los hab\u00eda hecho ciudadanos de una naci\u00f3n libre, corr\u00eda a raudales en los villorrios, caminos y veredas, lugares otrora m\u00e1gicos donde, por desdicha, el amor empez\u00f3 a ser reemplazado por el odio y los instrumentos que hab\u00edan sido construidos para la m\u00fasica y las herramientas que lo hab\u00edan sido para la labranza comenzaron a ser sustituidos por el tronar del rev\u00f3lver y el filo de los machetes empez\u00f3 a ser usado con fines asesinos. Tal y como hab\u00eda sucedido cuando el pasado siglo agonizaba y el nuevo despuntaba en el horizonte, otra vez comenzaron, entonces, a brillar los machetes taciturnos, los mismos con los que se fue echando al olvido la verdadera, la noble, la hermosa tarea que estas \u00fatiles herramientas campesinas han debido cumplir siempre hasta tanto terminaran de adentrarse por entre las monta\u00f1as andinas como s\u00edmbolo del trabajo, del progreso y de la esperanza.<\/p>\n<p>&nbsp;<\/p>\n<p><a href=\"https:\/\/lapiedrafilosofal.com\/wp-content\/uploads\/2017\/04\/PIEDECUESTA-.jpg\"><img decoding=\"async\" class=\"aligncenter size-large wp-image-21486\" src=\"https:\/\/lapiedrafilosofal.com\/wp-content\/uploads\/2017\/04\/PIEDECUESTA--915x1024.jpg\" alt=\"\" width=\"500\" srcset=\"https:\/\/oscarhumbertogomez.com\/wp-content\/uploads\/2017\/04\/PIEDECUESTA--915x1024.jpg 915w, https:\/\/oscarhumbertogomez.com\/wp-content\/uploads\/2017\/04\/PIEDECUESTA--268x300.jpg 268w, https:\/\/oscarhumbertogomez.com\/wp-content\/uploads\/2017\/04\/PIEDECUESTA--768x860.jpg 768w, https:\/\/oscarhumbertogomez.com\/wp-content\/uploads\/2017\/04\/PIEDECUESTA-.jpg 1024w\" sizes=\"(max-width: 915px) 100vw, 915px\" \/><\/a><\/p>\n<p>&nbsp;<\/p>\n<p>No era, desde luego, la primera vez que corr\u00eda esa sangre de hermanos manchando con su estela macabra las fincas y los caminos, las escuelas y los hogares, los talleres y los templos, las mentes y los corazones de quienes, por haber nacido en el mismo pa\u00eds, deber\u00edan haber obrado siempre como amigos verdaderos y como verdaderos hermanos. Ya d\u00e9cadas atr\u00e1s, conforme ha quedado sugerido l\u00edneas antes, el nuevo siglo hab\u00eda sido recibido a tiros, y la viudez, la orfandad, las l\u00e1grimas y los escombros hab\u00edan sembrado por doquier la desolaci\u00f3n y la incertidumbre, las carrileras de los trenes hab\u00edan sido desarmadas para fabricar armas y, con torrentes de billetes sin respaldo alguno, cada cual hab\u00eda logrado adquirir tan solo unos cuantos mendrugos de soledad desesperanzadora, hasta que, finalmente, y a bordo de un buque extranjero, se hab\u00eda firmado a rega\u00f1adientes la elocuente y sempiterna paz de los sepulcros.<\/p>\n<p>&nbsp;<\/p>\n<p><a href=\"https:\/\/lapiedrafilosofal.com\/wp-content\/uploads\/2017\/04\/GUERRA-DE-LOS-MIL-DIAS.png\"><img loading=\"lazy\" decoding=\"async\" class=\"aligncenter size-full wp-image-21559\" src=\"https:\/\/lapiedrafilosofal.com\/wp-content\/uploads\/2017\/04\/GUERRA-DE-LOS-MIL-DIAS.png\" alt=\"\" width=\"800\" height=\"533\" srcset=\"https:\/\/oscarhumbertogomez.com\/wp-content\/uploads\/2017\/04\/GUERRA-DE-LOS-MIL-DIAS.png 800w, https:\/\/oscarhumbertogomez.com\/wp-content\/uploads\/2017\/04\/GUERRA-DE-LOS-MIL-DIAS-300x200.png 300w, https:\/\/oscarhumbertogomez.com\/wp-content\/uploads\/2017\/04\/GUERRA-DE-LOS-MIL-DIAS-768x512.png 768w\" sizes=\"auto, (max-width: 800px) 100vw, 800px\" \/><\/a><\/p>\n<p>&nbsp;<\/p>\n<p>Ahora, m\u00e1s de cuarenta a\u00f1os despu\u00e9s, hab\u00eda vuelto a resurgir el mismo espectro terror\u00edfico, la misma polarizaci\u00f3n enceguecida y por doquier ya se o\u00eda el relato s\u00f3rdido de que a los rojos los mataban por ser rojos y a los azules los mataban por ser azules, y fue as\u00ed que, en un cruce irreflexivo de acusaciones mutuas sobre qui\u00e9n hab\u00eda disparado el primer tiro, de qu\u00e9 bando hab\u00eda sido la primera viuda o cu\u00e1l hab\u00eda causado el primer hu\u00e9rfano, se empezaron a evaporar los sue\u00f1os de una Colombia fraterna donde aquello que proclamaba un verso de su himno nacional y seg\u00fan el cual dizque hab\u00eda cesado la horrible noche no fueran meras palabras po\u00e9ticas destinadas a que un extranjero talentoso les pusiera m\u00fasica.<\/p>\n<p>Desde el a\u00f1o 1946 hab\u00eda principiado, en efecto, una nueva negra noche, otro oscuro tramo de nuestra convulsionada y triste historia, un segmento de espeluzno que habr\u00eda de agudizarse hasta la sinraz\u00f3n el 9 de abril de 1948 cuando el abogado penalista Jorge Eli\u00e9cer Gait\u00e1n se dispusiera a abandonar el edificio Agust\u00edn Nieto, en el centro de Bogot\u00e1, donde hasta ese momento habr\u00eda de tener su oficina, para ir a almorzar en un restaurante cercano con un peque\u00f1o grupo de amigos. Entonces, for\u00e1neos dentro de su propia tierra, padres, hijos, t\u00edos y compadres tuvieron que empacar de urgencia lo que pudieran cargar sobre sus desorientadas cabezas o encima de sus fatigados hombros y marcharse de una buena vez, como la mujer de Lot, sin poder volver atr\u00e1s sus miradas enturbiadas por las l\u00e1grimas. El pintor Fernando Botero habr\u00e1 de interpretar con el sortilegio de su pincel y desde su personal perspectiva aquel desgarramiento sufrido por el tejido de una Colombia sin fortuna que apenas trataba de emerger en el concierto de las naciones independientes.<\/p>\n<p>&nbsp;<\/p>\n<p><img loading=\"lazy\" decoding=\"async\" class=\"aligncenter size-full wp-image-35891\" src=\"https:\/\/lapiedrafilosofal.com\/wp-content\/uploads\/2020\/11\/BOTERO.jpg\" alt=\"\" width=\"973\" height=\"545\" srcset=\"https:\/\/oscarhumbertogomez.com\/wp-content\/uploads\/2020\/11\/BOTERO.jpg 973w, https:\/\/oscarhumbertogomez.com\/wp-content\/uploads\/2020\/11\/BOTERO-300x168.jpg 300w, https:\/\/oscarhumbertogomez.com\/wp-content\/uploads\/2020\/11\/BOTERO-768x430.jpg 768w\" sizes=\"auto, (max-width: 973px) 100vw, 973px\" \/><\/p>\n<p>&nbsp;<\/p>\n<p>Tambi\u00e9n Salvador Rodr\u00edguez hab\u00eda tenido que salir huyendo junto con sus seres queridos desde su Piedecuesta natal porque ya gravitaban en torno suyo y de los suyos los cada vez m\u00e1s sonoros y tenebrosos pasos de la muerte. Entonces, con el equipaje triste que, al igual que \u00e9l, muchos compatriotas suyos hab\u00edan tenido que empacar a las carreras, tom\u00f3 el camino destapado que conduc\u00eda hacia la capital de su departamento y hacia esta huy\u00f3, junto con sus familiares, en pos de un refugio donde estuviese a salvo de los apremios de la indefensi\u00f3n, del miedo y de la angustia.<\/p>\n<p>&nbsp;<\/p>\n<p><a href=\"https:\/\/lapiedrafilosofal.com\/wp-content\/uploads\/2015\/05\/Piedecuesta_antigua.jpg\"><img loading=\"lazy\" decoding=\"async\" class=\"aligncenter size-full wp-image-16796\" src=\"https:\/\/lapiedrafilosofal.com\/wp-content\/uploads\/2015\/05\/Piedecuesta_antigua.jpg\" alt=\"\" width=\"490\" height=\"378\" srcset=\"https:\/\/oscarhumbertogomez.com\/wp-content\/uploads\/2015\/05\/Piedecuesta_antigua.jpg 490w, https:\/\/oscarhumbertogomez.com\/wp-content\/uploads\/2015\/05\/Piedecuesta_antigua-300x231.jpg 300w\" sizes=\"auto, (max-width: 490px) 100vw, 490px\" \/><\/a><\/p>\n<p>&nbsp;<\/p>\n<p>De aquella \u00e9poca de dolor y desesperanza que arranc\u00f3 abruptamente de su terru\u00f1o a quien ir\u00eda a convertirse en el fundador y propietario del almac\u00e9n La Caba\u00f1a, del almac\u00e9n Sotomayor y del almac\u00e9n Leo, en el secretario del Colegio San Pedro Claver, en el organista de la que durante a\u00f1os habr\u00e1 de ser conocida err\u00f3neamente como la &#8220;iglesia de San Pedro&#8221; \u2014confusi\u00f3n que se originar\u00e1 en el nombre del plantel contiguo a ella\u2014 y en el tronco de su propia familia, habr\u00e1 de o\u00edr m\u00e1s tarde el ni\u00f1o caminante cuando escuche, con la misma atenci\u00f3n con la que habr\u00e1 de acostumbrarse a escuchar siempre las canciones que le atraigan, la letra de &#8220;El coraz\u00f3n de la ca\u00f1a&#8221;, un bambuco tan bello como dram\u00e1tico que, seg\u00fan leer\u00e1 en la etiqueta del acetato negro que lo contiene, ha compuesto un se\u00f1or que se llama Jos\u00e9 A. Morales y han grabado dos se\u00f1ores, uno de ellos de gafas, que se llaman Garz\u00f3n y Collazos:<\/p>\n<p>&nbsp;<\/p>\n<p><a href=\"https:\/\/lapiedrafilosofal.com\/wp-content\/uploads\/2017\/08\/JOSE-A.-MORALES.jpg\"><img decoding=\"async\" class=\"aligncenter size-full wp-image-23077\" src=\"https:\/\/lapiedrafilosofal.com\/wp-content\/uploads\/2017\/08\/JOSE-A.-MORALES.jpg\" alt=\"\" width=\"500\" srcset=\"https:\/\/oscarhumbertogomez.com\/wp-content\/uploads\/2017\/08\/JOSE-A.-MORALES.jpg 341w, https:\/\/oscarhumbertogomez.com\/wp-content\/uploads\/2017\/08\/JOSE-A.-MORALES-171x300.jpg 171w\" sizes=\"(max-width: 341px) 100vw, 341px\" \/><\/a><\/p>\n<p>&nbsp;<\/p>\n<p><img loading=\"lazy\" decoding=\"async\" class=\"aligncenter size-full wp-image-35886\" src=\"https:\/\/lapiedrafilosofal.com\/wp-content\/uploads\/2020\/11\/GARZON-Y-COLLAZOS.jpg\" alt=\"\" width=\"829\" height=\"768\" srcset=\"https:\/\/oscarhumbertogomez.com\/wp-content\/uploads\/2020\/11\/GARZON-Y-COLLAZOS.jpg 829w, https:\/\/oscarhumbertogomez.com\/wp-content\/uploads\/2020\/11\/GARZON-Y-COLLAZOS-300x278.jpg 300w, https:\/\/oscarhumbertogomez.com\/wp-content\/uploads\/2020\/11\/GARZON-Y-COLLAZOS-768x711.jpg 768w\" sizes=\"auto, (max-width: 829px) 100vw, 829px\" \/><\/p>\n<p>&nbsp;<\/p>\n<p>&#8220;Una noche le cortaron el coraz\u00f3n a la ca\u00f1a<br \/>\nY desde entonces se escuchan lamentos por los trapiches,<br \/>\nLamentos que van diciendo, nacidos de sus entra\u00f1as,<br \/>\n\u00bfPara qu\u00e9 le cortar\u00edan el coraz\u00f3n a la ca\u00f1a?<br \/>\n\u00bfPara qu\u00e9 le cortar\u00edan el coraz\u00f3n a la ca\u00f1a?<\/p>\n<p>Una noche le cortaron el coraz\u00f3n a la ca\u00f1a<br \/>\nY desde entonces se escuchan lamentos por los trapiches,<br \/>\nLamentos que van diciendo, nacidos de sus entra\u00f1as,<br \/>\n\u00bfPara qu\u00e9 le cortar\u00edan el coraz\u00f3n a la ca\u00f1a?<br \/>\n\u00bfPara qu\u00e9 le cortar\u00edan el coraz\u00f3n a la ca\u00f1a?<\/p>\n<p>Lo mismo cortan las vidas por el placer de cortarlas,<br \/>\nPara que quede la tierra con dolores en el alma<br \/>\nPorque las manos labriegas que saben acariciarlas<br \/>\nLas cortan, como a la ca\u00f1a, por el placer de cortarlas.<br \/>\nLas cortan, como a la ca\u00f1a, por el placer de cortarlas.<\/p>\n<p>Lo mismo cortan las vidas por el placer de cortarlas,<br \/>\nPara que quede la tierra con dolores en el alma<br \/>\nPorque las manos labriegas que saben acariciarla<br \/>\nLas cortan, como a la ca\u00f1a, por el placer de cortarlas.<br \/>\nLas cortan, como a la ca\u00f1a, por el placer de cortarlas.<\/p>\n<p>Un funeral de luceros cubre la piel de la patria&#8221;.<\/p>\n<p>&nbsp;<\/p>\n<p><a href=\"https:\/\/lapiedrafilosofal.com\/wp-content\/uploads\/2017\/04\/CARRETERA-A-PIEDECUESTA.jpeg\"><img decoding=\"async\" class=\"aligncenter size-full wp-image-21522\" src=\"https:\/\/lapiedrafilosofal.com\/wp-content\/uploads\/2017\/04\/CARRETERA-A-PIEDECUESTA.jpeg\" alt=\"\" width=\"500\"><\/a><\/p>\n<p>&nbsp;<\/p>\n<p><em>Ruitoque, Mesa de las Tempestades, \u00c1rea Metropolitana de Bucaramanga, s\u00e1bado 7 de noviembre de 2020 <\/em><\/p>\n<p>&nbsp;<\/p>\n<p>(CONTINUAR\u00c1)<\/p>\n<p>&nbsp;<\/p>\n","protected":false},"excerpt":{"rendered":"<p>&nbsp; Hasta el hogar de Salvador Rodr\u00edguez, como hasta el de miles y miles de colombianos residentes en nuestros campos y en nuestros pueblos, lleg\u00f3 el sino maldito de la violencia pol\u00edtica. Avanzaba la segunda mitad de los a\u00f1os cuarenta &hellip; <a href=\"https:\/\/oscarhumbertogomez.com\/?p=35851\">Sigue leyendo <span class=\"meta-nav\">&rarr;<\/span><\/a><\/p>\n<div class='heateorSssClear'><\/div><div  class='heateor_sss_sharing_container heateor_sss_horizontal_sharing' heateor-sss-data-href='https:\/\/oscarhumbertogomez.com\/?p=35851'><div class='heateor_sss_sharing_title' style=\"font-weight:bold\" >\u00a1Gracias por compartirla!<\/div><ul class=\"heateor_sss_sharing_ul\"><li class=\"heateorSssSharingRound\"><i style=\"width:35px;height:35px;border-radius:999px;\" alt=\"Facebook\" Title=\"Facebook\" class=\"heateorSssSharing heateorSssFacebookBackground\" onclick='heateorSssPopup(\"https:\/\/www.facebook.com\/sharer\/sharer.php?u=https%3A%2F%2Foscarhumbertogomez.com%2Findex.php%3Frest_route%3D%252Fwp%252Fv2%252Fposts%252F35851\")'><ss style=\"display:block;border-radius:999px;\" class=\"heateorSssSharingSvg heateorSssFacebookSvg\"><\/ss><\/i><\/li><li class=\"heateorSssSharingRound\"><i style=\"width:35px;height:35px;border-radius:999px;\" alt=\"Twitter\" Title=\"Twitter\" class=\"heateorSssSharing heateorSssTwitterBackground\" onclick='heateorSssPopup(\"http:\/\/twitter.com\/intent\/tweet?text=SALVADOR%20RODR%C3%8DGUEZ%20%28Cap%C3%ADtulo%20II%29%20Por%20%C3%93scar%20Humberto%20G%C3%B3mez%20G%C3%B3mez%20%5BMemorias%5D&url=https%3A%2F%2Foscarhumbertogomez.com%2Findex.php%3Frest_route%3D%252Fwp%252Fv2%252Fposts%252F35851\")'><ss style=\"display:block;border-radius:999px;\" class=\"heateorSssSharingSvg heateorSssTwitterSvg\"><\/ss><\/i><\/li><li class=\"heateorSssSharingRound\"><i style=\"width:35px;height:35px;border-radius:999px;\" alt=\"Whatsapp\" Title=\"Whatsapp\" class=\"heateorSssSharing heateorSssWhatsappBackground\" onclick='heateorSssPopup(\"https:\/\/web.whatsapp.com\/send?text=SALVADOR%20RODR%C3%8DGUEZ%20%28Cap%C3%ADtulo%20II%29%20Por%20%C3%93scar%20Humberto%20G%C3%B3mez%20G%C3%B3mez%20%5BMemorias%5D https%3A%2F%2Foscarhumbertogomez.com%2Findex.php%3Frest_route%3D%252Fwp%252Fv2%252Fposts%252F35851\")'><ss style=\"display:block\" class=\"heateorSssSharingSvg heateorSssWhatsappSvg\"><\/ss><\/i><\/li><li class=\"heateorSssSharingRound\"><i style=\"width:35px;height:35px;border-radius:999px;\" alt=\"Pinterest\" Title=\"Pinterest\" class=\"heateorSssSharing heateorSssPinterestBackground\" onclick=\"javascript:void( (function() {var e=document.createElement('script' );e.setAttribute('type','text\/javascript' );e.setAttribute('charset','UTF-8' );e.setAttribute('src','\/\/assets.pinterest.com\/js\/pinmarklet.js?r='+Math.random()*99999999);document.body.appendChild(e)})());\"><ss style=\"display:block;border-radius:999px;\" class=\"heateorSssSharingSvg heateorSssPinterestSvg\"><\/ss><\/i><\/li><li class=\"heateorSssSharingRound\"><i style=\"width:35px;height:35px;border-radius:999px;\" alt=\"Google Gmail\" Title=\"Google Gmail\" class=\"heateorSssSharing heateorSssGoogleGmailBackground\" onclick='heateorSssPopup(\"https:\/\/mail.google.com\/mail\/?ui=2&view=cm&fs=1&tf=1&su=SALVADOR%20RODR%C3%8DGUEZ%20%28Cap%C3%ADtulo%20II%29%20Por%20%C3%93scar%20Humberto%20G%C3%B3mez%20G%C3%B3mez%20%5BMemorias%5D&body=Link:https%3A%2F%2Foscarhumbertogomez.com%2Findex.php%3Frest_route%3D%252Fwp%252Fv2%252Fposts%252F35851\")'><ss style=\"display:block;border-radius:999px;\" class=\"heateorSssSharingSvg heateorSssGoogleGmailSvg\"><\/ss><\/i><\/li><li class=\"heateorSssSharingRound\"><i style=\"width:35px;height:35px;border-radius:999px;\" title=\"More\" alt=\"More\" class=\"heateorSssSharing heateorSssMoreBackground\" onclick=\"heateorSssMoreSharingPopup(this, 'https:\/\/oscarhumbertogomez.com\/index.php?rest_route=%2Fwp%2Fv2%2Fposts%2F35851', 'SALVADOR%20RODR%C3%8DGUEZ%20%28Cap%C3%ADtulo%20II%29%20Por%20%C3%93scar%20Humberto%20G%C3%B3mez%20G%C3%B3mez%20%5BMemorias%5D', '' )\" ><ss style=\"display:block\" class=\"heateorSssSharingSvg heateorSssMoreSvg\"><\/ss><\/i><\/li><\/ul><div class=\"heateorSssClear\"><\/div><\/div><div class='heateorSssClear'><\/div>","protected":false},"author":2,"featured_media":0,"comment_status":"closed","ping_status":"closed","sticky":false,"template":"","format":"standard","meta":{"spay_email":"","footnotes":""},"categories":[1],"tags":[],"class_list":["post-35851","post","type-post","status-publish","format-standard","hentry","category-blog"],"jetpack_featured_media_url":"","jetpack_shortlink":"https:\/\/wp.me\/p1FYrr-9kf","_links":{"self":[{"href":"https:\/\/oscarhumbertogomez.com\/index.php?rest_route=\/wp\/v2\/posts\/35851","targetHints":{"allow":["GET"]}}],"collection":[{"href":"https:\/\/oscarhumbertogomez.com\/index.php?rest_route=\/wp\/v2\/posts"}],"about":[{"href":"https:\/\/oscarhumbertogomez.com\/index.php?rest_route=\/wp\/v2\/types\/post"}],"author":[{"embeddable":true,"href":"https:\/\/oscarhumbertogomez.com\/index.php?rest_route=\/wp\/v2\/users\/2"}],"replies":[{"embeddable":true,"href":"https:\/\/oscarhumbertogomez.com\/index.php?rest_route=%2Fwp%2Fv2%2Fcomments&post=35851"}],"version-history":[{"count":5,"href":"https:\/\/oscarhumbertogomez.com\/index.php?rest_route=\/wp\/v2\/posts\/35851\/revisions"}],"predecessor-version":[{"id":53584,"href":"https:\/\/oscarhumbertogomez.com\/index.php?rest_route=\/wp\/v2\/posts\/35851\/revisions\/53584"}],"wp:attachment":[{"href":"https:\/\/oscarhumbertogomez.com\/index.php?rest_route=%2Fwp%2Fv2%2Fmedia&parent=35851"}],"wp:term":[{"taxonomy":"category","embeddable":true,"href":"https:\/\/oscarhumbertogomez.com\/index.php?rest_route=%2Fwp%2Fv2%2Fcategories&post=35851"},{"taxonomy":"post_tag","embeddable":true,"href":"https:\/\/oscarhumbertogomez.com\/index.php?rest_route=%2Fwp%2Fv2%2Ftags&post=35851"}],"curies":[{"name":"wp","href":"https:\/\/api.w.org\/{rel}","templated":true}]}}