{"id":35866,"date":"2020-11-08T12:23:00","date_gmt":"2020-11-08T17:23:00","guid":{"rendered":"http:\/\/www.oscarhumbertogomez.com\/?p=35866"},"modified":"2025-04-04T21:47:31","modified_gmt":"2025-04-05T02:47:31","slug":"salvador-rodriguez-capitulo-iii-por-oscar-humberto-gomez-gomez-memorias","status":"publish","type":"post","link":"https:\/\/oscarhumbertogomez.com\/?p=35866","title":{"rendered":"SALVADOR RODR\u00cdGUEZ (Cap\u00edtulo III) Por \u00d3scar Humberto G\u00f3mez G\u00f3mez [Memorias]"},"content":{"rendered":"<p>[<em>Antes de proseguir, expreso p\u00fablicamente mis agradecimientos al maestro Carlos Eslava Fl\u00f3rez, quien nunca se fue de nuestro coraz\u00f3n; a su hija, do\u00f1a Vilma Eslava; y al arquitecto David Arias Mantilla, por su aporte, tan valioso como desinteresado, en el apoyo fotogr\u00e1fico de mis memorias, de las que forman parte estas l\u00edneas, tan deshilvanadas como sinceras<\/em>].<\/p>\n<p>&nbsp;<\/p>\n<p><img decoding=\"async\" class=\"aligncenter size-medium wp-image-35834\" src=\"https:\/\/lapiedrafilosofal.com\/wp-content\/uploads\/2020\/11\/SALVADOR-RODRI\u0301GUEZ-1-300x225.jpg\" alt=\"\" width=\"500\" srcset=\"https:\/\/oscarhumbertogomez.com\/wp-content\/uploads\/2020\/11\/SALVADOR-RODRI\u0301GUEZ-1-300x225.jpg 300w, https:\/\/oscarhumbertogomez.com\/wp-content\/uploads\/2020\/11\/SALVADOR-RODRI\u0301GUEZ-1-1024x768.jpg 1024w, https:\/\/oscarhumbertogomez.com\/wp-content\/uploads\/2020\/11\/SALVADOR-RODRI\u0301GUEZ-1-768x576.jpg 768w, https:\/\/oscarhumbertogomez.com\/wp-content\/uploads\/2020\/11\/SALVADOR-RODRI\u0301GUEZ-1.jpg 1280w\" sizes=\"(max-width: 300px) 100vw, 300px\" \/><\/p>\n<p>&nbsp;<\/p>\n<p>El desconcertado ni\u00f1o de escuela que, con solo unas maras y algunas monedas de a centavo en los bolsillos \u2014porque se ha negado a portar la cauchera que cargan sus vecinos\u2014, arriba por vez primera a aquel entorno casi solitario del barrio m\u00e1s distinguido de su ciudad natal, no es indiferente, por supuesto, a la presencia, esquinera y seductora, de una tienda.<\/p>\n<p>Pero no; aquella que ahora observa con fascinaci\u00f3n ya no es la modesta tienda de barrio que \u00e9l siempre ha conocido, la modesta tienda esquinera abajo de su casa donde &#8220;El gordo Yin&#8221; alquila y devora cuentos de colores, ni la modesta tienda tambi\u00e9n esquinera donde &#8220;Las cucarachas&#8221; ofrecen jab\u00f3n de la tierra, alpargatas y mestizas, ni la modesta tienda de mitad de cuadra donde do\u00f1a Celia no solo exhibe los mismos cuentos coloridos colgados de una pita que identifican el negocio de Eugenio Ferreira, sino tambi\u00e9n aquellos atrayentes dulces de pastilla que ya para entonces se han ganado la fama de ser los mejores del universo sin siquiera saberse todav\u00eda, dentro de aquel mundo que se desenvuelve alrededor de dos viejos parques cercanos, si en la Luna, o en Neptuno, o en Urano existen dulcer\u00edas.<\/p>\n<p>&nbsp;<\/p>\n<p><img loading=\"lazy\" decoding=\"async\" class=\"aligncenter size-full wp-image-35899\" src=\"https:\/\/lapiedrafilosofal.com\/wp-content\/uploads\/2020\/11\/CARRERA-27-1965.jpg\" alt=\"\" width=\"848\" height=\"1280\" srcset=\"https:\/\/oscarhumbertogomez.com\/wp-content\/uploads\/2020\/11\/CARRERA-27-1965.jpg 848w, https:\/\/oscarhumbertogomez.com\/wp-content\/uploads\/2020\/11\/CARRERA-27-1965-199x300.jpg 199w, https:\/\/oscarhumbertogomez.com\/wp-content\/uploads\/2020\/11\/CARRERA-27-1965-678x1024.jpg 678w, https:\/\/oscarhumbertogomez.com\/wp-content\/uploads\/2020\/11\/CARRERA-27-1965-768x1159.jpg 768w\" sizes=\"auto, (max-width: 848px) 100vw, 848px\" \/><\/p>\n<p>&nbsp;<\/p>\n<p>Porque aquella tienda con pinta de almac\u00e9n, o aquel almac\u00e9n con pinta de tienda, aquel particular negocio mixto ubicado en la esquina suroeste de la calle 44 con la carrera 28, aquella miscel\u00e1nea instalada exactamente al frente, la calle 44 de por medio, de la impresionante mansi\u00f3n de Marcos Pico, el famoso y desconocido personaje a quien \u00e9l nunca le ver\u00e1 la cara, pero s\u00ed llegar\u00e1 a apreciar, y de bulto, el inmenso poder de su dinero, es, para aquel peque\u00f1o y fr\u00e1gil observador de un mundo nuevo, mucho m\u00e1s que eso: es un poderoso im\u00e1n que pareciera tener el magnetismo de atraer hacia s\u00ed, hacia su vitrina de vidrio y hacia sus dos \u00fanicas mesas rodeadas de sillas que invitan a sentarse para degustar una Club Soda con pitillo o, seg\u00fan observa a los mayores, unas cuantas cervezas Chivo Clausen, a todo el vecindario de aquel exclusivo entorno social, un entorno social al que all\u00ed, en aquel estrat\u00e9gico establecimiento esquinero, escuchar\u00e1 platicar sobre temas tan dis\u00edmiles como la muerte del acaudalado Sa\u00fal D\u00edaz \u2014frente a su propia mansi\u00f3n y al lado de su esposa alemana, cuyos gritos, dir\u00e1n los vecinos a la polic\u00eda y a los periodistas, ser\u00e1 lo \u00fanico que, aparte de los disparos, se escuche esa madrugada de infamia y de desdicha en el lejano y tambi\u00e9n exclusivo barrio Alarc\u00f3n\u2014, hasta la m\u00e1s reciente ocurrencia p\u00fablica de John Lennon o el \u00faltimo relato del viajero locuaz que asegura haber sido testigo en plena noche de la fantasmal aparici\u00f3n del Duende en carretera.<\/p>\n<p>&nbsp;<\/p>\n<p><img loading=\"lazy\" decoding=\"async\" class=\"aligncenter size-full wp-image-35901\" src=\"https:\/\/lapiedrafilosofal.com\/wp-content\/uploads\/2020\/11\/CARRERA-33-1967.jpg\" alt=\"\" width=\"866\" height=\"1280\" srcset=\"https:\/\/oscarhumbertogomez.com\/wp-content\/uploads\/2020\/11\/CARRERA-33-1967.jpg 866w, https:\/\/oscarhumbertogomez.com\/wp-content\/uploads\/2020\/11\/CARRERA-33-1967-203x300.jpg 203w, https:\/\/oscarhumbertogomez.com\/wp-content\/uploads\/2020\/11\/CARRERA-33-1967-693x1024.jpg 693w, https:\/\/oscarhumbertogomez.com\/wp-content\/uploads\/2020\/11\/CARRERA-33-1967-768x1135.jpg 768w\" sizes=\"auto, (max-width: 866px) 100vw, 866px\" \/><\/p>\n<p>&nbsp;<\/p>\n<p>All\u00ed, en el almac\u00e9n Sotomayor \u2014porque su fundador y propietario, el mismo exiliado piedecuestano al que los jesuitas han vinculado como secretario de su reputado Colegio San Pedro Claver y que adem\u00e1s toca el \u00f3rgano en el templo mientras entona los cantos gregorianos durante la celebraci\u00f3n de las solemnes liturgias, pues al padre Zald\u00edvar, el p\u00e1rroco, le gusta la m\u00fasica, lo ha bautizado con el mismo nombre del elegante barrio\u2014 el ni\u00f1o visitante conocer\u00e1 de cerca lo que es una tertulia, incluso de pie si ya est\u00e1n ocupadas las escasas sillas, frente a una vitrina de vidrio, ya no de anjeo como las de los barrios pobres, acerca de las \u00faltimas noticias que sacuden el mundo. Noticias a las cuales se refieren las primeras p\u00e1ginas de los diarios o, a\u00fan mejor que los propios peri\u00f3dicos, las mucho m\u00e1s informadas se\u00f1oras que, por lo que oye, las han conocido mientras platicaban o escuchaban platicar a otras en el costurero del club y quienes, seguramente de manera involuntaria, las han dejado escuchar igualmente de sus sirvientas, como entonces se conoce, y siempre con intenciones despectivas, a las empleadas dom\u00e9sticas.<\/p>\n<p>Ser\u00e1, pues, el almac\u00e9n Sotomayor \u2014al que habitualmente atienden, con atrayente cortes\u00eda, su propio due\u00f1o y una eficiente empleada suya de nombre Alcira\u2014 el \u00fanico lugar de aquel elegante entorno, un entorno solitario y en el que todav\u00eda se escucha con perfecta claridad el trino melodioso de los p\u00e1jaros, a donde el rapazuelo que viene de tan lejos podr\u00e1 entrar cuando no lo est\u00e9 haciendo en la casa de sus primos, los G\u00f3mez Dur\u00e1n, quienes viven ah\u00ed, en esa misma cuadra, a su costado norte, en esa casa de un solo piso y de fachada gris y rosada que tiene el n\u00famero 27A-37 pegado en su puerta, inscrito en una plaqueta con letras blancas sobre fondo azul oscuro, la misma casa de bardas, antejard\u00edn elevado y escaleras a la entrada que habr\u00e1 de ser m\u00e1s tarde derribada sin contemplaciones y ninguneada para siempre por un nuevo y peque\u00f1o edificio de apartamentos.<\/p>\n<p>&nbsp;<\/p>\n<p><img loading=\"lazy\" decoding=\"async\" class=\"aligncenter size-full wp-image-35900\" src=\"https:\/\/lapiedrafilosofal.com\/wp-content\/uploads\/2020\/11\/CABECERA-DEL-LLANO-1967.jpg\" alt=\"\" width=\"866\" height=\"1280\" srcset=\"https:\/\/oscarhumbertogomez.com\/wp-content\/uploads\/2020\/11\/CABECERA-DEL-LLANO-1967.jpg 866w, https:\/\/oscarhumbertogomez.com\/wp-content\/uploads\/2020\/11\/CABECERA-DEL-LLANO-1967-203x300.jpg 203w, https:\/\/oscarhumbertogomez.com\/wp-content\/uploads\/2020\/11\/CABECERA-DEL-LLANO-1967-693x1024.jpg 693w, https:\/\/oscarhumbertogomez.com\/wp-content\/uploads\/2020\/11\/CABECERA-DEL-LLANO-1967-768x1135.jpg 768w\" sizes=\"auto, (max-width: 866px) 100vw, 866px\" \/><\/p>\n<p>&nbsp;<\/p>\n<p>Aunque no; tampoco es tan exacto decir que, aparte del concurrido y amigable almac\u00e9n de la esquina, \u00fanicamente entrar\u00e1 a esta casa del barrio Sotomayor \u2014donde, dicho sea de paso, por primera vez en la vida conocer\u00e1 las comodidades del tel\u00e9fono, la nevera y los cilindros de gas propano de cien libras\u2014, porque tambi\u00e9n lo har\u00e1, uno que otro domingo, en aquella otra casa ubicada en el costado sur de la calle 45 con carrera 28, al oriente del templo y hacia el mismo costado sur de este, donde reside la familia que encabeza Guillermo Dur\u00e1n, un se\u00f1or de gafas, sencillo y amable \u2014a diferencia de su esposa, que \u00fanicamente se le parece en lo de las gafas\u2014 y de quien ha o\u00eddo decir que dizque ahora es el nuevo propietario de varios lotes ubicados en un apartado y solitario lugar del extremo occidental de la ciudad al que le dicen Campo Hermoso.<\/p>\n<p>&nbsp;<\/p>\n<p><em>Ruitoque, Mesa de las Tempestades, \u00c1rea Metropolitana de Bucaramanga, domingo 8 de noviembre de 2020 <\/em><\/p>\n<p>&nbsp;<\/p>\n<p>(CONTINUAR\u00c1)<\/p>\n<p>&nbsp;<\/p>\n","protected":false},"excerpt":{"rendered":"<p>[Antes de proseguir, expreso p\u00fablicamente mis agradecimientos al maestro Carlos Eslava Fl\u00f3rez, quien nunca se fue de nuestro coraz\u00f3n; a su hija, do\u00f1a Vilma Eslava; y al arquitecto David Arias Mantilla, por su aporte, tan valioso como desinteresado, en el &hellip; <a href=\"https:\/\/oscarhumbertogomez.com\/?p=35866\">Sigue leyendo <span class=\"meta-nav\">&rarr;<\/span><\/a><\/p>\n<div class='heateorSssClear'><\/div><div  class='heateor_sss_sharing_container heateor_sss_horizontal_sharing' heateor-sss-data-href='https:\/\/oscarhumbertogomez.com\/?p=35866'><div class='heateor_sss_sharing_title' style=\"font-weight:bold\" >\u00a1Gracias por compartirla!<\/div><ul class=\"heateor_sss_sharing_ul\"><li class=\"heateorSssSharingRound\"><i style=\"width:35px;height:35px;border-radius:999px;\" alt=\"Facebook\" Title=\"Facebook\" class=\"heateorSssSharing heateorSssFacebookBackground\" onclick='heateorSssPopup(\"https:\/\/www.facebook.com\/sharer\/sharer.php?u=https%3A%2F%2Foscarhumbertogomez.com%2Findex.php%3Frest_route%3D%252Fwp%252Fv2%252Fposts%252F35866\")'><ss style=\"display:block;border-radius:999px;\" class=\"heateorSssSharingSvg heateorSssFacebookSvg\"><\/ss><\/i><\/li><li class=\"heateorSssSharingRound\"><i style=\"width:35px;height:35px;border-radius:999px;\" alt=\"Twitter\" Title=\"Twitter\" class=\"heateorSssSharing heateorSssTwitterBackground\" onclick='heateorSssPopup(\"http:\/\/twitter.com\/intent\/tweet?text=SALVADOR%20RODR%C3%8DGUEZ%20%28Cap%C3%ADtulo%20III%29%20Por%20%C3%93scar%20Humberto%20G%C3%B3mez%20G%C3%B3mez%20%5BMemorias%5D&url=https%3A%2F%2Foscarhumbertogomez.com%2Findex.php%3Frest_route%3D%252Fwp%252Fv2%252Fposts%252F35866\")'><ss style=\"display:block;border-radius:999px;\" class=\"heateorSssSharingSvg heateorSssTwitterSvg\"><\/ss><\/i><\/li><li class=\"heateorSssSharingRound\"><i style=\"width:35px;height:35px;border-radius:999px;\" alt=\"Whatsapp\" Title=\"Whatsapp\" class=\"heateorSssSharing heateorSssWhatsappBackground\" onclick='heateorSssPopup(\"https:\/\/web.whatsapp.com\/send?text=SALVADOR%20RODR%C3%8DGUEZ%20%28Cap%C3%ADtulo%20III%29%20Por%20%C3%93scar%20Humberto%20G%C3%B3mez%20G%C3%B3mez%20%5BMemorias%5D https%3A%2F%2Foscarhumbertogomez.com%2Findex.php%3Frest_route%3D%252Fwp%252Fv2%252Fposts%252F35866\")'><ss style=\"display:block\" class=\"heateorSssSharingSvg heateorSssWhatsappSvg\"><\/ss><\/i><\/li><li class=\"heateorSssSharingRound\"><i style=\"width:35px;height:35px;border-radius:999px;\" alt=\"Pinterest\" Title=\"Pinterest\" class=\"heateorSssSharing heateorSssPinterestBackground\" onclick=\"javascript:void( (function() {var e=document.createElement('script' );e.setAttribute('type','text\/javascript' );e.setAttribute('charset','UTF-8' );e.setAttribute('src','\/\/assets.pinterest.com\/js\/pinmarklet.js?r='+Math.random()*99999999);document.body.appendChild(e)})());\"><ss style=\"display:block;border-radius:999px;\" class=\"heateorSssSharingSvg heateorSssPinterestSvg\"><\/ss><\/i><\/li><li class=\"heateorSssSharingRound\"><i style=\"width:35px;height:35px;border-radius:999px;\" alt=\"Google Gmail\" Title=\"Google Gmail\" class=\"heateorSssSharing heateorSssGoogleGmailBackground\" onclick='heateorSssPopup(\"https:\/\/mail.google.com\/mail\/?ui=2&view=cm&fs=1&tf=1&su=SALVADOR%20RODR%C3%8DGUEZ%20%28Cap%C3%ADtulo%20III%29%20Por%20%C3%93scar%20Humberto%20G%C3%B3mez%20G%C3%B3mez%20%5BMemorias%5D&body=Link:https%3A%2F%2Foscarhumbertogomez.com%2Findex.php%3Frest_route%3D%252Fwp%252Fv2%252Fposts%252F35866\")'><ss style=\"display:block;border-radius:999px;\" class=\"heateorSssSharingSvg heateorSssGoogleGmailSvg\"><\/ss><\/i><\/li><li class=\"heateorSssSharingRound\"><i style=\"width:35px;height:35px;border-radius:999px;\" title=\"More\" alt=\"More\" class=\"heateorSssSharing heateorSssMoreBackground\" onclick=\"heateorSssMoreSharingPopup(this, 'https:\/\/oscarhumbertogomez.com\/index.php?rest_route=%2Fwp%2Fv2%2Fposts%2F35866', 'SALVADOR%20RODR%C3%8DGUEZ%20%28Cap%C3%ADtulo%20III%29%20Por%20%C3%93scar%20Humberto%20G%C3%B3mez%20G%C3%B3mez%20%5BMemorias%5D', '' )\" ><ss style=\"display:block\" class=\"heateorSssSharingSvg heateorSssMoreSvg\"><\/ss><\/i><\/li><\/ul><div class=\"heateorSssClear\"><\/div><\/div><div class='heateorSssClear'><\/div>","protected":false},"author":2,"featured_media":0,"comment_status":"closed","ping_status":"closed","sticky":false,"template":"","format":"standard","meta":{"spay_email":"","footnotes":""},"categories":[1],"tags":[],"class_list":["post-35866","post","type-post","status-publish","format-standard","hentry","category-blog"],"jetpack_featured_media_url":"","jetpack_shortlink":"https:\/\/wp.me\/p1FYrr-9ku","_links":{"self":[{"href":"https:\/\/oscarhumbertogomez.com\/index.php?rest_route=\/wp\/v2\/posts\/35866","targetHints":{"allow":["GET"]}}],"collection":[{"href":"https:\/\/oscarhumbertogomez.com\/index.php?rest_route=\/wp\/v2\/posts"}],"about":[{"href":"https:\/\/oscarhumbertogomez.com\/index.php?rest_route=\/wp\/v2\/types\/post"}],"author":[{"embeddable":true,"href":"https:\/\/oscarhumbertogomez.com\/index.php?rest_route=\/wp\/v2\/users\/2"}],"replies":[{"embeddable":true,"href":"https:\/\/oscarhumbertogomez.com\/index.php?rest_route=%2Fwp%2Fv2%2Fcomments&post=35866"}],"version-history":[{"count":5,"href":"https:\/\/oscarhumbertogomez.com\/index.php?rest_route=\/wp\/v2\/posts\/35866\/revisions"}],"predecessor-version":[{"id":53586,"href":"https:\/\/oscarhumbertogomez.com\/index.php?rest_route=\/wp\/v2\/posts\/35866\/revisions\/53586"}],"wp:attachment":[{"href":"https:\/\/oscarhumbertogomez.com\/index.php?rest_route=%2Fwp%2Fv2%2Fmedia&parent=35866"}],"wp:term":[{"taxonomy":"category","embeddable":true,"href":"https:\/\/oscarhumbertogomez.com\/index.php?rest_route=%2Fwp%2Fv2%2Fcategories&post=35866"},{"taxonomy":"post_tag","embeddable":true,"href":"https:\/\/oscarhumbertogomez.com\/index.php?rest_route=%2Fwp%2Fv2%2Ftags&post=35866"}],"curies":[{"name":"wp","href":"https:\/\/api.w.org\/{rel}","templated":true}]}}