{"id":35933,"date":"2020-11-10T20:07:03","date_gmt":"2020-11-11T01:07:03","guid":{"rendered":"http:\/\/www.oscarhumbertogomez.com\/?p=35933"},"modified":"2025-04-04T21:49:03","modified_gmt":"2025-04-05T02:49:03","slug":"salvador-rodriguez-capitulo-v-por-oscar-humberto-gomez-gomez-memorias","status":"publish","type":"post","link":"https:\/\/oscarhumbertogomez.com\/?p=35933","title":{"rendered":"SALVADOR RODR\u00cdGUEZ (Cap\u00edtulo V) Por \u00d3scar Humberto G\u00f3mez G\u00f3mez [Memorias]"},"content":{"rendered":"<p><img decoding=\"async\" class=\"aligncenter size-medium wp-image-35834\" src=\"https:\/\/lapiedrafilosofal.com\/wp-content\/uploads\/2020\/11\/SALVADOR-RODRI\u0301GUEZ-1-300x225.jpg\" alt=\"\" width=\"500\" srcset=\"https:\/\/oscarhumbertogomez.com\/wp-content\/uploads\/2020\/11\/SALVADOR-RODRI\u0301GUEZ-1-300x225.jpg 300w, https:\/\/oscarhumbertogomez.com\/wp-content\/uploads\/2020\/11\/SALVADOR-RODRI\u0301GUEZ-1-1024x768.jpg 1024w, https:\/\/oscarhumbertogomez.com\/wp-content\/uploads\/2020\/11\/SALVADOR-RODRI\u0301GUEZ-1-768x576.jpg 768w, https:\/\/oscarhumbertogomez.com\/wp-content\/uploads\/2020\/11\/SALVADOR-RODRI\u0301GUEZ-1.jpg 1280w\" sizes=\"(max-width: 300px) 100vw, 300px\" \/><\/p>\n<p>&nbsp;<\/p>\n<p>El viernes 13 de junio de 1969 inici\u00f3 su labor como p\u00e1rroco de la reci\u00e9n erigida parroquia del Sagrado Coraz\u00f3n de Jes\u00fas \u2014hasta ese momento tan solo una casa parroquial\u2014 el sacerdote jesuita Ignacio Zald\u00edvar.<\/p>\n<p>El nuevo p\u00e1rroco no solo gustaba de la m\u00fasica dentro de las celebraciones religiosas, sino que ten\u00eda la personal concepci\u00f3n de que de ella deb\u00edan disfrutar, y por cuenta de la parroquia, las parejas que se casaban luego de desfilar casi una cuadra entera por la alfombrada nave central del gigantesco templo rojizo, y los padres llorosos que presenciaban a sus hijos haciendo la Primera Comuni\u00f3n con vela, cinta y la expectativa de un delicioso desayuno, y los padres sonrientes que presenciaban el concierto de berridos de sus reci\u00e9n nacidos hijos en la pila bautismal tan pronto sent\u00edan sobre sus cabezas la gelidez del agua bendita, y los deudos circunspectos que acompa\u00f1aban el f\u00e9retro de sus seres queridos con esa contradictoria tristeza taciturna con la que los cat\u00f3licos suelen despedir a sus familiares como si, en el fondo, no creyeran eso de la inmortalidad del alma.<\/p>\n<p>El organista y cantor del templo empez\u00f3, pues, la que ser\u00eda su \u00e9poca de oro. Podr\u00eda decirse que era el artista que m\u00e1s veces cantaba y tocaba en p\u00fablico de cuantos a la saz\u00f3n cantaban y tocaban en p\u00fablico en la por entonces llamada &#8220;Ciudad de los parques&#8221;. Un m\u00fasico que, sin embargo, solamente interpretaba piezas de corte religioso frente a la nutrida feligres\u00eda que, adem\u00e1s de acostumbrarse a \u00e9l, a su voz y a su \u00f3rgano acompa\u00f1ante, d\u00eda tras d\u00eda se encari\u00f1aba m\u00e1s y m\u00e1s con aquel cura p\u00e1rroco que, al tiempo que rega\u00f1aba a los ni\u00f1os para que no corrieran dentro del templo, exhortaba a sus padres a que les dieran el modelo de educaci\u00f3n cristiana que hac\u00edan imperiosos los nuevos y dif\u00edciles tiempos.<\/p>\n<p>&nbsp;<\/p>\n<p><img loading=\"lazy\" decoding=\"async\" class=\"aligncenter size-full wp-image-35839\" src=\"https:\/\/lapiedrafilosofal.com\/wp-content\/uploads\/2020\/11\/TEMPLO-.jpg\" alt=\"\" width=\"770\" height=\"443\" srcset=\"https:\/\/oscarhumbertogomez.com\/wp-content\/uploads\/2020\/11\/TEMPLO-.jpg 770w, https:\/\/oscarhumbertogomez.com\/wp-content\/uploads\/2020\/11\/TEMPLO--300x173.jpg 300w, https:\/\/oscarhumbertogomez.com\/wp-content\/uploads\/2020\/11\/TEMPLO--768x442.jpg 768w\" sizes=\"auto, (max-width: 770px) 100vw, 770px\" \/><\/p>\n<p>&nbsp;<\/p>\n<p>El rector del colegio San Pedro Claver, por su parte, era desde 1965 el padre Ortiz.<\/p>\n<p>Gonzalo Ortiz, hay que aclarar en seguida, para evitar que se le confunda con alguno de sus hermanos, todos los cuales fueron tambi\u00e9n, al igual que \u00e9l, padres.<\/p>\n<p>Todos, incluso el padre Elberto Ortiz, padre s\u00ed, pero de sus hijos, entre ellos el m\u00e9dico dermat\u00f3logo Donaldo Ortiz Latorre. Tambi\u00e9n lo hab\u00eda sido, aunque solamente de intenci\u00f3n ya que, a diferencia de sus consangu\u00edneos, se hab\u00eda retirado del seminario dos a\u00f1os despu\u00e9s de haber ingresado a \u00e9l, decisi\u00f3n debido a la cual, en el complejo ajedrez de la vida, la iglesia cat\u00f3lica perdi\u00f3 a un presb\u00edtero, pero la medicina santandereana gan\u00f3 a un excelente facultativo y el diario Vanguardia Liberal, a uno de sus m\u00e1s apreciados columnistas.<\/p>\n<p>Pues bien; bajo la rector\u00eda del padre Ortiz \u2014Ortiz Lozano, para ser m\u00e1s exactos\u2014 Salvador Rodr\u00edguez ofici\u00f3 no solo como el emblem\u00e1tico Secretario General del colegio San Pedro Claver, sino como el organista y el cantor del templo contiguo a \u00e9l y al que, dicho sea de paso, todav\u00eda hoy no pocos despistados persisten en darle el mismo nombre del establecimiento educativo contiguo.<\/p>\n<p>Pero, entonces, sucedi\u00f3 que el padre Zald\u00edvar \u2014Ignacio Zald\u00edvar Fern\u00e1ndez, para ser m\u00e1s precisos\u2014 fue trasladado por los superiores de la Compa\u00f1\u00eda de Jes\u00fas y en su reemplazo lleg\u00f3 el padre Arango. Corr\u00edan las postrimer\u00edas de diciembre de 1984 cuando el querido presb\u00edtero Zald\u00edvar se despidi\u00f3 de sus llorosos fieles.<\/p>\n<p>&nbsp;<\/p>\n<p><img loading=\"lazy\" decoding=\"async\" class=\"aligncenter size-full wp-image-36116\" src=\"https:\/\/lapiedrafilosofal.com\/wp-content\/uploads\/2020\/11\/PHOTO-2020-11-09-08-10-02-3.jpg\" alt=\"\" width=\"780\" height=\"1040\" srcset=\"https:\/\/oscarhumbertogomez.com\/wp-content\/uploads\/2020\/11\/PHOTO-2020-11-09-08-10-02-3.jpg 780w, https:\/\/oscarhumbertogomez.com\/wp-content\/uploads\/2020\/11\/PHOTO-2020-11-09-08-10-02-3-225x300.jpg 225w, https:\/\/oscarhumbertogomez.com\/wp-content\/uploads\/2020\/11\/PHOTO-2020-11-09-08-10-02-3-768x1024.jpg 768w\" sizes=\"auto, (max-width: 780px) 100vw, 780px\" \/><\/p>\n<p>&nbsp;<\/p>\n<p>Hombre culto y sencillo, el padre Gilberto Arango \u2014paisa de nacimiento\u2014 era tan amante de la m\u00fasica como su antecesor, pero a diferencia de este no cre\u00eda que la parroquia tuviese que proveer la m\u00fasica a su feligres\u00eda y consideraba, por el contrario, que deb\u00eda ser esta la que asumiera su costo. As\u00ed que, con la misma claridad con que lleg\u00f3 a predicar la doctrina que \u00cd\u00f1igo L\u00f3pez de Recalde, bajo el nombre de Ignacio de Loyola, se hab\u00eda propuesto, muchos a\u00f1os atr\u00e1s, exponer y defender con ardor de combatiente cual si se tratara de una bandera de guerra enarbolada en contra de la herej\u00eda, el nuevo p\u00e1rroco les hizo saber a todos los fieles cat\u00f3licos del acomodado oriente bumangu\u00e9s que ya no habr\u00eda m\u00fasica de \u00f3rgano ni canto gregoriano durante las eucarist\u00edas ni dentro de los dem\u00e1s servicios religiosos excepto que los directamente interesados trajeran sus propios m\u00fasicos o que el correspondiente costo lo asumieran de su bolsillo. Por supuesto, se cuid\u00f3 de precisarles que el maestro Salvador Rodr\u00edguez, el organista cantor del templo, quedaba a sus gratas \u00f3rdenes por si deseaban contratarlo.<\/p>\n<p>&nbsp;<\/p>\n<p><img loading=\"lazy\" decoding=\"async\" class=\"aligncenter size-full wp-image-35991\" src=\"https:\/\/lapiedrafilosofal.com\/wp-content\/uploads\/2020\/11\/PHOTO-2020-11-09-08-10-00.jpg\" alt=\"\" width=\"780\" height=\"1040\" srcset=\"https:\/\/oscarhumbertogomez.com\/wp-content\/uploads\/2020\/11\/PHOTO-2020-11-09-08-10-00.jpg 780w, https:\/\/oscarhumbertogomez.com\/wp-content\/uploads\/2020\/11\/PHOTO-2020-11-09-08-10-00-225x300.jpg 225w, https:\/\/oscarhumbertogomez.com\/wp-content\/uploads\/2020\/11\/PHOTO-2020-11-09-08-10-00-768x1024.jpg 768w\" sizes=\"auto, (max-width: 780px) 100vw, 780px\" \/><\/p>\n<p>&nbsp;<\/p>\n<p>Durante aquella turbulenta d\u00e9cada, que poco a poco se iba enrutando hacia su oto\u00f1o, el ya conocido y apreciado m\u00fasico piedecuestano hab\u00eda dejado impreso su sello personal de hombre amable en &#8220;La caba\u00f1a&#8221;, pues aquel que fuera su primer establecimiento de comercio lo hab\u00eda dejado a cargo de otras manos \u2014que se lo hab\u00edan adquirido en compraventa\u2014 y de \u00e9l \u00fanicamente se hab\u00eda llevado aquellos intangibles que jam\u00e1s entran a formar parte de negocio alguno: el intangible no negociable de los buenos recuerdos, el intangible no negociable de vivencias y de an\u00e9cdotas, el intangible no negociable del afecto sembrado en quienes hab\u00edan sido sus m\u00e1s cercanos vecinos, el intangible no negociable de los amigos que hab\u00edan aprendido a estimarlo y que ya formar\u00edan parte para siempre de esa riqueza fabulosa de la que no entienden los bancos y que se llama amistad. Ahora, en otra esquina, se hab\u00eda embarcado en el almac\u00e9n Sotomayor, la atractiva miscel\u00e1nea donde el peque\u00f1o ni\u00f1o de escuela llegado al barrio un fin de semana cualquiera con el prop\u00f3sito de visitar a unos primos distantes y que hab\u00eda terminado descubriendo aquel m\u00e1gico entorno de \u00e1rboles, flores, mariposas y chicharras, ser\u00eda atendido por \u00e9l con esa amabilidad casi desconcertante que habr\u00eda de qued\u00e1rsele grabada en la memoria por siempre, igual que habr\u00eda de qued\u00e1rsele grabada por siempre en el paladar la exquisitez sin par de la panelita marr\u00f3n que le entreg\u00f3 por vez primera, el rectangular comestible de sabor incomparable que ser\u00eda su primera compra en un barrio extra\u00f1o, la deliciosa golosina que, apenas segundos antes de ser puesta en sus manos infantiles, hab\u00eda producido el sortilegio de hacer desaparecer para siempre la solitaria moneda de un centavo que a\u00fan sobreviv\u00eda refugiada en aquel siempre vac\u00edo bolsillo del modesto pantal\u00f3n de dril donde \u00e9l no sol\u00eda guardar ni sus pepas ni su trompo.<\/p>\n<p>&nbsp;<\/p>\n<p><img loading=\"lazy\" decoding=\"async\" class=\"aligncenter size-full wp-image-35992\" src=\"https:\/\/lapiedrafilosofal.com\/wp-content\/uploads\/2020\/11\/COLEGIO-SAN-PEDRO-CLAVER.jpg\" alt=\"\" width=\"800\" height=\"600\" srcset=\"https:\/\/oscarhumbertogomez.com\/wp-content\/uploads\/2020\/11\/COLEGIO-SAN-PEDRO-CLAVER.jpg 800w, https:\/\/oscarhumbertogomez.com\/wp-content\/uploads\/2020\/11\/COLEGIO-SAN-PEDRO-CLAVER-300x225.jpg 300w, https:\/\/oscarhumbertogomez.com\/wp-content\/uploads\/2020\/11\/COLEGIO-SAN-PEDRO-CLAVER-768x576.jpg 768w\" sizes=\"auto, (max-width: 800px) 100vw, 800px\" \/><\/p>\n<p>&nbsp;<\/p>\n<p>El padre Ortiz habr\u00e1 de ser trasladado y llegar\u00e1 en su reemplazo el padre Enrique Giraldo, quien ser\u00e1 sucedido a su vez, tambi\u00e9n a\u00f1os m\u00e1s tarde, por el padre Camilo Tapias, para continuar as\u00ed y con el imparable correr del tiempo el ya ininterrumpido devenir vital del que inevitablemente ser\u00e1 en la historia de la ciudad uno de los planteles m\u00e1s representativos de aquella turbulenta e inolvidable d\u00e9cada.<\/p>\n<p>Unos a\u00f1os m\u00e1s tarde, el inolvidable padre Zald\u00edvar ser\u00e1 atropellado por un veh\u00edculo automotor en la ciudad de Cartagena de Indias y no sobrevivir\u00e1 al impacto que ha sufrido en su humanidad.<\/p>\n<p>El padre Arango, por su parte, habr\u00e1 de emigrar a los Estados Unidos, pa\u00eds donde querr\u00e1 iniciar desde cero su sue\u00f1o de toda la vida, que no es el de llegar a ser famoso, ni el de llegar a tener fortuna, sino el de trabajar con humildad y desde el anonimato por los inmigrantes pobres, de modo que buscar\u00e1 y obtendr\u00e1 de sus superiores no su designaci\u00f3n como cura p\u00e1rroco de alguna parroquia connotada, ni mucho menos su ascenso como obispo de alguna di\u00f3cesis \u2014que, de hecho, los jesuitas no pueden serlo\u2014, sino apenas su ignoto y remoto nombramiento como humilde auxiliar de un modesto cura p\u00e1rroco de cuyo nombre no habr\u00e1 de acordarse nadie.<\/p>\n<p>&nbsp;<\/p>\n<p><img loading=\"lazy\" decoding=\"async\" class=\"aligncenter size-full wp-image-35993\" src=\"https:\/\/lapiedrafilosofal.com\/wp-content\/uploads\/2020\/11\/colegio-san-pedro-claver-1.jpg\" alt=\"\" width=\"801\" height=\"600\" srcset=\"https:\/\/oscarhumbertogomez.com\/wp-content\/uploads\/2020\/11\/colegio-san-pedro-claver-1.jpg 801w, https:\/\/oscarhumbertogomez.com\/wp-content\/uploads\/2020\/11\/colegio-san-pedro-claver-1-300x225.jpg 300w, https:\/\/oscarhumbertogomez.com\/wp-content\/uploads\/2020\/11\/colegio-san-pedro-claver-1-768x575.jpg 768w\" sizes=\"auto, (max-width: 801px) 100vw, 801px\" \/><\/p>\n<p>&nbsp;<\/p>\n<p>Cuando no hab\u00eda finalizado todav\u00eda el primer trimestre del presente a\u00f1o de 2020 y ya se sab\u00eda \u2014o ya se deb\u00eda saber no solo en Bucaramanga, sino en Santander y en Colombia\u2014 que una peligrosa pandemia nos amenazaba a todos con su cercan\u00eda siniestra, intentando sumirnos en el temor, en el dolor, en el des\u00e1nimo y en la desesperanza, el padre Gonzalo Ortiz interrumpi\u00f3 la luenga labor que desde tiempos inmemoriales ven\u00eda desempe\u00f1ando sin pausa como pastor de almas. Su sobrino Donaldo \u2014bautizado con el mismo nombre de su tambi\u00e9n t\u00edo y tambi\u00e9n sacerdote jesuita Donaldo Ortiz Lozano\u2014 escribi\u00f3 en su columna habitual de Vanguardia (s\u00ed, as\u00ed a secas, ya sin la palabra &#8220;Liberal&#8221; en su cabezote) unas elocuentes palabras con las que retrat\u00f3 al desaparecido presb\u00edtero santandereano con m\u00e1s precisi\u00f3n que la que podr\u00edan haber logrado la m\u00e1s fiel fotograf\u00eda o el m\u00e1s impresionante \u00f3leo sobre lienzo:<\/p>\n<p>&#8220;Una vez le pregunt\u00e9 a mi t\u00edo Gonzalo Ortiz Lozano S.J., reci\u00e9n fallecido despu\u00e9s de estar en la Compa\u00f1\u00eda de Jes\u00fas durante 83 a\u00f1os, que si hab\u00eda tenido dudas de su vocaci\u00f3n. Me dijo que nunca, que cuando se fue con mi pap\u00e1 para el noviciado, estaba seguro de lo que hac\u00eda. Mi pap\u00e1 dur\u00f3 dos a\u00f1os y se sali\u00f3, y el superior le pregunt\u00f3 a mi t\u00edo que si \u00e9l tambi\u00e9n se iba. Le dijo que no porque desde que hab\u00eda entrado supo que esa era su casa. Ten\u00eda eso que yo no tengo, fe eterna, convencimiento profundo de su papel en la tierra, y lo cumpli\u00f3. Ya descansa en paz&#8221;.<\/p>\n<p>Descanse tambi\u00e9n en paz usted, padre Zald\u00edvar.<\/p>\n<p>&nbsp;<\/p>\n<p><em>Ruitoque, Mesa de las Tempestades, \u00c1rea Metropolitana de Bucaramanga, martes 10 de noviembre de 2020 <\/em><\/p>\n<p>&nbsp;<\/p>\n<p>(CONTINUAR\u00c1)<\/p>\n<p>&nbsp;<\/p>\n","protected":false},"excerpt":{"rendered":"<p>&nbsp; El viernes 13 de junio de 1969 inici\u00f3 su labor como p\u00e1rroco de la reci\u00e9n erigida parroquia del Sagrado Coraz\u00f3n de Jes\u00fas \u2014hasta ese momento tan solo una casa parroquial\u2014 el sacerdote jesuita Ignacio Zald\u00edvar. El nuevo p\u00e1rroco no &hellip; <a href=\"https:\/\/oscarhumbertogomez.com\/?p=35933\">Sigue leyendo <span class=\"meta-nav\">&rarr;<\/span><\/a><\/p>\n<div class='heateorSssClear'><\/div><div  class='heateor_sss_sharing_container heateor_sss_horizontal_sharing' heateor-sss-data-href='https:\/\/oscarhumbertogomez.com\/?p=35933'><div class='heateor_sss_sharing_title' style=\"font-weight:bold\" >\u00a1Gracias por compartirla!<\/div><ul class=\"heateor_sss_sharing_ul\"><li class=\"heateorSssSharingRound\"><i style=\"width:35px;height:35px;border-radius:999px;\" alt=\"Facebook\" Title=\"Facebook\" class=\"heateorSssSharing heateorSssFacebookBackground\" onclick='heateorSssPopup(\"https:\/\/www.facebook.com\/sharer\/sharer.php?u=https%3A%2F%2Foscarhumbertogomez.com%2Findex.php%3Frest_route%3D%252Fwp%252Fv2%252Fposts%252F35933\")'><ss style=\"display:block;border-radius:999px;\" class=\"heateorSssSharingSvg heateorSssFacebookSvg\"><\/ss><\/i><\/li><li class=\"heateorSssSharingRound\"><i style=\"width:35px;height:35px;border-radius:999px;\" alt=\"Twitter\" Title=\"Twitter\" class=\"heateorSssSharing heateorSssTwitterBackground\" onclick='heateorSssPopup(\"http:\/\/twitter.com\/intent\/tweet?text=SALVADOR%20RODR%C3%8DGUEZ%20%28Cap%C3%ADtulo%20V%29%20Por%20%C3%93scar%20Humberto%20G%C3%B3mez%20G%C3%B3mez%20%5BMemorias%5D&url=https%3A%2F%2Foscarhumbertogomez.com%2Findex.php%3Frest_route%3D%252Fwp%252Fv2%252Fposts%252F35933\")'><ss style=\"display:block;border-radius:999px;\" class=\"heateorSssSharingSvg heateorSssTwitterSvg\"><\/ss><\/i><\/li><li class=\"heateorSssSharingRound\"><i style=\"width:35px;height:35px;border-radius:999px;\" alt=\"Whatsapp\" Title=\"Whatsapp\" class=\"heateorSssSharing heateorSssWhatsappBackground\" onclick='heateorSssPopup(\"https:\/\/web.whatsapp.com\/send?text=SALVADOR%20RODR%C3%8DGUEZ%20%28Cap%C3%ADtulo%20V%29%20Por%20%C3%93scar%20Humberto%20G%C3%B3mez%20G%C3%B3mez%20%5BMemorias%5D https%3A%2F%2Foscarhumbertogomez.com%2Findex.php%3Frest_route%3D%252Fwp%252Fv2%252Fposts%252F35933\")'><ss style=\"display:block\" class=\"heateorSssSharingSvg heateorSssWhatsappSvg\"><\/ss><\/i><\/li><li class=\"heateorSssSharingRound\"><i style=\"width:35px;height:35px;border-radius:999px;\" alt=\"Pinterest\" Title=\"Pinterest\" class=\"heateorSssSharing heateorSssPinterestBackground\" onclick=\"javascript:void( (function() {var e=document.createElement('script' );e.setAttribute('type','text\/javascript' );e.setAttribute('charset','UTF-8' );e.setAttribute('src','\/\/assets.pinterest.com\/js\/pinmarklet.js?r='+Math.random()*99999999);document.body.appendChild(e)})());\"><ss style=\"display:block;border-radius:999px;\" class=\"heateorSssSharingSvg heateorSssPinterestSvg\"><\/ss><\/i><\/li><li class=\"heateorSssSharingRound\"><i style=\"width:35px;height:35px;border-radius:999px;\" alt=\"Google Gmail\" Title=\"Google Gmail\" class=\"heateorSssSharing heateorSssGoogleGmailBackground\" onclick='heateorSssPopup(\"https:\/\/mail.google.com\/mail\/?ui=2&view=cm&fs=1&tf=1&su=SALVADOR%20RODR%C3%8DGUEZ%20%28Cap%C3%ADtulo%20V%29%20Por%20%C3%93scar%20Humberto%20G%C3%B3mez%20G%C3%B3mez%20%5BMemorias%5D&body=Link:https%3A%2F%2Foscarhumbertogomez.com%2Findex.php%3Frest_route%3D%252Fwp%252Fv2%252Fposts%252F35933\")'><ss style=\"display:block;border-radius:999px;\" class=\"heateorSssSharingSvg heateorSssGoogleGmailSvg\"><\/ss><\/i><\/li><li class=\"heateorSssSharingRound\"><i style=\"width:35px;height:35px;border-radius:999px;\" title=\"More\" alt=\"More\" class=\"heateorSssSharing heateorSssMoreBackground\" onclick=\"heateorSssMoreSharingPopup(this, 'https:\/\/oscarhumbertogomez.com\/index.php?rest_route=%2Fwp%2Fv2%2Fposts%2F35933', 'SALVADOR%20RODR%C3%8DGUEZ%20%28Cap%C3%ADtulo%20V%29%20Por%20%C3%93scar%20Humberto%20G%C3%B3mez%20G%C3%B3mez%20%5BMemorias%5D', '' )\" ><ss style=\"display:block\" class=\"heateorSssSharingSvg heateorSssMoreSvg\"><\/ss><\/i><\/li><\/ul><div class=\"heateorSssClear\"><\/div><\/div><div class='heateorSssClear'><\/div>","protected":false},"author":2,"featured_media":0,"comment_status":"closed","ping_status":"closed","sticky":false,"template":"","format":"standard","meta":{"spay_email":"","footnotes":""},"categories":[1],"tags":[],"class_list":["post-35933","post","type-post","status-publish","format-standard","hentry","category-blog"],"jetpack_featured_media_url":"","jetpack_shortlink":"https:\/\/wp.me\/p1FYrr-9lz","_links":{"self":[{"href":"https:\/\/oscarhumbertogomez.com\/index.php?rest_route=\/wp\/v2\/posts\/35933","targetHints":{"allow":["GET"]}}],"collection":[{"href":"https:\/\/oscarhumbertogomez.com\/index.php?rest_route=\/wp\/v2\/posts"}],"about":[{"href":"https:\/\/oscarhumbertogomez.com\/index.php?rest_route=\/wp\/v2\/types\/post"}],"author":[{"embeddable":true,"href":"https:\/\/oscarhumbertogomez.com\/index.php?rest_route=\/wp\/v2\/users\/2"}],"replies":[{"embeddable":true,"href":"https:\/\/oscarhumbertogomez.com\/index.php?rest_route=%2Fwp%2Fv2%2Fcomments&post=35933"}],"version-history":[{"count":5,"href":"https:\/\/oscarhumbertogomez.com\/index.php?rest_route=\/wp\/v2\/posts\/35933\/revisions"}],"predecessor-version":[{"id":53588,"href":"https:\/\/oscarhumbertogomez.com\/index.php?rest_route=\/wp\/v2\/posts\/35933\/revisions\/53588"}],"wp:attachment":[{"href":"https:\/\/oscarhumbertogomez.com\/index.php?rest_route=%2Fwp%2Fv2%2Fmedia&parent=35933"}],"wp:term":[{"taxonomy":"category","embeddable":true,"href":"https:\/\/oscarhumbertogomez.com\/index.php?rest_route=%2Fwp%2Fv2%2Fcategories&post=35933"},{"taxonomy":"post_tag","embeddable":true,"href":"https:\/\/oscarhumbertogomez.com\/index.php?rest_route=%2Fwp%2Fv2%2Ftags&post=35933"}],"curies":[{"name":"wp","href":"https:\/\/api.w.org\/{rel}","templated":true}]}}