{"id":3606,"date":"2012-04-10T21:15:28","date_gmt":"2012-04-11T02:15:28","guid":{"rendered":"http:\/\/www.oscarhumbertogomez.com\/?p=3606"},"modified":"2025-04-01T20:50:33","modified_gmt":"2025-04-02T01:50:33","slug":"ni-raja-ni-presta-el-hacha","status":"publish","type":"post","link":"https:\/\/oscarhumbertogomez.com\/?p=3606","title":{"rendered":"Comisi\u00f3n de Acusaciones de la C\u00e1mara de Representantes: ni raja, ni presta el hacha. Por \u00d3scar Humberto G\u00f3mez G\u00f3mez"},"content":{"rendered":"<div id=\"attachment_49906\" style=\"width: 650px\" class=\"wp-caption aligncenter\"><img loading=\"lazy\" decoding=\"async\" aria-describedby=\"caption-attachment-49906\" class=\"size-large wp-image-49906\" src=\"https:\/\/oscarhumbertogomez.com\/wp-content\/uploads\/2011\/06\/WhatsApp-Image-2025-01-19-at-16.33.19-1024x690.jpeg\" alt=\"\" width=\"640\" height=\"431\" srcset=\"https:\/\/oscarhumbertogomez.com\/wp-content\/uploads\/2011\/06\/WhatsApp-Image-2025-01-19-at-16.33.19-1024x690.jpeg 1024w, https:\/\/oscarhumbertogomez.com\/wp-content\/uploads\/2011\/06\/WhatsApp-Image-2025-01-19-at-16.33.19-300x202.jpeg 300w, https:\/\/oscarhumbertogomez.com\/wp-content\/uploads\/2011\/06\/WhatsApp-Image-2025-01-19-at-16.33.19-768x517.jpeg 768w, https:\/\/oscarhumbertogomez.com\/wp-content\/uploads\/2011\/06\/WhatsApp-Image-2025-01-19-at-16.33.19.jpeg 1280w\" sizes=\"auto, (max-width: 640px) 100vw, 640px\" \/><p id=\"caption-attachment-49906\" class=\"wp-caption-text\">\u00d3SCAR HUMBERTO G\u00d3MEZ G\u00d3MEZ. Fotograf\u00eda de Nylse Blackburn. 2009<\/p><\/div>\n<p>&nbsp;<\/p>\n<p>Que la Comisi\u00f3n de Acusaciones de la C\u00e1mara de Representantes nunca acusa a nadie es tan p\u00fablicamente conocido, que a esa comisi\u00f3n ya no la llaman por su nombre: no le dicen Comisi\u00f3n de Acusaciones, sino &#8220;Comisi\u00f3n de Absoluciones&#8221;.<\/p>\n<p>&nbsp;<\/p>\n<p><img loading=\"lazy\" decoding=\"async\" class=\"aligncenter size-full wp-image-3611\" title=\"Comisi\u00f3n de Acusaciones\" src=\"https:\/\/lapiedrafilosofal.com\/wp-content\/uploads\/2012\/04\/Comisi\u00f3n-de-Acusaciones.jpg\" alt=\"\" width=\"630\" height=\"430\" srcset=\"https:\/\/oscarhumbertogomez.com\/wp-content\/uploads\/2012\/04\/Comisi\u00f3n-de-Acusaciones.jpg 630w, https:\/\/oscarhumbertogomez.com\/wp-content\/uploads\/2012\/04\/Comisi\u00f3n-de-Acusaciones-300x204.jpg 300w\" sizes=\"auto, (max-width: 630px) 100vw, 630px\" \/><\/p>\n<p>&nbsp;<\/p>\n<p>Que los magistrados de las altas Cortes tambi\u00e9n incurren en faltas es una verdad inocultable. &nbsp;Baste se\u00f1alar, a t\u00edtulo de ejemplo, que dentro de la Corte Suprema de Justicia, el Consejo de Estado y el Consejo Superior de la Judicatura pr\u00e1cticamente se fragu\u00f3 toda una conspiraci\u00f3n en contra de la procedencia de la acci\u00f3n de tutela contra providencias judiciales por v\u00edas de hecho, opci\u00f3n claramente permitida por la Corte Constitucional, cabeza m\u00e1xima de la Jurisdicci\u00f3n Constitucional colombiana. &nbsp;En una materia tan sensible, la Jurisprudencia Constitucional, que era de obligatorio cumplimiento para todo el mundo, fue sistem\u00e1ticamente desacatada -y lo sigue siendo- en el seno de aquellas altas cortes.<\/p>\n<p>Igualmente, los fallos de esas altas cortes en los cuales se ha incurrido en abiertas v\u00edas de hecho, vale decir, las decisiones donde se ha pasado por encima de la evidencia probatoria o de la misma ley, sin que exista recurso posible alguno, excepto el recurso de resignaci\u00f3n, tambi\u00e9n se han dado.<\/p>\n<p>Empero, y a pesar de las denuncias elevadas ante la susodicha Comisi\u00f3n de Acusaciones, los magistrados que en tales faltas han incurrido no han recibido -ni recibir\u00e1n seguramente- la condigna sanci\u00f3n. &nbsp;Ni siquiera fueron -ni ser\u00e1n- llamados a rendir una indagatoria. Mejor dicho: los afectados -no todos, desde luego, porque a algunos pocos afortunados los salv\u00f3 que la Corte Constitucional les escogiera sus casos para revisarlos- se quedaron con su derecho fundamental al debido proceso impunemente vulnerado.<\/p>\n<p>Quien quiera empaparse de esta terrible problem\u00e1tica puede consultar el libro <em>V\u00edas de hecho<\/em>. <em>Acci\u00f3n de tutela contra providencias<\/em> de MANUEL FERNANDO QUINCHE RAM\u00cdREZ.<\/p>\n<p>Pues bien; esa comisi\u00f3n acaba de demostrar que no s\u00f3lo no raja, sino que tampoco presta el hacha.<\/p>\n<p>Y es que ahora, cuando, por fin, una funcionaria recta hab\u00eda comenzado a investigar a fondo el llamado &#8220;carrusel de pensiones&#8221; dentro del Poder Judicial, la inepta c\u00e9lula legislativa se atraviesa y genera un conflicto de jurisdicci\u00f3n (\u00bfo fue de competencia?) entre la precitada Comisi\u00f3n de Acusaciones de la C\u00e1mara de Representantes y la Contralora General de la Rep\u00fablica, Dra. Sandra Morelli.<\/p>\n<p>&nbsp;<\/p>\n<p><img loading=\"lazy\" decoding=\"async\" class=\"aligncenter size-full wp-image-3614\" title=\"SANDRA MORELLI\" src=\"https:\/\/lapiedrafilosofal.com\/wp-content\/uploads\/2012\/04\/SANDRA-MORELLI.jpg\" alt=\"\" width=\"560\" height=\"373\" srcset=\"https:\/\/oscarhumbertogomez.com\/wp-content\/uploads\/2012\/04\/SANDRA-MORELLI.jpg 560w, https:\/\/oscarhumbertogomez.com\/wp-content\/uploads\/2012\/04\/SANDRA-MORELLI-300x199.jpg 300w\" sizes=\"auto, (max-width: 560px) 100vw, 560px\" \/><\/p>\n<p>&nbsp;<\/p>\n<p>Una Sala de Conjueces de la Sala Jurisdiccional-Disciplinaria del Consejo Superior de la Judicatura ha decidido, en providencia que, l\u00f3gicamente, ha desatado la natural pol\u00e9mica nacional, que esa investigaci\u00f3n fiscal le corresponde a la ineficaz Comisi\u00f3n de Acusaciones de la C\u00e1mara de Representantes, porque la Contralora General de la Rep\u00fablica no puede entrar a defender el patrimonio p\u00fablico cuando quienes lo arrasen sean magistrados de las altas cortes.<\/p>\n<p>[En otra entrada de este portal analizaremos la figura procesal de los conjueces y qu\u00e9 tanto garantiza el principio de imparcialidad en casos en los cuales se trata de juzgar, precisamente, a los magistrados titulares de las corporaciones judiciales ante las cuales ejercen esa funci\u00f3n].<\/p>\n<p>Consideramos que se le ha asestado otro golpe de gracia a lo que pudo haber significado poner, por fin, en cintura a personajes que, en vez de dar ejemplo de pulcritud, han cre\u00eddo que la Justicia es un bot\u00edn y que all\u00ed puede escampar la mediocridad &#8211; al amparo de los nombramientos &#8220;en interinidad&#8221;- y que desde all\u00ed se pueden hacer favores a los amigos y a los selectos integrantes de las roscas que se han ido formando, mediante tretas como la ya tristemente c\u00e9lebre designaci\u00f3n de magistrados auxiliares por tiempos cortos para permitirles jubilarse con mesada pensional de magistrado a funcionarios de inferior jerarqu\u00eda, pero que tuvieron la suerte de contar con &#8220;contactos&#8221; en esas altas corporaciones.<\/p>\n<p>&nbsp;<\/p>\n<p><img decoding=\"async\" class=\"aligncenter size-full wp-image-3615\" title=\"CARRUSEL\" src=\"https:\/\/lapiedrafilosofal.com\/wp-content\/uploads\/2012\/04\/CARRUSEL.jpg\" alt=\"\" width=\"500\" height=\"\" srcset=\"https:\/\/oscarhumbertogomez.com\/wp-content\/uploads\/2012\/04\/CARRUSEL.jpg 420w, https:\/\/oscarhumbertogomez.com\/wp-content\/uploads\/2012\/04\/CARRUSEL-300x207.jpg 300w\" sizes=\"(max-width: 420px) 100vw, 420px\" \/><\/p>\n<p>&nbsp;<\/p>\n<p>El vicio, de otro lado, posiblemente no sea exclusivo de la Sala Jurisdiccional Disciplinaria del Consejo Superior de la Judicatura. Por ello, la investigaci\u00f3n debe extenderse al Consejo de Estado y a las dem\u00e1s corporaciones, para determinar si es cierto o es falso el creciente comentario sobre magistrados que cuando ya se iban a jubilar resultaron, pongamos por caso, consejeros de Estado durante poco tiempo, reemplazando a consejeros titulares que ped\u00edan una conveniente licencia, gracias a lo cual se pensionaron con jugosas mesadas.<\/p>\n<p>Ahora bien; de ser ello falso, as\u00ed debe inform\u00e1rsele a la opini\u00f3n p\u00fablica. No debe perderse de vista que no todo nombramiento de un magistrado en interinidad necesariamente puede catalogarse de inmoral. Pero de existir ex jueces o ex magistrados jubilados que actualmente, en efecto, est\u00e9n recibiendo mesadas pensionales superiores a las que deber\u00edan hab\u00e9rseles liquidado, en virtud de nombramientos provisionales fraudulentos, tendr\u00eda que producirse la invalidaci\u00f3n de semejante asalto al erario, la recuperaci\u00f3n por parte del Estado de esos dineros pagados en exceso, y el juzgamiento y castigo de los responsables.<\/p>\n<p>El se\u00f1or procurador general de la Naci\u00f3n habla de respetar los derechos adquiridos, y est\u00e1 en lo cierto. Pero no debe olvidarse que los derechos adquiridos que se protegen constitucionalmente son los derechos adquiridos <span style=\"text-decoration: underline;\">con justo t\u00edtulo<\/span>&nbsp;y, por ende, de llegarse a comprobar que lo que hubo fue un timo al erario, tal protecci\u00f3n ser\u00eda improcedente.<\/p>\n<p>Por lo dem\u00e1s, en un Estado de Derecho nadie, desde el m\u00e1s alto funcionario del Estado hasta el m\u00e1s humilde ciudadano, puede sentirse exento de cumplir la ley y de ser investigado y sancionado por su incumplimiento. Por ello, y por la larga tradici\u00f3n de impunidad que ha significado la Comisi\u00f3n de Acusaci\u00f3n de la C\u00e1mara de Representantes, y porque esa tradici\u00f3n de impunidad termin\u00f3 por generar y arraigar la percepci\u00f3n social de que s\u00ed hay funcionarios estatales por encima de la ley, se impone que ella sea uno de los t\u00f3picos a tratar, con extrema urgencia, dentro de la profunda y exhaustiva reforma a la Justicia que nos prometi\u00f3 el Gobierno Nacional.<\/p>\n<p>&nbsp;<\/p>\n","protected":false},"excerpt":{"rendered":"<p>&nbsp; Que la Comisi\u00f3n de Acusaciones de la C\u00e1mara de Representantes nunca acusa a nadie es tan p\u00fablicamente conocido, que a esa comisi\u00f3n ya no la llaman por su nombre: no le dicen Comisi\u00f3n de Acusaciones, sino &#8220;Comisi\u00f3n de Absoluciones&#8221;. &hellip; <a href=\"https:\/\/oscarhumbertogomez.com\/?p=3606\">Sigue leyendo <span class=\"meta-nav\">&rarr;<\/span><\/a><\/p>\n<div class='heateorSssClear'><\/div><div  class='heateor_sss_sharing_container heateor_sss_horizontal_sharing' heateor-sss-data-href='https:\/\/oscarhumbertogomez.com\/?p=3606'><div class='heateor_sss_sharing_title' style=\"font-weight:bold\" >\u00a1Gracias por compartirla!<\/div><ul class=\"heateor_sss_sharing_ul\"><li class=\"heateorSssSharingRound\"><i style=\"width:35px;height:35px;border-radius:999px;\" alt=\"Facebook\" Title=\"Facebook\" class=\"heateorSssSharing heateorSssFacebookBackground\" onclick='heateorSssPopup(\"https:\/\/www.facebook.com\/sharer\/sharer.php?u=https%3A%2F%2Foscarhumbertogomez.com%2Findex.php%3Frest_route%3D%252Fwp%252Fv2%252Fposts%252F3606\")'><ss style=\"display:block;border-radius:999px;\" class=\"heateorSssSharingSvg heateorSssFacebookSvg\"><\/ss><\/i><\/li><li class=\"heateorSssSharingRound\"><i style=\"width:35px;height:35px;border-radius:999px;\" alt=\"Twitter\" Title=\"Twitter\" class=\"heateorSssSharing heateorSssTwitterBackground\" onclick='heateorSssPopup(\"http:\/\/twitter.com\/intent\/tweet?text=Comisi%C3%B3n%20de%20Acusaciones%20de%20la%20C%C3%A1mara%20de%20Representantes%3A%20ni%20raja%2C%20ni%20presta%20el%20hacha.%20Por%20%C3%93scar%20Humberto%20G%C3%B3mez%20G%C3%B3mez&url=https%3A%2F%2Foscarhumbertogomez.com%2Findex.php%3Frest_route%3D%252Fwp%252Fv2%252Fposts%252F3606\")'><ss style=\"display:block;border-radius:999px;\" class=\"heateorSssSharingSvg heateorSssTwitterSvg\"><\/ss><\/i><\/li><li class=\"heateorSssSharingRound\"><i style=\"width:35px;height:35px;border-radius:999px;\" alt=\"Whatsapp\" Title=\"Whatsapp\" class=\"heateorSssSharing heateorSssWhatsappBackground\" onclick='heateorSssPopup(\"https:\/\/web.whatsapp.com\/send?text=Comisi%C3%B3n%20de%20Acusaciones%20de%20la%20C%C3%A1mara%20de%20Representantes%3A%20ni%20raja%2C%20ni%20presta%20el%20hacha.%20Por%20%C3%93scar%20Humberto%20G%C3%B3mez%20G%C3%B3mez https%3A%2F%2Foscarhumbertogomez.com%2Findex.php%3Frest_route%3D%252Fwp%252Fv2%252Fposts%252F3606\")'><ss style=\"display:block\" class=\"heateorSssSharingSvg heateorSssWhatsappSvg\"><\/ss><\/i><\/li><li class=\"heateorSssSharingRound\"><i style=\"width:35px;height:35px;border-radius:999px;\" alt=\"Pinterest\" Title=\"Pinterest\" class=\"heateorSssSharing heateorSssPinterestBackground\" onclick=\"javascript:void( (function() {var e=document.createElement('script' );e.setAttribute('type','text\/javascript' );e.setAttribute('charset','UTF-8' );e.setAttribute('src','\/\/assets.pinterest.com\/js\/pinmarklet.js?r='+Math.random()*99999999);document.body.appendChild(e)})());\"><ss style=\"display:block;border-radius:999px;\" class=\"heateorSssSharingSvg heateorSssPinterestSvg\"><\/ss><\/i><\/li><li class=\"heateorSssSharingRound\"><i style=\"width:35px;height:35px;border-radius:999px;\" alt=\"Google Gmail\" Title=\"Google Gmail\" class=\"heateorSssSharing heateorSssGoogleGmailBackground\" onclick='heateorSssPopup(\"https:\/\/mail.google.com\/mail\/?ui=2&view=cm&fs=1&tf=1&su=Comisi%C3%B3n%20de%20Acusaciones%20de%20la%20C%C3%A1mara%20de%20Representantes%3A%20ni%20raja%2C%20ni%20presta%20el%20hacha.%20Por%20%C3%93scar%20Humberto%20G%C3%B3mez%20G%C3%B3mez&body=Link:https%3A%2F%2Foscarhumbertogomez.com%2Findex.php%3Frest_route%3D%252Fwp%252Fv2%252Fposts%252F3606\")'><ss style=\"display:block;border-radius:999px;\" class=\"heateorSssSharingSvg heateorSssGoogleGmailSvg\"><\/ss><\/i><\/li><li class=\"heateorSssSharingRound\"><i style=\"width:35px;height:35px;border-radius:999px;\" title=\"More\" alt=\"More\" class=\"heateorSssSharing heateorSssMoreBackground\" onclick=\"heateorSssMoreSharingPopup(this, 'https:\/\/oscarhumbertogomez.com\/index.php?rest_route=%2Fwp%2Fv2%2Fposts%2F3606', 'Comisi%C3%B3n%20de%20Acusaciones%20de%20la%20C%C3%A1mara%20de%20Representantes%3A%20ni%20raja%2C%20ni%20presta%20el%20hacha.%20Por%20%C3%93scar%20Humberto%20G%C3%B3mez%20G%C3%B3mez', '' )\" ><ss style=\"display:block\" class=\"heateorSssSharingSvg heateorSssMoreSvg\"><\/ss><\/i><\/li><\/ul><div class=\"heateorSssClear\"><\/div><\/div><div class='heateorSssClear'><\/div>","protected":false},"author":2,"featured_media":0,"comment_status":"closed","ping_status":"closed","sticky":false,"template":"","format":"standard","meta":{"spay_email":"","footnotes":""},"categories":[1],"tags":[],"class_list":["post-3606","post","type-post","status-publish","format-standard","hentry","category-blog"],"jetpack_featured_media_url":"","jetpack_shortlink":"https:\/\/wp.me\/p1FYrr-Wa","_links":{"self":[{"href":"https:\/\/oscarhumbertogomez.com\/index.php?rest_route=\/wp\/v2\/posts\/3606","targetHints":{"allow":["GET"]}}],"collection":[{"href":"https:\/\/oscarhumbertogomez.com\/index.php?rest_route=\/wp\/v2\/posts"}],"about":[{"href":"https:\/\/oscarhumbertogomez.com\/index.php?rest_route=\/wp\/v2\/types\/post"}],"author":[{"embeddable":true,"href":"https:\/\/oscarhumbertogomez.com\/index.php?rest_route=\/wp\/v2\/users\/2"}],"replies":[{"embeddable":true,"href":"https:\/\/oscarhumbertogomez.com\/index.php?rest_route=%2Fwp%2Fv2%2Fcomments&post=3606"}],"version-history":[{"count":4,"href":"https:\/\/oscarhumbertogomez.com\/index.php?rest_route=\/wp\/v2\/posts\/3606\/revisions"}],"predecessor-version":[{"id":53419,"href":"https:\/\/oscarhumbertogomez.com\/index.php?rest_route=\/wp\/v2\/posts\/3606\/revisions\/53419"}],"wp:attachment":[{"href":"https:\/\/oscarhumbertogomez.com\/index.php?rest_route=%2Fwp%2Fv2%2Fmedia&parent=3606"}],"wp:term":[{"taxonomy":"category","embeddable":true,"href":"https:\/\/oscarhumbertogomez.com\/index.php?rest_route=%2Fwp%2Fv2%2Fcategories&post=3606"},{"taxonomy":"post_tag","embeddable":true,"href":"https:\/\/oscarhumbertogomez.com\/index.php?rest_route=%2Fwp%2Fv2%2Ftags&post=3606"}],"curies":[{"name":"wp","href":"https:\/\/api.w.org\/{rel}","templated":true}]}}