{"id":36295,"date":"2020-11-20T10:00:46","date_gmt":"2020-11-20T15:00:46","guid":{"rendered":"http:\/\/www.oscarhumbertogomez.com\/?p=36295"},"modified":"2020-11-20T11:04:46","modified_gmt":"2020-11-20T16:04:46","slug":"la-guerra-civil-espanola-y-los-albores-de-la-psicologia-en-colombia-capitulo-vultimo-capitulo-de-la-cronica-con-la-cual-nos-unimos-a-la-celebracion-hoy-20-de-noviembre-del-dia-nacional-del-psicol","status":"publish","type":"post","link":"https:\/\/oscarhumbertogomez.com\/?p=36295","title":{"rendered":"LA GUERRA CIVIL ESPA\u00d1OLA Y LOS ALBORES DE LA PSICOLOG\u00cdA EN COLOMBIA [Cap\u00edtulo VI][\u00daltimo cap\u00edtulo de la cr\u00f3nica con la cual nos unimos a la celebraci\u00f3n, hoy 20 de noviembre, del D\u00eda Nacional del Psic\u00f3logo en Colombia]  Por \u00d3scar Humberto G\u00f3mez G\u00f3mez"},"content":{"rendered":"<p><em><em><strong>A Alejandra Estefan\u00eda, con mis felicitaciones por la hermosa carrera que escogi\u00f3 y que ejerce con igual belleza. \u00a1\u00a1\u00a1 FELIZ D\u00cdA NACIONAL DEL PSIC\u00d3LOGO !!! <\/strong><\/em><\/em><\/p>\n<p>&nbsp;<\/p>\n<p><a href=\"https:\/\/lapiedrafilosofal.com\/wp-content\/uploads\/2017\/07\/Constitucio\u0301n-Puerto-Rico-1952.jpeg\"><img loading=\"lazy\" decoding=\"async\" class=\"aligncenter size-full wp-image-22616\" src=\"https:\/\/lapiedrafilosofal.com\/wp-content\/uploads\/2017\/07\/Constitucio\u0301n-Puerto-Rico-1952.jpeg\" alt=\"\" width=\"520\" height=\"342\" srcset=\"https:\/\/oscarhumbertogomez.com\/wp-content\/uploads\/2017\/07\/Constitucio\u0301n-Puerto-Rico-1952.jpeg 520w, https:\/\/oscarhumbertogomez.com\/wp-content\/uploads\/2017\/07\/Constitucio\u0301n-Puerto-Rico-1952-300x197.jpeg 300w\" sizes=\"auto, (max-width: 520px) 100vw, 520px\" \/><\/a><\/p>\n<p>&nbsp;<\/p>\n<p>Pero no todos los puertorrique\u00f1os apoyan la idea de un Puerto Rico independiente. Por el contrario, un sector no menos importante de la poblaci\u00f3n respalda la idea de que la antigua Borinquen sea, m\u00e1s bien, un Estado m\u00e1s de los Estados Unidos.<\/p>\n<p>Dentro del sector que as\u00ed piensa se distinguen, a su vez, dos sub-sectores: uno, que adhiere a la idea de que Puerto Rico dependa de los Estados Unidos, s\u00ed, pero mantenga su autonom\u00eda; y otro, que considera que Puerto Rico debe ser una estrella m\u00e1s en la bandera norteamericana, el Estado 51 de la Uni\u00f3n.<\/p>\n<p>Como se observa, hay dos posiciones extremas: una independencia total respecto de Norteam\u00e9rica, es decir, un Puerto Rico libre, o que Puerto Rico sea parte integrante del poderoso pa\u00eds, igual que lo es Georgia, o Kentucky, o Florida, o Kansas, o Wisconsin, o Virginia.<\/p>\n<p>Y hay, como tambi\u00e9n se ve, una posici\u00f3n intermedia: ni independencia total, ni tampoco inmersi\u00f3n total dentro de los Estados Unidos.<\/p>\n<p>&nbsp;<\/p>\n<p><a href=\"https:\/\/lapiedrafilosofal.com\/wp-content\/uploads\/2017\/07\/PEDRO-ALBIZU-CAMPOS.jpg\"><img loading=\"lazy\" decoding=\"async\" class=\"aligncenter size-large wp-image-22693\" src=\"https:\/\/lapiedrafilosofal.com\/wp-content\/uploads\/2017\/07\/PEDRO-ALBIZU-CAMPOS-1024x826.jpg\" alt=\"\" width=\"640\" height=\"516\" srcset=\"https:\/\/oscarhumbertogomez.com\/wp-content\/uploads\/2017\/07\/PEDRO-ALBIZU-CAMPOS-1024x826.jpg 1024w, https:\/\/oscarhumbertogomez.com\/wp-content\/uploads\/2017\/07\/PEDRO-ALBIZU-CAMPOS-300x242.jpg 300w, https:\/\/oscarhumbertogomez.com\/wp-content\/uploads\/2017\/07\/PEDRO-ALBIZU-CAMPOS-768x620.jpg 768w\" sizes=\"auto, (max-width: 640px) 100vw, 640px\" \/><\/a><\/p>\n<p>&nbsp;<\/p>\n<p>Finalmente, en 1952, el Congreso norteamericano aprueba que Puerto Rico adquiere la condici\u00f3n de suelo integrante del llamado <em>Commonwealth<\/em>, lo que ser\u00e1 traducido al espa\u00f1ol por el Partido Democr\u00e1tico Popular de Puerto Rico como &#8220;Estado Libre Asociado&#8221;. En ese momento era gobernador Luis Mu\u00f1oz Mar\u00edn, primero en ser elegido mediante voto popular (1948).<\/p>\n<p>&nbsp;<\/p>\n<p><a href=\"https:\/\/lapiedrafilosofal.com\/wp-content\/uploads\/2017\/07\/Mun\u0303oz-1980-Copy.jpg\"><img decoding=\"async\" class=\"aligncenter size-large wp-image-22694\" src=\"https:\/\/lapiedrafilosofal.com\/wp-content\/uploads\/2017\/07\/Mun\u0303oz-1980-Copy-696x1024.jpg\" alt=\"\" width=\"500\" srcset=\"https:\/\/oscarhumbertogomez.com\/wp-content\/uploads\/2017\/07\/Mun\u0303oz-1980-Copy-696x1024.jpg 696w, https:\/\/oscarhumbertogomez.com\/wp-content\/uploads\/2017\/07\/Mun\u0303oz-1980-Copy-204x300.jpg 204w, https:\/\/oscarhumbertogomez.com\/wp-content\/uploads\/2017\/07\/Mun\u0303oz-1980-Copy-768x1130.jpg 768w, https:\/\/oscarhumbertogomez.com\/wp-content\/uploads\/2017\/07\/Mun\u0303oz-1980-Copy.jpg 1087w\" sizes=\"(max-width: 696px) 100vw, 696px\" \/><\/a><\/p>\n<p>&nbsp;<\/p>\n<p>Para unos, es el triunfo de la postura m\u00e1s sensata, porque se adquieren las ventajas que significa contar con la decidida ayuda del gobierno norteamericano y, al mismo tiempo, se tendr\u00e1 un gobierno propio. Sin embargo, las diferencias con los ciudadanos de los dem\u00e1s Estados saltar\u00e1n a la vista muy pronto, entre ellas la de tener todos ciudadan\u00eda norteamericana, pero no poder votar los puertorrique\u00f1os, ni ser elegidos. Por ejemplo, un puertorrique\u00f1o no podr\u00e1 ser presidente de los Estados Unidos.<\/p>\n<p>La nueva Constituci\u00f3n de Puerto Rico es ratificada por el electorado puertorrique\u00f1o en un referendo celebrado el 3 de marzo de 1952. El Congreso de los Estados Unidos la aprueba y el presidente Harry S. Truman la promulga, con modificaciones, el 3 de julio de 1952. El 10 de julio del mismo a\u00f1o, la Convenci\u00f3n Constituyente de Puerto Rico se vuelve a reunir y aprueba las condiciones introducidas. El 25 de julio de 1952, el gobernador Luis Mu\u00f1oz Mar\u00edn proclama en un acto p\u00fablico que la Constituci\u00f3n puertorrique\u00f1a comienza a regir y, por primera vez, es izada oficialmente en San Juan la bandera de Puerto Rico.<\/p>\n<p>&nbsp;<\/p>\n<p><a href=\"https:\/\/lapiedrafilosofal.com\/wp-content\/uploads\/2017\/07\/PUERTO-RICO-1952.jpg\"><img decoding=\"async\" class=\"aligncenter size-full wp-image-22620\" src=\"https:\/\/lapiedrafilosofal.com\/wp-content\/uploads\/2017\/07\/PUERTO-RICO-1952.jpg\" alt=\"\" width=\"500\" srcset=\"https:\/\/oscarhumbertogomez.com\/wp-content\/uploads\/2017\/07\/PUERTO-RICO-1952.jpg 770w, https:\/\/oscarhumbertogomez.com\/wp-content\/uploads\/2017\/07\/PUERTO-RICO-1952-300x203.jpg 300w, https:\/\/oscarhumbertogomez.com\/wp-content\/uploads\/2017\/07\/PUERTO-RICO-1952-768x519.jpg 768w\" sizes=\"(max-width: 770px) 100vw, 770px\" \/><\/a><\/p>\n<p>&nbsp;<\/p>\n<p>La fecha del 25 de julio, que hasta ese momento ha sido un d\u00eda festivo oficial en Puerto Rico en conmemoraci\u00f3n de la llegada de las tropas estadounidenses a la isla el 25 de julio de 1898, pasa a ser el D\u00eda de la Constituci\u00f3n.<\/p>\n<p>&nbsp;<\/p>\n<p><a href=\"https:\/\/lapiedrafilosofal.com\/wp-content\/uploads\/2017\/07\/HARRY-S.-TRUMAN.jpg\"><img decoding=\"async\" class=\"aligncenter size-large wp-image-22602\" src=\"https:\/\/lapiedrafilosofal.com\/wp-content\/uploads\/2017\/07\/HARRY-S.-TRUMAN-768x1024.jpg\" alt=\"\" width=\"500\" srcset=\"https:\/\/oscarhumbertogomez.com\/wp-content\/uploads\/2017\/07\/HARRY-S.-TRUMAN-768x1024.jpg 768w, https:\/\/oscarhumbertogomez.com\/wp-content\/uploads\/2017\/07\/HARRY-S.-TRUMAN-225x300.jpg 225w\" sizes=\"(max-width: 768px) 100vw, 768px\" \/><\/a><\/p>\n<p>&nbsp;<\/p>\n<p>Pues bien: ese mismo a\u00f1o, esto es, en el mismo <strong>1952<\/strong> en que Puerto Rico adquiere la condici\u00f3n de Estado Libre Asociado de los Estados Unidos, el Instituto de Psicolog\u00eda Aplicada de la Universidad Nacional de Colombia grad\u00faa, en Bogot\u00e1, a los primeros once&nbsp;licenciados en psicolog\u00eda.<\/p>\n<p>&nbsp;<\/p>\n<p><a href=\"https:\/\/lapiedrafilosofal.com\/wp-content\/uploads\/2017\/05\/MUSEO-DE-ARQUITECTURA-LEOPOLDO-ROTHER-SEDE-DEL-INSTITUTO-DE-PSICOLOGIA-.jpg\"><img loading=\"lazy\" decoding=\"async\" class=\"aligncenter size-large wp-image-22087\" src=\"https:\/\/lapiedrafilosofal.com\/wp-content\/uploads\/2017\/05\/MUSEO-DE-ARQUITECTURA-LEOPOLDO-ROTHER-SEDE-DEL-INSTITUTO-DE-PSICOLOGIA--1024x683.jpg\" alt=\"\" width=\"640\" height=\"427\" srcset=\"https:\/\/oscarhumbertogomez.com\/wp-content\/uploads\/2017\/05\/MUSEO-DE-ARQUITECTURA-LEOPOLDO-ROTHER-SEDE-DEL-INSTITUTO-DE-PSICOLOGIA--1024x683.jpg 1024w, https:\/\/oscarhumbertogomez.com\/wp-content\/uploads\/2017\/05\/MUSEO-DE-ARQUITECTURA-LEOPOLDO-ROTHER-SEDE-DEL-INSTITUTO-DE-PSICOLOGIA--300x200.jpg 300w, https:\/\/oscarhumbertogomez.com\/wp-content\/uploads\/2017\/05\/MUSEO-DE-ARQUITECTURA-LEOPOLDO-ROTHER-SEDE-DEL-INSTITUTO-DE-PSICOLOGIA--768x512.jpg 768w, https:\/\/oscarhumbertogomez.com\/wp-content\/uploads\/2017\/05\/MUSEO-DE-ARQUITECTURA-LEOPOLDO-ROTHER-SEDE-DEL-INSTITUTO-DE-PSICOLOGIA-.jpg 1200w\" sizes=\"auto, (max-width: 640px) 100vw, 640px\" \/><\/a><\/p>\n<p>&nbsp;<\/p>\n<p>Para ese momento, la directora-fundadora del Instituto, Mercedes Rodrigo, ya no est\u00e1 all\u00ed, ni en Bogot\u00e1, ni en Colombia: se halla en Puerto Rico sobrellevando el exilio. Trabaja en San Juan como catedr\u00e1tica de la Facultad de Pedagog\u00eda. Por ello, la mujer que debi\u00f3 presenciar y escuchar los aplausos ese d\u00eda, no los ve ni los oye, pues no est\u00e1 presente en aquella hist\u00f3rica ceremonia; los diplomas los entregar\u00e1 quien la ha reemplazado en la direcci\u00f3n del Instituto, el m\u00e9dico psiquiatra Hern\u00e1n Vergara Delgado. (GIRALDO, Benjam\u00edn. RODR\u00cdGUEZ, Olga Rosalba. <em>Eventos significativos de la Psicolog\u00eda colombiana en el siglo XX<\/em>. En: Suma psicol\u00f3gica, vol 7. No. 2. Septiembre de 2000, p. 278).<\/p>\n<p>Los siguientes son los nombres de los primeros once psic\u00f3logos colombianos, graduados el <strong>viernes 28 del mes de noviembre del a\u00f1o 1952<\/strong>:<\/p>\n<p>Fabiola Aguirre de Jaramillo<\/p>\n<p>Beatriz Carrizosa Uma\u00f1a<\/p>\n<p>Beatriz de la Vega Vargas Vila<\/p>\n<p>Paulina Esguerra Fajardo<\/p>\n<p>Magdalena Fety de Holgu\u00edn<\/p>\n<p>Cecilia G\u00f3mez Rodr\u00edguez<\/p>\n<p>Diva Montealegre Rodr\u00edguez<\/p>\n<p>Bertha Restrepo Fl\u00f3rez<\/p>\n<p>Julia Roncancio Mora<\/p>\n<p>Bernardo Tirado Plata<\/p>\n<p>Gabriel Ulloa.<\/p>\n<p>(GIRALDO, Benjamin. RODR\u00cdGUEZ, Olga. <em>Historia de la psicolog\u00eda en Colombia: Recuento de algunos de los eventos m\u00e1s significativos en los primeros 50 a\u00f1os de historia profesional<\/em>. En: Revista de Historia de la Psicolog\u00eda. Bogot\u00e1. 1997).<\/p>\n<p>Con estos primeros once graduados, la profesi\u00f3n de la psicolog\u00eda ha comenzado oficialmente en Colombia.<\/p>\n<p>______________<\/p>\n<p>&nbsp;<\/p>\n<p>Pero de nuevo retomemos -esta vez para llegar a su fin- el relato de Psique y Cupido, narrado por una vieja a una doncella prisionera, dentro de la inmortal novela cl\u00e1sica latina <em>Las Metamorfosis o El Asno de Oro<\/em>, de Apuleyo:<\/p>\n<p>&nbsp;<\/p>\n<p><a href=\"https:\/\/lapiedrafilosofal.com\/wp-content\/uploads\/2017\/07\/Psique-Antakya-1.jpg\"><img loading=\"lazy\" decoding=\"async\" class=\"aligncenter size-full wp-image-22650\" src=\"https:\/\/lapiedrafilosofal.com\/wp-content\/uploads\/2017\/07\/Psique-Antakya-1.jpg\" alt=\"\" width=\"800\" height=\"524\" srcset=\"https:\/\/oscarhumbertogomez.com\/wp-content\/uploads\/2017\/07\/Psique-Antakya-1.jpg 800w, https:\/\/oscarhumbertogomez.com\/wp-content\/uploads\/2017\/07\/Psique-Antakya-1-300x197.jpg 300w, https:\/\/oscarhumbertogomez.com\/wp-content\/uploads\/2017\/07\/Psique-Antakya-1-768x503.jpg 768w\" sizes=\"auto, (max-width: 800px) 100vw, 800px\" \/><\/a><\/p>\n<p>&nbsp;<\/p>\n<p>&#8220;Cap\u00edtulo III<\/p>\n<p><em>En el cual trata c\u00f3mo la vieja, procediendo en su muy largo cuento, narra los trabajos que Venus dio a Psique, por darle ocasi\u00f3n a desesperar y morir. Y c\u00f3mo, por conmiseraci\u00f3n de los dioses, Venus la vino a perdonar, y con mucho placer se celebraron las bodas en el cielo.<\/em><\/p>\n<p>-Despu\u00e9s que amaneci\u00f3, mand\u00f3 Venus llamar a Psique y dijo de esta manera: \u00ab\u00bfVes t\u00fa aquella floresta por donde pasa aquel r\u00edo que tiene aquellos grandes \u00e1rboles alrededor, debajo del cual est\u00e1 una fuente cerca? \u00bfY ves aquellas ovejas resplandecientes y de color de oro que andan por all\u00ed paciendo sin que nadie las guarde? Pues ve all\u00e1 luego y tr\u00e1eme la flor de su precioso vellocino en cualquier manera que lo puedas haber.\u00bb<\/p>\n<p>[12] Psique, de muy buena gana se fue hacia all\u00e1, no con pensamiento de hacer lo que Venus le hab\u00eda mandado, sino por dar fin a sus males, lanz\u00e1ndose de un risco de aquellos dentro en el r\u00edo. Cuando Psique lleg\u00f3 al r\u00edo, una ca\u00f1a verde, que es madre de la m\u00fasica suave, meneada por un dulce aire por inspiraci\u00f3n divina, habl\u00f3 de esta manera: \u00abPsique, t\u00fa que has sufrido tantas tribulaciones no quieras ensuciar mis santas aguas con tu mis\u00e9rrima muerte, ni tampoco llegues a estas espantosas ovejas, porque tomando el calor y ardor del Sol suelen ser muy rabiosas, y con los cuernos agudos y las frentes de piedra, aun mordiendo con los dientes ponzo\u00f1osos, matan a muchos hombres. Pero despu\u00e9s que pasare el ardor del mediod\u00eda y las ovejas se van a reposar a la frescura del r\u00edo, podr\u00e1s esconderte debajo de aquel alto pl\u00e1tano, que bebe del agua de este r\u00edo que yo bebo. Y como t\u00fa vieres que las ovejas, pospuesta toda su ferocidad, comienzan a dormir, sacudir\u00e1s las ramas y hojas de aquel monte que est\u00e1 cerca de ellas y all\u00ed hallar\u00e1s las guedejas de oro que se pegan por aquellas matas cuando las ovejas pasan.\u00bb<\/p>\n<p>[13] En esta manera la ca\u00f1a, por su virtud y humanidad, ense\u00f1aba a la mezquina* de Psique de c\u00f3mo se hab\u00eda de remediar. Ella, cuando esto oy\u00f3, no fue negligente en cumplirlo. Pero haciendo y guardando todo lo que ella dijo, hurt\u00f3 el oro con la lana de aquellos montes, y cogido lo trajo y ech\u00f3 en el regazo de Venus. Mas con todo esto nunca mereci\u00f3 cerca de su se\u00f1ora galard\u00f3n su segundo trabajo, antes, torciendo las cejas con una risa falsa, dijo en esta manera: \u00abTampoco creo yo ahora que en esto que t\u00fa hiciste no falt\u00f3 quien te ayudase falsamente. Pero yo quiero experimentar si por ventura t\u00fa lo haces con esfuerzo tuyo y prudencia o con ayuda de otro; por ende, mira bien aquella altura de aquel monte adonde est\u00e1n aquellos riscos muy altos, de donde sale una fuente de agua muy negra, y desciende por aquel valle donde hace aquellas lagunas negras y turbias y de all\u00ed salen algunos arroyos infernales. De all\u00ed, de la altura donde sale aquella fuente, tr\u00e1eme este vaso lleno de roc\u00edo de aquella agua.\u00bb Y diciendo esto, le dio un vaso de cristal, amenaz\u00e1ndola con palabras \u00e1speras si no cumpliese lo que le mandaba.<\/p>\n<p>[14] Psique, cuando esto oy\u00f3, aceleradamente se fue hacia aquel monte, para subir encima de \u00e9l y desde all\u00ed echarse, para dar fin a su amarga vida. Pero como lleg\u00f3 alrededor de aquel monte, vio una mortal y muy grande dificultad para llegar a \u00e9l, porque estaba all\u00ed un risco muy alto que parec\u00eda que llegaba al cielo, y tan liso, que no hab\u00eda quien por \u00e9l pudiese subir; de encima de aqu\u00e9l sal\u00eda una fuente de agua negra y espantable, la cual, saliendo de su naci\u00f3n, corr\u00eda por aquellos riscos abajo y ven\u00eda por una canal angosta cercada de muchos \u00e1rboles, la cual ven\u00eda a un valle grande que estaba cercado de una parte y de otra de grandes riscos, adonde moraban dragones muy espantables, con los cuellos alzados y los ojos tan abiertos, para velar, que jam\u00e1s los cerraban ni pesta\u00f1eaban, en tal manera, que perpetuamente estaban en vela; y como ella lleg\u00f3 all\u00ed, las mismas aguas le hablaron, dici\u00e9ndole muy muchas veces: \u00abPsique, ap\u00e1rtate de ah\u00ed, mira muy bien lo que haces. Y gu\u00e1rdate de hacer lo que quieres; huye luego, si no, cata que morir\u00e1s.\u00bb Cuando Psique vio la imposibilidad que hab\u00eda de llegar a aquel lugar, fue tornada como una piedra, y aunque estaba presente con el cuerpo, estaba ausente con el sentido. En tal manera, que con el gran miedo del peligro estaba tan muerta que carec\u00eda del \u00faltimo consuelo y solaz de las l\u00e1grimas.<\/p>\n<p>[15] Pero no pudo esconderse a los ojos de la Providencia tanta fatiga y turbaci\u00f3n de la inocente Psique, la cual, estando en esta fatiga, aquella ave real de J\u00fapiter que se llama \u00e1guila, abiertas las alas, vino volando s\u00fabitamente, record\u00e1ndose del servicio que antiguamente hizo Cupido a J\u00fapiter, cuando por su diligencia arrebat\u00f3 a Ganimedes el troyano, para su copero, queriendo dar ayuda y pagar el beneficio recibido, en ayudar a los trabajos de Psique, mujer de Cupido, dej\u00f3 de volar por el cielo y v\u00ednose a la presencia de Psique y d\u00edjole en esta manera: \u00ab\u00bfC\u00f3mo t\u00fa eres tan simple y necia de las tales cosas, que esperas poder hurtar ni solamente tocar una sola gota de esta fuente no menos cruel que sant\u00edsima? \u00bfT\u00fa nunca o\u00edste alguna vez que estas aguas est\u00edgeas son espantables a los dioses y aun al mismo J\u00fapiter? Adem\u00e1s de esto, vosotros, los mortales, jur\u00e1is por los dioses, pero los dioses acostumbran jurar por la majestad del lago estigio: pero dame este vaso que traes.\u00bb El cual ella le dio y el \u00e1guila se lo arrebat\u00f3 de la mano muy presto, y volando entre las bocas y dientes crueles y las lenguas de tres \u00f3rdenes de aquellos dragones, fue al agua e hinch\u00f3 el vaso, consinti\u00e9ndolo la misma agua, y aun amonest\u00e1ndole que prestamente se fuese, antes que los dragones la matasen. El \u00e1guila, fingiendo que por mandato de la diosa Venus y para su servicio hab\u00eda venido por aquella agua, por la cual causa m\u00e1s f\u00e1cilmente lleg\u00f3 a henchir el vaso y salir libre con ella,<\/p>\n<p>[16] en esta manera, torn\u00f3 con mucho gozo y dio el vaso a Psique, lleno de agua; la cual la llev\u00f3 luego a la diosa Venus. Pero con todo esto nunca pudo aplacar ni amansar la crueldad de Venus; antes ella, con su risa mortal, como sol\u00eda, le habl\u00f3 amenaz\u00e1ndola con mayores y m\u00e1s peores tormentos, diciendo: \u00abYa t\u00fa me pareces una maga y gran hechicera, porque muy bien has obtemperado a mis mandamientos y hecho lo que yo te mand\u00e9; mas t\u00fa, lumbre de mis ojos, a\u00fan resta otra cosa que has de hacer. Toma esta bujeta, la cual le dio, y vete a los palacios del infierno, y dar\u00e1s esta bujeta a Proserpina, dici\u00e9ndole: Venus te ruega que le des aqu\u00ed una poca de tu hermosura, que baste siquiera para un d\u00eda, porque todo lo hermoso que ella ten\u00eda lo ha perdido y consumido curando a su hijo Cupido, que est\u00e1 muy mal, y torna presto con ella, porque tengo necesidad de lavarme la cara con esto para entrar en el teatro y fiesta de los dioses.\u00bb<\/p>\n<p>[17] Entonces, Psique, abiertamente, sinti\u00f3 su \u00faltimo fin y que era compelida manifiestamente a la muerte que le estaba aparejada. \u00bfQu\u00e9 maravilla que lo pensase, pues que era compelida a que de su propia gana y por sus propios pies entrase al infierno, donde estaban las \u00e1nimas de los muertos? Con este pensamiento no tard\u00f3 mucho, que se fue a una torre muy alta para echarse de all\u00ed abajo, porque de esta manera ella pensaba descender muy presto y muy derechamente a los infiernos. Pero la torre le habl\u00f3 en esta manera: \u00ab\u00bfPor qu\u00e9, mezquina* de ti, te quieres matar, ech\u00e1ndote de aqu\u00ed abajo, pues que ya \u00e9ste es el peligro y trabajo que has de pasar? Porque si una vez tu alma fuere apartada de tu cuerpo, bien podr\u00e1s ir de cierto al infierno. Pero, cr\u00e9eme, que en ninguna manera podr\u00e1s tornar a salir de all\u00ed.<\/p>\n<p>[18] No est\u00e1 muy lejos de aqu\u00ed una noble ciudad de Achaya, que se llama Lacedemonia; cerca de esta ciudad busca un monte que se llama Tenaro, el cual est\u00e1 apartado en lugares remotos.<\/p>\n<p>En este monte est\u00e1 una puerta del infierno, y por la boca de aquella cueva se muestra un camino sin caminantes, por donde si t\u00fa entras, en pasando el umbral de la puerta, por la canal de la cueva derecho, podr\u00e1s ir hasta los palacios del rey Plut\u00f3n; pero no entiendas que has de llevar las manos vac\u00edas, porque te conviene llevar en cada una de las manos una sopa de pan mojada en meloja, y en la boca has de llevar dos monedas; y despu\u00e9s que ya hubieres andado buena parte de aquel camino de la muerte hallar\u00e1s un asno cojo cargado de le\u00f1a, y con \u00e9l un asnero tambi\u00e9n cojo, el cual te rogar\u00e1 que le des ciertas chamizas para echar en la carga que se le cae: pero t\u00fa p\u00e1sate callando, sin hablarle palabra; y despu\u00e9s, como llegares al r\u00edo muerto donde est\u00e1 Car\u00f3n, \u00e9l te pedir\u00e1 el portazgo, porque as\u00ed pasa \u00e9l en su barca de la otra parte a los muertos que all\u00ed llegan: porque has de saber que hasta all\u00ed entre los muertos hay avaricia, que ni Car\u00f3n ni aquel gran rey Plut\u00f3n hacen cosa alguna de gracia, y si alg\u00fan pobre muere c\u00famplele buscar dineros para el camino, porque si no los llevare en la mano no le pasar\u00e1n de all\u00ed. A este viejo suyo dar\u00e1s en nombre de flete una moneda de aquellas que llevares; pero ha de ser que \u00e9l mismo la tome con su mano de tu boca. Despu\u00e9s que hubieres pasado este r\u00edo muerto hallar\u00e1s otro viejo muerto y podrido que anda nadando sobre las aguas de aquel r\u00edo, y alzando las manos te rogar\u00e1 que lo recibas dentro en la barca; pero t\u00fa no cures de usar piedad, que no te conviene.<\/p>\n<p>[19] Pasado el r\u00edo y andando un poco adelante hallar\u00e1s unas viejas tejedoras que est\u00e1n tejiendo una tela, las cuales te rogar\u00e1n que les toques la mano; pero no lo hagas, porque no te conviene tocarles en manera ninguna. Que has de saber que todas estas cosas y otras muchas nacen de las asechanzas de Venus, que querr\u00eda que te pudiesen quitar de las manos una de aquellas sopas: lo cual te ser\u00eda muy grave da\u00f1o, porque si una de ellas perdieses nunca jam\u00e1s tornar\u00edas a esta vida. Dem\u00e1s de esto sepas que est\u00e1 un poco adelante un perro muy grande, que tiene tres cabezas, el cual es muy espantable, y ladrando con aquellas bocas abiertas espanta a los muertos, a los cuales ya ning\u00fan mal puede hacer, y siempre est\u00e1 velando ante la puerta del obscuro palacio de Proserpina, guardando la casa vac\u00eda de Plut\u00f3n. Cuando aqu\u00ed llegares, con una sopa que le lances lo tendr\u00e1 enfrenado y podr\u00e1s luego pasar f\u00e1cilmente, y entrar\u00e1s adonde est\u00e1 Proserpina, la cual te recibir\u00e1 benigna y alegremente y te mandar\u00e1 sentar y dar muy bien de comer. Pero t\u00fa si\u00e9ntate en el suelo y come de aquel pan negro que te dieren; y pide luego de parte de Venus aquello por que eres venida, y recibido lo que te dieren en la bujeta, cuando tornares, amansar\u00e1s la rabia de aquel perro con la otra sopa. Y cuando llegares al barquero avariento, le dar\u00e1s la otra moneda que guardaste en la boca; y pasando aquel r\u00edo tornar\u00e1s por las mismas pisadas por donde entraste, y as\u00ed vendr\u00e1 a ver esta claridad celestial. Pero sobre todas las cosas te apercibo que guardes una: que en ninguna manera cures de abrir ni mirar lo que traes en la bujeta, ni procures de ver el tesoro escondido de la divina hermosura.\u00bb<\/p>\n<p>[20] De esta manera aquella torre, habiendo mancilla de Psique, le declar\u00f3 lo que le era menester de adivinar. No tard\u00f3 Psique, que luego se fue al monte Tenaro, y tomados aquellos dineros y aquellas sopas como le mand\u00f3 la torre, entrose por aquella boca del infierno, y pasado callando aquel asnero cojo, y pagado a Car\u00f3n su flete por que le pasase, y menospreciado asimismo el deseo de aquel viejo muerto que andaba nadando, y tambi\u00e9n no curando de los enga\u00f1osos ruegos de las viejas tejedoras, y habiendo amansado la rabia de aquel temeroso perro con el manjar de aquella sopa, lleg\u00f3, pasado todo esto, a los palacios de Proserpina; pero no quiso aceptar el asentamiento que Proserpina le mandaba dar, ni quiso comer de aquel manjar que le ofrec\u00edan; mas humildemente se sent\u00f3 ante sus pies, y contenta con un pedazo de pan bazo, le expuso la embajada que tra\u00eda de Venus; y luego, Proserpina le hinch\u00f3 la bujeta secretamente de lo que ped\u00eda; la cual luego se parti\u00f3, y aplacado el ladrar y la braveza del perro infernal con el enga\u00f1o de la otra sopa que le quedaba, y habiendo dado la otra moneda a Car\u00f3n el barquero por que la pasase, torn\u00f3 del infierno m\u00e1s esforzada de lo que entr\u00f3. Y despu\u00e9s de adorada la clara luz del d\u00eda, que torn\u00f3 a ver, como quiera que en cumplir esto acababa el servicio que Venus le hab\u00eda mandado, v\u00ednole al pensamiento una temeraria curiosidad, diciendo: \u00abBien soy yo necia trayendo conmigo la divina hermosura que no tome de ella siquiera un poquito para m\u00ed, para que pueda placer a aquel mi hermoso enamorado.\u00bb<\/p>\n<p>[21] Y como esto dijo, abri\u00f3 la bujeta, dentro de la cual ninguna cosa hab\u00eda, ni hermosura alguna, salvo un sue\u00f1o infernal y profundo, el cual, como fue destapado, cubri\u00f3 a Psique de una niebla de sue\u00f1o grueso, que todos sus miembros le tom\u00f3 y posey\u00f3, y en el mismo camino por donde ven\u00eda cay\u00f3 durmiendo como una cosa muerta.<\/p>\n<p>Pero Cupido, ya que convalec\u00eda de su llaga, no pudiendo tolerar ni sufrir la luenga ausencia de su amiga, estando ya bien dispuesto y las alas restauradas, porque hab\u00eda d\u00edas que holgaba, saliose por una ventana peque\u00f1a de su c\u00e1mara, donde estaba encerrado, y fue presto a socorrer a su mujer Psique, y apartando de ella el sue\u00f1o, y lanzado otra vez dentro en la bujeta, toc\u00f3 livianamente a Psique con una de sus saetas y despertola dici\u00e9ndole: \u00ab\u00bfAun t\u00fa, mezquina* de ti, no escarmientas, que poco menos fueras muerta por semejante curiosidad que la que hiciste conmigo? Pero ve ahora con la embajada que mi madre te mand\u00f3, y entre tanto, yo proveer\u00e9 en lo otro que fuere menester.\u00bb Dicho esto, levantose con sus alas y fuese volando. Psique llev\u00f3 lo que tra\u00eda de Proserpina y diolo a Venus;<\/p>\n<p>[22] entre tanto, Cupido, que andaba muy fatigado del gran amor, la cara amarilla, temiendo la severidad no acostumbrada de su madre, tornose al almario de su pecho y con sus ligeras alas vol\u00f3 al cielo y suplic\u00f3 al gran J\u00fapiter que le ayudase, y recontole toda su causa. Entonces J\u00fapiter tomole la barba, y tray\u00e9ndole la mano por la cara lo comenz\u00f3 a besar, diciendo: \u00abComo quiera que t\u00fa, se\u00f1or hijo, nunca me guardaste la honra que se debe a los padres por mandamiento de los dioses; pero aun este mismo pecho, en el cual se encierran y disponen todas las leyes de los elementos, y a las veces de las estrellas, muchas veces lo llagaste con continuos golpes del amor, y lo ensuciaste con muchos lazos de terrenal lujuria, y lisiaste mi honra y fama con adulterios torpes y sucios contra las leyes, especialmente contra la ley Julia, y a la p\u00fablica disciplina, transformando mi cara y hermosura en serpientes, en fuegos, en bestias, en aves y en cualquier otro ganado. Pero, con todo esto, record\u00e1ndome de mi mansedumbre y de que t\u00fa creciste entre estas mis manos, yo har\u00e9 todo lo que t\u00fa quisieres, y t\u00fa s\u00e9paste guardar de otros que desean lo que t\u00fa deseas. Esto sea con una condici\u00f3n: que si t\u00fa sabes de alguna doncella hermosa en la tierra, que por este beneficio que de m\u00ed recibes debes de pagarme con ella la recompensa.\u00bb<\/p>\n<p>[23] Despu\u00e9s que esto hubo hablado, mand\u00f3 a Mercurio que llamase a todos los dioses a consejo; y si alguno de ellos faltase, que pagase diez mil talentos de pena. Por el cual miedo todos vinieron y fue lleno el palacio donde estaba J\u00fapiter, el cual, asentado en la silla alta, comenz\u00f3 a decir de esta manera:<\/p>\n<p>\u00ab\u00a1Oh dioses, escritos en el blanco de las musas! Vosotros todos sab\u00e9is c\u00f3mo este mancebo que yo cri\u00e9 en mis manos procur\u00e9 de refrenar los \u00edmpetus y movimientos ardientes de su primera juventud. Pero harto basta que \u00e9l es infamado entre todos de adulterios y de otras corruptelas, por lo cual es bien que se quite toda ocasi\u00f3n, y para esto me parece que su licencia de juventud se debe de atar con lazo de matrimonio. \u00c9l ha escogido una doncella, la cual priv\u00f3 de su virginidad: t\u00e9ngala y pos\u00e9ala y siempre use de sus amores.\u00bb Y diciendo esto, volvi\u00f3 la cara a Venus y d\u00edjole: \u00abT\u00fa, hija, no te entristezcas por esto; no temas a tu linaje ni al estado del matrimonio mortal, porque yo har\u00e9 que estas bodas no sean desiguales, mas leg\u00edtimas o bien ordenadas como el derecho lo manda.\u00bb Y luego mand\u00f3 a Mercurio que tomase a Psique y la subiese al cielo, a la cual J\u00fapiter dio a beber del vino a los dioses, dici\u00e9ndole: \u00abToma, Psique, bebe esto y ser\u00e1s inmortal; Cupido nunca se apartar\u00e1 de ti; estas bodas vuestras durar\u00e1n para siempre.\u00bb<\/p>\n<p>[24] Dicho esto, no tard\u00f3 mucho cuando vino la cena muy abundante, como a tales bodas conven\u00eda. Estaba sentado a la mesa Cupido en el primer lugar y Psique en su regazo. De la otra parte estaba J\u00fapiter con Juno, su mujer, y despu\u00e9s, por orden, todos los otros dioses. El vino de alfajor, que es un vino de los dioses, suministr\u00e1balo Ganimedes a J\u00fapiter como copero suyo, y a los otros, el dios Baco. Vulcano cocinaba la cena; las ninfas hench\u00edan de flores y rosas y otros olores la sala donde cenaban; las musas cantaban muy dulcemente; Apolo cantaba con su vihuela; Venus entr\u00f3 a la suave m\u00fasica y bail\u00f3 hermosamente. En esta manera era el convite ordenado: que el coro de las musas cantase y el s\u00e1tiro hinchase la gaita y el dios Pan ta\u00f1ese un tamboril. De esta manera vino Psique en manos del dios Cupido. Y estando ya Psique en tiempo del parir, nacioles una hija, a la cual llamamos Placer.<\/p>\n<p>[25] En esta manera aquella vejezuela loca y liviana contaba esta conseja a la doncella cautiva; pero yo, como estaba all\u00ed cerca, o\u00edalo todo y dol\u00edame que no ten\u00eda tinta y papel para escribir y notar tan hermosa novela.\u00bb<\/p>\n<p>&nbsp;<\/p>\n<p><a href=\"https:\/\/lapiedrafilosofal.com\/wp-content\/uploads\/2017\/07\/PSIQUE-.jpg\"><img loading=\"lazy\" decoding=\"async\" class=\"aligncenter size-large wp-image-22649\" src=\"https:\/\/lapiedrafilosofal.com\/wp-content\/uploads\/2017\/07\/PSIQUE--1024x847.jpg\" alt=\"\" width=\"640\" height=\"529\" srcset=\"https:\/\/oscarhumbertogomez.com\/wp-content\/uploads\/2017\/07\/PSIQUE--1024x847.jpg 1024w, https:\/\/oscarhumbertogomez.com\/wp-content\/uploads\/2017\/07\/PSIQUE--300x248.jpg 300w, https:\/\/oscarhumbertogomez.com\/wp-content\/uploads\/2017\/07\/PSIQUE--768x635.jpg 768w, https:\/\/oscarhumbertogomez.com\/wp-content\/uploads\/2017\/07\/PSIQUE-.jpg 1813w\" sizes=\"auto, (max-width: 640px) 100vw, 640px\" \/><\/a><\/p>\n<p>&nbsp;<\/p>\n<p><a href=\"https:\/\/lapiedrafilosofal.com\/wp-content\/uploads\/2017\/06\/PSIQUE-RECIBIDA-EN-EL-OLIMPO-RAFAEL-.jpg\"><img loading=\"lazy\" decoding=\"async\" class=\"aligncenter size-large wp-image-22557\" src=\"https:\/\/lapiedrafilosofal.com\/wp-content\/uploads\/2017\/06\/PSIQUE-RECIBIDA-EN-EL-OLIMPO-RAFAEL--1024x610.jpg\" alt=\"\" width=\"640\" height=\"381\" srcset=\"https:\/\/oscarhumbertogomez.com\/wp-content\/uploads\/2017\/06\/PSIQUE-RECIBIDA-EN-EL-OLIMPO-RAFAEL--1024x610.jpg 1024w, https:\/\/oscarhumbertogomez.com\/wp-content\/uploads\/2017\/06\/PSIQUE-RECIBIDA-EN-EL-OLIMPO-RAFAEL--300x179.jpg 300w, https:\/\/oscarhumbertogomez.com\/wp-content\/uploads\/2017\/06\/PSIQUE-RECIBIDA-EN-EL-OLIMPO-RAFAEL--768x457.jpg 768w, https:\/\/oscarhumbertogomez.com\/wp-content\/uploads\/2017\/06\/PSIQUE-RECIBIDA-EN-EL-OLIMPO-RAFAEL-.jpg 1280w\" sizes=\"auto, (max-width: 640px) 100vw, 640px\" \/><\/a><\/p>\n<p>&nbsp;<\/p>\n<p>(<strong>N. del A.<\/strong>: Y aqu\u00ed finaliza la novela de Psique y Cupido. La obra <em>Las Metamorfosis o El Asno de Oro<\/em>, de Apuleyo, prosigue, por supuesto, y a su lectura deber\u00e1 remitirse quien desee saber qu\u00e9 pas\u00f3 finalmente con la doncella cautiva a quien la vieja le cont\u00f3 esta historia y conocer las restantes aventuras narradas en esta obra inmortal de la literatura cl\u00e1sica latina, incluyendo, desde luego, en qu\u00e9 par\u00f3 la conversi\u00f3n de Lucio en asno. <strong>N. del A.<\/strong>: Como ya queda dicho, &#8220;mezquina&#8221; significaba &#8220;desdichada&#8221;].<\/p>\n<p>Psique, la nueva diosa del Olimpo, se convertir\u00e1 en la diosa de la Psicolog\u00eda.<\/p>\n<p>Ahora bien:<\/p>\n<p>&#8220;Psi (\u03a8 \u03c8) es la vig\u00e9simo tercera letra del alfabeto griego. El s\u00edmbolo (\u03a8 \u03c8) es el dibujo estilizado de una mariposa, y aparece a partir de la uni\u00f3n de la letra Psi con la palabra griega \u201cPsique\u201d, que en un principio representaba a la \u201cmariposa\u201d y m\u00e1s tarde se emple\u00f3 con el significado de \u201csoplo de brisa\u201d, \u201caliento\u201d, \u201c\u00e1nimo\u201d y, finalmente \u201calma\u201d. De aqu\u00ed que el nombre de Psicolog\u00eda como \u201cciencia del alma\u201d se represente con la letra Psi (\u03a8 \u03c8)&#8221;, nos explica Wikipedia.<\/p>\n<p>(<strong>N. del A.:<\/strong> Dicho sea de paso, por eso consideramos -con el mayor respeto- un error de la Real Academia Espa\u00f1ola que, so pretexto de introducir los nuevos vientos de la modernidad, autoriz\u00f3 la supresi\u00f3n de la letra &#8220;p&#8221; en la escritura de las palabras &#8220;Psicolog\u00eda&#8221; y &#8220;psic\u00f3logo (a)&#8221;, pues con ello se desdibuja la letra griega &#8220;Psi&#8221; de donde proceden y, de esa manera, se desconocen nada m\u00e1s ni nada menos que su etimolog\u00eda, su origen y su historia).<\/p>\n<p>&nbsp;<\/p>\n<p><a href=\"https:\/\/lapiedrafilosofal.com\/wp-content\/uploads\/2017\/07\/PSIQUE-MUSEOS-CAPITOLINOS.jpg\"><img loading=\"lazy\" decoding=\"async\" class=\"aligncenter size-full wp-image-22627\" src=\"https:\/\/lapiedrafilosofal.com\/wp-content\/uploads\/2017\/07\/PSIQUE-MUSEOS-CAPITOLINOS.jpg\" alt=\"\" width=\"541\" height=\"800\" srcset=\"https:\/\/oscarhumbertogomez.com\/wp-content\/uploads\/2017\/07\/PSIQUE-MUSEOS-CAPITOLINOS.jpg 541w, https:\/\/oscarhumbertogomez.com\/wp-content\/uploads\/2017\/07\/PSIQUE-MUSEOS-CAPITOLINOS-203x300.jpg 203w\" sizes=\"auto, (max-width: 541px) 100vw, 541px\" \/><\/a><\/p>\n<p>&nbsp;<\/p>\n<p>_____________<\/p>\n<p>&nbsp;<\/p>\n<p>Ahora retornemos a Puerto Rico, donde se encuentra exiliada Mercedes Rodrigo, y a Colombia, donde prosigue su decurso la obra que dej\u00f3 iniciada.<\/p>\n<p>En 1955, la distinguida psic\u00f3loga espa\u00f1ola empieza a trabajar en la Cl\u00ednica Juli\u00e1, de San Juan, como psic\u00f3loga cl\u00ednica.<\/p>\n<p>Dos a\u00f1os m\u00e1s tarde, el 12 de noviembre de 1957, mediante el acuerdo n\u00famero 59, la Universidad Nacional decide convertir el Instituto de Psicolog\u00eda Aplicada en la nueva Facultad de Psicolog\u00eda de la Universidad Nacional de Colombia.<\/p>\n<p>No ser\u00e1 esta solamente la primera facultad de Psicolog\u00eda en Colombia; ser\u00e1 tambi\u00e9n la primera de Am\u00e9rica Latina.<\/p>\n<p>Una de aquellas primeras figuras de la psicolog\u00eda colombiana que recibir\u00e1n su diploma en la primera ceremonia de graduaci\u00f3n de psic\u00f3logos en Colombia, la psic\u00f3loga Beatriz de la Vega, ser\u00e1 designada como la primera Decana de Psicolog\u00eda.<\/p>\n<p>Entretanto, Mar\u00eda Rodrigo -la hermana de Mercedes y su compa\u00f1era de exilio- se destaca en Puerto Rico como excelsa compositora de m\u00fasica cl\u00e1sica. Entonces, junto al gran violonchelista catal\u00e1n Pablo Casals -quien realmente se llama Pau Casals- , funda el Conservatorio de Puerto Rico y se convierte en profesora del mismo.<\/p>\n<p>Y aqu\u00ed, en Colombia, una posterior reforma general de la Universidad Nacional de Colombia, que se llevar\u00e1 a cabo en la d\u00e9cada siguiente, esto es, en los convulsionados a\u00f1os 60, concretamente en 1966, ampliar\u00e1 el \u00e1mbito de las facultades y crear\u00e1 dentro de ellas los departamentos . Entonces, la Facultad de Psicolog\u00eda se convertir\u00e1 en el Departamento de Psicolog\u00eda de la Facultad de Ciencias Humanas.<\/p>\n<p>Al a\u00f1o siguiente, en 1967, Mercedes Rodrigo se quedar\u00e1 sin familia.<\/p>\n<p>En efecto, en 1967 morir\u00e1 en Puerto Rico su hermana, la pianista y compositora de m\u00fasica cl\u00e1sica Mar\u00eda Rodrigo. Para entonces, Jos\u00e9 Mar\u00eda Garc\u00eda Madrid, su fiel colaborador y ahora m\u00e9dico psiquiatra, habr\u00e1 contra\u00eddo matrimonio. Entonces, la ilustre psic\u00f3loga y pedagoga espa\u00f1ola habr\u00e1 de seguir contando tan solo con el afecto de sus \u00fanicos amigos: Jos\u00e9 Mar\u00eda, su esposa &#8211; Mar\u00eda Teresa de Garc\u00eda Madrid &#8211; y sus tres hijos. Y es que, al ver que se ha quedado sola, Jos\u00e9 Mar\u00eda y Mar\u00eda Teresa la acogen en su casa y le asignan una de las habitaciones para que fije all\u00ed su nueva residencia.<\/p>\n<p>&#8220;Mar\u00eda Rodrigo -escribe el director de orquesta espa\u00f1ol maestro Jos\u00e9 Luis Temes recordando su llegada all\u00ed en 1950- vivir\u00e1 ya en San Juan de Puerto Rico hasta su muerte, 17 a\u00f1os despu\u00e9s. Las hermanas se hab\u00edan instalado \u2013siempre con el ya reputado doctor Garc\u00eda Madrid- en una pensi\u00f3n del barrio del Condado, regentada por una asturiana muy popular entonces, llamada Lola Tuya, donde se alojar\u00edan tambi\u00e9n Juan Ram\u00f3n Jim\u00e9nez y su mujer Zenobia Camprub\u00ed, Mar\u00eda Zambrano, Pablo Casals, Jos\u00e9 de los R\u00edos, Francisco Ayala, etc. Sabemos que Mar\u00eda fue en esta etapa profesora de solfeo y directora de varios coros; sabemos que auxili\u00f3 a Pablo Casals en sus trabajos de fundaci\u00f3n del Conservatorio de Puerto Rico, del que luego ella misma ser\u00eda profesora; y sabemos de su presencia en los c\u00edrculos art\u00edsticos de la capital. Pero muy poco sabemos sobre su faceta de compositora en esta etapa; probablemente ya nada o casi nada sali\u00f3 de su pluma.<br \/>\nMar\u00eda Rodrigo falleci\u00f3 en diciembre de 1967 (el entierro tuvo lugar el d\u00eda 9, por lo que veros\u00edmilmente habr\u00eda fallecido el d\u00eda anterior), a poco de cumplir los 80 a\u00f1os de vida azarosa, honesta y dedicada a la cultura. En el obituario que publica el diario portorricense \u201cEl Mundo\u201d se adjudica a nuestra compositora la autor\u00eda, entre otras, de nada menos que quince obras esc\u00e9nicas y varios conciertos para piano y orquesta, lo que probablemente es una exageraci\u00f3n. Debe tenerse presente que en aquel momento Maria Rodrigo no conservaba ni una sola de sus grandes partituras de juventud. En su maleta guardaba s\u00f3lo <em>La copla intrusa<\/em> y alguna de sus menores \u2013aunque bell\u00edsimas- canciones para voz y piano. Muri\u00f3, pues, sin la menor memoria documental de su labor creativa de m\u00e1s de medio siglo&#8221;. (TEMES, Jos\u00e9 Luis. <em>Mar\u00eda Rodrigo: una mujer en la generaci\u00f3n de maestros<\/em>. Codalario, la revista de m\u00fasica cl\u00e1sica. Madrid, 21 de diciembre de 2015).<\/p>\n<p>Hacemos aqu\u00ed un par\u00e9ntesis para compartir con ustedes el informe acerca del concierto con el cual Espa\u00f1a, a trav\u00e9s del maestro Jos\u00e9 Luis Temes, reivindica -ya en el a\u00f1o 2016- la memoria de la compositora Mar\u00eda Rodrigo, hermana de sangre de Mercedes Rodrigo y su compa\u00f1era de exilio en Suiza, Colombia y Puerto Rico.<\/p>\n<p>&nbsp;<\/p>\n<p><iframe loading=\"lazy\" src=\"https:\/\/www.youtube-nocookie.com\/embed\/G2Uru3mCXIE?rel=0&amp;controls=0&amp;showinfo=0\" width=\"560\" height=\"315\" frameborder=\"0\" allowfullscreen=\"allowfullscreen\"><\/iframe><\/p>\n<p>&nbsp;<\/p>\n<p>&#8220;La vida en Puerto Rico &#8211; escribe el psic\u00f3logo Rub\u00e9n Ardila- fue positiva para Mercedes y ella trabaj\u00f3 entre 1950 y 1972. La comunidad psicol\u00f3gica reconoci\u00f3 sus contribuciones, aunque podemos afirmar que el trabajo m\u00e1s importante de su vida 1o realiz\u00f3 Mercedes Rodrigo en Colombia, no en Puerto Rico ni en Espa\u00f1a. Esta \u00faltima etapa, dedicada a la Psicolog\u00eda cl\u00ednica, Ie report\u00f3 muchas satisfacciones personales.<\/p>\n<p>Los \u00faltimos a\u00f1os, de semi-invalidez, fueron a\u00f1os de recuerdos, de hacer un balance de su larga vida, que abarc\u00f3 muchos eventos importantes en la historia de Espa\u00f1a, en la historia de Am\u00e9rica Latina y en la historia de la Psicolog\u00eda.<\/p>\n<p>Yo conoc\u00ed a Mercedes Rodrigo en Puerto Rico en 1978, pocos a\u00f1os antes de su muerte. Fue importante haber logrado contacto personal con la primera persona que trabaj\u00f3 en Psicolog\u00eda profesional en mi pa\u00eds&#8221;. (ARDILA, Rub\u00e9n. <em>Mercedes Rodrigo (1891-1982)<\/em>. En: Revista Latinoamericana de Psicolog\u00eda. 1988. Vol. 20, No.3, pp. 429-434. (Con autorizaci\u00f3n de la RLP. Copyright: Fundaci\u00f3n para el avance de la Psicolog\u00eda. En: <em>La Psicolog\u00eda en la Universidad Nacional de Colombia 50 a\u00f1os<\/em>).<\/p>\n<p>Ya retirada de su trasegar como psic\u00f3loga y como pedagoga, Mercedes Rodrigo, de cuya vida sentimental nada se conoce, pero cuya soledad final y la ausencia de cualquier dato en contrario revela que jam\u00e1s se cas\u00f3, ni tuvo hijos propios (pues los ni\u00f1os que recibieron sus luces fueron, finalmente, los numerosos hijos que tuvo en la vida), se refugi\u00f3 en la intimidad de la casa de sus amigos, Jos\u00e9 Mar\u00eda y Mar\u00eda Teresa. Se sabe que esta \u00faltima se aplic\u00f3 a su atenci\u00f3n en los a\u00f1os postreros, cuando ya, como en la canci\u00f3n de Jos\u00e9 Tcherkaski y Piero, &#8220;<em>la edad se le vino encima sin carnaval ni comparsas<\/em>&#8220;.<\/p>\n<p>&nbsp;<\/p>\n<p><a href=\"https:\/\/lapiedrafilosofal.com\/wp-content\/uploads\/2017\/05\/Mercedes-Rodrigo-final-02.png\"><img loading=\"lazy\" decoding=\"async\" class=\"aligncenter size-large wp-image-22081\" src=\"https:\/\/lapiedrafilosofal.com\/wp-content\/uploads\/2017\/05\/Mercedes-Rodrigo-final-02-809x1024.png\" alt=\"\" width=\"640\" height=\"810\" srcset=\"https:\/\/oscarhumbertogomez.com\/wp-content\/uploads\/2017\/05\/Mercedes-Rodrigo-final-02-809x1024.png 809w, https:\/\/oscarhumbertogomez.com\/wp-content\/uploads\/2017\/05\/Mercedes-Rodrigo-final-02-237x300.png 237w, https:\/\/oscarhumbertogomez.com\/wp-content\/uploads\/2017\/05\/Mercedes-Rodrigo-final-02-768x972.png 768w, https:\/\/oscarhumbertogomez.com\/wp-content\/uploads\/2017\/05\/Mercedes-Rodrigo-final-02.png 999w\" sizes=\"auto, (max-width: 640px) 100vw, 640px\" \/><\/a><\/p>\n<p>&nbsp;<\/p>\n<p>Como lo asoma el autor Rub\u00e9n Ardila, en sus \u00faltimos a\u00f1os la inquieta intelectual y cient\u00edfica espa\u00f1ola estaba ya semiparalizada. No es dif\u00edcil colegir de ah\u00ed las incomodidades de sus d\u00edas postreros, ni las dificultades para sobrellevar los pormenores propios de la vida; tampoco, la evocaci\u00f3n nost\u00e1lgica de sus d\u00edas juveniles en su barrio natal del centro de Madrid; de sus vecinos, de sus amigos, de los sue\u00f1os y las ilusiones que lleg\u00f3 a forjarse cuando se decidi\u00f3 por el estudio de la pedagog\u00eda en su propia tierra y, m\u00e1s tarde, por el de la psicolog\u00eda en tierra extra\u00f1a; de sus viajes, de las personas que conoci\u00f3 a lo largo de los a\u00f1os &#8211; las prominentes y las an\u00f3nimas -; de sus miedos y sus angustias en medio de las vicisitudes de las guerras por entre las cuales tuvo que andar a lo largo de su azaroso periplo vital; de los ni\u00f1os que hubo de dejar en su Madrid al que jam\u00e1s regres\u00f3; de las dificultades que en aquellos a\u00f1os hubo de afrontar para sobresalir, por el estigma de ser mujer; del adi\u00f3s de su hermana y de la inmensa soledad familiar en la que qued\u00f3 sumida; acaso de sus amores y sus desamores, de sus sentimientos personales, de aquellas interioridades de su alma por las que nunca le pregunt\u00f3 nadie, porque ella fue de esas personas ex\u00f3ticas que parecieran destinadas a servir a los dem\u00e1s sin que los dem\u00e1s al menos se preocupen por preguntarles qu\u00e9 llevan guardado dentro de su coraz\u00f3n; en fin, la a\u00f1oranza inevitable de los a\u00f1os idos, probablemente los m\u00e1s felices.<\/p>\n<p>&nbsp;<\/p>\n<p><a href=\"https:\/\/lapiedrafilosofal.com\/wp-content\/uploads\/2017\/07\/HOSPITALISMO-INFANTIL.jpg\"><img loading=\"lazy\" decoding=\"async\" class=\"aligncenter size-large wp-image-22677\" src=\"https:\/\/lapiedrafilosofal.com\/wp-content\/uploads\/2017\/07\/HOSPITALISMO-INFANTIL-1024x678.jpg\" alt=\"\" width=\"640\" height=\"424\" srcset=\"https:\/\/oscarhumbertogomez.com\/wp-content\/uploads\/2017\/07\/HOSPITALISMO-INFANTIL.jpg 1024w, https:\/\/oscarhumbertogomez.com\/wp-content\/uploads\/2017\/07\/HOSPITALISMO-INFANTIL-300x199.jpg 300w, https:\/\/oscarhumbertogomez.com\/wp-content\/uploads\/2017\/07\/HOSPITALISMO-INFANTIL-768x509.jpg 768w\" sizes=\"auto, (max-width: 640px) 100vw, 640px\" \/><\/a><\/p>\n<p>&nbsp;<\/p>\n<p>Dentro de los seres por cuya felicidad m\u00e1s se hab\u00eda preocupado Mercedes Rodrigo sobresal\u00edan, por supuesto, los ni\u00f1os. Aquellos que sufr\u00edan el llamado <em>hospitalismo infantil<\/em>, por ejemplo. La Academia Nacional de Medicina de Colombia en su Diccionario Acad\u00e9mico de Medicina define el <em>hospitalismo infantil<\/em> as\u00ed:<\/p>\n<p>&#8220;<strong>hospitalismo infantil<\/strong><\/p>\n<p><em>Pediatr\u00eda<\/em>. S\u00edndrome de privaci\u00f3n afectiva materna en ni\u00f1os que requieren hospitalizaciones largas, que presenta cuadros de depresi\u00f3n, retardo en el desarrollo corporal y disminuci\u00f3n de la resistencia a las enfermedades&#8221;.<\/p>\n<p>La psic\u00f3loga se hab\u00eda referido a este s\u00edndrome:<\/p>\n<p>&#8220;&#8230; si al ni\u00f1o se le hace sufrir privaci\u00f3n prolongada &#8230; o se le prestan cuidados de manera fr\u00eda y autom\u00e1tica, pueden producirse en \u00e9l sentimientos de c\u00f3lera o miedo que son de efecto pernicioso sobre &nbsp;el desarrollo de la personalidad\u201d (<em>Introducci\u00f3n al estudio de la Psicolog\u00eda<\/em>, Rodrigo, 1949, p. 37).<\/p>\n<p>\u201cYo me atrevo a suplicar a los comprensivos estudiantes de medicina, que con tanta benevolencia y deferencia me escuchan, &nbsp;que aunque bien comprendo que es muy poco lo que van a aprender en estas desva\u00eddas charlas m\u00edas, procuren por lo menos como consecuencia de ellas adquirir con ustedes mismos el compromiso moral de que en ninguna instituci\u00f3n en que sea de ustedes la responsabilidad de su funcionamiento, ocurran casos de hospitalismo, tan silenciosamente tr\u00e1gicos, tan desconsoladoramente faltos de humanidad \u201c(<em>ibid<\/em>. pp. 38-39).<\/p>\n<p>&nbsp;<\/p>\n<p><a href=\"https:\/\/lapiedrafilosofal.com\/wp-content\/uploads\/2017\/07\/Pacientes-Hospitalizados.jpg\"><img loading=\"lazy\" decoding=\"async\" class=\"aligncenter size-full wp-image-22678\" src=\"https:\/\/lapiedrafilosofal.com\/wp-content\/uploads\/2017\/07\/Pacientes-Hospitalizados.jpg\" alt=\"\" width=\"700\" height=\"466\" srcset=\"https:\/\/oscarhumbertogomez.com\/wp-content\/uploads\/2017\/07\/Pacientes-Hospitalizados.jpg 700w, https:\/\/oscarhumbertogomez.com\/wp-content\/uploads\/2017\/07\/Pacientes-Hospitalizados-300x200.jpg 300w\" sizes=\"auto, (max-width: 700px) 100vw, 700px\" \/><\/a><\/p>\n<p>&nbsp;<\/p>\n<p>Pero su preocupaci\u00f3n hab\u00eda sido tambi\u00e9n por los hospitalizados en general:<\/p>\n<p>&#8220;Por lo menos el 50% de los enfermos de los hospitales tienen problemas de orden psicol\u00f3gico que han contribuido a ponerles en tal estado de inferioridad e impiden la acci\u00f3n r\u00e1pida y f\u00e1cil de la terap\u00e9utica m\u00e9dica\u201d (Rodrigo, 1949, p\u00e1g. 10).<\/p>\n<p>&nbsp;<\/p>\n<p><a href=\"https:\/\/lapiedrafilosofal.com\/wp-content\/uploads\/2017\/07\/NINOS-GUERRA.jpg\"><img loading=\"lazy\" decoding=\"async\" class=\"aligncenter size-full wp-image-22679\" src=\"https:\/\/lapiedrafilosofal.com\/wp-content\/uploads\/2017\/07\/NINOS-GUERRA.jpg\" alt=\"\" width=\"448\" height=\"305\" srcset=\"https:\/\/oscarhumbertogomez.com\/wp-content\/uploads\/2017\/07\/NINOS-GUERRA.jpg 448w, https:\/\/oscarhumbertogomez.com\/wp-content\/uploads\/2017\/07\/NINOS-GUERRA-300x204.jpg 300w\" sizes=\"auto, (max-width: 448px) 100vw, 448px\" \/><\/a><\/p>\n<p>&nbsp;<\/p>\n<p>Hab\u00eda advertido, igualmente, sobre la relaci\u00f3n entre los problemas de la infancia y los desequilibrios mentales en la vida adulta. En palabras que no solo eran vigentes para la \u00e9poca, sino que resultar\u00edan premonitorias para los tiempos actuales hab\u00eda expresado:<\/p>\n<p>\u201cSeg\u00fan estad\u00edsticas recientes, ninguna \u00e9poca ha producido tantos enfermos mentales como la nuestra, debido al desgaste nervioso, al aceleramiento de la vida, a las guerras, a los hechos sangrientos, etc.., que provocan desintegraci\u00f3n del equilibrio nervioso. Y cada vez es m\u00e1s evidente que la enfermedad mental en los adultos tiene sus ra\u00edces en los trastornos, desadaptaci\u00f3n e inseguridad del ni\u00f1o\u2019 (<em>ibidem<\/em>)\u00bb<\/p>\n<p>&nbsp;<\/p>\n<p><a href=\"https:\/\/lapiedrafilosofal.com\/wp-content\/uploads\/2017\/07\/fracaso-profesional.jpg\"><img decoding=\"async\" class=\"aligncenter size-full wp-image-22680\" src=\"https:\/\/lapiedrafilosofal.com\/wp-content\/uploads\/2017\/07\/fracaso-profesional.jpg\" alt=\"\" width=\"500\" srcset=\"https:\/\/oscarhumbertogomez.com\/wp-content\/uploads\/2017\/07\/fracaso-profesional.jpg 1000w, https:\/\/oscarhumbertogomez.com\/wp-content\/uploads\/2017\/07\/fracaso-profesional-300x200.jpg 300w, https:\/\/oscarhumbertogomez.com\/wp-content\/uploads\/2017\/07\/fracaso-profesional-768x512.jpg 768w\" sizes=\"(max-width: 1000px) 100vw, 1000px\" \/><\/a><\/p>\n<p>&nbsp;<\/p>\n<p>En fin, sus inquietudes de intelectual y de cient\u00edfica la hab\u00edan llevado a advertir tambi\u00e9n acerca de la enorme importancia de la medici\u00f3n de inclinaciones y aptitudes frente a la escogencia de carrera profesional, medici\u00f3n &#8211; previa y durante la carrera &#8211; cuyo desconocimiento en los tiempos de hoy, con el consiguiente incremento del fracaso profesional y de su carga de problemas ps\u00edquicos y emocionales, muestra que s\u00ed ten\u00eda la raz\u00f3n:<\/p>\n<p>\u201cLa aplicaci\u00f3n de los m\u00e9todos psicot\u00e9cnicos desde el principio y de manera progresiva y continua tiene por objeto lograr esa adaptaci\u00f3n tan preconizada en la educaci\u00f3n entre cada uno de los mundos biol\u00f3gicos que constituye un estudiante y el mundo universitario, que lo recibe, no s\u00f3lo para llenarle la cabeza de manera forzada de conocimientos necesarios y \u00fatiles para su vida profesional ulterior, sino tambi\u00e9n, &#8230; para moldear hombres conscientes y sanos capaces de hacer frente a las asperezas de la vida y cumplir plena y humanamente su misi\u00f3n\u2019 (<em>ibid<\/em>, p. 315).<\/p>\n<p>Todo esto hab\u00eda quedado consignado para la posteridad en su \u00fanico libro.<\/p>\n<p>Y, entonces, lleg\u00f3 el d\u00eda 12 de setiembre de 1982, que era domingo.<\/p>\n<p>Los griegos ten\u00edan una creencia ancestral: la de que cuando una persona mor\u00eda, al &nbsp;exhalar su \u00faltimo soplo de vida, el alma se elevaba volando hacia los cielos en forma de una mariposa. En aquel entonces, la mariposa era considerada un s\u00edmbolo de vida y de esperanza.<\/p>\n<p>&nbsp;<\/p>\n<p><a href=\"https:\/\/lapiedrafilosofal.com\/wp-content\/uploads\/2017\/07\/mariposas-jardin.jpg\"><img loading=\"lazy\" decoding=\"async\" class=\"aligncenter size-full wp-image-22640\" src=\"https:\/\/lapiedrafilosofal.com\/wp-content\/uploads\/2017\/07\/mariposas-jardin.jpg\" alt=\"\" width=\"655\" height=\"398\" srcset=\"https:\/\/oscarhumbertogomez.com\/wp-content\/uploads\/2017\/07\/mariposas-jardin.jpg 655w, https:\/\/oscarhumbertogomez.com\/wp-content\/uploads\/2017\/07\/mariposas-jardin-300x182.jpg 300w\" sizes=\"auto, (max-width: 655px) 100vw, 655px\" \/><\/a><\/p>\n<p>&nbsp;<\/p>\n<p>En la mitolog\u00eda griega se representaba a la diosa Psique con la figura y apariencia de una joven con alas de mariposa.<\/p>\n<p>&nbsp;<\/p>\n<p><a href=\"https:\/\/lapiedrafilosofal.com\/wp-content\/uploads\/2017\/07\/psyche.jpg\"><img loading=\"lazy\" decoding=\"async\" class=\"aligncenter size-large wp-image-22656\" src=\"https:\/\/lapiedrafilosofal.com\/wp-content\/uploads\/2017\/07\/psyche-478x1024.jpg\" alt=\"\" width=\"478\" height=\"1024\" srcset=\"https:\/\/oscarhumbertogomez.com\/wp-content\/uploads\/2017\/07\/psyche-478x1024.jpg 478w, https:\/\/oscarhumbertogomez.com\/wp-content\/uploads\/2017\/07\/psyche-140x300.jpg 140w, https:\/\/oscarhumbertogomez.com\/wp-content\/uploads\/2017\/07\/psyche.jpg 747w\" sizes=\"auto, (max-width: 478px) 100vw, 478px\" \/><\/a><\/p>\n<p>&nbsp;<\/p>\n<p>Psique, la hija menor del rey de Anatolia, a quien los escritos mitol\u00f3gicos se refieren como una diosa de gran belleza, representa la bondad del alma humana. Como ya lo le\u00edmos, los dioses finalmente aprueban su uni\u00f3n con Eros, y Zeus convierte a Psique en un ser inmortal, en una diosa con su correspondiente puesto en el Olimpo.<\/p>\n<p>Apuleyo atribuye en su obra una hija de Eros y Psique, Hedon\u00e9, cuyo nombre significa \u201cplacer\u201d.<\/p>\n<p>Pero, m\u00e1s all\u00e1 de la mitolog\u00eda, se podr\u00eda interpretar la uni\u00f3n simb\u00f3lica de Eros y Psique como la uni\u00f3n entre lo f\u00edsico y lo espiritual con miras a elevar el alma m\u00e1s all\u00e1 de la vida humana. Y aqu\u00ed se entiende por qu\u00e9 el alma, es decir, la mente, la psique, al morir la persona se desprende de su cuerpo y busca el m\u00e1s all\u00e1.<\/p>\n<p>&nbsp;<\/p>\n<p><a href=\"https:\/\/lapiedrafilosofal.com\/wp-content\/uploads\/2017\/07\/776px-Lemoyne_Amor_and_Psyche.jpg\"><img loading=\"lazy\" decoding=\"async\" class=\"aligncenter size-full wp-image-22647\" src=\"https:\/\/lapiedrafilosofal.com\/wp-content\/uploads\/2017\/07\/776px-Lemoyne_Amor_and_Psyche.jpg\" alt=\"\" width=\"776\" height=\"599\" srcset=\"https:\/\/oscarhumbertogomez.com\/wp-content\/uploads\/2017\/07\/776px-Lemoyne_Amor_and_Psyche.jpg 776w, https:\/\/oscarhumbertogomez.com\/wp-content\/uploads\/2017\/07\/776px-Lemoyne_Amor_and_Psyche-300x232.jpg 300w, https:\/\/oscarhumbertogomez.com\/wp-content\/uploads\/2017\/07\/776px-Lemoyne_Amor_and_Psyche-768x593.jpg 768w\" sizes=\"auto, (max-width: 776px) 100vw, 776px\" \/><\/a><\/p>\n<p>&nbsp;<\/p>\n<p>Este proceso de transformaci\u00f3n o de cambio -el de Psique de mortal a diosa, el del alma que ante la muerte se convierte en mariposa- cobra una especial significaci\u00f3n al compararlo con el proceso de surgimiento de la mariposa a partir de la oruga, s\u00edmbolo por excelencia de la metamorfosis.<\/p>\n<p>Ello explica el por qu\u00e9 la mariposa es la representaci\u00f3n misma del s\u00edmbolo Psi (\u03a8 \u03c8), que describe el proceso de transformaci\u00f3n de las personas.<\/p>\n<p>&nbsp;<\/p>\n<p><a href=\"https:\/\/lapiedrafilosofal.com\/wp-content\/uploads\/2017\/07\/letra-psi-y-mariposa.jpg\"><img loading=\"lazy\" decoding=\"async\" class=\"aligncenter size-full wp-image-22641\" src=\"https:\/\/lapiedrafilosofal.com\/wp-content\/uploads\/2017\/07\/letra-psi-y-mariposa.jpg\" alt=\"\" width=\"714\" height=\"513\" srcset=\"https:\/\/oscarhumbertogomez.com\/wp-content\/uploads\/2017\/07\/letra-psi-y-mariposa.jpg 714w, https:\/\/oscarhumbertogomez.com\/wp-content\/uploads\/2017\/07\/letra-psi-y-mariposa-300x216.jpg 300w\" sizes=\"auto, (max-width: 714px) 100vw, 714px\" \/><\/a><\/p>\n<p>&nbsp;<\/p>\n<p>El origen del t\u00e9rmino \u201cPsicolog\u00eda\u201d, entonces, resulta claro: la Psicolog\u00eda es, etimol\u00f3gicamente, la \u201cciencia del alma\u201d o la \u201cciencia de la mente\u201d. La palabra se compone del prefijo Psico- (psyche, psique, mente) y el sufijo -log\u00eda (de logos, tratado, ciencia, estudio).<\/p>\n<p>Por extensi\u00f3n, el s\u00edmbolo \u201c\u03a8\u201d se popularizar\u00eda tambi\u00e9n como una forma de designar a la ciencia de la mente, esto es, a la Psicolog\u00eda.<\/p>\n<p>La mariposa es el s\u00edmbolo de la capacidad del alma de transformarse, de pasar de ser una simple oruga que se arrastra por la tierra a transformarse en su capullo, aisl\u00e1ndose del mundo entero y a su debido tiempo, renacer, ya no como un gusano, sino como una espl\u00e9ndida mariposa que se eleva a las alturas.<\/p>\n<p>El animal tot\u00e9mico de la Psicolog\u00eda es, pues, uno de seres simb\u00f3licamente m\u00e1s ricos para describir el proceso de transformaci\u00f3n de las personas: el origen de la palabra que da nombre a la profesi\u00f3n: la psicolog\u00eda.<\/p>\n<p>(Henar Guti\u00e9rrez. <em>Significado de la mariposa<\/em>. En: <em>Psicolog\u00eda en evoluci\u00f3n<\/em>. Bertrand Regader. <em>La historia del s\u00edmbolo de la psicolog\u00eda<\/em>. Universitat de Barcelona. Sacb\u00e9. <em>\u00bfQu\u00e9 significa el s\u00edmbolo de la Psicolog\u00eda?<\/em>&nbsp;Mabel Gal\u00e1n. <em>El significado de psi<\/em>. Nadia Egea Garrido. <em>S\u00edmbolo y origen de la Psicolog\u00eda<\/em>. Iv\u00e1n Pico. <em>El mito de psique. Historia del s\u00edmbolo de la Psicolog\u00eda<\/em>. Wikipedia. <em>Psi, <\/em>y otras fuentes).<\/p>\n<p>Al igual que la fr\u00e1gil pero persistente Psique en su tortuoso -e incluso doloroso- trasegar para llegar a ser diosa, la Psicolog\u00eda hab\u00eda nacido en Colombia enfrent\u00e1ndose, pues, a la adversidad y a la incomprensi\u00f3n de una sociedad reacia a valorar con respeto lo nuevo. Y a esa adversidad y a esa incomprensi\u00f3n social hab\u00eda tenido que enfrentarse la mujer que habr\u00eda de convertirse en la fundadora de la profesi\u00f3n de la Psicolog\u00eda no solo en este pa\u00eds, sino en Latinoam\u00e9rica.<\/p>\n<p>El cuerpo sin alma de Mercedes Rodrigo fue sepultado en el Cementerio Santa Mar\u00eda Magdalena de Pazzi, de San Juan, Puerto Rico.<\/p>\n<p>&nbsp;<\/p>\n<p><a href=\"https:\/\/lapiedrafilosofal.com\/wp-content\/uploads\/2017\/07\/cementerio-puerto-rico.jpg\"><img loading=\"lazy\" decoding=\"async\" class=\"aligncenter size-large wp-image-22578\" src=\"https:\/\/lapiedrafilosofal.com\/wp-content\/uploads\/2017\/07\/cementerio-puerto-rico-1024x642.jpg\" alt=\"\" width=\"640\" height=\"401\" srcset=\"https:\/\/oscarhumbertogomez.com\/wp-content\/uploads\/2017\/07\/cementerio-puerto-rico-1024x642.jpg 1024w, https:\/\/oscarhumbertogomez.com\/wp-content\/uploads\/2017\/07\/cementerio-puerto-rico-300x188.jpg 300w, https:\/\/oscarhumbertogomez.com\/wp-content\/uploads\/2017\/07\/cementerio-puerto-rico-768x482.jpg 768w, https:\/\/oscarhumbertogomez.com\/wp-content\/uploads\/2017\/07\/cementerio-puerto-rico.jpg 1920w\" sizes=\"auto, (max-width: 640px) 100vw, 640px\" \/><\/a><\/p>\n<p>&nbsp;<\/p>\n<p>Nos cuenta Wikipedia que &#8220;De acuerdo con Rafael Rodr\u00edguez, capell\u00e1n y director de servicios pastorales de la Universidad del Sagrado Coraz\u00f3n de Santurce, la localizaci\u00f3n del cementerio muestra la creencia en Puerto Rico en la separaci\u00f3n entre la vida y la muerte. El gobierno colonial de Espa\u00f1a decidi\u00f3 construir el cementerio fuera de las murallas y de cara al Oc\u00e9ano Atl\u00e1ntico para simbolizar el viaje del esp\u00edritu al cruzar al m\u00e1s all\u00e1&#8221;.<\/p>\n<p>La tumba de la primera psic\u00f3loga que tuvo Espa\u00f1a, de la pionera de la Psicolog\u00eda en Colombia y en Am\u00e9rica Latina, est\u00e1 ubicada, entonces, en el mismo camposanto donde descansan los restos de Pedro Albizu Campos, l\u00edder nacionalista y pol\u00edtico; de Pedro Flores, compositor; de Jos\u00e9 Gautier Ben\u00edtez, poeta; y de Rafael Hern\u00e1ndez, tambi\u00e9n compositor, a quienes, por una raz\u00f3n u otra, hemos mencionado aqu\u00ed.<\/p>\n<p>&nbsp;<\/p>\n<p>Cierro esta cr\u00f3nica con los siguientes versos m\u00edos, modestos como lo fue la vida de Mercedes Rodrigo.<\/p>\n<p>Que no su obra, por supuesto.<\/p>\n<p>&nbsp;<\/p>\n<p><a href=\"https:\/\/lapiedrafilosofal.com\/wp-content\/uploads\/2017\/05\/Mercedes_Rodrigo_en_1949.gif\"><img loading=\"lazy\" decoding=\"async\" class=\"aligncenter size-full wp-image-22161\" src=\"https:\/\/lapiedrafilosofal.com\/wp-content\/uploads\/2017\/05\/Mercedes_Rodrigo_en_1949.gif\" alt=\"\" width=\"400\" height=\"400\"><\/a><\/p>\n<p>&nbsp;<\/p>\n<p><strong>AMANECER<\/strong><\/p>\n<p><em>A Mercedes Rodrigo<\/em><\/p>\n<p>&nbsp;<\/p>\n<p><a href=\"https:\/\/lapiedrafilosofal.com\/wp-content\/uploads\/2017\/07\/AMANECER-BARCELONA.jpg\"><img loading=\"lazy\" decoding=\"async\" class=\"aligncenter size-large wp-image-22632\" src=\"https:\/\/lapiedrafilosofal.com\/wp-content\/uploads\/2017\/07\/AMANECER-BARCELONA-1024x575.jpg\" alt=\"\" width=\"640\" height=\"359\" srcset=\"https:\/\/oscarhumbertogomez.com\/wp-content\/uploads\/2017\/07\/AMANECER-BARCELONA-1024x575.jpg 1024w, https:\/\/oscarhumbertogomez.com\/wp-content\/uploads\/2017\/07\/AMANECER-BARCELONA-300x169.jpg 300w, https:\/\/oscarhumbertogomez.com\/wp-content\/uploads\/2017\/07\/AMANECER-BARCELONA-768x431.jpg 768w, https:\/\/oscarhumbertogomez.com\/wp-content\/uploads\/2017\/07\/AMANECER-BARCELONA.jpg 1200w\" sizes=\"auto, (max-width: 640px) 100vw, 640px\" \/><\/a><\/p>\n<p>&nbsp;<\/p>\n<p>Cuando un d\u00eda a las sonrisas infantiles<br \/>\nNo las vuelva a asesinar la bomba artera,<br \/>\nCuando no haya flor truncada en primavera,<br \/>\nNi a la pluma la silencien los fusiles.<\/p>\n<p>Cuando a la guerra ya no marchen los desfiles<br \/>\nY la paz deje de ser ave viajera,<br \/>\nCuando hermano, de verdad, lo sea cualquiera<br \/>\nY aqu\u00ed imperen la batuta y los atriles.<\/p>\n<p>Cuando el sol de la justicia est\u00e9 de fiesta,<br \/>\nY haya Psique un laurel sobre tu testa<br \/>\nColocado, peregrina luchadora,<\/p>\n<p>Ya jam\u00e1s requerir\u00e1s de una posada,<br \/>\nPorque, al fin, en mariposa transformada,<br \/>\nSer\u00e1s hu\u00e9sped de una nueva y bella aurora.<\/p>\n<p>&nbsp;<\/p>\n<p>[<em>Ruitoque, Mesa de las Tempestades, \u00c1rea Metropolitana de Bucaramanga, viernes 20 de noviembre de 2020<\/em>].<\/p>\n<p>&nbsp;<\/p>\n<p><iframe loading=\"lazy\" width=\"560\" height=\"315\" src=\"https:\/\/www.youtube-nocookie.com\/embed\/dL3nNRvd2N0?controls=0\" frameborder=\"0\" allow=\"accelerometer; autoplay; clipboard-write; encrypted-media; gyroscope; picture-in-picture\" allowfullscreen=\"\"><\/iframe><\/p>\n<p>&nbsp;<\/p>\n<p>________________<\/p>\n<p>&nbsp;<\/p>\n<p><strong>ILUSTRACIONES:<\/strong><\/p>\n<p>(1) Firma de la Constituci\u00f3n de Puerto Rico. 3 de julio de 1952.<\/p>\n<p>(2) Pedro Albizu Campos, presidente del Partido Nacionalista y l\u00edder independentista puertorrique\u00f1o.<\/p>\n<p>(3) Luis Mu\u00f1oz Mar\u00edn, primer gobernador de Puerto Rico elegido por voto popular y quien lo era cuando a Puerto Rico se le dio la condici\u00f3n de Estado Libre Asociado.<\/p>\n<p>(4) El gobernador Luis Mu\u00f1oz Mar\u00edn iza, por primera vez de manera oficial, la bandera de Puerto Rico.<\/p>\n<p>(5) Harry S. Truman, presidente de los Estados Unidos en 1952, a\u00f1o en que nace el Estado Libre Asociado de Puerto Rico.<\/p>\n<p>(6) Edificio de la Universidad Nacional de Colombia que en 1952, a\u00f1o de graduaci\u00f3n de los once primeros psic\u00f3logos colombianos, serv\u00eda de sede al Instituto de Psicolog\u00eda Aplicada.<\/p>\n<p>(7) <em>Psique y Eros<\/em>. Mosaico del siglo III d.C. Museo de Antakya (Turqu\u00eda).<\/p>\n<p>(8) <em>La boda de Eros y Psique<\/em>&nbsp;(1550). Andrea Schiavone (Zara &#8211; Dalmacia, 1510 &#8211; Venecia, 1563). Museo Metropolitano de Nueva York.<\/p>\n<p>(9) <em>Psique recibida en el Olimpo<\/em> (1517 &#8211; 1518). &nbsp;Rafael.<\/p>\n<p>(10) <em>Psique con alas de mariposa<\/em>. Escultura romana. Museos Capitolinos.<\/p>\n<p>(11) <em>Mar\u00eda Rodrigo. En el cincuentenario de su muerte en el exilio<\/em>. Video en Youtube.<\/p>\n<p>(12) Mercedes Rodrigo. Ilustraci\u00f3n de Pedro Jes\u00fas Vargas Cordero.<\/p>\n<p>(13) Ni\u00f1o deprimido. En: unpaseoporlamente.com<\/p>\n<p>(14) Fotograf\u00eda de ni\u00f1os que acaban de presenciar un atentado terrorista. Tomado de un <em>web-site<\/em> en \u00e1rabe.<\/p>\n<p>(15) Fotograf\u00eda ilustrativa del fracaso profesional. Beatriz Ferreira. En: n-punto, la revista escrita por j\u00f3venes para j\u00f3venes. En: elnuevodia.com<\/p>\n<p>(16) Mariposas. Mari\u00e1n Otero.<\/p>\n<p>(17) Psique abandonada. &nbsp;(1816 &#8211; 1817). Pietro Tenerani.<\/p>\n<p>(18) <i>Amor y Psique&nbsp;<\/i>(1730). Francisco Lemoyne (Par\u00eds, 1688 &#8211; Par\u00eds, 1737).<\/p>\n<p>(19) La letra griega Psi, s\u00edmbolo de la Psicolog\u00eda, sobre un fondo en forma de mariposa. Alex Vales.<\/p>\n<p>(20) Cementerio de Santa Mar\u00eda Magdalena de Pazzi, de San Juan (Puerto Rico).<\/p>\n<p>(21) Mercedes Rodrigo.<\/p>\n<p>(22) Amanecer en las playas de Barcelona (Espa\u00f1a). Fotograf\u00eda de Antonio Tajuelo.<\/p>\n<p>&nbsp;<\/p>\n","protected":false},"excerpt":{"rendered":"<p>A Alejandra Estefan\u00eda, con mis felicitaciones por la hermosa carrera que escogi\u00f3 y que ejerce con igual belleza. \u00a1\u00a1\u00a1 FELIZ D\u00cdA NACIONAL DEL PSIC\u00d3LOGO !!! &nbsp; &nbsp; Pero no todos los puertorrique\u00f1os apoyan la idea de un Puerto Rico independiente. &hellip; <a href=\"https:\/\/oscarhumbertogomez.com\/?p=36295\">Sigue leyendo <span class=\"meta-nav\">&rarr;<\/span><\/a><\/p>\n<div class='heateorSssClear'><\/div><div  class='heateor_sss_sharing_container heateor_sss_horizontal_sharing' heateor-sss-data-href='https:\/\/oscarhumbertogomez.com\/?p=36295'><div class='heateor_sss_sharing_title' style=\"font-weight:bold\" >\u00a1Gracias por compartirla!<\/div><ul class=\"heateor_sss_sharing_ul\"><li class=\"heateorSssSharingRound\"><i style=\"width:35px;height:35px;border-radius:999px;\" alt=\"Facebook\" Title=\"Facebook\" class=\"heateorSssSharing heateorSssFacebookBackground\" onclick='heateorSssPopup(\"https:\/\/www.facebook.com\/sharer\/sharer.php?u=https%3A%2F%2Foscarhumbertogomez.com%2Findex.php%3Frest_route%3D%252Fwp%252Fv2%252Fposts%252F36295\")'><ss style=\"display:block;border-radius:999px;\" class=\"heateorSssSharingSvg heateorSssFacebookSvg\"><\/ss><\/i><\/li><li class=\"heateorSssSharingRound\"><i style=\"width:35px;height:35px;border-radius:999px;\" alt=\"Twitter\" Title=\"Twitter\" class=\"heateorSssSharing heateorSssTwitterBackground\" onclick='heateorSssPopup(\"http:\/\/twitter.com\/intent\/tweet?text=LA%20GUERRA%20CIVIL%20ESPA%C3%91OLA%20Y%20LOS%20ALBORES%20DE%20LA%20PSICOLOG%C3%8DA%20EN%20COLOMBIA%20%5BCap%C3%ADtulo%20VI%5D%5B%C3%9Altimo%20cap%C3%ADtulo%20de%20la%20cr%C3%B3nica%20con%20la%20cual%20nos%20unimos%20a%20la%20celebraci%C3%B3n%2C%20hoy%2020%20de%20noviembre%2C%20del%20D%C3%ADa%20Nacional%20del%20Psic%C3%B3logo%20en%20Colombia%5D%20%20Por%20%C3%93scar%20Humberto%20G%C3%B3mez%20G%C3%B3mez&url=https%3A%2F%2Foscarhumbertogomez.com%2Findex.php%3Frest_route%3D%252Fwp%252Fv2%252Fposts%252F36295\")'><ss style=\"display:block;border-radius:999px;\" class=\"heateorSssSharingSvg heateorSssTwitterSvg\"><\/ss><\/i><\/li><li class=\"heateorSssSharingRound\"><i style=\"width:35px;height:35px;border-radius:999px;\" alt=\"Whatsapp\" Title=\"Whatsapp\" class=\"heateorSssSharing heateorSssWhatsappBackground\" onclick='heateorSssPopup(\"https:\/\/web.whatsapp.com\/send?text=LA%20GUERRA%20CIVIL%20ESPA%C3%91OLA%20Y%20LOS%20ALBORES%20DE%20LA%20PSICOLOG%C3%8DA%20EN%20COLOMBIA%20%5BCap%C3%ADtulo%20VI%5D%5B%C3%9Altimo%20cap%C3%ADtulo%20de%20la%20cr%C3%B3nica%20con%20la%20cual%20nos%20unimos%20a%20la%20celebraci%C3%B3n%2C%20hoy%2020%20de%20noviembre%2C%20del%20D%C3%ADa%20Nacional%20del%20Psic%C3%B3logo%20en%20Colombia%5D%20%20Por%20%C3%93scar%20Humberto%20G%C3%B3mez%20G%C3%B3mez https%3A%2F%2Foscarhumbertogomez.com%2Findex.php%3Frest_route%3D%252Fwp%252Fv2%252Fposts%252F36295\")'><ss style=\"display:block\" class=\"heateorSssSharingSvg heateorSssWhatsappSvg\"><\/ss><\/i><\/li><li class=\"heateorSssSharingRound\"><i style=\"width:35px;height:35px;border-radius:999px;\" alt=\"Pinterest\" Title=\"Pinterest\" class=\"heateorSssSharing heateorSssPinterestBackground\" onclick=\"javascript:void( (function() {var e=document.createElement('script' );e.setAttribute('type','text\/javascript' );e.setAttribute('charset','UTF-8' );e.setAttribute('src','\/\/assets.pinterest.com\/js\/pinmarklet.js?r='+Math.random()*99999999);document.body.appendChild(e)})());\"><ss style=\"display:block;border-radius:999px;\" class=\"heateorSssSharingSvg heateorSssPinterestSvg\"><\/ss><\/i><\/li><li class=\"heateorSssSharingRound\"><i style=\"width:35px;height:35px;border-radius:999px;\" alt=\"Google Gmail\" Title=\"Google Gmail\" class=\"heateorSssSharing heateorSssGoogleGmailBackground\" onclick='heateorSssPopup(\"https:\/\/mail.google.com\/mail\/?ui=2&view=cm&fs=1&tf=1&su=LA%20GUERRA%20CIVIL%20ESPA%C3%91OLA%20Y%20LOS%20ALBORES%20DE%20LA%20PSICOLOG%C3%8DA%20EN%20COLOMBIA%20%5BCap%C3%ADtulo%20VI%5D%5B%C3%9Altimo%20cap%C3%ADtulo%20de%20la%20cr%C3%B3nica%20con%20la%20cual%20nos%20unimos%20a%20la%20celebraci%C3%B3n%2C%20hoy%2020%20de%20noviembre%2C%20del%20D%C3%ADa%20Nacional%20del%20Psic%C3%B3logo%20en%20Colombia%5D%20%20Por%20%C3%93scar%20Humberto%20G%C3%B3mez%20G%C3%B3mez&body=Link:https%3A%2F%2Foscarhumbertogomez.com%2Findex.php%3Frest_route%3D%252Fwp%252Fv2%252Fposts%252F36295\")'><ss style=\"display:block;border-radius:999px;\" class=\"heateorSssSharingSvg heateorSssGoogleGmailSvg\"><\/ss><\/i><\/li><li class=\"heateorSssSharingRound\"><i style=\"width:35px;height:35px;border-radius:999px;\" title=\"More\" alt=\"More\" class=\"heateorSssSharing heateorSssMoreBackground\" onclick=\"heateorSssMoreSharingPopup(this, 'https:\/\/oscarhumbertogomez.com\/index.php?rest_route=%2Fwp%2Fv2%2Fposts%2F36295', 'LA%20GUERRA%20CIVIL%20ESPA%C3%91OLA%20Y%20LOS%20ALBORES%20DE%20LA%20PSICOLOG%C3%8DA%20EN%20COLOMBIA%20%5BCap%C3%ADtulo%20VI%5D%5B%C3%9Altimo%20cap%C3%ADtulo%20de%20la%20cr%C3%B3nica%20con%20la%20cual%20nos%20unimos%20a%20la%20celebraci%C3%B3n%2C%20hoy%2020%20de%20noviembre%2C%20del%20D%C3%ADa%20Nacional%20del%20Psic%C3%B3logo%20en%20Colombia%5D%20%20Por%20%C3%93scar%20Humberto%20G%C3%B3mez%20G%C3%B3mez', '' )\" ><ss style=\"display:block\" class=\"heateorSssSharingSvg heateorSssMoreSvg\"><\/ss><\/i><\/li><\/ul><div class=\"heateorSssClear\"><\/div><\/div><div class='heateorSssClear'><\/div>","protected":false},"author":2,"featured_media":0,"comment_status":"closed","ping_status":"closed","sticky":false,"template":"","format":"standard","meta":{"spay_email":"","footnotes":""},"categories":[],"tags":[],"class_list":["post-36295","post","type-post","status-publish","format-standard","hentry"],"jetpack_featured_media_url":"","jetpack_shortlink":"https:\/\/wp.me\/p1FYrr-9rp","_links":{"self":[{"href":"https:\/\/oscarhumbertogomez.com\/index.php?rest_route=\/wp\/v2\/posts\/36295","targetHints":{"allow":["GET"]}}],"collection":[{"href":"https:\/\/oscarhumbertogomez.com\/index.php?rest_route=\/wp\/v2\/posts"}],"about":[{"href":"https:\/\/oscarhumbertogomez.com\/index.php?rest_route=\/wp\/v2\/types\/post"}],"author":[{"embeddable":true,"href":"https:\/\/oscarhumbertogomez.com\/index.php?rest_route=\/wp\/v2\/users\/2"}],"replies":[{"embeddable":true,"href":"https:\/\/oscarhumbertogomez.com\/index.php?rest_route=%2Fwp%2Fv2%2Fcomments&post=36295"}],"version-history":[{"count":5,"href":"https:\/\/oscarhumbertogomez.com\/index.php?rest_route=\/wp\/v2\/posts\/36295\/revisions"}],"predecessor-version":[{"id":36322,"href":"https:\/\/oscarhumbertogomez.com\/index.php?rest_route=\/wp\/v2\/posts\/36295\/revisions\/36322"}],"wp:attachment":[{"href":"https:\/\/oscarhumbertogomez.com\/index.php?rest_route=%2Fwp%2Fv2%2Fmedia&parent=36295"}],"wp:term":[{"taxonomy":"category","embeddable":true,"href":"https:\/\/oscarhumbertogomez.com\/index.php?rest_route=%2Fwp%2Fv2%2Fcategories&post=36295"},{"taxonomy":"post_tag","embeddable":true,"href":"https:\/\/oscarhumbertogomez.com\/index.php?rest_route=%2Fwp%2Fv2%2Ftags&post=36295"}],"curies":[{"name":"wp","href":"https:\/\/api.w.org\/{rel}","templated":true}]}}