{"id":36554,"date":"2020-12-17T11:04:18","date_gmt":"2020-12-17T16:04:18","guid":{"rendered":"https:\/\/santanderenlared.com\/?p=36554"},"modified":"2025-09-27T13:30:39","modified_gmt":"2025-09-27T18:30:39","slug":"17-de-diciembre-de-1830-muere-en-santa-marta-el-libertador-de-colombia-general-simon-bolivar-por-oscar-humberto-gomez-gomez","status":"publish","type":"post","link":"https:\/\/oscarhumbertogomez.com\/?p=36554","title":{"rendered":"17 DE DICIEMBRE DE 1830: MUERE EN SANTA MARTA EL LIBERTADOR DE COLOMBIA, GENERAL SIM\u00d3N BOL\u00cdVAR. Por \u00d3scar Humberto G\u00f3mez G\u00f3mez"},"content":{"rendered":"<p><a href=\"https:\/\/lapiedrafilosofal.com\/wp-content\/uploads\/2018\/12\/MUERTE-DE-BOLIVAR-ANTONIO-HERRERA.png\"><img loading=\"lazy\" decoding=\"async\" class=\"alignnone size-full wp-image-27894\" src=\"https:\/\/lapiedrafilosofal.com\/wp-content\/uploads\/2018\/12\/MUERTE-DE-BOLIVAR-ANTONIO-HERRERA.png\" alt=\"\" width=\"850\" height=\"666\" srcset=\"https:\/\/oscarhumbertogomez.com\/wp-content\/uploads\/2018\/12\/MUERTE-DE-BOLIVAR-ANTONIO-HERRERA.png 850w, https:\/\/oscarhumbertogomez.com\/wp-content\/uploads\/2018\/12\/MUERTE-DE-BOLIVAR-ANTONIO-HERRERA-300x235.png 300w, https:\/\/oscarhumbertogomez.com\/wp-content\/uploads\/2018\/12\/MUERTE-DE-BOLIVAR-ANTONIO-HERRERA-768x602.png 768w\" sizes=\"auto, (max-width: 850px) 100vw, 850px\" \/><\/a><\/p>\n<p>&nbsp;<\/p>\n<p>Estaba tan flaco, que le pusieron el apodo de &#8220;Longanizo&#8221; y as\u00ed le gritaban los ni\u00f1os en Honda mientras le lanzaban pedazos de cagaj\u00f3n y le exig\u00edan que se largara, justamente cuando ya, diezmado y apesadumbrado, se aprestaba a embarcarse y a iniciar su viaje final a trav\u00e9s del r\u00edo Magdalena.<\/p>\n<p>Y estaba tan avejentado, que a pesar de tener apenas 47 a\u00f1os, parec\u00eda que tuviera 80.<\/p>\n<p>&nbsp;<\/p>\n<p><img loading=\"lazy\" decoding=\"async\" class=\"aligncenter size-large wp-image-36568\" src=\"https:\/\/lapiedrafilosofal.com\/wp-content\/uploads\/2020\/12\/BOLIVAR-SUENO-PARA-UN-DESVELO-FRIO-752x1024.jpg\" alt=\"\" width=\"640\" height=\"871\" srcset=\"https:\/\/oscarhumbertogomez.com\/wp-content\/uploads\/2020\/12\/BOLIVAR-SUENO-PARA-UN-DESVELO-FRIO-752x1024.jpg 752w, https:\/\/oscarhumbertogomez.com\/wp-content\/uploads\/2020\/12\/BOLIVAR-SUENO-PARA-UN-DESVELO-FRIO-220x300.jpg 220w, https:\/\/oscarhumbertogomez.com\/wp-content\/uploads\/2020\/12\/BOLIVAR-SUENO-PARA-UN-DESVELO-FRIO-768x1046.jpg 768w, https:\/\/oscarhumbertogomez.com\/wp-content\/uploads\/2020\/12\/BOLIVAR-SUENO-PARA-UN-DESVELO-FRIO.jpg 881w\" sizes=\"auto, (max-width: 640px) 100vw, 640px\" \/><\/p>\n<p>&nbsp;<\/p>\n<p>Arrib\u00f3 en condici\u00f3n de hu\u00e9sped, a bordo de una berlina abordada en el puerto, en unas condiciones de salud calamitosas, a la Quinta de San Pedro Alejandrino, de propiedad \u00a1vaya paradoja! de un espa\u00f1ol, don Joaqu\u00edn de Mier. All\u00ed sobrevivi\u00f3 varios d\u00edas, auxiliado por otro extranjero, el m\u00e9dico franc\u00e9s Pr\u00f3spero R\u00e9v\u00e9rend, hasta que lleg\u00f3 el 17 de diciembre, el 17 de diciembre de 1830, que era viernes.<\/p>\n<p>Entonces, pasada la 1 de la tarde de ese d\u00eda, desde el sopor de su enfermedad, &#8220;Examin\u00f3 el aposento con la clarividencia de sus v\u00edsperas, y por primera vez vio la verdad: la \u00faltima cama prestada, el tocador de l\u00e1stima cuyo turbio espejo de paciencia no lo volver\u00eda a repetir, el aguamanil de porcelana descarchada con el agua y la toalla y el jab\u00f3n para otras manos, la prisa sin coraz\u00f3n del reloj octogonal desbocado hacia la cita ineluctable del 17 de diciembre a la una y siete minutos de su tarde final. Entonces cruz\u00f3 los brazos contra el pecho y empez\u00f3 a o\u00edr las voces radiantes de los esclavos cantando la salve de las seis en los trapiches, y vio por la ventana el diamante de Venus en el cielo que se iba para siempre, las nieves eternas, la enredadera cuyas camp\u00e1nulas amarillas no ver\u00eda florecer el s\u00e1bado siguiente en la casa cerrada por el duelo, los \u00faltimos fulgores de la vida que nunca m\u00e1s, por los siglos de los siglos, volver\u00eda a repetirse&#8221;. (Gabriel Garc\u00eda M\u00e1rquez. El general en su laberinto).<\/p>\n<p>&nbsp;<\/p>\n<p><a href=\"https:\/\/lapiedrafilosofal.com\/wp-content\/uploads\/2018\/12\/QUINTA-.jpg\"><img loading=\"lazy\" decoding=\"async\" class=\"alignnone size-full wp-image-27895\" src=\"https:\/\/lapiedrafilosofal.com\/wp-content\/uploads\/2018\/12\/QUINTA-.jpg\" alt=\"\" width=\"1000\" height=\"550\" srcset=\"https:\/\/oscarhumbertogomez.com\/wp-content\/uploads\/2018\/12\/QUINTA-.jpg 1000w, https:\/\/oscarhumbertogomez.com\/wp-content\/uploads\/2018\/12\/QUINTA--300x165.jpg 300w, https:\/\/oscarhumbertogomez.com\/wp-content\/uploads\/2018\/12\/QUINTA--768x422.jpg 768w\" sizes=\"auto, (max-width: 1000px) 100vw, 1000px\" \/><\/a><\/p>\n<p>&nbsp;<\/p>\n<p><a href=\"https:\/\/lapiedrafilosofal.com\/wp-content\/uploads\/2018\/12\/cama-bolivar.jpg\"><img loading=\"lazy\" decoding=\"async\" class=\"alignnone size-full wp-image-27891\" src=\"https:\/\/lapiedrafilosofal.com\/wp-content\/uploads\/2018\/12\/cama-bolivar.jpg\" alt=\"\" width=\"900\" height=\"600\" srcset=\"https:\/\/oscarhumbertogomez.com\/wp-content\/uploads\/2018\/12\/cama-bolivar.jpg 900w, https:\/\/oscarhumbertogomez.com\/wp-content\/uploads\/2018\/12\/cama-bolivar-300x200.jpg 300w, https:\/\/oscarhumbertogomez.com\/wp-content\/uploads\/2018\/12\/cama-bolivar-768x512.jpg 768w\" sizes=\"auto, (max-width: 900px) 100vw, 900px\" \/><\/a><\/p>\n<p>&nbsp;<\/p>\n<p><strong>ILUSTRACIONES: <strong> (1) Muerte de Sim\u00f3n Bol\u00edvar. Antonio Herrera Toro. 1889.<\/strong><\/strong><\/p>\n<p><strong><strong>(2) Don Sim\u00f3n. Antonio Fr\u00edo.<\/strong><\/strong><\/p>\n<p><strong><strong>(3) Quinta de San Pedro Alejandrino. Santa Marta.<\/strong><\/strong><\/p>\n<p><strong><strong>(4) Cama de Bol\u00edvar en San Pedro Alejandrino.<\/strong><\/strong><\/p>\n<p><strong><strong>&nbsp;<\/strong><\/strong><\/p>\n","protected":false},"excerpt":{"rendered":"<p>&nbsp; Estaba tan flaco, que le pusieron el apodo de &#8220;Longanizo&#8221; y as\u00ed le gritaban los ni\u00f1os en Honda mientras le lanzaban pedazos de cagaj\u00f3n y le exig\u00edan que se largara, justamente cuando ya, diezmado y apesadumbrado, se aprestaba a &hellip; <a href=\"https:\/\/oscarhumbertogomez.com\/?p=36554\">Sigue leyendo <span class=\"meta-nav\">&rarr;<\/span><\/a><\/p>\n<div class='heateorSssClear'><\/div><div  class='heateor_sss_sharing_container heateor_sss_horizontal_sharing' heateor-sss-data-href='https:\/\/oscarhumbertogomez.com\/?p=36554'><div class='heateor_sss_sharing_title' style=\"font-weight:bold\" >\u00a1Gracias por compartirla!<\/div><ul class=\"heateor_sss_sharing_ul\"><li class=\"heateorSssSharingRound\"><i style=\"width:35px;height:35px;border-radius:999px;\" alt=\"Facebook\" Title=\"Facebook\" class=\"heateorSssSharing heateorSssFacebookBackground\" onclick='heateorSssPopup(\"https:\/\/www.facebook.com\/sharer\/sharer.php?u=https%3A%2F%2Foscarhumbertogomez.com%2Findex.php%3Frest_route%3D%252Fwp%252Fv2%252Fposts%252F36554\")'><ss style=\"display:block;border-radius:999px;\" class=\"heateorSssSharingSvg heateorSssFacebookSvg\"><\/ss><\/i><\/li><li class=\"heateorSssSharingRound\"><i style=\"width:35px;height:35px;border-radius:999px;\" alt=\"Twitter\" Title=\"Twitter\" class=\"heateorSssSharing heateorSssTwitterBackground\" onclick='heateorSssPopup(\"http:\/\/twitter.com\/intent\/tweet?text=17%20DE%20DICIEMBRE%20DE%201830%3A%20MUERE%20EN%20SANTA%20MARTA%20EL%20LIBERTADOR%20DE%20COLOMBIA%2C%20GENERAL%20SIM%C3%93N%20BOL%C3%8DVAR.%20Por%20%C3%93scar%20Humberto%20G%C3%B3mez%20G%C3%B3mez&url=https%3A%2F%2Foscarhumbertogomez.com%2Findex.php%3Frest_route%3D%252Fwp%252Fv2%252Fposts%252F36554\")'><ss style=\"display:block;border-radius:999px;\" class=\"heateorSssSharingSvg heateorSssTwitterSvg\"><\/ss><\/i><\/li><li class=\"heateorSssSharingRound\"><i style=\"width:35px;height:35px;border-radius:999px;\" alt=\"Whatsapp\" Title=\"Whatsapp\" class=\"heateorSssSharing heateorSssWhatsappBackground\" onclick='heateorSssPopup(\"https:\/\/web.whatsapp.com\/send?text=17%20DE%20DICIEMBRE%20DE%201830%3A%20MUERE%20EN%20SANTA%20MARTA%20EL%20LIBERTADOR%20DE%20COLOMBIA%2C%20GENERAL%20SIM%C3%93N%20BOL%C3%8DVAR.%20Por%20%C3%93scar%20Humberto%20G%C3%B3mez%20G%C3%B3mez https%3A%2F%2Foscarhumbertogomez.com%2Findex.php%3Frest_route%3D%252Fwp%252Fv2%252Fposts%252F36554\")'><ss style=\"display:block\" class=\"heateorSssSharingSvg heateorSssWhatsappSvg\"><\/ss><\/i><\/li><li class=\"heateorSssSharingRound\"><i style=\"width:35px;height:35px;border-radius:999px;\" alt=\"Pinterest\" Title=\"Pinterest\" class=\"heateorSssSharing heateorSssPinterestBackground\" onclick=\"javascript:void( (function() {var e=document.createElement('script' );e.setAttribute('type','text\/javascript' );e.setAttribute('charset','UTF-8' );e.setAttribute('src','\/\/assets.pinterest.com\/js\/pinmarklet.js?r='+Math.random()*99999999);document.body.appendChild(e)})());\"><ss style=\"display:block;border-radius:999px;\" class=\"heateorSssSharingSvg heateorSssPinterestSvg\"><\/ss><\/i><\/li><li class=\"heateorSssSharingRound\"><i style=\"width:35px;height:35px;border-radius:999px;\" alt=\"Google Gmail\" Title=\"Google Gmail\" class=\"heateorSssSharing heateorSssGoogleGmailBackground\" onclick='heateorSssPopup(\"https:\/\/mail.google.com\/mail\/?ui=2&view=cm&fs=1&tf=1&su=17%20DE%20DICIEMBRE%20DE%201830%3A%20MUERE%20EN%20SANTA%20MARTA%20EL%20LIBERTADOR%20DE%20COLOMBIA%2C%20GENERAL%20SIM%C3%93N%20BOL%C3%8DVAR.%20Por%20%C3%93scar%20Humberto%20G%C3%B3mez%20G%C3%B3mez&body=Link:https%3A%2F%2Foscarhumbertogomez.com%2Findex.php%3Frest_route%3D%252Fwp%252Fv2%252Fposts%252F36554\")'><ss style=\"display:block;border-radius:999px;\" class=\"heateorSssSharingSvg heateorSssGoogleGmailSvg\"><\/ss><\/i><\/li><li class=\"heateorSssSharingRound\"><i style=\"width:35px;height:35px;border-radius:999px;\" title=\"More\" alt=\"More\" class=\"heateorSssSharing heateorSssMoreBackground\" onclick=\"heateorSssMoreSharingPopup(this, 'https:\/\/oscarhumbertogomez.com\/index.php?rest_route=%2Fwp%2Fv2%2Fposts%2F36554', '17%20DE%20DICIEMBRE%20DE%201830%3A%20MUERE%20EN%20SANTA%20MARTA%20EL%20LIBERTADOR%20DE%20COLOMBIA%2C%20GENERAL%20SIM%C3%93N%20BOL%C3%8DVAR.%20Por%20%C3%93scar%20Humberto%20G%C3%B3mez%20G%C3%B3mez', '' )\" ><ss style=\"display:block\" class=\"heateorSssSharingSvg heateorSssMoreSvg\"><\/ss><\/i><\/li><\/ul><div class=\"heateorSssClear\"><\/div><\/div><div class='heateorSssClear'><\/div>","protected":false},"author":2,"featured_media":0,"comment_status":"closed","ping_status":"closed","sticky":false,"template":"","format":"standard","meta":{"spay_email":"","footnotes":""},"categories":[1],"tags":[],"class_list":["post-36554","post","type-post","status-publish","format-standard","hentry","category-blog"],"jetpack_featured_media_url":"","jetpack_shortlink":"https:\/\/wp.me\/p1FYrr-9vA","_links":{"self":[{"href":"https:\/\/oscarhumbertogomez.com\/index.php?rest_route=\/wp\/v2\/posts\/36554","targetHints":{"allow":["GET"]}}],"collection":[{"href":"https:\/\/oscarhumbertogomez.com\/index.php?rest_route=\/wp\/v2\/posts"}],"about":[{"href":"https:\/\/oscarhumbertogomez.com\/index.php?rest_route=\/wp\/v2\/types\/post"}],"author":[{"embeddable":true,"href":"https:\/\/oscarhumbertogomez.com\/index.php?rest_route=\/wp\/v2\/users\/2"}],"replies":[{"embeddable":true,"href":"https:\/\/oscarhumbertogomez.com\/index.php?rest_route=%2Fwp%2Fv2%2Fcomments&post=36554"}],"version-history":[{"count":5,"href":"https:\/\/oscarhumbertogomez.com\/index.php?rest_route=\/wp\/v2\/posts\/36554\/revisions"}],"predecessor-version":[{"id":54357,"href":"https:\/\/oscarhumbertogomez.com\/index.php?rest_route=\/wp\/v2\/posts\/36554\/revisions\/54357"}],"wp:attachment":[{"href":"https:\/\/oscarhumbertogomez.com\/index.php?rest_route=%2Fwp%2Fv2%2Fmedia&parent=36554"}],"wp:term":[{"taxonomy":"category","embeddable":true,"href":"https:\/\/oscarhumbertogomez.com\/index.php?rest_route=%2Fwp%2Fv2%2Fcategories&post=36554"},{"taxonomy":"post_tag","embeddable":true,"href":"https:\/\/oscarhumbertogomez.com\/index.php?rest_route=%2Fwp%2Fv2%2Ftags&post=36554"}],"curies":[{"name":"wp","href":"https:\/\/api.w.org\/{rel}","templated":true}]}}