{"id":36785,"date":"2020-12-28T19:15:22","date_gmt":"2020-12-29T00:15:22","guid":{"rendered":"https:\/\/lapiedrafilosofal.com\/?p=36785"},"modified":"2021-08-29T11:18:25","modified_gmt":"2021-08-29T16:18:25","slug":"el-impuesto-de-industria-y-comercio-a-las-profesiones-liberales-3a-parte-por-oscar-humberto-gomez-gomez","status":"publish","type":"post","link":"https:\/\/oscarhumbertogomez.com\/?p=36785","title":{"rendered":"El impuesto de industria y comercio a las profesiones liberales (3a parte). Por \u00d3scar Humberto G\u00f3mez G\u00f3mez"},"content":{"rendered":"<p><strong>\u00bfQU\u00c9 SON Y CU\u00c1LES SON LAS PROFESIONES LIBERALES?<\/strong><\/p>\n<p>&nbsp;<\/p>\n<div id=\"attachment_13576\" style=\"width: 810px\" class=\"wp-caption aligncenter\"><img loading=\"lazy\" decoding=\"async\" aria-describedby=\"caption-attachment-13576\" class=\"size-full wp-image-13576\" title=\"fisioterapeutas-barcelona\" src=\"https:\/\/lapiedrafilosofal.com\/wp-content\/uploads\/2013\/05\/fisioterapeutas-barcelona.jpg\" alt=\"\" width=\"800\" height=\"533\" srcset=\"https:\/\/oscarhumbertogomez.com\/wp-content\/uploads\/2013\/05\/fisioterapeutas-barcelona.jpg 800w, https:\/\/oscarhumbertogomez.com\/wp-content\/uploads\/2013\/05\/fisioterapeutas-barcelona-300x199.jpg 300w\" sizes=\"auto, (max-width: 800px) 100vw, 800px\" \/><p id=\"caption-attachment-13576\" class=\"wp-caption-text\"><strong> FISIOTERAPIA<\/strong><\/p><\/div>\n<p>&nbsp;<\/p>\n<p>El Diccionario de Uso del Espa\u00f1ol de Mar\u00eda Moliner define el concepto de \u201cprofesiones liberales\u201d as\u00ed:<\/p>\n<p>&nbsp;<\/p>\n<p>\u201cSe aplica a ciertas profesiones que pueden ejercerse en libre competencia, o sea que no son retribuidas por el Estado sino por las personas que utilizan los servicios; por ejemplo, la medicina\u201d.<\/p>\n<p>&nbsp;<\/p>\n<p>El tratadista argentino GUILLERMO CABANELLAS en su famoso Diccionario de Derecho Usual define la profesi\u00f3n liberal como \u201caquella que constituye el ejercicio de una de las carreras seguidas en centros universitarios o en altas escuelas especiales, por lo general de actividad y trabajo s\u00f3lo intelectual, aun cuando no excluya operaciones manuales, como la del cirujano, y la de los arquitectos e ingenieros al trazar sus planos\u201d.<\/p>\n<p>Y prosigue CABANELLAS: \u201cLa no inclusi\u00f3n de la prestaci\u00f3n de servicios inherentes a las profesiones liberales como actos de comercio, entre otras razones, radica en que estas profesiones se caracterizan por su car\u00e1cter intelectual superior, por lo tanto aqu\u00ed lo importante no es la destreza manual, sino el intelecto, el cual es precedido de una preparaci\u00f3n profesional que habilita al individuo para su ejercicio. De igual forma radica, en que la profesi\u00f3n liberal le imprime un sello personal\u00edsimo a su ejercicio, siendo \u00e9ste un fen\u00f3meno ajeno al comercio, y es ejercida por lo general de manera independiente\u201d.<\/p>\n<p>&nbsp;<\/p>\n<p>Son, pues, profesiones liberales aquellas que re\u00fanen las siguientes caracter\u00edsticas: i.) suponen largos estudios universitarios, ii.) en su ejercicio predomina el intelecto, iii.) se ejercen en forma independiente y iv.) por su labor se perciben unos honorarios.<\/p>\n<p>As\u00ed, son profesiones liberales la medicina, la odontolog\u00eda, la psicolog\u00eda, la enfermer\u00eda, la fisioterapia, la veterinaria, la abogac\u00eda, la bacteriolog\u00eda, la contadur\u00eda, la arquitectura y la ingenier\u00eda, entre otras.<\/p>\n<p>&nbsp;<\/p>\n<p><strong> EL ESTADO INSISTE EN CONVERTIR A LOS PROFESIONALES LIBERALES EN CONTRIBUYENTES DEL IMPUESTO DE INDUSTRIA Y COMERCIO<\/strong><\/p>\n<p>&nbsp;<\/p>\n<div id=\"attachment_8377\" style=\"width: 650px\" class=\"wp-caption aligncenter\"><img loading=\"lazy\" decoding=\"async\" aria-describedby=\"caption-attachment-8377\" class=\"size-large wp-image-8377\" title=\"CONTADOR\" src=\"https:\/\/lapiedrafilosofal.com\/wp-content\/uploads\/2013\/05\/CONTADOR-1024x768.jpg\" alt=\"\" width=\"640\" height=\"480\" srcset=\"https:\/\/oscarhumbertogomez.com\/wp-content\/uploads\/2013\/05\/CONTADOR-1024x768.jpg 1024w, https:\/\/oscarhumbertogomez.com\/wp-content\/uploads\/2013\/05\/CONTADOR-300x225.jpg 300w, https:\/\/oscarhumbertogomez.com\/wp-content\/uploads\/2013\/05\/CONTADOR.jpg 1280w\" sizes=\"auto, (max-width: 640px) 100vw, 640px\" \/><p id=\"caption-attachment-8377\" class=\"wp-caption-text\"><strong> CONTADUR\u00cdA<\/strong><\/p><\/div>\n<p>&nbsp;<\/p>\n<p>De un tiempo para ac\u00e1, en municipios como Bogot\u00e1, Bucaramanga y Floridablanca, el Estado ven\u00eda insistiendo en cobrarles a los profesionales el impuesto de industria y comercio, para cuyo efecto hab\u00eda expedido acuerdos y decretos palmariamente ilegales.<\/p>\n<p>La ley 1819 de 2016 pareciera haberles dado el soporte definitivo que necesitaban y, al amparo de ella, se han iniciado en Bucaramanga \u2014y en toda Colombia\u2014 las gestiones encaminadas a concretar el cobro de ese impuesto a todos los profesionales.<\/p>\n<p>&nbsp;<\/p>\n<div id=\"attachment_8429\" style=\"width: 362px\" class=\"wp-caption aligncenter\"><img loading=\"lazy\" decoding=\"async\" aria-describedby=\"caption-attachment-8429\" class=\"size-full wp-image-8429\" title=\"ENFERMERA JEFE\" src=\"https:\/\/lapiedrafilosofal.com\/wp-content\/uploads\/2013\/05\/ENFERMERA-JEFE.jpg\" alt=\"\" width=\"352\" height=\"512\" srcset=\"https:\/\/oscarhumbertogomez.com\/wp-content\/uploads\/2013\/05\/ENFERMERA-JEFE.jpg 352w, https:\/\/oscarhumbertogomez.com\/wp-content\/uploads\/2013\/05\/ENFERMERA-JEFE-206x300.jpg 206w\" sizes=\"auto, (max-width: 352px) 100vw, 352px\" \/><p id=\"caption-attachment-8429\" class=\"wp-caption-text\"><strong> ENFERMER\u00cdA<\/strong><\/p><\/div>\n<p>&nbsp;<\/p>\n<p>Es muy importante que los profesionales tengan en cuenta:<\/p>\n<p>1) Que la ley que los incluye como destinatarios del Impuesto de Industria y Comercio ya existe desde el a\u00f1o 2016.<\/p>\n<p>2) Que lo \u00fanico que est\u00e1n haciendo los concejos municipales, como el de Bucaramanga, es materializar en cada municipio lo que dispone esa ley.<\/p>\n<p>3) Que inicialmente se establecer\u00e1n contribuciones peque\u00f1as para ir ambientando la aceptaci\u00f3n de las nuevas cargas impositivas que se derivan del hecho de que los profesionales liberales sean incluidos como comerciantes, o asimilados a ellos, o que se les convierta en destinatarios de las normas dictadas para estos. Por eso, la cantidad peque\u00f1a del impuesto no es argumento v\u00e1lido para aceptar algo que tiene mucha mayor significaci\u00f3n: la p\u00e9rdida que, con el establecimiento del Impuesto de Industria y Comercio a cargo de ellos, est\u00e1n sufriendo los profesionales.<\/p>\n<p>Se trata de la p\u00e9rdida, nada m\u00e1s ni nada menos, que de su tradicional condici\u00f3n de ser PROFESIONALES, no comerciantes, ni nada que se le parezca.<\/p>\n<p>4) Que, en otras palabras, es LA LEY la que deben atacar los profesionales, m\u00e1s all\u00e1 de que se pronuncien tambi\u00e9n en contra de los proyectos de acuerdo que pretendan imponer la vigencia concreta de la misma en el respectivo municipio.<\/p>\n<p>Es decir, mientras exista la ley de 2016, cualquier municipio puede establecer el impuesto de industria y comercio.<\/p>\n<p>&nbsp;<\/p>\n<p>Ahora bien; con el establecimiento en concreto del Impuesto de Industria y Comercio en cada municipio surge inevitablemente una pregunta:<\/p>\n<p>\u00bfDeber\u00e1n los profesionales inscribirse en el registro mercantil de la C\u00e1mara de Comercio?<\/p>\n<p>&nbsp;<\/p>\n<p>[CONTINUAR\u00c1]<\/p>\n<p>&nbsp;<\/p>\n","protected":false},"excerpt":{"rendered":"<p>\u00bfQU\u00c9 SON Y CU\u00c1LES SON LAS PROFESIONES LIBERALES? &nbsp; &nbsp; El Diccionario de Uso del Espa\u00f1ol de Mar\u00eda Moliner define el concepto de \u201cprofesiones liberales\u201d as\u00ed: &nbsp; \u201cSe aplica a ciertas profesiones que pueden ejercerse en libre competencia, o sea &hellip; <a href=\"https:\/\/oscarhumbertogomez.com\/?p=36785\">Sigue leyendo <span class=\"meta-nav\">&rarr;<\/span><\/a><\/p>\n<div class='heateorSssClear'><\/div><div  class='heateor_sss_sharing_container heateor_sss_horizontal_sharing' heateor-sss-data-href='https:\/\/oscarhumbertogomez.com\/?p=36785'><div class='heateor_sss_sharing_title' style=\"font-weight:bold\" >\u00a1Gracias por compartirla!<\/div><ul class=\"heateor_sss_sharing_ul\"><li class=\"heateorSssSharingRound\"><i style=\"width:35px;height:35px;border-radius:999px;\" alt=\"Facebook\" Title=\"Facebook\" class=\"heateorSssSharing heateorSssFacebookBackground\" onclick='heateorSssPopup(\"https:\/\/www.facebook.com\/sharer\/sharer.php?u=https%3A%2F%2Foscarhumbertogomez.com%2Findex.php%3Frest_route%3D%252Fwp%252Fv2%252Fposts%252F36785\")'><ss style=\"display:block;border-radius:999px;\" class=\"heateorSssSharingSvg heateorSssFacebookSvg\"><\/ss><\/i><\/li><li class=\"heateorSssSharingRound\"><i style=\"width:35px;height:35px;border-radius:999px;\" alt=\"Twitter\" Title=\"Twitter\" class=\"heateorSssSharing heateorSssTwitterBackground\" onclick='heateorSssPopup(\"http:\/\/twitter.com\/intent\/tweet?text=El%20impuesto%20de%20industria%20y%20comercio%20a%20las%20profesiones%20liberales%20%283a%20parte%29.%20Por%20%C3%93scar%20Humberto%20G%C3%B3mez%20G%C3%B3mez&url=https%3A%2F%2Foscarhumbertogomez.com%2Findex.php%3Frest_route%3D%252Fwp%252Fv2%252Fposts%252F36785\")'><ss style=\"display:block;border-radius:999px;\" class=\"heateorSssSharingSvg heateorSssTwitterSvg\"><\/ss><\/i><\/li><li class=\"heateorSssSharingRound\"><i style=\"width:35px;height:35px;border-radius:999px;\" alt=\"Whatsapp\" Title=\"Whatsapp\" class=\"heateorSssSharing heateorSssWhatsappBackground\" onclick='heateorSssPopup(\"https:\/\/web.whatsapp.com\/send?text=El%20impuesto%20de%20industria%20y%20comercio%20a%20las%20profesiones%20liberales%20%283a%20parte%29.%20Por%20%C3%93scar%20Humberto%20G%C3%B3mez%20G%C3%B3mez https%3A%2F%2Foscarhumbertogomez.com%2Findex.php%3Frest_route%3D%252Fwp%252Fv2%252Fposts%252F36785\")'><ss style=\"display:block\" class=\"heateorSssSharingSvg heateorSssWhatsappSvg\"><\/ss><\/i><\/li><li class=\"heateorSssSharingRound\"><i style=\"width:35px;height:35px;border-radius:999px;\" alt=\"Pinterest\" Title=\"Pinterest\" class=\"heateorSssSharing heateorSssPinterestBackground\" onclick=\"javascript:void( (function() {var e=document.createElement('script' );e.setAttribute('type','text\/javascript' );e.setAttribute('charset','UTF-8' );e.setAttribute('src','\/\/assets.pinterest.com\/js\/pinmarklet.js?r='+Math.random()*99999999);document.body.appendChild(e)})());\"><ss style=\"display:block;border-radius:999px;\" class=\"heateorSssSharingSvg heateorSssPinterestSvg\"><\/ss><\/i><\/li><li class=\"heateorSssSharingRound\"><i style=\"width:35px;height:35px;border-radius:999px;\" alt=\"Google Gmail\" Title=\"Google Gmail\" class=\"heateorSssSharing heateorSssGoogleGmailBackground\" onclick='heateorSssPopup(\"https:\/\/mail.google.com\/mail\/?ui=2&view=cm&fs=1&tf=1&su=El%20impuesto%20de%20industria%20y%20comercio%20a%20las%20profesiones%20liberales%20%283a%20parte%29.%20Por%20%C3%93scar%20Humberto%20G%C3%B3mez%20G%C3%B3mez&body=Link:https%3A%2F%2Foscarhumbertogomez.com%2Findex.php%3Frest_route%3D%252Fwp%252Fv2%252Fposts%252F36785\")'><ss style=\"display:block;border-radius:999px;\" class=\"heateorSssSharingSvg heateorSssGoogleGmailSvg\"><\/ss><\/i><\/li><li class=\"heateorSssSharingRound\"><i style=\"width:35px;height:35px;border-radius:999px;\" title=\"More\" alt=\"More\" class=\"heateorSssSharing heateorSssMoreBackground\" onclick=\"heateorSssMoreSharingPopup(this, 'https:\/\/oscarhumbertogomez.com\/index.php?rest_route=%2Fwp%2Fv2%2Fposts%2F36785', 'El%20impuesto%20de%20industria%20y%20comercio%20a%20las%20profesiones%20liberales%20%283a%20parte%29.%20Por%20%C3%93scar%20Humberto%20G%C3%B3mez%20G%C3%B3mez', '' )\" ><ss style=\"display:block\" class=\"heateorSssSharingSvg heateorSssMoreSvg\"><\/ss><\/i><\/li><\/ul><div class=\"heateorSssClear\"><\/div><\/div><div class='heateorSssClear'><\/div>","protected":false},"author":2,"featured_media":0,"comment_status":"closed","ping_status":"closed","sticky":false,"template":"","format":"standard","meta":{"spay_email":"","footnotes":""},"categories":[60,10],"tags":[],"class_list":["post-36785","post","type-post","status-publish","format-standard","hentry","category-tribuna-de-opinion","category-derecho"],"jetpack_featured_media_url":"","jetpack_shortlink":"https:\/\/wp.me\/p1FYrr-9zj","_links":{"self":[{"href":"https:\/\/oscarhumbertogomez.com\/index.php?rest_route=\/wp\/v2\/posts\/36785","targetHints":{"allow":["GET"]}}],"collection":[{"href":"https:\/\/oscarhumbertogomez.com\/index.php?rest_route=\/wp\/v2\/posts"}],"about":[{"href":"https:\/\/oscarhumbertogomez.com\/index.php?rest_route=\/wp\/v2\/types\/post"}],"author":[{"embeddable":true,"href":"https:\/\/oscarhumbertogomez.com\/index.php?rest_route=\/wp\/v2\/users\/2"}],"replies":[{"embeddable":true,"href":"https:\/\/oscarhumbertogomez.com\/index.php?rest_route=%2Fwp%2Fv2%2Fcomments&post=36785"}],"version-history":[{"count":5,"href":"https:\/\/oscarhumbertogomez.com\/index.php?rest_route=\/wp\/v2\/posts\/36785\/revisions"}],"predecessor-version":[{"id":39834,"href":"https:\/\/oscarhumbertogomez.com\/index.php?rest_route=\/wp\/v2\/posts\/36785\/revisions\/39834"}],"wp:attachment":[{"href":"https:\/\/oscarhumbertogomez.com\/index.php?rest_route=%2Fwp%2Fv2%2Fmedia&parent=36785"}],"wp:term":[{"taxonomy":"category","embeddable":true,"href":"https:\/\/oscarhumbertogomez.com\/index.php?rest_route=%2Fwp%2Fv2%2Fcategories&post=36785"},{"taxonomy":"post_tag","embeddable":true,"href":"https:\/\/oscarhumbertogomez.com\/index.php?rest_route=%2Fwp%2Fv2%2Ftags&post=36785"}],"curies":[{"name":"wp","href":"https:\/\/api.w.org\/{rel}","templated":true}]}}