{"id":36804,"date":"2020-12-30T14:41:48","date_gmt":"2020-12-30T19:41:48","guid":{"rendered":"https:\/\/lapiedrafilosofal.com\/?p=36804"},"modified":"2021-04-04T19:13:49","modified_gmt":"2021-04-05T00:13:49","slug":"el-impuesto-de-industria-y-comercio-a-las-profesiones-liberales-4a-parte-por-oscar-humberto-gomez-gomez","status":"publish","type":"post","link":"https:\/\/oscarhumbertogomez.com\/?p=36804","title":{"rendered":"El impuesto de industria y comercio a las profesiones liberales (4a parte). Por \u00d3scar Humberto G\u00f3mez G\u00f3mez"},"content":{"rendered":"<p><strong>LOS PROFESIONALES: \u00bfAL REGISTRO MERCANTIL DE LAS C\u00c1MARAS DE COMERCIO?<\/strong><\/p>\n<p>&nbsp;<\/p>\n<div id=\"attachment_36809\" style=\"width: 621px\" class=\"wp-caption aligncenter\"><img loading=\"lazy\" decoding=\"async\" aria-describedby=\"caption-attachment-36809\" class=\"size-full wp-image-36809\" src=\"https:\/\/lapiedrafilosofal.com\/wp-content\/uploads\/2020\/12\/bacteriologa.jpg\" alt=\"\" width=\"611\" height=\"256\" srcset=\"https:\/\/oscarhumbertogomez.com\/wp-content\/uploads\/2020\/12\/bacteriologa.jpg 611w, https:\/\/oscarhumbertogomez.com\/wp-content\/uploads\/2020\/12\/bacteriologa-300x126.jpg 300w\" sizes=\"auto, (max-width: 611px) 100vw, 611px\" \/><p id=\"caption-attachment-36809\" class=\"wp-caption-text\">BACTERIOLOG\u00cdA Y LABORATORIO CL\u00cdNICO<\/p><\/div>\n<p>&nbsp;<\/p>\n<p>Durante largos a\u00f1os, y en solitario, libr\u00e9 una lucha &#8211; completamente desigual, por supuesto &#8211; frente al tozudo prop\u00f3sito del Estado colombiano de desconocer que el ejercicio de las profesiones liberales es una actividad <strong>absolutamente distinta a la que despliegan los comerciantes<\/strong>.<\/p>\n<p>Lo que me sucedi\u00f3 en 1998 fue un episodio muy particular en el contexto de esa lucha.<\/p>\n<p>En el a\u00f1o 1998, en efecto, sucedi\u00f3 que, aprovechando su posici\u00f3n dominante, la Direcci\u00f3n de Impuestos y Aduanas Nacionales (DIAN) pretendi\u00f3 obligarme a inscribirme en el registro mercantil de la C\u00e1mara de Comercio de Bucaramanga so pena de que si no le presentaba a esa entidad oficial el correspondiente certificado de inscripci\u00f3n no dictar\u00eda la resoluci\u00f3n aprobatoria de mis facturas. Al no tener el facturero debidamente aprobado por la DIAN mediante resoluci\u00f3n que deb\u00eda constar en cada una de las facturas, estar\u00eda incumpliendo una obligaci\u00f3n formal y ese incumplimiento me convertir\u00eda en evasor.<\/p>\n<p>Como me negu\u00e9 rotundamente a hacerlo, aduciendo que yo era <strong>un profesional, no un comerciante<\/strong>, inspectores de la DIAN se presentaron en mi oficina de abogado el 24 de febrero de ese a\u00f1o y me pidieron que les exhibiera el facturero; yo se lo exhib\u00ed, pero como no constaba en \u00e9l la resoluci\u00f3n aprobatoria de la DIAN, levantaron el informe respectivo en mi contra diciendo que yo no estaba cumpliendo la obligaci\u00f3n tributaria formal de llevar facturas.<\/p>\n<p>El 15 de enero de 1999, mediante resoluci\u00f3n No. 0001 expedida por el Jefe de la Divisi\u00f3n de Liquidaci\u00f3n, la DIAN me impuso la sanci\u00f3n de cierre de mi oficina por el t\u00e9rmino de 24 horas.<\/p>\n<p>Interpuesto por m\u00ed el recurso de reposici\u00f3n contra dicho acto administrativo, la DIAN, mediante la resoluci\u00f3n No. 0001 de febrero 11 de 1999, confirm\u00f3 la sanci\u00f3n en mi contra.<\/p>\n<p>En consecuencia, el d\u00eda 23 de marzo de 1999, la DIAN se hizo presente en el Centro Empresarial Chicamocha, donde estaba ubicada mi oficina de abogado, y me la cerr\u00f3.<\/p>\n<p>Pero, adem\u00e1s, con el claro prop\u00f3sito de hacerme m\u00e1s da\u00f1o, el cierre lo dispuso para que se cumpliera entre las 2:26 p.m. de ese d\u00eda y las 2:26 p.m. del siguiente, esto es, entre las 2:26 de la tarde del d\u00eda 23 de marzo y las 2:23 de la tarde del d\u00eda 24 de marzo de 1999.<\/p>\n<p>Por lo dem\u00e1s, la DIAN fij\u00f3 en las puertas de acceso a mi oficina unos enormes carteles en los cuales se anunciaba que el cierre era por \u201cEVASI\u00d3N\u201d.<\/p>\n<p>&nbsp;<\/p>\n<div id=\"attachment_8381\" style=\"width: 590px\" class=\"wp-caption aligncenter\"><img loading=\"lazy\" decoding=\"async\" aria-describedby=\"caption-attachment-8381\" class=\"size-full wp-image-8381\" src=\"https:\/\/lapiedrafilosofal.com\/wp-content\/uploads\/2013\/05\/Ingeniero-electr\u00f3nico.jpg\" alt=\"\" width=\"580\" height=\"435\" srcset=\"https:\/\/oscarhumbertogomez.com\/wp-content\/uploads\/2013\/05\/Ingeniero-electr\u00f3nico.jpg 580w, https:\/\/oscarhumbertogomez.com\/wp-content\/uploads\/2013\/05\/Ingeniero-electr\u00f3nico-300x225.jpg 300w\" sizes=\"auto, (max-width: 580px) 100vw, 580px\" \/><p id=\"caption-attachment-8381\" class=\"wp-caption-text\">INGENIER\u00cdA<\/p><\/div>\n<p>&nbsp;<\/p>\n<p>Durante aquellas interminables horas atend\u00ed, junto con mi personal, al frente de mi oficina, en el pasillo contiguo de la edificaci\u00f3n.<\/p>\n<p>Pues bien; sucedi\u00f3 que, cuando me encontraba en pleno cierre y con mis colaboradores atendiendo conmigo en el pasillo, de pie, vi que sub\u00edan las gradas unas personas y observ\u00e9 que, una vez llegaron al piso donde nos encontr\u00e1bamos, nos miraron, observaron las puertas cerradas y desde lejos leyeron los letreros de la DIAN, que dado el tama\u00f1o de la letra no tuvo que serles dif\u00edcil hacerlo. Entonces, mi asistente los abord\u00f3.<\/p>\n<p>\u2014A sus \u00f3rdenes\u2014 les dijo. \u00bfBuscan a alguien?<br \/>\n\u2014Al doctor \u00d3scar Humberto G\u00f3mez G\u00f3mez\u2014 respondi\u00f3 un joven que formaba parte del grupo.<br \/>\n\u2014\u00c9l es\u2014 le dijo mi asistente se\u00f1al\u00e1ndome.<br \/>\n\u2014Ah, gracias\u2014 le dijo el joven y se vino hacia m\u00ed.<br \/>\n\u2014Doctor, buenas tardes\u2014 me dijo.<br \/>\n\u2014Buenas tardes\u2014 le respond\u00ed.<br \/>\n\u2014Es que necesitamos hablar con usted\u2014 me dijo.<br \/>\n\u2014A sus \u00f3rdenes \u2014le dije\u2014. Disculpen que no los mande seguir a la oficina, pero ya ven que la DIAN me la cerr\u00f3. Estar\u00e1 cerrada hasta ma\u00f1ana.<br \/>\nNi el joven, ni ninguno de sus acompa\u00f1antes me pregunt\u00f3 nada. Yo, sin embargo, proced\u00ed a explicarles lo que estaba sucediendo y el por qu\u00e9 ten\u00eda que atenderlos en el pasillo y de pie.<br \/>\nLos integrantes del grupo guardaron silencio. El joven se mostr\u00f3 muy comprensivo y hasta solidario conmigo.<br \/>\n\u2014Si as\u00ed persiguieran a los ladrones \u2014dijo\u2014 este pa\u00eds ser\u00eda un para\u00edso.<\/p>\n<p>Aquel joven result\u00f3 ser el arquitecto David Alberto Arias Mantilla, hoy por hoy una de las personas que me honran con su amistad.<\/p>\n<p>&nbsp;<\/p>\n<div id=\"attachment_36810\" style=\"width: 1034px\" class=\"wp-caption aligncenter\"><img loading=\"lazy\" decoding=\"async\" aria-describedby=\"caption-attachment-36810\" class=\"size-full wp-image-36810\" src=\"https:\/\/lapiedrafilosofal.com\/wp-content\/uploads\/2020\/12\/Optometra.jpg\" alt=\"\" width=\"1024\" height=\"682\" srcset=\"https:\/\/oscarhumbertogomez.com\/wp-content\/uploads\/2020\/12\/Optometra.jpg 1024w, https:\/\/oscarhumbertogomez.com\/wp-content\/uploads\/2020\/12\/Optometra-300x200.jpg 300w, https:\/\/oscarhumbertogomez.com\/wp-content\/uploads\/2020\/12\/Optometra-768x512.jpg 768w\" sizes=\"auto, (max-width: 1024px) 100vw, 1024px\" \/><p id=\"caption-attachment-36810\" class=\"wp-caption-text\">OPTOMETR\u00cdA<\/p><\/div>\n<p>&nbsp;<\/p>\n<p>El 26 de julio del mismo a\u00f1o, present\u00e9 demanda de nulidad y restablecimiento del derecho contra la Direcci\u00f3n de Impuestos y Aduanas Nacionales (DIAN) y dentro de ella solicit\u00e9 que se le condenara por el da\u00f1o moral derivado del cierre de mi oficina.<\/p>\n<p>Aunque la sentencia de primera instancia, proferida por el Juzgado Segundo Administrativo del Circuito de Bucaramanga, me deneg\u00f3 las pretensiones y absolvi\u00f3 a la DIAN, el Tribunal Administrativo de Santander, en segunda instancia, al estudiar mi recurso de apelaci\u00f3n, mediante sentencia del 15 de julio de 2010, <strong>revoc\u00f3<\/strong> el fallo anterior, <strong>anul\u00f3<\/strong> las dos resoluciones administrativas expedidas por la entidad \u2014la que hab\u00eda dispuesto la medida de cierre y la que, al resolver mi recurso de reposici\u00f3n, hab\u00eda confirmado esta decisi\u00f3n sancionatoria\u2014 y <strong>conden\u00f3<\/strong> a la DIAN por el da\u00f1o moral que me hab\u00eda causado el cierre de mi oficina.<\/p>\n<p>Para concluir este relato, dos datos finales: uno, el de que la DIAN cumpli\u00f3 la sentencia de inmediato.<\/p>\n<p>El otro, y m\u00e1s importante, el de que la DIAN <strong>desisti\u00f3<\/strong> de la exigencia que me hac\u00eda y <strong>no tuve que inscribirme como \u201ccomerciante\u201d en la C\u00e1mara de Comercio<\/strong>, es decir, se me reconoci\u00f3 mi condici\u00f3n de <strong>profesional<\/strong> y mis facturas me fueron aprobadas sin exig\u00edrseme el requisito de mi inscripci\u00f3n en el registro mercantil de la C\u00e1mara de Comercio.<\/p>\n<p>&nbsp;<\/p>\n<p>[CONTINUAR\u00c1]<\/p>\n<p>&nbsp;<\/p>\n","protected":false},"excerpt":{"rendered":"<p>LOS PROFESIONALES: \u00bfAL REGISTRO MERCANTIL DE LAS C\u00c1MARAS DE COMERCIO? &nbsp; &nbsp; Durante largos a\u00f1os, y en solitario, libr\u00e9 una lucha &#8211; completamente desigual, por supuesto &#8211; frente al tozudo prop\u00f3sito del Estado colombiano de desconocer que el ejercicio de &hellip; <a href=\"https:\/\/oscarhumbertogomez.com\/?p=36804\">Sigue leyendo <span class=\"meta-nav\">&rarr;<\/span><\/a><\/p>\n<div class='heateorSssClear'><\/div><div  class='heateor_sss_sharing_container heateor_sss_horizontal_sharing' heateor-sss-data-href='https:\/\/oscarhumbertogomez.com\/?p=36804'><div class='heateor_sss_sharing_title' style=\"font-weight:bold\" >\u00a1Gracias por compartirla!<\/div><ul class=\"heateor_sss_sharing_ul\"><li class=\"heateorSssSharingRound\"><i style=\"width:35px;height:35px;border-radius:999px;\" alt=\"Facebook\" Title=\"Facebook\" class=\"heateorSssSharing heateorSssFacebookBackground\" onclick='heateorSssPopup(\"https:\/\/www.facebook.com\/sharer\/sharer.php?u=https%3A%2F%2Foscarhumbertogomez.com%2Findex.php%3Frest_route%3D%252Fwp%252Fv2%252Fposts%252F36804\")'><ss style=\"display:block;border-radius:999px;\" class=\"heateorSssSharingSvg heateorSssFacebookSvg\"><\/ss><\/i><\/li><li class=\"heateorSssSharingRound\"><i style=\"width:35px;height:35px;border-radius:999px;\" alt=\"Twitter\" Title=\"Twitter\" class=\"heateorSssSharing heateorSssTwitterBackground\" onclick='heateorSssPopup(\"http:\/\/twitter.com\/intent\/tweet?text=El%20impuesto%20de%20industria%20y%20comercio%20a%20las%20profesiones%20liberales%20%284a%20parte%29.%20Por%20%C3%93scar%20Humberto%20G%C3%B3mez%20G%C3%B3mez&url=https%3A%2F%2Foscarhumbertogomez.com%2Findex.php%3Frest_route%3D%252Fwp%252Fv2%252Fposts%252F36804\")'><ss style=\"display:block;border-radius:999px;\" class=\"heateorSssSharingSvg heateorSssTwitterSvg\"><\/ss><\/i><\/li><li class=\"heateorSssSharingRound\"><i style=\"width:35px;height:35px;border-radius:999px;\" alt=\"Whatsapp\" Title=\"Whatsapp\" class=\"heateorSssSharing heateorSssWhatsappBackground\" onclick='heateorSssPopup(\"https:\/\/web.whatsapp.com\/send?text=El%20impuesto%20de%20industria%20y%20comercio%20a%20las%20profesiones%20liberales%20%284a%20parte%29.%20Por%20%C3%93scar%20Humberto%20G%C3%B3mez%20G%C3%B3mez https%3A%2F%2Foscarhumbertogomez.com%2Findex.php%3Frest_route%3D%252Fwp%252Fv2%252Fposts%252F36804\")'><ss style=\"display:block\" class=\"heateorSssSharingSvg heateorSssWhatsappSvg\"><\/ss><\/i><\/li><li class=\"heateorSssSharingRound\"><i style=\"width:35px;height:35px;border-radius:999px;\" alt=\"Pinterest\" Title=\"Pinterest\" class=\"heateorSssSharing heateorSssPinterestBackground\" onclick=\"javascript:void( (function() {var e=document.createElement('script' );e.setAttribute('type','text\/javascript' );e.setAttribute('charset','UTF-8' );e.setAttribute('src','\/\/assets.pinterest.com\/js\/pinmarklet.js?r='+Math.random()*99999999);document.body.appendChild(e)})());\"><ss style=\"display:block;border-radius:999px;\" class=\"heateorSssSharingSvg heateorSssPinterestSvg\"><\/ss><\/i><\/li><li class=\"heateorSssSharingRound\"><i style=\"width:35px;height:35px;border-radius:999px;\" alt=\"Google Gmail\" Title=\"Google Gmail\" class=\"heateorSssSharing heateorSssGoogleGmailBackground\" onclick='heateorSssPopup(\"https:\/\/mail.google.com\/mail\/?ui=2&view=cm&fs=1&tf=1&su=El%20impuesto%20de%20industria%20y%20comercio%20a%20las%20profesiones%20liberales%20%284a%20parte%29.%20Por%20%C3%93scar%20Humberto%20G%C3%B3mez%20G%C3%B3mez&body=Link:https%3A%2F%2Foscarhumbertogomez.com%2Findex.php%3Frest_route%3D%252Fwp%252Fv2%252Fposts%252F36804\")'><ss style=\"display:block;border-radius:999px;\" class=\"heateorSssSharingSvg heateorSssGoogleGmailSvg\"><\/ss><\/i><\/li><li class=\"heateorSssSharingRound\"><i style=\"width:35px;height:35px;border-radius:999px;\" title=\"More\" alt=\"More\" class=\"heateorSssSharing heateorSssMoreBackground\" onclick=\"heateorSssMoreSharingPopup(this, 'https:\/\/oscarhumbertogomez.com\/index.php?rest_route=%2Fwp%2Fv2%2Fposts%2F36804', 'El%20impuesto%20de%20industria%20y%20comercio%20a%20las%20profesiones%20liberales%20%284a%20parte%29.%20Por%20%C3%93scar%20Humberto%20G%C3%B3mez%20G%C3%B3mez', '' )\" ><ss style=\"display:block\" class=\"heateorSssSharingSvg heateorSssMoreSvg\"><\/ss><\/i><\/li><\/ul><div class=\"heateorSssClear\"><\/div><\/div><div class='heateorSssClear'><\/div>","protected":false},"author":2,"featured_media":0,"comment_status":"closed","ping_status":"closed","sticky":false,"template":"","format":"standard","meta":{"spay_email":"","footnotes":""},"categories":[60,10],"tags":[],"class_list":["post-36804","post","type-post","status-publish","format-standard","hentry","category-tribuna-de-opinion","category-derecho"],"jetpack_featured_media_url":"","jetpack_shortlink":"https:\/\/wp.me\/p1FYrr-9zC","_links":{"self":[{"href":"https:\/\/oscarhumbertogomez.com\/index.php?rest_route=\/wp\/v2\/posts\/36804","targetHints":{"allow":["GET"]}}],"collection":[{"href":"https:\/\/oscarhumbertogomez.com\/index.php?rest_route=\/wp\/v2\/posts"}],"about":[{"href":"https:\/\/oscarhumbertogomez.com\/index.php?rest_route=\/wp\/v2\/types\/post"}],"author":[{"embeddable":true,"href":"https:\/\/oscarhumbertogomez.com\/index.php?rest_route=\/wp\/v2\/users\/2"}],"replies":[{"embeddable":true,"href":"https:\/\/oscarhumbertogomez.com\/index.php?rest_route=%2Fwp%2Fv2%2Fcomments&post=36804"}],"version-history":[{"count":5,"href":"https:\/\/oscarhumbertogomez.com\/index.php?rest_route=\/wp\/v2\/posts\/36804\/revisions"}],"predecessor-version":[{"id":36870,"href":"https:\/\/oscarhumbertogomez.com\/index.php?rest_route=\/wp\/v2\/posts\/36804\/revisions\/36870"}],"wp:attachment":[{"href":"https:\/\/oscarhumbertogomez.com\/index.php?rest_route=%2Fwp%2Fv2%2Fmedia&parent=36804"}],"wp:term":[{"taxonomy":"category","embeddable":true,"href":"https:\/\/oscarhumbertogomez.com\/index.php?rest_route=%2Fwp%2Fv2%2Fcategories&post=36804"},{"taxonomy":"post_tag","embeddable":true,"href":"https:\/\/oscarhumbertogomez.com\/index.php?rest_route=%2Fwp%2Fv2%2Ftags&post=36804"}],"curies":[{"name":"wp","href":"https:\/\/api.w.org\/{rel}","templated":true}]}}