{"id":36861,"date":"2021-01-07T21:52:07","date_gmt":"2021-01-08T02:52:07","guid":{"rendered":"https:\/\/lapiedrafilosofal.com\/?p=36861"},"modified":"2025-02-19T19:22:06","modified_gmt":"2025-02-20T00:22:06","slug":"el-impuesto-de-industria-y-comercio-a-las-profesiones-liberales-5a-parte-por-oscar-humberto-gomez-gomez","status":"publish","type":"post","link":"https:\/\/oscarhumbertogomez.com\/?p=36861","title":{"rendered":"El impuesto de industria y comercio a las profesiones liberales (5a parte). Por \u00d3scar Humberto G\u00f3mez G\u00f3mez"},"content":{"rendered":"<p><strong>LAS PROFESIONES LIBERALES: \u00bfEN EL PRINCIPIO DEL FIN? <\/strong><\/p>\n<p>&nbsp;<\/p>\n<div id=\"attachment_36845\" style=\"width: 730px\" class=\"wp-caption aligncenter\"><img loading=\"lazy\" decoding=\"async\" aria-describedby=\"caption-attachment-36845\" class=\"size-full wp-image-36845\" src=\"https:\/\/lapiedrafilosofal.com\/wp-content\/uploads\/2020\/12\/FONOAUDIOLOGA.jpg\" alt=\"\" width=\"720\" height=\"400\" srcset=\"https:\/\/oscarhumbertogomez.com\/wp-content\/uploads\/2020\/12\/FONOAUDIOLOGA.jpg 720w, https:\/\/oscarhumbertogomez.com\/wp-content\/uploads\/2020\/12\/FONOAUDIOLOGA-300x167.jpg 300w\" sizes=\"auto, (max-width: 720px) 100vw, 720px\" \/><p id=\"caption-attachment-36845\" class=\"wp-caption-text\">FONOAUDIOLOG\u00cdA<\/p><\/div>\n<p>&nbsp;<\/p>\n<p>Ahora, 20 a\u00f1os despu\u00e9s de aquella sentencia con la que la justicia contenciosa administrativa anul\u00f3 las resoluciones de la DIAN que dispusieron el cierre de mi oficina profesional de abogado solamente por negarme a ser tratado como comerciante sin serlo, esto es, solamente por haber defendido a capa y espada mi condici\u00f3n de profesional liberal, la inclusi\u00f3n de las profesiones liberales dentro del Impuesto de industria Y COMERCIO, al amparo de la precitada ley del a\u00f1o 2016, a pesar de no ser los profesionales liberales ni industriales NI COMERCIANTES, vuelve a hacerme vislumbrar en el horizonte el riesgo de que tambi\u00e9n terminen obligados todos \u2014ya no \u00fanicamente yo, como en aquel lejano 1998\u2014 a inscribirse en el Registro Mercantil de la C\u00e1mara de Comercio del lugar donde ejercen sus profesiones y de que, por ese camino, acaben obligados todos a llevar libros de contabilidad y, en fin, a que muy pronto las profesiones liberales \u2014o lo que queda de ellas\u2014 desaparezcan definitivamente de la faz de la tierra.<\/p>\n<p>&nbsp;<\/p>\n<p>O cuando menos, de la faz de ESTA tierra.<\/p>\n<p>De esta tierra incomprensible en la que cada d\u00eda se golpea a los profesionales con mayores cargas profundas de desconocimiento, humillaci\u00f3n, desprecio y descr\u00e9dito.<\/p>\n<p>De esta tierra inaudita en la que el poder de legislar se les confiere a personajes carentes de formaci\u00f3n profesional y que, como es obvio, se dan el lujo de mirar a quienes s\u00ed han cursado estudios universitarios con un total desd\u00e9n.<\/p>\n<p>De esta tierra en la que no es esperable que dentro del Congreso Nacional se entienda el elevado valor del estudio universitario, de los libros, de la formaci\u00f3n acad\u00e9mica, si su propio presidente \u2014condecorado, dicho sea de paso, nada m\u00e1s ni nada menos que con la m\u00e1xima condecoraci\u00f3n a la que un ciudadano puede aspirar en la vida, esto es, la Cruz de Boyac\u00e1, nunca se supo por haber hecho qu\u00e9\u2014 a duras penas valid\u00f3 el bachillerato en un supuesto examen \u00fanico. [Lo cual, bueno es advertirlo, no ser\u00eda cuestionable en absoluto, sino \u2014todo lo contrario\u2014 digno de aplauso, si ello realmente hubiese sucedido y no fuera acaso otra m\u00e1s de las maniobras con las que se favorece a los pol\u00edticos para que resulten ostentando t\u00edtulos que jam\u00e1s se ganaron. \u00a1All\u00e1 \u00e9l y su conciencia!].<\/p>\n<p>De esta tierra, en fin, donde los profesionales, luego de cursar largas y costosas carreras universitarias, tienen que emigrar a otros pa\u00edses porque en este, en el suyo, en el que nacieron y estudiaron, y salvo las siempre inevitables excepciones, tan solo parecieran tener asegurado su futuro \u2014dentro de las altas dignidades de su frondosa burocracia o gracias a ella\u2014 los que poco amantes han sido del estudio, pero s\u00ed lo han sido de las malas pr\u00e1cticas p\u00fablicas.<\/p>\n<p>&nbsp;<\/p>\n<div id=\"attachment_8382\" style=\"width: 650px\" class=\"wp-caption aligncenter\"><img loading=\"lazy\" decoding=\"async\" aria-describedby=\"caption-attachment-8382\" class=\"size-large wp-image-8382\" title=\"Universidad\" src=\"https:\/\/lapiedrafilosofal.com\/wp-content\/uploads\/2013\/05\/Universidad-1024x680.jpg\" alt=\"\" width=\"640\" height=\"425\" srcset=\"https:\/\/oscarhumbertogomez.com\/wp-content\/uploads\/2013\/05\/Universidad-1024x680.jpg 1024w, https:\/\/oscarhumbertogomez.com\/wp-content\/uploads\/2013\/05\/Universidad-300x199.jpg 300w\" sizes=\"auto, (max-width: 640px) 100vw, 640px\" \/><p id=\"caption-attachment-8382\" class=\"wp-caption-text\">L<strong>LLEGAR A EJERCER UNA PROFESI\u00d3N LIBERAL SUPONE ADELANTAR LARGOS Y COSTOSOS ESTUDIOS UNIVERSITARIOS<\/strong><\/p><\/div>\n<p>&nbsp;<\/p>\n<p>Las asociaciones de profesionales eran hasta hace unos a\u00f1os respetados y acatados \u00f3rganos consultivos del Gobierno. Hoy en d\u00eda, cuando en este pa\u00eds ya cualquiera llega al poder, se les desconoce de manera ol\u00edmpica, no se les tiene en cuenta para absolutamente nada.<\/p>\n<p>Pero, \u00bfqu\u00e9 va a respetar la especial condici\u00f3n de las profesiones liberales, qu\u00e9 va a entender su diferencia cualitativa con la actividad del comercio un Congreso donde toman asiento personajes para quienes el estudio universitario nada significa o constituye poco menos que una verg\u00fcenza?<\/p>\n<p>Esta situaci\u00f3n la posibilita, desde luego, la debilidad de los profesionales. Debilidad que surge del hecho evidente de que las asociaciones gremiales de profesionales o no existen o est\u00e1n divididas, cuando no atomizadas, o no se pronuncian p\u00fablicamente sobre nada, o solamente existen de mero nombre, pero en la realidad no desempe\u00f1an papel protag\u00f3nico alguno.<\/p>\n<p>Y es que si las agremiaciones profesionales fueran fuertes, no se les dar\u00eda a los m\u00e9dicos, por ejemplo, el trato que se les da, ni la tristemente c\u00e9lebre ley 100 de 1993 hubiese convertido la salud en un negocio y a los facultativos en meros instrumentos al servicio del enriquecimiento desaforado de empresarios \u00e1vidos de ganancia. Empresarios que \u2014eso sobra decirlo\u2014 no saben c\u00f3mo se toma la presi\u00f3n sangu\u00ednea ni c\u00f3mo se aplica una inyecci\u00f3n.<\/p>\n<p>Si las agremiaciones profesionales fueran fuertes, no habr\u00edan existido en las grandes obras de nuestra ingenier\u00eda los Nules, los Galofres, los Morenos Rojas y toda la c\u00e1fila de sujetos que volvieron la obra de la avenida al aeropuerto El Dorado su fuente de astron\u00f3mico enriquecimiento.<\/p>\n<p>Si las agremiaciones profesionales fueran fuertes, no habr\u00edan llegado a lucir la toga los siniestros personajes que convirtieron las altas dignidades judiciales en la cloaca pestilente de &#8220;El cartel de la toga&#8221;, la compraventa de sentencias o el cobro por seleccionar tutelas para revisi\u00f3n, en fin, en el escenario de los reprobables vicios que tienen en prisi\u00f3n a magistrados, jueces y empleados del Poder Judicial, personajes cuyo da\u00f1o a la imagen del derecho ya es irreparable. O un colegio de abogados fuerte, conocidas sus andanzas, los habr\u00eda hecho sacar del Palacio de Justicia a empellones.<\/p>\n<p>&nbsp;<\/p>\n<div id=\"attachment_36867\" style=\"width: 674px\" class=\"wp-caption aligncenter\"><img loading=\"lazy\" decoding=\"async\" aria-describedby=\"caption-attachment-36867\" class=\"size-full wp-image-36867\" src=\"https:\/\/lapiedrafilosofal.com\/wp-content\/uploads\/2021\/01\/PROFESIONALES.jpg\" alt=\"\" width=\"664\" height=\"462\" srcset=\"https:\/\/oscarhumbertogomez.com\/wp-content\/uploads\/2021\/01\/PROFESIONALES.jpg 664w, https:\/\/oscarhumbertogomez.com\/wp-content\/uploads\/2021\/01\/PROFESIONALES-300x209.jpg 300w\" sizes=\"auto, (max-width: 664px) 100vw, 664px\" \/><p id=\"caption-attachment-36867\" class=\"wp-caption-text\">LA \u00daNICA ESPERANZA DE LOS PROFESIONALES LIBERALES RADICA EN SU UNI\u00d3N<\/p><\/div>\n<p>&nbsp;<\/p>\n<p>&#8220;La uni\u00f3n hace la fuerza&#8221;, ense\u00f1a la sabidur\u00eda popular.<\/p>\n<p>Es un poco tarde, quiz\u00e1s, para dar inicio hasta ahora a una lucha que ha debido comenzar cuando menos desde el 2016, una vez conocida la ley que, por fin, de manera expresa puso a los profesiones liberales dentro del mismo saco que los industriales y los comerciantes, sin ser ni una cosa ni la otra.<\/p>\n<p>Es m\u00e1s: resulta un poco tarde para principiar una lucha que ha debido iniciarse desde mucho antes del a\u00f1o 2016, porque desde mucho antes de ese a\u00f1o nefasto ya se ve\u00eda venir lo que hoy est\u00e1 sucediendo.<\/p>\n<p>Y es que desde hace mucho tiempo ven\u00eda d\u00e1ndose lo que parec\u00eda ser una campa\u00f1a decididamente encaminada a aniquilar, a como diera lugar, a las profesiones liberales socavando la especial\u00edsima dignidad que les hab\u00eda sido inherente durante siglos y que de manera expresa el legislador colombiano les hab\u00eda reconocido en el art\u00edculo 23 del C\u00f3digo de Comercio. [Nuestras entradas de los a\u00f1os 2013, 2015, 2017 y 2018 acerca del tema no encontraron respaldo alguno; tan solo suscitaron preguntas de inter\u00e9s meramente particular que decidimos no seguir publicando].<\/p>\n<p>Empero, la sabidur\u00eda popular dice tambi\u00e9n que &#8220;M\u00e1s vale tarde que nunca&#8221;.<\/p>\n<p>Ojal\u00e1 los profesionales colombianos lo entiendan y reaccionen pronto del desconcertante marasmo en el que parecieran encontrarse sumidos.<\/p>\n<p>&nbsp;<\/p>\n","protected":false},"excerpt":{"rendered":"<p>LAS PROFESIONES LIBERALES: \u00bfEN EL PRINCIPIO DEL FIN? &nbsp; &nbsp; Ahora, 20 a\u00f1os despu\u00e9s de aquella sentencia con la que la justicia contenciosa administrativa anul\u00f3 las resoluciones de la DIAN que dispusieron el cierre de mi oficina profesional de abogado &hellip; <a href=\"https:\/\/oscarhumbertogomez.com\/?p=36861\">Sigue leyendo <span class=\"meta-nav\">&rarr;<\/span><\/a><\/p>\n<div class='heateorSssClear'><\/div><div  class='heateor_sss_sharing_container heateor_sss_horizontal_sharing' heateor-sss-data-href='https:\/\/oscarhumbertogomez.com\/?p=36861'><div class='heateor_sss_sharing_title' style=\"font-weight:bold\" >\u00a1Gracias por compartirla!<\/div><ul class=\"heateor_sss_sharing_ul\"><li class=\"heateorSssSharingRound\"><i style=\"width:35px;height:35px;border-radius:999px;\" alt=\"Facebook\" Title=\"Facebook\" class=\"heateorSssSharing heateorSssFacebookBackground\" onclick='heateorSssPopup(\"https:\/\/www.facebook.com\/sharer\/sharer.php?u=https%3A%2F%2Foscarhumbertogomez.com%2Findex.php%3Frest_route%3D%252Fwp%252Fv2%252Fposts%252F36861\")'><ss style=\"display:block;border-radius:999px;\" class=\"heateorSssSharingSvg heateorSssFacebookSvg\"><\/ss><\/i><\/li><li class=\"heateorSssSharingRound\"><i style=\"width:35px;height:35px;border-radius:999px;\" alt=\"Twitter\" Title=\"Twitter\" class=\"heateorSssSharing heateorSssTwitterBackground\" onclick='heateorSssPopup(\"http:\/\/twitter.com\/intent\/tweet?text=El%20impuesto%20de%20industria%20y%20comercio%20a%20las%20profesiones%20liberales%20%285a%20parte%29.%20Por%20%C3%93scar%20Humberto%20G%C3%B3mez%20G%C3%B3mez&url=https%3A%2F%2Foscarhumbertogomez.com%2Findex.php%3Frest_route%3D%252Fwp%252Fv2%252Fposts%252F36861\")'><ss style=\"display:block;border-radius:999px;\" class=\"heateorSssSharingSvg heateorSssTwitterSvg\"><\/ss><\/i><\/li><li class=\"heateorSssSharingRound\"><i style=\"width:35px;height:35px;border-radius:999px;\" alt=\"Whatsapp\" Title=\"Whatsapp\" class=\"heateorSssSharing heateorSssWhatsappBackground\" onclick='heateorSssPopup(\"https:\/\/web.whatsapp.com\/send?text=El%20impuesto%20de%20industria%20y%20comercio%20a%20las%20profesiones%20liberales%20%285a%20parte%29.%20Por%20%C3%93scar%20Humberto%20G%C3%B3mez%20G%C3%B3mez https%3A%2F%2Foscarhumbertogomez.com%2Findex.php%3Frest_route%3D%252Fwp%252Fv2%252Fposts%252F36861\")'><ss style=\"display:block\" class=\"heateorSssSharingSvg heateorSssWhatsappSvg\"><\/ss><\/i><\/li><li class=\"heateorSssSharingRound\"><i style=\"width:35px;height:35px;border-radius:999px;\" alt=\"Pinterest\" Title=\"Pinterest\" class=\"heateorSssSharing heateorSssPinterestBackground\" onclick=\"javascript:void( (function() {var e=document.createElement('script' );e.setAttribute('type','text\/javascript' );e.setAttribute('charset','UTF-8' );e.setAttribute('src','\/\/assets.pinterest.com\/js\/pinmarklet.js?r='+Math.random()*99999999);document.body.appendChild(e)})());\"><ss style=\"display:block;border-radius:999px;\" class=\"heateorSssSharingSvg heateorSssPinterestSvg\"><\/ss><\/i><\/li><li class=\"heateorSssSharingRound\"><i style=\"width:35px;height:35px;border-radius:999px;\" alt=\"Google Gmail\" Title=\"Google Gmail\" class=\"heateorSssSharing heateorSssGoogleGmailBackground\" onclick='heateorSssPopup(\"https:\/\/mail.google.com\/mail\/?ui=2&view=cm&fs=1&tf=1&su=El%20impuesto%20de%20industria%20y%20comercio%20a%20las%20profesiones%20liberales%20%285a%20parte%29.%20Por%20%C3%93scar%20Humberto%20G%C3%B3mez%20G%C3%B3mez&body=Link:https%3A%2F%2Foscarhumbertogomez.com%2Findex.php%3Frest_route%3D%252Fwp%252Fv2%252Fposts%252F36861\")'><ss style=\"display:block;border-radius:999px;\" class=\"heateorSssSharingSvg heateorSssGoogleGmailSvg\"><\/ss><\/i><\/li><li class=\"heateorSssSharingRound\"><i style=\"width:35px;height:35px;border-radius:999px;\" title=\"More\" alt=\"More\" class=\"heateorSssSharing heateorSssMoreBackground\" onclick=\"heateorSssMoreSharingPopup(this, 'https:\/\/oscarhumbertogomez.com\/index.php?rest_route=%2Fwp%2Fv2%2Fposts%2F36861', 'El%20impuesto%20de%20industria%20y%20comercio%20a%20las%20profesiones%20liberales%20%285a%20parte%29.%20Por%20%C3%93scar%20Humberto%20G%C3%B3mez%20G%C3%B3mez', '' )\" ><ss style=\"display:block\" class=\"heateorSssSharingSvg heateorSssMoreSvg\"><\/ss><\/i><\/li><\/ul><div class=\"heateorSssClear\"><\/div><\/div><div class='heateorSssClear'><\/div>","protected":false},"author":2,"featured_media":0,"comment_status":"closed","ping_status":"closed","sticky":false,"template":"","format":"standard","meta":{"spay_email":"","footnotes":""},"categories":[60,10],"tags":[],"class_list":["post-36861","post","type-post","status-publish","format-standard","hentry","category-tribuna-de-opinion","category-derecho"],"jetpack_featured_media_url":"","jetpack_shortlink":"https:\/\/wp.me\/p1FYrr-9Ax","_links":{"self":[{"href":"https:\/\/oscarhumbertogomez.com\/index.php?rest_route=\/wp\/v2\/posts\/36861","targetHints":{"allow":["GET"]}}],"collection":[{"href":"https:\/\/oscarhumbertogomez.com\/index.php?rest_route=\/wp\/v2\/posts"}],"about":[{"href":"https:\/\/oscarhumbertogomez.com\/index.php?rest_route=\/wp\/v2\/types\/post"}],"author":[{"embeddable":true,"href":"https:\/\/oscarhumbertogomez.com\/index.php?rest_route=\/wp\/v2\/users\/2"}],"replies":[{"embeddable":true,"href":"https:\/\/oscarhumbertogomez.com\/index.php?rest_route=%2Fwp%2Fv2%2Fcomments&post=36861"}],"version-history":[{"count":5,"href":"https:\/\/oscarhumbertogomez.com\/index.php?rest_route=\/wp\/v2\/posts\/36861\/revisions"}],"predecessor-version":[{"id":36886,"href":"https:\/\/oscarhumbertogomez.com\/index.php?rest_route=\/wp\/v2\/posts\/36861\/revisions\/36886"}],"wp:attachment":[{"href":"https:\/\/oscarhumbertogomez.com\/index.php?rest_route=%2Fwp%2Fv2%2Fmedia&parent=36861"}],"wp:term":[{"taxonomy":"category","embeddable":true,"href":"https:\/\/oscarhumbertogomez.com\/index.php?rest_route=%2Fwp%2Fv2%2Fcategories&post=36861"},{"taxonomy":"post_tag","embeddable":true,"href":"https:\/\/oscarhumbertogomez.com\/index.php?rest_route=%2Fwp%2Fv2%2Ftags&post=36861"}],"curies":[{"name":"wp","href":"https:\/\/api.w.org\/{rel}","templated":true}]}}